{"id":177992,"date":"2026-01-20T13:05:10","date_gmt":"2026-01-20T16:05:10","guid":{"rendered":"https:\/\/www.correiobraziliense.com.br\/cbradar\/?p=177992"},"modified":"2026-01-19T10:35:21","modified_gmt":"2026-01-19T13:35:21","slug":"a-bebida-leve-que-muitos-usam-para-fortalecer-a-defesa-antioxidante","status":"publish","type":"post","link":"https:\/\/www.correiobraziliense.com.br\/cbradar\/a-bebida-leve-que-muitos-usam-para-fortalecer-a-defesa-antioxidante\/","title":{"rendered":"A bebida leve que muitos usam para fortalecer a defesa antioxidante"},"content":{"rendered":"\n<p>O <strong>ch\u00e1 verde<\/strong> \u00e9 uma das bebidas mais estudadas quando se fala em antioxidantes e acelera\u00e7\u00e3o do metabolismo. Consumido diariamente em diversos pa\u00edses, ele costuma ser associado a h\u00e1bitos de vida mais equilibrados, \u00e0 preven\u00e7\u00e3o de algumas doen\u00e7as e ao apoio \u00e0 sa\u00fade cerebral, \u00e0 sa\u00fade da pele e ao bem-estar geral, especialmente quando combinado a uma rotina que inclui alimenta\u00e7\u00e3o variada, sono adequado e pr\u00e1tica regular de atividade f\u00edsica.<\/p>\n\n\n\n<h2 class=\"wp-block-heading\">Como o ch\u00e1 verde atua como antioxidante no organismo<\/h2>\n\n\n\n<p>A principal palavra-chave associada ao ch\u00e1 verde \u00e9 <strong>a\u00e7\u00e3o antioxidante<\/strong>, relacionada sobretudo \u00e0s catequinas, como a <strong>epigalocatequina galato<\/strong> (EGCG). Esses compostos podem auxiliar na neutraliza\u00e7\u00e3o de radicais livres, mol\u00e9culas inst\u00e1veis que participam de processos de envelhecimento celular, danos estruturais e estresse oxidativo associado a diversas doen\u00e7as cr\u00f4nicas.<\/p>\n\n\n\n<p>Quando se fala em antioxidantes, o interesse costuma estar voltado a poss\u00edveis benef\u00edcios em longo prazo, como suporte \u00e0 <strong>sa\u00fade cardiovascular<\/strong> e ao sistema imunol\u00f3gico. Estudos indicam que o consumo regular pode estar associado a melhor equil\u00edbrio do colesterol, redu\u00e7\u00e3o de alguns marcadores inflamat\u00f3rios e poss\u00edvel prote\u00e7\u00e3o vascular, sem substituir tratamentos m\u00e9dicos nem uma alimenta\u00e7\u00e3o variada.<\/p>\n\n\n<div class=\"wp-block-image\">\n<figure class=\"aligncenter size-large\"><img decoding=\"async\" width=\"1024\" height=\"576\" src=\"https:\/\/www.correiobraziliense.com.br\/cbradar\/wp-content\/uploads\/2026\/01\/Cha-verde-_1767278868402-1024x576.jpg\" alt=\"\" class=\"wp-image-166576\" srcset=\"https:\/\/www.correiobraziliense.com.br\/cbradar\/wp-content\/uploads\/2026\/01\/Cha-verde-_1767278868402-1024x576.jpg 1024w, https:\/\/www.correiobraziliense.com.br\/cbradar\/wp-content\/uploads\/2026\/01\/Cha-verde-_1767278868402-300x169.jpg 300w, https:\/\/www.correiobraziliense.com.br\/cbradar\/wp-content\/uploads\/2026\/01\/Cha-verde-_1767278868402-768x432.jpg 768w, https:\/\/www.correiobraziliense.com.br\/cbradar\/wp-content\/uploads\/2026\/01\/Cha-verde-_1767278868402-750x422.jpg 750w, https:\/\/www.correiobraziliense.com.br\/cbradar\/wp-content\/uploads\/2026\/01\/Cha-verde-_1767278868402-1140x641.jpg 1140w, https:\/\/www.correiobraziliense.com.br\/cbradar\/wp-content\/uploads\/2026\/01\/Cha-verde-_1767278868402.jpg 1280w\" sizes=\"(max-width: 1024px) 100vw, 1024px\" \/><figcaption class=\"wp-element-caption\">O modo de preparo influencia diretamente a quantidade e a estabilidade dos antioxidantes presentes na x\u00edcara &#8211; Cr\u00e9ditos: depositphotos.com \/ AntonMatyukha<\/figcaption><\/figure><\/div>\n\n\n<p>Leia tamb\u00e9m:&nbsp;<a href=\"https:\/\/www.correiobraziliense.com.br\/cbradar\/cha-de-erva-que-auxilia-na-eliminacao-de-pedras-nos-rins-e-pode-ser-plantada-no-seu-jardim\/\" target=\"_blank\" rel=\"noopener\">Ch\u00e1 de erva que auxilia na elimina\u00e7\u00e3o de pedras nos rins e pode ser plantada no seu jardim<\/a>&nbsp;<\/p>\n\n\n\n<h2 class=\"wp-block-heading\">Qual \u00e9 o impacto do preparo do ch\u00e1 verde nos antioxidantes<\/h2>\n\n\n\n<p>O modo de preparo influencia diretamente a quantidade e a estabilidade dos antioxidantes presentes na x\u00edcara. \u00c1gua muito quente por tempo prolongado pode alterar o sabor, aumentar o amargor e diminuir parte dos compostos sens\u00edveis ao calor, enquanto a \u00e1gua abaixo da fervura tende a preservar melhor o perfil de <strong>catequinas<\/strong>.<\/p>\n\n\n\n<p>Em geral, recomenda-se usar \u00e1gua entre <strong>70 \u00b0C<\/strong> e 80 \u00b0C, com infus\u00e3o curta de 2 a 3 minutos, o que costuma manter maior concentra\u00e7\u00e3o de antioxidantes e um gosto mais suave. Ajustes no tempo e na quantidade de folhas podem ser feitos conforme a sensibilidade \u00e0 cafe\u00edna, prefer\u00eancia de sabor e orienta\u00e7\u00e3o de um profissional de sa\u00fade.<\/p>\n\n\n\n<h2 class=\"wp-block-heading\">O ch\u00e1 verde realmente acelera o metabolismo<\/h2>\n\n\n\n<p>A rela\u00e7\u00e3o entre ch\u00e1 verde e <strong>acelera\u00e7\u00e3o do metabolismo<\/strong> chama aten\u00e7\u00e3o de quem busca controle de peso e mais disposi\u00e7\u00e3o. As catequinas e a cafe\u00edna parecem atuar em conjunto, favorecendo um aumento discreto do gasto energ\u00e9tico em repouso e um est\u00edmulo moderado \u00e0 oxida\u00e7\u00e3o de gorduras, o que pode complementar estrat\u00e9gias de perda de peso.<\/p>\n\n\n\n<p>Especialistas explicam que esse efeito termog\u00eanico \u00e9, na maioria dos casos, modesto e dependente do contexto. O ch\u00e1 verde n\u00e3o costuma provocar mudan\u00e7as expressivas no peso de forma isolada; ele funciona melhor como coadjuvante, em associa\u00e7\u00e3o a alimenta\u00e7\u00e3o ajustada, exerc\u00edcios regulares, sono adequado e manejo do estresse di\u00e1rio. Se voc\u00ea gosta de ouvir opini\u00e3o de profissionais, separamos esse v\u00eddeo da nutricionista <strong>Esther Costa<\/strong> do canal <a href=\"https:\/\/www.youtube.com\/@MundoBoaFormaTV\" target=\"_blank\" rel=\"noreferrer noopener\">MundoBoaForma<\/a> mostrando os benef\u00edcios do ch\u00e1 verde:<\/p>\n\n\n\n<figure class=\"wp-block-embed is-type-video is-provider-youtube wp-block-embed-youtube wp-embed-aspect-16-9 wp-has-aspect-ratio\"><div class=\"wp-block-embed__wrapper\">\n<div class=\"jeg_video_container jeg_video_content\"><iframe loading=\"lazy\" title=\"10 Benef\u00edcios do CH\u00c1 VERDE para Emagrecer e Sa\u00fade - Como Tomar e Dicas\" width=\"500\" height=\"281\" src=\"https:\/\/www.youtube.com\/embed\/9gEBsBwS8U8?feature=oembed\" frameborder=\"0\" allow=\"accelerometer; autoplay; clipboard-write; encrypted-media; gyroscope; picture-in-picture; web-share\" referrerpolicy=\"strict-origin-when-cross-origin\" allowfullscreen><\/iframe><\/div>\n<\/div><\/figure>\n\n\n\n<h2 class=\"wp-block-heading\">Como usar o ch\u00e1 verde com seguran\u00e7a no dia a dia<\/h2>\n\n\n\n<p>O uso adequado do ch\u00e1 verde depende de fatores como quantidade ingerida, hor\u00e1rio de consumo e estado geral de sa\u00fade. Em muitos casos, a bebida \u00e9 tomada entre as refei\u00e7\u00f5es para evitar interfer\u00eancia na absor\u00e7\u00e3o de alguns minerais, como o <strong>ferro<\/strong>, al\u00e9m de ser prefer\u00edvel evitar o consumo muito pr\u00f3ximo ao hor\u00e1rio de dormir em pessoas sens\u00edveis \u00e0 cafe\u00edna.<\/p>\n\n\n\n<p>Alguns cuidados pr\u00e1ticos costumam ser recomendados para aproveitar melhor os benef\u00edcios e reduzir riscos, especialmente para quem tem condi\u00e7\u00f5es pr\u00e9-existentes ou faz uso regular de medicamentos:<\/p>\n\n\n\n<ul class=\"wp-block-list\">\n<li>Preferir o ch\u00e1 preparado com a <strong>folha<\/strong> (a granel ou em sach\u00ea), sem excesso de a\u00e7\u00facar.<\/li>\n\n\n\n<li>Observar rea\u00e7\u00f5es como palpita\u00e7\u00e3o, desconforto g\u00e1strico ou ins\u00f4nia e ajustar a quantidade se necess\u00e1rio.<\/li>\n\n\n\n<li>Consultar profissional de sa\u00fade antes de usar c\u00e1psulas concentradas de extrato de ch\u00e1 verde.<\/li>\n\n\n\n<li>Integrar o ch\u00e1 a uma rotina que inclua alimenta\u00e7\u00e3o balanceada e atividade f\u00edsica regular.<\/li>\n<\/ul>\n\n\n\n<p>Al\u00e9m da infus\u00e3o tradicional quente, muitas pessoas optam por vers\u00f5es geladas, sem ado\u00e7antes cal\u00f3ricos, como alternativa a refrigerantes e bebidas a\u00e7ucaradas. Misturas com <strong>lim\u00e3o<\/strong>, hortel\u00e3 ou gengibre ajudam a variar o sabor, mantendo o foco nos efeitos antioxidantes, no poss\u00edvel apoio ao metabolismo e em uma hidrata\u00e7\u00e3o mais agrad\u00e1vel no dia a dia.<\/p>\n\n\n\n<h2 class=\"wp-block-heading\">Quais s\u00e3o os principais nutrientes e compostos do ch\u00e1 verde<\/h2>\n\n\n\n<p>O ch\u00e1 verde n\u00e3o \u00e9 considerado uma fonte relevante de calorias, gorduras ou prote\u00ednas, mas se destaca pelo conte\u00fado de compostos bioativos. <strong>Catequinas<\/strong>, cafe\u00edna e L-teanina est\u00e3o entre os mais estudados, al\u00e9m de pequenas quantidades de minerais como pot\u00e1ssio e fluoreto, que contribuem discretamente para a ingest\u00e3o di\u00e1ria total.<\/p>\n\n\n\n<div style=\"font-family: 'Segoe UI', Tahoma, Geneva, Verdana, sans-serif; max-width: 1000px; margin: 20px auto; border: 2px solid #722f37; border-radius: 30px; overflow: hidden; background-color: #ffffff; box-shadow: 0 4px 15px rgba(114, 47, 55, 0.1);\">\n    <table style=\"width: 100%; border-collapse: collapse; text-align: left; font-size: 14px;\">\n        <thead>\n            <tr style=\"background-color: #722f37;\">\n                <th style=\"padding: 15px; color: #ffffff; border-bottom: 2px solid #f9d8e6; width: 25%;\">Componente<\/th>\n                <th style=\"padding: 15px; color: #ffffff; border-bottom: 2px solid #f9d8e6; width: 25%;\">Quantidade (por 240 ml)<\/th>\n                <th style=\"padding: 15px; color: #ffffff; border-bottom: 2px solid #f9d8e6; width: 50%;\">Observa\u00e7\u00f5es<\/th>\n            <\/tr>\n        <\/thead>\n        <tbody>\n            <tr>\n                <td style=\"padding: 12px 15px; border-bottom: 1px solid #ffe3ee; color: #4a4a4a; font-weight: bold;\">Calorias<\/td>\n                <td style=\"padding: 12px 15px; border-bottom: 1px solid #ffe3ee; color: #4a4a4a;\">0\u20133 kcal<\/td>\n                <td style=\"padding: 12px 15px; border-bottom: 1px solid #ffe3ee; color: #4a4a4a;\">Sem adi\u00e7\u00e3o de a\u00e7\u00facar ou mel<\/td>\n            <\/tr>\n            <tr style=\"background-color: #fffafa;\">\n                <td style=\"padding: 12px 15px; border-bottom: 1px solid #ffe3ee; color: #4a4a4a; font-weight: bold;\">Cafe\u00edna<\/td>\n                <td style=\"padding: 12px 15px; border-bottom: 1px solid #ffe3ee; color: #4a4a4a;\">20\u201345 mg<\/td>\n                <td style=\"padding: 12px 15px; border-bottom: 1px solid #ffe3ee; color: #4a4a4a;\">Valor m\u00e9dio; pode variar conforme o tempo de infus\u00e3o<\/td>\n            <\/tr>\n            <tr>\n                <td style=\"padding: 12px 15px; border-bottom: 1px solid #ffe3ee; color: #4a4a4a; font-weight: bold;\">Catequinas totais (incluindo EGCG)<\/td>\n                <td style=\"padding: 12px 15px; border-bottom: 1px solid #ffe3ee; color: #4a4a4a;\">50\u2013150 mg<\/td>\n                <td style=\"padding: 12px 15px; border-bottom: 1px solid #ffe3ee; color: #4a4a4a;\">Principais respons\u00e1veis pela a\u00e7\u00e3o antioxidante<\/td>\n            <\/tr>\n            <tr style=\"background-color: #fffafa;\">\n                <td style=\"padding: 12px 15px; border-bottom: 1px solid #ffe3ee; color: #4a4a4a; font-weight: bold;\">L-teanina<\/td>\n                <td style=\"padding: 12px 15px; border-bottom: 1px solid #ffe3ee; color: #4a4a4a;\">6\u201320 mg<\/td>\n                <td style=\"padding: 12px 15px; border-bottom: 1px solid #ffe3ee; color: #4a4a4a;\">Amino\u00e1cido associado \u00e0 sensa\u00e7\u00e3o de relaxamento<\/td>\n            <\/tr>\n            <tr>\n                <td style=\"padding: 12px 15px; border-bottom: 1px solid #ffe3ee; color: #4a4a4a; font-weight: bold;\">Pot\u00e1ssio<\/td>\n                <td style=\"padding: 12px 15px; border-bottom: 1px solid #ffe3ee; color: #4a4a4a;\">15\u201330 mg<\/td>\n                <td style=\"padding: 12px 15px; border-bottom: 1px solid #ffe3ee; color: #4a4a4a;\">Contribui de forma discreta para a ingest\u00e3o di\u00e1ria<\/td>\n            <\/tr>\n            <tr style=\"background-color: #fffafa;\">\n                <td style=\"padding: 12px 15px; color: #4a4a4a; font-weight: bold;\">Fluoreto<\/td>\n                <td style=\"padding: 12px 15px; color: #4a4a4a;\">0,3\u20130,5 mg<\/td>\n                <td style=\"padding: 12px 15px; color: #4a4a4a;\">Presente naturalmente nas folhas do ch\u00e1<\/td>\n            <\/tr>\n        <\/tbody>\n    <\/table>\n<\/div>\n\n\n\n<p>Na pr\u00e1tica, o ch\u00e1 verde pode ser visto como um aliado na rotina de cuidados com a sa\u00fade, desde que consumido de forma equilibrada e dentro dos limites de cafe\u00edna recomendados. Associado a alimenta\u00e7\u00e3o variada, controle de estresse e movimento regular, tende a contribuir para a prote\u00e7\u00e3o celular, para um metabolismo mais ativo e para maior bem-estar geral, dentro dos efeitos observados pela ci\u00eancia at\u00e9 o momento.<\/p>\n","protected":false},"excerpt":{"rendered":"<p>O ch\u00e1 verde \u00e9 uma das bebidas mais estudadas quando se fala em antioxidantes e acelera\u00e7\u00e3o do metabolismo. Consumido diariamente em diversos pa\u00edses, ele costuma ser associado a h\u00e1bitos de vida mais equilibrados, \u00e0 preven\u00e7\u00e3o de algumas doen\u00e7as e ao apoio \u00e0 sa\u00fade cerebral, \u00e0 sa\u00fade da pele e ao bem-estar geral, especialmente quando combinado [&hellip;]<\/p>\n","protected":false},"author":9,"featured_media":178133,"comment_status":"open","ping_status":"open","sticky":false,"template":"","format":"standard","meta":{"_yoast_wpseo_focuskw":"a\u00e7\u00e3o antioxidante do ch\u00e1 verde","_yoast_wpseo_title":"","_yoast_wpseo_metadesc":"Infus\u00e3o rica em catequinas que apoia a\u00e7\u00e3o antioxidante, leve termog\u00eanese e bem-estar quando integrada a uma rotina saud\u00e1vel.","jnews-multi-image_gallery":[],"jnews_single_post":{"format":"standard"},"jnews_primary_category":[],"jnews_social_meta":[],"jnews_override_counter":[],"footnotes":""},"categories":[119,4404],"tags":[7224,5373,565],"class_list":["post-177992","post","type-post","status-publish","format-standard","has-post-thumbnail","hentry","category-bem-estar","category-saude","tag-antioxidante","tag-cha-verde","tag-saude"],"yoast_head":"<!-- This site is optimized with the Yoast SEO plugin v24.6 - https:\/\/yoast.com\/wordpress\/plugins\/seo\/ -->\n<title>A bebida leve que muitos usam para fortalecer a defesa antioxidante - Correio Braziliense - Radar<\/title>\n<meta name=\"description\" content=\"Infus\u00e3o rica em catequinas que apoia a\u00e7\u00e3o antioxidante, leve termog\u00eanese e bem-estar quando integrada a uma rotina saud\u00e1vel.\" \/>\n<meta name=\"robots\" content=\"index, follow, max-snippet:-1, max-image-preview:large, max-video-preview:-1\" \/>\n<link rel=\"canonical\" href=\"https:\/\/www.correiobraziliense.com.br\/cbradar\/a-bebida-leve-que-muitos-usam-para-fortalecer-a-defesa-antioxidante\/\" \/>\n<meta property=\"og:locale\" content=\"pt_BR\" \/>\n<meta property=\"og:type\" content=\"article\" \/>\n<meta property=\"og:title\" content=\"A bebida leve que muitos usam para fortalecer a defesa antioxidante - Correio Braziliense - Radar\" \/>\n<meta property=\"og:description\" content=\"Infus\u00e3o rica em catequinas que apoia a\u00e7\u00e3o antioxidante, leve termog\u00eanese e bem-estar quando integrada a uma rotina saud\u00e1vel.\" \/>\n<meta property=\"og:url\" content=\"https:\/\/www.correiobraziliense.com.br\/cbradar\/a-bebida-leve-que-muitos-usam-para-fortalecer-a-defesa-antioxidante\/\" \/>\n<meta property=\"og:site_name\" content=\"Correio Braziliense - Radar\" \/>\n<meta property=\"article:published_time\" content=\"2026-01-20T16:05:10+00:00\" \/>\n<meta property=\"og:image\" content=\"https:\/\/www.correiobraziliense.com.br\/cbradar\/wp-content\/uploads\/2026\/01\/freepik__imagem-realista-do-chverde-em-uma-xcara__41043.jpeg\" \/>\n\t<meta property=\"og:image:width\" content=\"1280\" \/>\n\t<meta property=\"og:image:height\" content=\"720\" \/>\n\t<meta property=\"og:image:type\" content=\"image\/jpeg\" \/>\n<meta name=\"author\" content=\"Daniely Cardoso\" \/>\n<meta name=\"twitter:card\" content=\"summary_large_image\" \/>\n<meta name=\"twitter:label1\" content=\"Escrito por\" \/>\n\t<meta name=\"twitter:data1\" content=\"Daniely Cardoso\" \/>\n\t<meta name=\"twitter:label2\" content=\"Est. tempo de leitura\" \/>\n\t<meta name=\"twitter:data2\" content=\"6 minutos\" \/>\n<!-- \/ Yoast SEO plugin. -->","yoast_head_json":{"title":"A bebida leve que muitos usam para fortalecer a defesa antioxidante - Correio Braziliense - Radar","description":"Infus\u00e3o rica em catequinas que apoia a\u00e7\u00e3o antioxidante, leve termog\u00eanese e bem-estar quando integrada a uma rotina saud\u00e1vel.","robots":{"index":"index","follow":"follow","max-snippet":"max-snippet:-1","max-image-preview":"max-image-preview:large","max-video-preview":"max-video-preview:-1"},"canonical":"https:\/\/www.correiobraziliense.com.br\/cbradar\/a-bebida-leve-que-muitos-usam-para-fortalecer-a-defesa-antioxidante\/","og_locale":"pt_BR","og_type":"article","og_title":"A bebida leve que muitos usam para fortalecer a defesa antioxidante - Correio Braziliense - Radar","og_description":"Infus\u00e3o rica em catequinas que apoia a\u00e7\u00e3o antioxidante, leve termog\u00eanese e bem-estar quando integrada a uma rotina saud\u00e1vel.","og_url":"https:\/\/www.correiobraziliense.com.br\/cbradar\/a-bebida-leve-que-muitos-usam-para-fortalecer-a-defesa-antioxidante\/","og_site_name":"Correio Braziliense - Radar","article_published_time":"2026-01-20T16:05:10+00:00","og_image":[{"width":1280,"height":720,"url":"https:\/\/www.correiobraziliense.com.br\/cbradar\/wp-content\/uploads\/2026\/01\/freepik__imagem-realista-do-chverde-em-uma-xcara__41043.jpeg","type":"image\/jpeg"}],"author":"Daniely Cardoso","twitter_card":"summary_large_image","twitter_misc":{"Escrito por":"Daniely Cardoso","Est. tempo de leitura":"6 minutos"},"schema":{"@context":"https:\/\/schema.org","@graph":[{"@type":"WebPage","@id":"https:\/\/www.correiobraziliense.com.br\/cbradar\/a-bebida-leve-que-muitos-usam-para-fortalecer-a-defesa-antioxidante\/","url":"https:\/\/www.correiobraziliense.com.br\/cbradar\/a-bebida-leve-que-muitos-usam-para-fortalecer-a-defesa-antioxidante\/","name":"A bebida leve que muitos usam para fortalecer a defesa antioxidante - Correio Braziliense - Radar","isPartOf":{"@id":"https:\/\/www.correiobraziliense.com.br\/cbradar\/#website"},"primaryImageOfPage":{"@id":"https:\/\/www.correiobraziliense.com.br\/cbradar\/a-bebida-leve-que-muitos-usam-para-fortalecer-a-defesa-antioxidante\/#primaryimage"},"image":{"@id":"https:\/\/www.correiobraziliense.com.br\/cbradar\/a-bebida-leve-que-muitos-usam-para-fortalecer-a-defesa-antioxidante\/#primaryimage"},"thumbnailUrl":"https:\/\/www.correiobraziliense.com.br\/cbradar\/wp-content\/uploads\/2026\/01\/freepik__imagem-realista-do-chverde-em-uma-xcara__41043.jpeg","datePublished":"2026-01-20T16:05:10+00:00","author":{"@id":"https:\/\/www.correiobraziliense.com.br\/cbradar\/#\/schema\/person\/7356666e12ec0ee53f348ee5db227032"},"description":"Infus\u00e3o rica em catequinas que apoia a\u00e7\u00e3o antioxidante, leve termog\u00eanese e bem-estar quando integrada a uma rotina saud\u00e1vel.","breadcrumb":{"@id":"https:\/\/www.correiobraziliense.com.br\/cbradar\/a-bebida-leve-que-muitos-usam-para-fortalecer-a-defesa-antioxidante\/#breadcrumb"},"inLanguage":"pt-BR","potentialAction":[{"@type":"ReadAction","target":["https:\/\/www.correiobraziliense.com.br\/cbradar\/a-bebida-leve-que-muitos-usam-para-fortalecer-a-defesa-antioxidante\/"]}]},{"@type":"ImageObject","inLanguage":"pt-BR","@id":"https:\/\/www.correiobraziliense.com.br\/cbradar\/a-bebida-leve-que-muitos-usam-para-fortalecer-a-defesa-antioxidante\/#primaryimage","url":"https:\/\/www.correiobraziliense.com.br\/cbradar\/wp-content\/uploads\/2026\/01\/freepik__imagem-realista-do-chverde-em-uma-xcara__41043.jpeg","contentUrl":"https:\/\/www.correiobraziliense.com.br\/cbradar\/wp-content\/uploads\/2026\/01\/freepik__imagem-realista-do-chverde-em-uma-xcara__41043.jpeg","width":1280,"height":720,"caption":"Fonte natural de catequinas que ajudam a combater os radicais livres"},{"@type":"BreadcrumbList","@id":"https:\/\/www.correiobraziliense.com.br\/cbradar\/a-bebida-leve-que-muitos-usam-para-fortalecer-a-defesa-antioxidante\/#breadcrumb","itemListElement":[{"@type":"ListItem","position":1,"name":"In\u00edcio","item":"https:\/\/www.correiobraziliense.com.br\/cbradar\/"},{"@type":"ListItem","position":2,"name":"A bebida leve que muitos usam para fortalecer a defesa antioxidante"}]},{"@type":"WebSite","@id":"https:\/\/www.correiobraziliense.com.br\/cbradar\/#website","url":"https:\/\/www.correiobraziliense.com.br\/cbradar\/","name":"Correio Braziliense - Radar","description":"Acompanhe as \u00faltimas not\u00edcias e fique bem informado sobre tudo o que acontece no Brasil e no mundo.","potentialAction":[{"@type":"SearchAction","target":{"@type":"EntryPoint","urlTemplate":"https:\/\/www.correiobraziliense.com.br\/cbradar\/?s={search_term_string}"},"query-input":{"@type":"PropertyValueSpecification","valueRequired":true,"valueName":"search_term_string"}}],"inLanguage":"pt-BR"},{"@type":"Person","@id":"https:\/\/www.correiobraziliense.com.br\/cbradar\/#\/schema\/person\/7356666e12ec0ee53f348ee5db227032","name":"Daniely Cardoso","image":{"@type":"ImageObject","inLanguage":"pt-BR","@id":"https:\/\/www.correiobraziliense.com.br\/cbradar\/#\/schema\/person\/image\/","url":"https:\/\/secure.gravatar.com\/avatar\/4b80ddbd124d1f071b626d52d62e5dff?s=96&d=mm&r=g","contentUrl":"https:\/\/secure.gravatar.com\/avatar\/4b80ddbd124d1f071b626d52d62e5dff?s=96&d=mm&r=g","caption":"Daniely Cardoso"},"description":"Redatora nos portais CB Radar e EM Foco, formada pela Universidade Federal de Goi\u00e1s, em Goi\u00e2nia. Apaixonada por comunica\u00e7\u00e3o, arte, decora\u00e7\u00e3o e tend\u00eancias, atuo na produ\u00e7\u00e3o de conte\u00fados envolventes sobre curiosidades, moda, beleza e paisagismo, sempre com um olhar atento \u00e0s novidades do momento.","sameAs":["https:\/\/www.correiobraziliense.com.br\/cbradar"],"url":"https:\/\/www.correiobraziliense.com.br\/cbradar\/author\/danielymyth\/"}]}},"_links":{"self":[{"href":"https:\/\/www.correiobraziliense.com.br\/cbradar\/wp-json\/wp\/v2\/posts\/177992","targetHints":{"allow":["GET"]}}],"collection":[{"href":"https:\/\/www.correiobraziliense.com.br\/cbradar\/wp-json\/wp\/v2\/posts"}],"about":[{"href":"https:\/\/www.correiobraziliense.com.br\/cbradar\/wp-json\/wp\/v2\/types\/post"}],"author":[{"embeddable":true,"href":"https:\/\/www.correiobraziliense.com.br\/cbradar\/wp-json\/wp\/v2\/users\/9"}],"replies":[{"embeddable":true,"href":"https:\/\/www.correiobraziliense.com.br\/cbradar\/wp-json\/wp\/v2\/comments?post=177992"}],"version-history":[{"count":2,"href":"https:\/\/www.correiobraziliense.com.br\/cbradar\/wp-json\/wp\/v2\/posts\/177992\/revisions"}],"predecessor-version":[{"id":178002,"href":"https:\/\/www.correiobraziliense.com.br\/cbradar\/wp-json\/wp\/v2\/posts\/177992\/revisions\/178002"}],"wp:featuredmedia":[{"embeddable":true,"href":"https:\/\/www.correiobraziliense.com.br\/cbradar\/wp-json\/wp\/v2\/media\/178133"}],"wp:attachment":[{"href":"https:\/\/www.correiobraziliense.com.br\/cbradar\/wp-json\/wp\/v2\/media?parent=177992"}],"wp:term":[{"taxonomy":"category","embeddable":true,"href":"https:\/\/www.correiobraziliense.com.br\/cbradar\/wp-json\/wp\/v2\/categories?post=177992"},{"taxonomy":"post_tag","embeddable":true,"href":"https:\/\/www.correiobraziliense.com.br\/cbradar\/wp-json\/wp\/v2\/tags?post=177992"}],"curies":[{"name":"wp","href":"https:\/\/api.w.org\/{rel}","templated":true}]}}