{"id":177994,"date":"2026-01-20T16:35:23","date_gmt":"2026-01-20T19:35:23","guid":{"rendered":"https:\/\/www.correiobraziliense.com.br\/cbradar\/?p=177994"},"modified":"2026-01-19T10:36:48","modified_gmt":"2026-01-19T13:36:48","slug":"o-ingrediente-docinho-que-acalma-a-pele-e-protege-contra-bacterias","status":"publish","type":"post","link":"https:\/\/www.correiobraziliense.com.br\/cbradar\/o-ingrediente-docinho-que-acalma-a-pele-e-protege-contra-bacterias\/","title":{"rendered":"O ingrediente docinho que acalma a pele e protege contra bact\u00e9rias"},"content":{"rendered":"\n<p>O <strong>mel<\/strong> \u00e9 conhecido h\u00e1 s\u00e9culos como um aliado natural no cuidado da sa\u00fade, especialmente da pele e da garganta. Entre suas principais caracter\u00edsticas, destacam-se as <strong>propriedades antibacterianas e cicatrizantes<\/strong>, que despertam interesse tanto da medicina popular quanto de pesquisas cient\u00edficas. Em 2026, o uso do mel em produtos farmac\u00eauticos, curativos e cosm\u00e9ticos segue em expans\u00e3o, impulsionado por estudos que investigam sua composi\u00e7\u00e3o, formas de aplica\u00e7\u00e3o e limites de seguran\u00e7a em diferentes tipos de pele.<\/p>\n\n\n\n<h2 class=\"wp-block-heading\">Quais s\u00e3o as propriedades antibacterianas do mel<\/h2>\n\n\n\n<p>As propriedades antibacterianas do <strong>mel<\/strong> est\u00e3o associadas a diversos mecanismos que dificultam a prolifera\u00e7\u00e3o de micro-organismos. A alta concentra\u00e7\u00e3o de a\u00e7\u00facares cria um ambiente com baixa disponibilidade de \u00e1gua, o que prejudica o crescimento de bact\u00e9rias, enquanto o pH mais \u00e1cido torna o meio menos favor\u00e1vel para v\u00e1rios pat\u00f3genos.<\/p>\n\n\n\n<p>Outro fator relevante \u00e9 a presen\u00e7a de enzimas que podem gerar pequenas quantidades de <strong>per\u00f3xido de hidrog\u00eanio<\/strong>, subst\u00e2ncia com efeito antimicrobiano. Em tipos espec\u00edficos, como o mel de <strong>Manuka<\/strong>, compostos como o metilglioxal potencializam essa a\u00e7\u00e3o, tornando o <strong>mel antibacteriano<\/strong> um elemento de interesse em infec\u00e7\u00f5es superficiais e na preven\u00e7\u00e3o de contamina\u00e7\u00f5es em feridas, inclusive em protocolos cl\u00ednicos selecionados.<\/p>\n\n\n<div class=\"wp-block-image\">\n<figure class=\"aligncenter size-large\"><img decoding=\"async\" width=\"1024\" height=\"576\" src=\"https:\/\/www.correiobraziliense.com.br\/cbradar\/wp-content\/uploads\/2025\/08\/mel_1754144533181-1024x576.jpg\" alt=\"\" class=\"wp-image-79543\" srcset=\"https:\/\/www.correiobraziliense.com.br\/cbradar\/wp-content\/uploads\/2025\/08\/mel_1754144533181-1024x576.jpg 1024w, https:\/\/www.correiobraziliense.com.br\/cbradar\/wp-content\/uploads\/2025\/08\/mel_1754144533181-300x169.jpg 300w, https:\/\/www.correiobraziliense.com.br\/cbradar\/wp-content\/uploads\/2025\/08\/mel_1754144533181-768x432.jpg 768w, https:\/\/www.correiobraziliense.com.br\/cbradar\/wp-content\/uploads\/2025\/08\/mel_1754144533181-750x422.jpg 750w, https:\/\/www.correiobraziliense.com.br\/cbradar\/wp-content\/uploads\/2025\/08\/mel_1754144533181-1140x641.jpg 1140w, https:\/\/www.correiobraziliense.com.br\/cbradar\/wp-content\/uploads\/2025\/08\/mel_1754144533181.jpg 1280w\" sizes=\"(max-width: 1024px) 100vw, 1024px\" \/><figcaption class=\"wp-element-caption\">O mel \u00e9 amplamente conhecido por suas propriedades antibacterianas &#8211; Cr\u00e9ditos: depositphotos.com \/ Studio37<\/figcaption><\/figure><\/div>\n\n\n<p>Leia tamb\u00e9m:&nbsp;<a href=\"https:\/\/www.correiobraziliense.com.br\/cbradar\/cha-de-erva-que-auxilia-na-eliminacao-de-pedras-nos-rins-e-pode-ser-plantada-no-seu-jardim\/\" target=\"_blank\" rel=\"noopener\">Ch\u00e1 de erva que auxilia na elimina\u00e7\u00e3o de pedras nos rins e pode ser plantada no seu jardim<\/a>&nbsp;<\/p>\n\n\n\n<h2 class=\"wp-block-heading\">Como o mel cicatrizante atua na recupera\u00e7\u00e3o da pele<\/h2>\n\n\n\n<p>As <strong>propriedades cicatrizantes<\/strong> do mel est\u00e3o ligadas \u00e0 sua capacidade de manter a ferida \u00famida, protegida e com menor risco de coloniza\u00e7\u00e3o por bact\u00e9rias. Esse ambiente favorece a forma\u00e7\u00e3o de novo tecido, ajuda na remo\u00e7\u00e3o de tecidos desvitalizados e pode reduzir a necessidade de trocas muito frequentes de curativos, dependendo do protocolo adotado.<\/p>\n\n\n\n<p>Subst\u00e2ncias <strong>antioxidantes<\/strong> presentes no mel podem colaborar para a prote\u00e7\u00e3o das c\u00e9lulas da pele durante o processo de reparo. Em alguns estudos, observa-se tamb\u00e9m impacto no controle de odores em feridas cr\u00f4nicas, o que \u00e9 relevante para a qualidade de vida dos pacientes; em hospitais e cl\u00ednicas, o mel cicatrizante costuma ser aplicado em formas esterilizadas e padronizadas, como bisnagas, compressas ou gel.<\/p>\n\n\n\n<h2 class=\"wp-block-heading\">Quais s\u00e3o as principais aplica\u00e7\u00f5es cl\u00ednicas e domiciliares do mel<\/h2>\n\n\n\n<p>O uso do <strong>mel<\/strong> com fun\u00e7\u00e3o antimicrobiana costuma ser observado tanto em contextos domiciliares quanto em ambiente hospitalar, com indica\u00e7\u00f5es e cuidados distintos. Em casa, ele \u00e9 mais usado em les\u00f5es simples e formula\u00e7\u00f5es cosm\u00e9ticas, enquanto na pr\u00e1tica cl\u00ednica recebe padroniza\u00e7\u00e3o e acompanhamento profissional espec\u00edfico.<\/p>\n\n\n\n<p>Entre as situa\u00e7\u00f5es em que o mel pode ser considerado como coadjuvante no cuidado de feridas e da pele, destacam-se diferentes tipos de les\u00f5es e produtos formulados com extratos de mel. A lista a seguir ilustra alguns exemplos pr\u00e1ticos de uso, sempre dependendo de avalia\u00e7\u00e3o individual e, quando necess\u00e1rio, supervis\u00e3o de um profissional de <strong>sa\u00fade<\/strong>:<\/p>\n\n\n\n<ul class=\"wp-block-list\">\n<li>Feridas superficiais com risco de contamina\u00e7\u00e3o <strong>bacteriana<\/strong>;<\/li>\n\n\n\n<li>Queimaduras de baixa gravidade, sob orienta\u00e7\u00e3o profissional;<\/li>\n\n\n\n<li>\u00c1reas de pele ressecada e fissurada, que podem favorecer a entrada de bact\u00e9rias;<\/li>\n\n\n\n<li>Feridas cr\u00f4nicas, como \u00falceras de perna ou p\u00e9s diab\u00e9ticos (sob acompanhamento <strong>especializado<\/strong>);<\/li>\n\n\n\n<li>Produtos para higiene oral, como pastas e enxaguantes com extrato de <strong>mel<\/strong>;<\/li>\n\n\n\n<li>Formula\u00e7\u00f5es cosm\u00e9ticas hidratantes para l\u00e1bios, m\u00e3os e \u00e1reas ressecadas.<\/li>\n<\/ul>\n\n\n\n<p>Se voc\u00ea gosta de ouvir opini\u00e3o de profissionais, separamos esse v\u00eddeo do <a href=\"https:\/\/www.youtube.com\/@DayanSiebra\" target=\"_blank\" rel=\"noreferrer noopener\">Dayan Siebra<\/a> mostrando os benef\u00edcios do mel:<\/p>\n\n\n\n<figure class=\"wp-block-embed is-type-video is-provider-youtube wp-block-embed-youtube wp-embed-aspect-16-9 wp-has-aspect-ratio\"><div class=\"wp-block-embed__wrapper\">\n<div class=\"jeg_video_container jeg_video_content\"><iframe loading=\"lazy\" title=\"COMA MEL TODOS OS DIAS E VEJA O QUE ACONTECE COM VOC\u00ca | Dr Dayan Siebra\" width=\"500\" height=\"281\" src=\"https:\/\/www.youtube.com\/embed\/U0LwhLsrBGM?feature=oembed\" frameborder=\"0\" allow=\"accelerometer; autoplay; clipboard-write; encrypted-media; gyroscope; picture-in-picture; web-share\" referrerpolicy=\"strict-origin-when-cross-origin\" allowfullscreen><\/iframe><\/div>\n<\/div><\/figure>\n\n\n\n<h2 class=\"wp-block-heading\">Quais cuidados s\u00e3o necess\u00e1rios ao usar mel antibacteriano e cicatrizante<\/h2>\n\n\n\n<p>Embora o <strong>mel antibacteriano<\/strong> e cicatrizante apresente potencial em diferentes situa\u00e7\u00f5es, alguns cuidados s\u00e3o fundamentais para evitar riscos. O uso direto de mel comum, sem esteriliza\u00e7\u00e3o, em feridas profundas ou complexas pode n\u00e3o ser adequado, especialmente em pessoas com doen\u00e7as cr\u00f4nicas, sistema imunol\u00f3gico comprometido ou alergia a produtos ap\u00edcolas.<\/p>\n\n\n\n<p>Em ambientes cl\u00ednicos, a prefer\u00eancia recai sobre o <strong>mel de grau m\u00e9dico<\/strong>, que passa por processos de padroniza\u00e7\u00e3o e esteriliza\u00e7\u00e3o, garantindo qualidade constante e menor risco de contamina\u00e7\u00e3o. J\u00e1 no uso domiciliar, o mel costuma ser mais explorado em cuidados simples, como hidrata\u00e7\u00e3o de pele, l\u00e1bios e garganta, sempre respeitando restri\u00e7\u00f5es individuais \u2014 especialmente em crian\u00e7as pequenas, para as quais existem orienta\u00e7\u00f5es espec\u00edficas de consumo e aplica\u00e7\u00e3o t\u00f3pica.<\/p>\n\n\n\n<h2 class=\"wp-block-heading\">Quais s\u00e3o as principais propriedades do mel antibacteriano e cicatrizante<\/h2>\n\n\n\n<p>De forma geral, a utiliza\u00e7\u00e3o do <strong>mel<\/strong> com finalidade terap\u00eautica pode ser melhor aproveitada quando integrada a outras medidas de cuidado, como limpeza adequada da ferida, acompanhamento peri\u00f3dico e avalia\u00e7\u00e3o de sinais de infec\u00e7\u00e3o. A combina\u00e7\u00e3o de a\u00e7\u00e3o antibacteriana, efeito cicatrizante e propriedades antioxidantes torna esse produto natural um tema permanente de estudo.<\/p>\n\n\n\n<div style=\"font-family: 'Segoe UI', Tahoma, Geneva, Verdana, sans-serif; max-width: 1000px; margin: 20px auto; border: 2px solid #722f37; border-radius: 30px; overflow: hidden; background-color: #ffffff; box-shadow: 0 4px 15px rgba(114, 47, 55, 0.1);\">\n    <table style=\"width: 100%; border-collapse: collapse; text-align: left; font-size: 14px;\">\n        <thead>\n            <tr style=\"background-color: #722f37;\">\n                <th style=\"padding: 15px; color: #ffffff; border-bottom: 2px solid #f9d8e6; width: 20%;\">Propriedade<\/th>\n                <th style=\"padding: 15px; color: #ffffff; border-bottom: 2px solid #f9d8e6; width: 40%;\">Descri\u00e7\u00e3o<\/th>\n                <th style=\"padding: 15px; color: #ffffff; border-bottom: 2px solid #f9d8e6; width: 40%;\">Poss\u00edveis aplica\u00e7\u00f5es<\/th>\n            <\/tr>\n        <\/thead>\n        <tbody>\n            <tr>\n                <td style=\"padding: 12px 15px; border-bottom: 1px solid #ffe3ee; color: #4a4a4a; font-weight: bold;\">Antibacteriana<\/td>\n                <td style=\"padding: 12px 15px; border-bottom: 1px solid #ffe3ee; color: #4a4a4a;\">Reduz a prolifera\u00e7\u00e3o de bact\u00e9rias devido \u00e0 alta concentra\u00e7\u00e3o de a\u00e7\u00facares, pH \u00e1cido e produ\u00e7\u00e3o de per\u00f3xido de hidrog\u00eanio.<\/td>\n                <td style=\"padding: 12px 15px; border-bottom: 1px solid #ffe3ee; color: #4a4a4a;\">Feridas superficiais, queimaduras leves, formula\u00e7\u00f5es para higiene oral e cuidados com pele lesionada.<\/td>\n            <\/tr>\n            <tr style=\"background-color: #fffafa;\">\n                <td style=\"padding: 12px 15px; border-bottom: 1px solid #ffe3ee; color: #4a4a4a; font-weight: bold;\">Cicatrizante<\/td>\n                <td style=\"padding: 12px 15px; border-bottom: 1px solid #ffe3ee; color: #4a4a4a;\">Favorece ambiente \u00famido e protegido, estimulando a forma\u00e7\u00e3o de novo tecido e ajudando na remo\u00e7\u00e3o de tecido desvitalizado.<\/td>\n                <td style=\"padding: 12px 15px; border-bottom: 1px solid #ffe3ee; color: #4a4a4a;\">Feridas cr\u00f4nicas, cortes menores, \u00falceras sob acompanhamento m\u00e9dico, les\u00f5es de pele em geral.<\/td>\n            <\/tr>\n            <tr>\n                <td style=\"padding: 12px 15px; border-bottom: 1px solid #ffe3ee; color: #4a4a4a; font-weight: bold;\">Antioxidante<\/td>\n                <td style=\"padding: 12px 15px; border-bottom: 1px solid #ffe3ee; color: #4a4a4a;\">Cont\u00e9m compostos fen\u00f3licos que auxiliam na prote\u00e7\u00e3o das c\u00e9lulas contra danos oxidativos.<\/td>\n                <td style=\"padding: 12px 15px; border-bottom: 1px solid #ffe3ee; color: #4a4a4a;\">Produtos dermatol\u00f3gicos, cosm\u00e9ticos e curativos com foco em prote\u00e7\u00e3o da pele.<\/td>\n            <\/tr>\n            <tr style=\"background-color: #fffafa;\">\n                <td style=\"padding: 12px 15px; color: #4a4a4a; font-weight: bold;\">Umectante<\/td>\n                <td style=\"padding: 12px 15px; color: #4a4a4a;\">Ajuda a manter a hidrata\u00e7\u00e3o local, evitando o ressecamento excessivo da pele ou da ferida.<\/td>\n                <td style=\"padding: 12px 15px; color: #4a4a4a;\">Pomadas, cremes, m\u00e1scaras faciais e curativos que exigem ambiente \u00famido controlado.<\/td>\n            <\/tr>\n        <\/tbody>\n    <\/table>\n<\/div>\n\n\n\n<p>Novas pesquisas buscam definir doses, tipos de mel e protocolos mais precisos para diferentes quadros cl\u00ednicos, incluindo feridas cr\u00f4nicas complexas, queimaduras e uso combinado com curativos avan\u00e7ados. A tabela a seguir resume as principais propriedades do mel e algumas de suas aplica\u00e7\u00f5es potenciais em <strong>sa\u00fade<\/strong> e cosm\u00e9tica.<\/p>\n","protected":false},"excerpt":{"rendered":"<p>O mel \u00e9 conhecido h\u00e1 s\u00e9culos como um aliado natural no cuidado da sa\u00fade, especialmente da pele e da garganta. Entre suas principais caracter\u00edsticas, destacam-se as propriedades antibacterianas e cicatrizantes, que despertam interesse tanto da medicina popular quanto de pesquisas cient\u00edficas. Em 2026, o uso do mel em produtos farmac\u00eauticos, curativos e cosm\u00e9ticos segue em [&hellip;]<\/p>\n","protected":false},"author":9,"featured_media":178127,"comment_status":"open","ping_status":"open","sticky":false,"template":"","format":"standard","meta":{"_yoast_wpseo_focuskw":"propriedades do mel antibacteriano e cicatrizante","_yoast_wpseo_title":"","_yoast_wpseo_metadesc":"Ingrediente natural com a\u00e7\u00e3o antibacteriana e cicatrizante usado em feridas simples, queimaduras leves e cuidados de pele.","jnews-multi-image_gallery":[],"jnews_single_post":{"format":"standard"},"jnews_primary_category":[],"jnews_social_meta":[],"jnews_override_counter":[],"footnotes":""},"categories":[119,4404],"tags":[8928,6196,565],"class_list":["post-177994","post","type-post","status-publish","format-standard","has-post-thumbnail","hentry","category-bem-estar","category-saude","tag-antibiotico","tag-mel","tag-saude"],"yoast_head":"<!-- This site is optimized with the Yoast SEO plugin v24.6 - https:\/\/yoast.com\/wordpress\/plugins\/seo\/ -->\n<title>O ingrediente docinho que acalma a pele e protege contra bact\u00e9rias - Correio Braziliense - Radar<\/title>\n<meta name=\"description\" content=\"Ingrediente natural com a\u00e7\u00e3o antibacteriana e cicatrizante usado em feridas simples, queimaduras leves e cuidados de pele.\" \/>\n<meta name=\"robots\" content=\"index, follow, max-snippet:-1, max-image-preview:large, max-video-preview:-1\" \/>\n<link rel=\"canonical\" href=\"https:\/\/www.correiobraziliense.com.br\/cbradar\/o-ingrediente-docinho-que-acalma-a-pele-e-protege-contra-bacterias\/\" \/>\n<meta property=\"og:locale\" content=\"pt_BR\" \/>\n<meta property=\"og:type\" content=\"article\" \/>\n<meta property=\"og:title\" content=\"O ingrediente docinho que acalma a pele e protege contra bact\u00e9rias - Correio Braziliense - Radar\" \/>\n<meta property=\"og:description\" content=\"Ingrediente natural com a\u00e7\u00e3o antibacteriana e cicatrizante usado em feridas simples, queimaduras leves e cuidados de pele.\" \/>\n<meta property=\"og:url\" content=\"https:\/\/www.correiobraziliense.com.br\/cbradar\/o-ingrediente-docinho-que-acalma-a-pele-e-protege-contra-bacterias\/\" \/>\n<meta property=\"og:site_name\" content=\"Correio Braziliense - Radar\" \/>\n<meta property=\"article:published_time\" content=\"2026-01-20T19:35:23+00:00\" \/>\n<meta property=\"og:image\" content=\"https:\/\/www.correiobraziliense.com.br\/cbradar\/wp-content\/uploads\/2026\/01\/freepik__imagem-realista-de-um-pote-de-mel-e-ao-lado-uma-im__41038.jpeg\" \/>\n\t<meta property=\"og:image:width\" content=\"1280\" \/>\n\t<meta property=\"og:image:height\" content=\"720\" \/>\n\t<meta property=\"og:image:type\" content=\"image\/jpeg\" \/>\n<meta name=\"author\" content=\"Daniely Cardoso\" \/>\n<meta name=\"twitter:card\" content=\"summary_large_image\" \/>\n<meta name=\"twitter:label1\" content=\"Escrito por\" \/>\n\t<meta name=\"twitter:data1\" content=\"Daniely Cardoso\" \/>\n\t<meta name=\"twitter:label2\" content=\"Est. tempo de leitura\" \/>\n\t<meta name=\"twitter:data2\" content=\"6 minutos\" \/>\n<!-- \/ Yoast SEO plugin. -->","yoast_head_json":{"title":"O ingrediente docinho que acalma a pele e protege contra bact\u00e9rias - Correio Braziliense - Radar","description":"Ingrediente natural com a\u00e7\u00e3o antibacteriana e cicatrizante usado em feridas simples, queimaduras leves e cuidados de pele.","robots":{"index":"index","follow":"follow","max-snippet":"max-snippet:-1","max-image-preview":"max-image-preview:large","max-video-preview":"max-video-preview:-1"},"canonical":"https:\/\/www.correiobraziliense.com.br\/cbradar\/o-ingrediente-docinho-que-acalma-a-pele-e-protege-contra-bacterias\/","og_locale":"pt_BR","og_type":"article","og_title":"O ingrediente docinho que acalma a pele e protege contra bact\u00e9rias - Correio Braziliense - Radar","og_description":"Ingrediente natural com a\u00e7\u00e3o antibacteriana e cicatrizante usado em feridas simples, queimaduras leves e cuidados de pele.","og_url":"https:\/\/www.correiobraziliense.com.br\/cbradar\/o-ingrediente-docinho-que-acalma-a-pele-e-protege-contra-bacterias\/","og_site_name":"Correio Braziliense - Radar","article_published_time":"2026-01-20T19:35:23+00:00","og_image":[{"width":1280,"height":720,"url":"https:\/\/www.correiobraziliense.com.br\/cbradar\/wp-content\/uploads\/2026\/01\/freepik__imagem-realista-de-um-pote-de-mel-e-ao-lado-uma-im__41038.jpeg","type":"image\/jpeg"}],"author":"Daniely Cardoso","twitter_card":"summary_large_image","twitter_misc":{"Escrito por":"Daniely Cardoso","Est. tempo de leitura":"6 minutos"},"schema":{"@context":"https:\/\/schema.org","@graph":[{"@type":"WebPage","@id":"https:\/\/www.correiobraziliense.com.br\/cbradar\/o-ingrediente-docinho-que-acalma-a-pele-e-protege-contra-bacterias\/","url":"https:\/\/www.correiobraziliense.com.br\/cbradar\/o-ingrediente-docinho-que-acalma-a-pele-e-protege-contra-bacterias\/","name":"O ingrediente docinho que acalma a pele e protege contra bact\u00e9rias - Correio Braziliense - Radar","isPartOf":{"@id":"https:\/\/www.correiobraziliense.com.br\/cbradar\/#website"},"primaryImageOfPage":{"@id":"https:\/\/www.correiobraziliense.com.br\/cbradar\/o-ingrediente-docinho-que-acalma-a-pele-e-protege-contra-bacterias\/#primaryimage"},"image":{"@id":"https:\/\/www.correiobraziliense.com.br\/cbradar\/o-ingrediente-docinho-que-acalma-a-pele-e-protege-contra-bacterias\/#primaryimage"},"thumbnailUrl":"https:\/\/www.correiobraziliense.com.br\/cbradar\/wp-content\/uploads\/2026\/01\/freepik__imagem-realista-de-um-pote-de-mel-e-ao-lado-uma-im__41038.jpeg","datePublished":"2026-01-20T19:35:23+00:00","author":{"@id":"https:\/\/www.correiobraziliense.com.br\/cbradar\/#\/schema\/person\/7356666e12ec0ee53f348ee5db227032"},"description":"Ingrediente natural com a\u00e7\u00e3o antibacteriana e cicatrizante usado em feridas simples, queimaduras leves e cuidados de pele.","breadcrumb":{"@id":"https:\/\/www.correiobraziliense.com.br\/cbradar\/o-ingrediente-docinho-que-acalma-a-pele-e-protege-contra-bacterias\/#breadcrumb"},"inLanguage":"pt-BR","potentialAction":[{"@type":"ReadAction","target":["https:\/\/www.correiobraziliense.com.br\/cbradar\/o-ingrediente-docinho-que-acalma-a-pele-e-protege-contra-bacterias\/"]}]},{"@type":"ImageObject","inLanguage":"pt-BR","@id":"https:\/\/www.correiobraziliense.com.br\/cbradar\/o-ingrediente-docinho-que-acalma-a-pele-e-protege-contra-bacterias\/#primaryimage","url":"https:\/\/www.correiobraziliense.com.br\/cbradar\/wp-content\/uploads\/2026\/01\/freepik__imagem-realista-de-um-pote-de-mel-e-ao-lado-uma-im__41038.jpeg","contentUrl":"https:\/\/www.correiobraziliense.com.br\/cbradar\/wp-content\/uploads\/2026\/01\/freepik__imagem-realista-de-um-pote-de-mel-e-ao-lado-uma-im__41038.jpeg","width":1280,"height":720,"caption":"Possui a\u00e7\u00e3o antibacteriana natural auxiliando na prote\u00e7\u00e3o contra microrganismos"},{"@type":"BreadcrumbList","@id":"https:\/\/www.correiobraziliense.com.br\/cbradar\/o-ingrediente-docinho-que-acalma-a-pele-e-protege-contra-bacterias\/#breadcrumb","itemListElement":[{"@type":"ListItem","position":1,"name":"In\u00edcio","item":"https:\/\/www.correiobraziliense.com.br\/cbradar\/"},{"@type":"ListItem","position":2,"name":"O ingrediente docinho que acalma a pele e protege contra bact\u00e9rias"}]},{"@type":"WebSite","@id":"https:\/\/www.correiobraziliense.com.br\/cbradar\/#website","url":"https:\/\/www.correiobraziliense.com.br\/cbradar\/","name":"Correio Braziliense - Radar","description":"Acompanhe as \u00faltimas not\u00edcias e fique bem informado sobre tudo o que acontece no Brasil e no mundo.","potentialAction":[{"@type":"SearchAction","target":{"@type":"EntryPoint","urlTemplate":"https:\/\/www.correiobraziliense.com.br\/cbradar\/?s={search_term_string}"},"query-input":{"@type":"PropertyValueSpecification","valueRequired":true,"valueName":"search_term_string"}}],"inLanguage":"pt-BR"},{"@type":"Person","@id":"https:\/\/www.correiobraziliense.com.br\/cbradar\/#\/schema\/person\/7356666e12ec0ee53f348ee5db227032","name":"Daniely Cardoso","image":{"@type":"ImageObject","inLanguage":"pt-BR","@id":"https:\/\/www.correiobraziliense.com.br\/cbradar\/#\/schema\/person\/image\/","url":"https:\/\/secure.gravatar.com\/avatar\/4b80ddbd124d1f071b626d52d62e5dff?s=96&d=mm&r=g","contentUrl":"https:\/\/secure.gravatar.com\/avatar\/4b80ddbd124d1f071b626d52d62e5dff?s=96&d=mm&r=g","caption":"Daniely Cardoso"},"description":"Redatora nos portais CB Radar e EM Foco, formada pela Universidade Federal de Goi\u00e1s, em Goi\u00e2nia. Apaixonada por comunica\u00e7\u00e3o, arte, decora\u00e7\u00e3o e tend\u00eancias, atuo na produ\u00e7\u00e3o de conte\u00fados envolventes sobre curiosidades, moda, beleza e paisagismo, sempre com um olhar atento \u00e0s novidades do momento.","sameAs":["https:\/\/www.correiobraziliense.com.br\/cbradar"],"url":"https:\/\/www.correiobraziliense.com.br\/cbradar\/author\/danielymyth\/"}]}},"_links":{"self":[{"href":"https:\/\/www.correiobraziliense.com.br\/cbradar\/wp-json\/wp\/v2\/posts\/177994","targetHints":{"allow":["GET"]}}],"collection":[{"href":"https:\/\/www.correiobraziliense.com.br\/cbradar\/wp-json\/wp\/v2\/posts"}],"about":[{"href":"https:\/\/www.correiobraziliense.com.br\/cbradar\/wp-json\/wp\/v2\/types\/post"}],"author":[{"embeddable":true,"href":"https:\/\/www.correiobraziliense.com.br\/cbradar\/wp-json\/wp\/v2\/users\/9"}],"replies":[{"embeddable":true,"href":"https:\/\/www.correiobraziliense.com.br\/cbradar\/wp-json\/wp\/v2\/comments?post=177994"}],"version-history":[{"count":2,"href":"https:\/\/www.correiobraziliense.com.br\/cbradar\/wp-json\/wp\/v2\/posts\/177994\/revisions"}],"predecessor-version":[{"id":178004,"href":"https:\/\/www.correiobraziliense.com.br\/cbradar\/wp-json\/wp\/v2\/posts\/177994\/revisions\/178004"}],"wp:featuredmedia":[{"embeddable":true,"href":"https:\/\/www.correiobraziliense.com.br\/cbradar\/wp-json\/wp\/v2\/media\/178127"}],"wp:attachment":[{"href":"https:\/\/www.correiobraziliense.com.br\/cbradar\/wp-json\/wp\/v2\/media?parent=177994"}],"wp:term":[{"taxonomy":"category","embeddable":true,"href":"https:\/\/www.correiobraziliense.com.br\/cbradar\/wp-json\/wp\/v2\/categories?post=177994"},{"taxonomy":"post_tag","embeddable":true,"href":"https:\/\/www.correiobraziliense.com.br\/cbradar\/wp-json\/wp\/v2\/tags?post=177994"}],"curies":[{"name":"wp","href":"https:\/\/api.w.org\/{rel}","templated":true}]}}