{"id":177995,"date":"2026-01-20T17:45:28","date_gmt":"2026-01-20T20:45:28","guid":{"rendered":"https:\/\/www.correiobraziliense.com.br\/cbradar\/?p=177995"},"modified":"2026-01-19T10:37:09","modified_gmt":"2026-01-19T13:37:09","slug":"o-cereal-que-virou-aliado-diario-para-reduzir-o-colesterol-e-proteger-o-coracao-sem-esforco","status":"publish","type":"post","link":"https:\/\/www.correiobraziliense.com.br\/cbradar\/o-cereal-que-virou-aliado-diario-para-reduzir-o-colesterol-e-proteger-o-coracao-sem-esforco\/","title":{"rendered":"O cereal que virou aliado di\u00e1rio para reduzir o colesterol e proteger o cora\u00e7\u00e3o sem esfor\u00e7o"},"content":{"rendered":"\n<p>A <strong>aveia<\/strong> tem ganhado espa\u00e7o na rotina de quem busca cuidar da sa\u00fade do cora\u00e7\u00e3o, especialmente por causa de seus efeitos no controle do colesterol. Em vez de ser vista apenas como um alimento de caf\u00e9 da manh\u00e3, ela passou a ser tratada como um aliado di\u00e1rio na preven\u00e7\u00e3o de doen\u00e7as cardiovasculares. Seu consumo regular pode fazer parte de estrat\u00e9gias simples, como ajustes na alimenta\u00e7\u00e3o, sem mudan\u00e7as radicais na rotina, e pode complementar tratamentos j\u00e1 indicados por m\u00e9dicos para controle do colesterol.<\/p>\n\n\n\n<h2 class=\"wp-block-heading\">Quais s\u00e3o as principais propriedades da aveia para o controle do colesterol<\/h2>\n\n\n\n<p>A palavra-chave principal neste tema \u00e9 <strong>aveia<\/strong>, e o ponto central est\u00e1 em como esse gr\u00e3o atua no controle do colesterol. A aveia \u00e9 rica em <strong>betaglucanas<\/strong>, um tipo de fibra sol\u00favel que forma uma esp\u00e9cie de gel no intestino ao entrar em contato com a \u00e1gua, reduzindo a absor\u00e7\u00e3o de colesterol e \u00e1cidos biliares.<\/p>\n\n\n\n<p>Al\u00e9m disso, a aveia cont\u00e9m fibras insol\u00faveis, prote\u00ednas, vitaminas do complexo B, ferro, magn\u00e9sio e antioxidantes como as <strong>avenantramidas<\/strong>, que ajudam a proteger as art\u00e9rias contra a oxida\u00e7\u00e3o. Entre as principais propriedades relacionadas ao colesterol, destacam-se os efeitos a seguir, que costumam ser mais consistentes quando o consumo \u00e9 di\u00e1rio:<\/p>\n\n\n\n<ul class=\"wp-block-list\">\n<li>Ajuda na redu\u00e7\u00e3o do <strong>colesterol<\/strong> total;<\/li>\n\n\n\n<li>Contribui\u00e7\u00e3o para a queda do <strong>LDL<\/strong> (o chamado \u201ccolesterol ruim\u201d);<\/li>\n\n\n\n<li>Aux\u00edlio na manuten\u00e7\u00e3o do <strong>HDL<\/strong> ( o \u201ccolesterol bom\u201d);<\/li>\n\n\n\n<li>Melhora do tr\u00e2nsito intestinal, o que tamb\u00e9m interfere no metabolismo das gorduras.<\/li>\n<\/ul>\n\n\n<div class=\"wp-block-image\">\n<figure class=\"aligncenter size-large\"><img decoding=\"async\" width=\"1024\" height=\"576\" src=\"https:\/\/www.correiobraziliense.com.br\/cbradar\/wp-content\/uploads\/2025\/11\/Gemini_Generated_Image_b70l19b70l19b70l-1-1024x576.png\" alt=\"\" class=\"wp-image-145047\" srcset=\"https:\/\/www.correiobraziliense.com.br\/cbradar\/wp-content\/uploads\/2025\/11\/Gemini_Generated_Image_b70l19b70l19b70l-1-1024x576.png 1024w, https:\/\/www.correiobraziliense.com.br\/cbradar\/wp-content\/uploads\/2025\/11\/Gemini_Generated_Image_b70l19b70l19b70l-1-300x169.png 300w, https:\/\/www.correiobraziliense.com.br\/cbradar\/wp-content\/uploads\/2025\/11\/Gemini_Generated_Image_b70l19b70l19b70l-1-768x432.png 768w, https:\/\/www.correiobraziliense.com.br\/cbradar\/wp-content\/uploads\/2025\/11\/Gemini_Generated_Image_b70l19b70l19b70l-1-750x422.png 750w, https:\/\/www.correiobraziliense.com.br\/cbradar\/wp-content\/uploads\/2025\/11\/Gemini_Generated_Image_b70l19b70l19b70l-1-1140x641.png 1140w, https:\/\/www.correiobraziliense.com.br\/cbradar\/wp-content\/uploads\/2025\/11\/Gemini_Generated_Image_b70l19b70l19b70l-1.png 1280w\" sizes=\"(max-width: 1024px) 100vw, 1024px\" \/><figcaption class=\"wp-element-caption\">Al\u00e9m da sa\u00fade do cora\u00e7\u00e3o, a aveia fornece energia de maneira prolongada devido aos seus carboidratos complexos<\/figcaption><\/figure><\/div>\n\n\n<h2 class=\"wp-block-heading\">Como a aveia contribui para reduzir o colesterol<\/h2>\n\n\n\n<p>O mecanismo de a\u00e7\u00e3o da <strong>aveia<\/strong> no controle do colesterol est\u00e1 ligado principalmente \u00e0s betaglucanas. Essas fibras sol\u00faveis se ligam a parte das gorduras e dos \u00e1cidos biliares no intestino, dificultando sua reabsor\u00e7\u00e3o e estimulando o organismo a utilizar o colesterol do sangue para produzir novos \u00e1cidos biliares.<\/p>\n\n\n\n<p>Estudos atualizados at\u00e9 <b>2026 <\/b>indicam que a ingest\u00e3o di\u00e1ria de cerca de 3 g de betaglucanas, presente em por\u00e7\u00f5es usuais de aveia, est\u00e1 associada \u00e0 queda moderada do colesterol LDL em adultos. Essa redu\u00e7\u00e3o tende a ser mais relevante quando a aveia \u00e9 combinada com alimenta\u00e7\u00e3o equilibrada, pr\u00e1tica regular de atividade f\u00edsica e controle do peso corporal.<\/p>\n\n\n\n<p>Leia tamb\u00e9m:&nbsp;<a href=\"https:\/\/www.correiobraziliense.com.br\/cbradar\/cha-de-erva-que-auxilia-na-eliminacao-de-pedras-nos-rins-e-pode-ser-plantada-no-seu-jardim\/\" target=\"_blank\" rel=\"noopener\">Ch\u00e1 de erva que auxilia na elimina\u00e7\u00e3o de pedras nos rins e pode ser plantada no seu jardim<\/a>&nbsp;<\/p>\n\n\n\n<h2 class=\"wp-block-heading\">Como consumir aveia para aproveitar melhor seus benef\u00edcios no colesterol<\/h2>\n\n\n\n<p>A escolha da forma de <strong>aveia<\/strong> depende do objetivo e do h\u00e1bito alimentar de cada pessoa, mas o <strong>farelo<\/strong> de aveia costuma concentrar maior quantidade de betaglucanas. Flocos finos e grossos tamb\u00e9m contribuem, principalmente quando usados diariamente, em prepara\u00e7\u00f5es simples que se encaixam na rotina.<\/p>\n\n\n\n<p>Existem v\u00e1rias maneiras pr\u00e1ticas de incluir o cereal no dia a dia, tanto em prepara\u00e7\u00f5es doces quanto salgadas, ajudando a aumentar a ingest\u00e3o de fibras sem elevar muito as calorias. Confira alguns usos frequentes que podem facilitar a regularidade do consumo:<\/p>\n\n\n\n<ul class=\"wp-block-list\">\n<li>Adicionar <strong>aveia<\/strong> a frutas, iogurtes e vitaminas;<\/li>\n\n\n\n<li>Usar em mingaus, panquecas e bolinhos;<\/li>\n\n\n\n<li>Substituir parte da farinha de trigo por aveia em receitas salgadas;<\/li>\n\n\n\n<li>Incluir em sopas e caldos para aumentar a quantidade de fibras.<\/li>\n<\/ul>\n\n\n\n<p>Se voc\u00ea gosta de ouvir opini\u00e3o de especialistas, separamos esse v\u00eddeo do <a href=\"https:\/\/www.youtube.com\/@drflaviojambo\" target=\"_blank\" rel=\"noreferrer noopener\">Dr Fl\u00e1vio Jambo<\/a> mostrando os benef\u00edcios de comer aveia:<\/p>\n\n\n\n<figure class=\"wp-block-embed is-type-video is-provider-youtube wp-block-embed-youtube wp-embed-aspect-16-9 wp-has-aspect-ratio\"><div class=\"wp-block-embed__wrapper\">\n<div class=\"jeg_video_container jeg_video_content\"><iframe loading=\"lazy\" title=\"CONHE\u00c7A OS 6 BENEF\u00cdCIOS DA AVEIA EM PESSOAS ACIMA DE 60 ANOS | Dr Fl\u00e1vio Jambo\" width=\"500\" height=\"281\" src=\"https:\/\/www.youtube.com\/embed\/-Cz41j36DvQ?feature=oembed\" frameborder=\"0\" allow=\"accelerometer; autoplay; clipboard-write; encrypted-media; gyroscope; picture-in-picture; web-share\" referrerpolicy=\"strict-origin-when-cross-origin\" allowfullscreen><\/iframe><\/div>\n<\/div><\/figure>\n\n\n\n<p>Para aproveitar melhor as propriedades da aveia para o colesterol, \u00e9 importante manter regularidade no consumo, dentro de uma alimenta\u00e7\u00e3o balanceada e com pouco a\u00e7\u00facar e gorduras saturadas. O acompanhamento <strong>profissional<\/strong> pode ajustar a quantidade ideal para cada caso, considerando idade, peso, medicamentos em uso e presen\u00e7a de outras condi\u00e7\u00f5es de sa\u00fade.<\/p>\n\n\n\n<h2 class=\"wp-block-heading\">Quais s\u00e3o os principais componentes da aveia relacionados ao colesterol<\/h2>\n\n\n\n<p>A tabela a seguir apresenta valores m\u00e9dios por 100 g de <strong>aveia<\/strong> em flocos, que podem variar entre marcas e processos de fabrica\u00e7\u00e3o. Ela serve como refer\u00eancia para entender quais componentes est\u00e3o mais ligados ao controle do colesterol e \u00e0 sa\u00fade cardiovascular de forma geral.<\/p>\n\n\n\n<div style=\"font-family: 'Segoe UI', Tahoma, Geneva, Verdana, sans-serif; max-width: 1000px; margin: 20px auto; border: 2px solid #722f37; border-radius: 30px; overflow: hidden; background-color: #ffffff; box-shadow: 0 4px 15px rgba(114, 47, 55, 0.1);\">\n    <table style=\"width: 100%; border-collapse: collapse; text-align: left; font-size: 14px;\">\n        <thead>\n            <tr style=\"background-color: #722f37;\">\n                <th style=\"padding: 15px; color: #ffffff; border-bottom: 2px solid #f9d8e6; width: 20%;\">Componente<\/th>\n                <th style=\"padding: 15px; color: #ffffff; border-bottom: 2px solid #f9d8e6; width: 25%;\">Quantidade aproximada (por 100 g)<\/th>\n                <th style=\"padding: 15px; color: #ffffff; border-bottom: 2px solid #f9d8e6; width: 55%;\">Rela\u00e7\u00e3o com o colesterol<\/th>\n            <\/tr>\n        <\/thead>\n        <tbody>\n            <tr>\n                <td style=\"padding: 12px 15px; border-bottom: 1px solid #ffe3ee; color: #4a4a4a; font-weight: bold;\">Calorias<\/td>\n                <td style=\"padding: 12px 15px; border-bottom: 1px solid #ffe3ee; color: #4a4a4a;\">~380 kcal<\/td>\n                <td style=\"padding: 12px 15px; border-bottom: 1px solid #ffe3ee; color: #4a4a4a;\">Ajuda no planejamento cal\u00f3rico da dieta, importante para manter peso adequado.<\/td>\n            <\/tr>\n            <tr style=\"background-color: #fffafa;\">\n                <td style=\"padding: 12px 15px; border-bottom: 1px solid #ffe3ee; color: #4a4a4a; font-weight: bold;\">Carboidratos totais<\/td>\n                <td style=\"padding: 12px 15px; border-bottom: 1px solid #ffe3ee; color: #4a4a4a;\">~66 g<\/td>\n                <td style=\"padding: 12px 15px; border-bottom: 1px solid #ffe3ee; color: #4a4a4a;\">Fornecem energia; quando combinados com fibras, tendem a ter digest\u00e3o mais lenta.<\/td>\n            <\/tr>\n            <tr>\n                <td style=\"padding: 12px 15px; border-bottom: 1px solid #ffe3ee; color: #4a4a4a; font-weight: bold;\">Prote\u00ednas<\/td>\n                <td style=\"padding: 12px 15px; border-bottom: 1px solid #ffe3ee; color: #4a4a4a;\">~13 g<\/td>\n                <td style=\"padding: 12px 15px; border-bottom: 1px solid #ffe3ee; color: #4a4a4a;\">Contribuem para manuten\u00e7\u00e3o de massa magra, favorecendo o metabolismo geral.<\/td>\n            <\/tr>\n            <tr style=\"background-color: #fffafa;\">\n                <td style=\"padding: 12px 15px; border-bottom: 1px solid #ffe3ee; color: #4a4a4a; font-weight: bold;\">Gorduras totais<\/td>\n                <td style=\"padding: 12px 15px; border-bottom: 1px solid #ffe3ee; color: #4a4a4a;\">~7 g<\/td>\n                <td style=\"padding: 12px 15px; border-bottom: 1px solid #ffe3ee; color: #4a4a4a;\">Em sua maioria s\u00e3o gorduras insaturadas, associadas a melhor perfil lip\u00eddico.<\/td>\n            <\/tr>\n            <tr>\n                <td style=\"padding: 12px 15px; border-bottom: 1px solid #ffe3ee; color: #4a4a4a; font-weight: bold;\">Fibras totais<\/td>\n                <td style=\"padding: 12px 15px; border-bottom: 1px solid #ffe3ee; color: #4a4a4a;\">~10 g<\/td>\n                <td style=\"padding: 12px 15px; border-bottom: 1px solid #ffe3ee; color: #4a4a4a;\">Auxiliam no controle do colesterol ao modular absor\u00e7\u00e3o de gorduras.<\/td>\n            <\/tr>\n            <tr style=\"background-color: #fffafa;\">\n                <td style=\"padding: 12px 15px; border-bottom: 1px solid #ffe3ee; color: #4a4a4a; font-weight: bold;\">Betaglucanas (fibras sol\u00faveis)<\/td>\n                <td style=\"padding: 12px 15px; border-bottom: 1px solid #ffe3ee; color: #4a4a4a;\">~3 a 4 g<\/td>\n                <td style=\"padding: 12px 15px; border-bottom: 1px solid #ffe3ee; color: #4a4a4a;\">Atuam diretamente na redu\u00e7\u00e3o do colesterol LDL por meio do &#8220;gel&#8221; intestinal.<\/td>\n            <\/tr>\n            <tr>\n                <td style=\"padding: 12px 15px; border-bottom: 1px solid #ffe3ee; color: #4a4a4a; font-weight: bold;\">Magn\u00e9sio<\/td>\n                <td style=\"padding: 12px 15px; border-bottom: 1px solid #ffe3ee; color: #4a4a4a;\">~130 mg<\/td>\n                <td style=\"padding: 12px 15px; border-bottom: 1px solid #ffe3ee; color: #4a4a4a;\">Participa de rea\u00e7\u00f5es metab\u00f3licas ligadas \u00e0 sa\u00fade cardiovascular.<\/td>\n            <\/tr>\n            <tr style=\"background-color: #fffafa;\">\n                <td style=\"padding: 12px 15px; color: #4a4a4a; font-weight: bold;\">Ferro<\/td>\n                <td style=\"padding: 12px 15px; color: #4a4a4a;\">~4 mg<\/td>\n                <td style=\"padding: 12px 15px; color: #4a4a4a;\">Importante para transporte de oxig\u00eanio, favorecendo o funcionamento do organismo.<\/td>\n            <\/tr>\n        <\/tbody>\n    <\/table>\n<\/div>\n\n\n\n<p>Ao considerar as propriedades da <strong>aveia<\/strong> para o controle do colesterol, observa-se que esse alimento atua de forma ampla: contribui tanto pela a\u00e7\u00e3o das <strong>betaglucanas<\/strong> quanto pela melhora geral da qualidade da dieta. Inserida em um estilo de vida equilibrado e acompanhada de orienta\u00e7\u00f5es profissionais, a aveia pode ser uma ferramenta \u00fatil na estrat\u00e9gia de cuidado com o cora\u00e7\u00e3o ao longo dos anos.<\/p>\n","protected":false},"excerpt":{"rendered":"<p>A aveia tem ganhado espa\u00e7o na rotina de quem busca cuidar da sa\u00fade do cora\u00e7\u00e3o, especialmente por causa de seus efeitos no controle do colesterol. Em vez de ser vista apenas como um alimento de caf\u00e9 da manh\u00e3, ela passou a ser tratada como um aliado di\u00e1rio na preven\u00e7\u00e3o de doen\u00e7as cardiovasculares. Seu consumo regular [&hellip;]<\/p>\n","protected":false},"author":9,"featured_media":178126,"comment_status":"open","ping_status":"open","sticky":false,"template":"","format":"standard","meta":{"_yoast_wpseo_focuskw":"principais componentes da aveia","_yoast_wpseo_title":"","_yoast_wpseo_metadesc":"Cereal rico em fibras que ajuda a reduzir o LDL, manter o HDL e apoiar o cuidado di\u00e1rio com o cora\u00e7\u00e3o de forma pr\u00e1tica.","jnews-multi-image_gallery":[],"jnews_single_post":{"format":"standard"},"jnews_primary_category":[],"jnews_social_meta":[],"jnews_override_counter":[],"footnotes":""},"categories":[119,4404],"tags":[8066,194,3730,565],"class_list":["post-177995","post","type-post","status-publish","format-standard","has-post-thumbnail","hentry","category-bem-estar","category-saude","tag-aveia","tag-beneficios","tag-colesterol","tag-saude"],"yoast_head":"<!-- This site is optimized with the Yoast SEO plugin v24.6 - https:\/\/yoast.com\/wordpress\/plugins\/seo\/ -->\n<title>O cereal que virou aliado di\u00e1rio para reduzir o colesterol e proteger o cora\u00e7\u00e3o sem esfor\u00e7o - Correio Braziliense - Radar<\/title>\n<meta name=\"description\" content=\"Cereal rico em fibras que ajuda a reduzir o LDL, manter o HDL e apoiar o cuidado di\u00e1rio com o cora\u00e7\u00e3o de forma pr\u00e1tica.\" \/>\n<meta name=\"robots\" content=\"index, follow, max-snippet:-1, max-image-preview:large, max-video-preview:-1\" \/>\n<link rel=\"canonical\" href=\"https:\/\/www.correiobraziliense.com.br\/cbradar\/o-cereal-que-virou-aliado-diario-para-reduzir-o-colesterol-e-proteger-o-coracao-sem-esforco\/\" \/>\n<meta property=\"og:locale\" content=\"pt_BR\" \/>\n<meta property=\"og:type\" content=\"article\" \/>\n<meta property=\"og:title\" content=\"O cereal que virou aliado di\u00e1rio para reduzir o colesterol e proteger o cora\u00e7\u00e3o sem esfor\u00e7o - Correio Braziliense - Radar\" \/>\n<meta property=\"og:description\" content=\"Cereal rico em fibras que ajuda a reduzir o LDL, manter o HDL e apoiar o cuidado di\u00e1rio com o cora\u00e7\u00e3o de forma pr\u00e1tica.\" \/>\n<meta property=\"og:url\" content=\"https:\/\/www.correiobraziliense.com.br\/cbradar\/o-cereal-que-virou-aliado-diario-para-reduzir-o-colesterol-e-proteger-o-coracao-sem-esforco\/\" \/>\n<meta property=\"og:site_name\" content=\"Correio Braziliense - Radar\" \/>\n<meta property=\"article:published_time\" content=\"2026-01-20T20:45:28+00:00\" \/>\n<meta property=\"og:image\" content=\"https:\/\/www.correiobraziliense.com.br\/cbradar\/wp-content\/uploads\/2026\/01\/freepik__imagem-realista-de-um-pote-de-aveia__41037.jpeg\" \/>\n\t<meta property=\"og:image:width\" content=\"1280\" \/>\n\t<meta property=\"og:image:height\" content=\"720\" \/>\n\t<meta property=\"og:image:type\" content=\"image\/jpeg\" \/>\n<meta name=\"author\" content=\"Daniely Cardoso\" \/>\n<meta name=\"twitter:card\" content=\"summary_large_image\" \/>\n<meta name=\"twitter:label1\" content=\"Escrito por\" \/>\n\t<meta name=\"twitter:data1\" content=\"Daniely Cardoso\" \/>\n\t<meta name=\"twitter:label2\" content=\"Est. tempo de leitura\" \/>\n\t<meta name=\"twitter:data2\" content=\"5 minutos\" \/>\n<!-- \/ Yoast SEO plugin. -->","yoast_head_json":{"title":"O cereal que virou aliado di\u00e1rio para reduzir o colesterol e proteger o cora\u00e7\u00e3o sem esfor\u00e7o - Correio Braziliense - Radar","description":"Cereal rico em fibras que ajuda a reduzir o LDL, manter o HDL e apoiar o cuidado di\u00e1rio com o cora\u00e7\u00e3o de forma pr\u00e1tica.","robots":{"index":"index","follow":"follow","max-snippet":"max-snippet:-1","max-image-preview":"max-image-preview:large","max-video-preview":"max-video-preview:-1"},"canonical":"https:\/\/www.correiobraziliense.com.br\/cbradar\/o-cereal-que-virou-aliado-diario-para-reduzir-o-colesterol-e-proteger-o-coracao-sem-esforco\/","og_locale":"pt_BR","og_type":"article","og_title":"O cereal que virou aliado di\u00e1rio para reduzir o colesterol e proteger o cora\u00e7\u00e3o sem esfor\u00e7o - Correio Braziliense - Radar","og_description":"Cereal rico em fibras que ajuda a reduzir o LDL, manter o HDL e apoiar o cuidado di\u00e1rio com o cora\u00e7\u00e3o de forma pr\u00e1tica.","og_url":"https:\/\/www.correiobraziliense.com.br\/cbradar\/o-cereal-que-virou-aliado-diario-para-reduzir-o-colesterol-e-proteger-o-coracao-sem-esforco\/","og_site_name":"Correio Braziliense - Radar","article_published_time":"2026-01-20T20:45:28+00:00","og_image":[{"width":1280,"height":720,"url":"https:\/\/www.correiobraziliense.com.br\/cbradar\/wp-content\/uploads\/2026\/01\/freepik__imagem-realista-de-um-pote-de-aveia__41037.jpeg","type":"image\/jpeg"}],"author":"Daniely Cardoso","twitter_card":"summary_large_image","twitter_misc":{"Escrito por":"Daniely Cardoso","Est. tempo de leitura":"5 minutos"},"schema":{"@context":"https:\/\/schema.org","@graph":[{"@type":"WebPage","@id":"https:\/\/www.correiobraziliense.com.br\/cbradar\/o-cereal-que-virou-aliado-diario-para-reduzir-o-colesterol-e-proteger-o-coracao-sem-esforco\/","url":"https:\/\/www.correiobraziliense.com.br\/cbradar\/o-cereal-que-virou-aliado-diario-para-reduzir-o-colesterol-e-proteger-o-coracao-sem-esforco\/","name":"O cereal que virou aliado di\u00e1rio para reduzir o colesterol e proteger o cora\u00e7\u00e3o sem esfor\u00e7o - Correio Braziliense - Radar","isPartOf":{"@id":"https:\/\/www.correiobraziliense.com.br\/cbradar\/#website"},"primaryImageOfPage":{"@id":"https:\/\/www.correiobraziliense.com.br\/cbradar\/o-cereal-que-virou-aliado-diario-para-reduzir-o-colesterol-e-proteger-o-coracao-sem-esforco\/#primaryimage"},"image":{"@id":"https:\/\/www.correiobraziliense.com.br\/cbradar\/o-cereal-que-virou-aliado-diario-para-reduzir-o-colesterol-e-proteger-o-coracao-sem-esforco\/#primaryimage"},"thumbnailUrl":"https:\/\/www.correiobraziliense.com.br\/cbradar\/wp-content\/uploads\/2026\/01\/freepik__imagem-realista-de-um-pote-de-aveia__41037.jpeg","datePublished":"2026-01-20T20:45:28+00:00","author":{"@id":"https:\/\/www.correiobraziliense.com.br\/cbradar\/#\/schema\/person\/7356666e12ec0ee53f348ee5db227032"},"description":"Cereal rico em fibras que ajuda a reduzir o LDL, manter o HDL e apoiar o cuidado di\u00e1rio com o cora\u00e7\u00e3o de forma pr\u00e1tica.","breadcrumb":{"@id":"https:\/\/www.correiobraziliense.com.br\/cbradar\/o-cereal-que-virou-aliado-diario-para-reduzir-o-colesterol-e-proteger-o-coracao-sem-esforco\/#breadcrumb"},"inLanguage":"pt-BR","potentialAction":[{"@type":"ReadAction","target":["https:\/\/www.correiobraziliense.com.br\/cbradar\/o-cereal-que-virou-aliado-diario-para-reduzir-o-colesterol-e-proteger-o-coracao-sem-esforco\/"]}]},{"@type":"ImageObject","inLanguage":"pt-BR","@id":"https:\/\/www.correiobraziliense.com.br\/cbradar\/o-cereal-que-virou-aliado-diario-para-reduzir-o-colesterol-e-proteger-o-coracao-sem-esforco\/#primaryimage","url":"https:\/\/www.correiobraziliense.com.br\/cbradar\/wp-content\/uploads\/2026\/01\/freepik__imagem-realista-de-um-pote-de-aveia__41037.jpeg","contentUrl":"https:\/\/www.correiobraziliense.com.br\/cbradar\/wp-content\/uploads\/2026\/01\/freepik__imagem-realista-de-um-pote-de-aveia__41037.jpeg","width":1280,"height":720,"caption":"O consumo regular contribui para a sa\u00fade cardiovascular"},{"@type":"BreadcrumbList","@id":"https:\/\/www.correiobraziliense.com.br\/cbradar\/o-cereal-que-virou-aliado-diario-para-reduzir-o-colesterol-e-proteger-o-coracao-sem-esforco\/#breadcrumb","itemListElement":[{"@type":"ListItem","position":1,"name":"In\u00edcio","item":"https:\/\/www.correiobraziliense.com.br\/cbradar\/"},{"@type":"ListItem","position":2,"name":"O cereal que virou aliado di\u00e1rio para reduzir o colesterol e proteger o cora\u00e7\u00e3o sem esfor\u00e7o"}]},{"@type":"WebSite","@id":"https:\/\/www.correiobraziliense.com.br\/cbradar\/#website","url":"https:\/\/www.correiobraziliense.com.br\/cbradar\/","name":"Correio Braziliense - Radar","description":"Acompanhe as \u00faltimas not\u00edcias e fique bem informado sobre tudo o que acontece no Brasil e no mundo.","potentialAction":[{"@type":"SearchAction","target":{"@type":"EntryPoint","urlTemplate":"https:\/\/www.correiobraziliense.com.br\/cbradar\/?s={search_term_string}"},"query-input":{"@type":"PropertyValueSpecification","valueRequired":true,"valueName":"search_term_string"}}],"inLanguage":"pt-BR"},{"@type":"Person","@id":"https:\/\/www.correiobraziliense.com.br\/cbradar\/#\/schema\/person\/7356666e12ec0ee53f348ee5db227032","name":"Daniely Cardoso","image":{"@type":"ImageObject","inLanguage":"pt-BR","@id":"https:\/\/www.correiobraziliense.com.br\/cbradar\/#\/schema\/person\/image\/","url":"https:\/\/secure.gravatar.com\/avatar\/4b80ddbd124d1f071b626d52d62e5dff?s=96&d=mm&r=g","contentUrl":"https:\/\/secure.gravatar.com\/avatar\/4b80ddbd124d1f071b626d52d62e5dff?s=96&d=mm&r=g","caption":"Daniely Cardoso"},"description":"Redatora nos portais CB Radar e EM Foco, formada pela Universidade Federal de Goi\u00e1s, em Goi\u00e2nia. Apaixonada por comunica\u00e7\u00e3o, arte, decora\u00e7\u00e3o e tend\u00eancias, atuo na produ\u00e7\u00e3o de conte\u00fados envolventes sobre curiosidades, moda, beleza e paisagismo, sempre com um olhar atento \u00e0s novidades do momento.","sameAs":["https:\/\/www.correiobraziliense.com.br\/cbradar"],"url":"https:\/\/www.correiobraziliense.com.br\/cbradar\/author\/danielymyth\/"}]}},"_links":{"self":[{"href":"https:\/\/www.correiobraziliense.com.br\/cbradar\/wp-json\/wp\/v2\/posts\/177995","targetHints":{"allow":["GET"]}}],"collection":[{"href":"https:\/\/www.correiobraziliense.com.br\/cbradar\/wp-json\/wp\/v2\/posts"}],"about":[{"href":"https:\/\/www.correiobraziliense.com.br\/cbradar\/wp-json\/wp\/v2\/types\/post"}],"author":[{"embeddable":true,"href":"https:\/\/www.correiobraziliense.com.br\/cbradar\/wp-json\/wp\/v2\/users\/9"}],"replies":[{"embeddable":true,"href":"https:\/\/www.correiobraziliense.com.br\/cbradar\/wp-json\/wp\/v2\/comments?post=177995"}],"version-history":[{"count":2,"href":"https:\/\/www.correiobraziliense.com.br\/cbradar\/wp-json\/wp\/v2\/posts\/177995\/revisions"}],"predecessor-version":[{"id":178005,"href":"https:\/\/www.correiobraziliense.com.br\/cbradar\/wp-json\/wp\/v2\/posts\/177995\/revisions\/178005"}],"wp:featuredmedia":[{"embeddable":true,"href":"https:\/\/www.correiobraziliense.com.br\/cbradar\/wp-json\/wp\/v2\/media\/178126"}],"wp:attachment":[{"href":"https:\/\/www.correiobraziliense.com.br\/cbradar\/wp-json\/wp\/v2\/media?parent=177995"}],"wp:term":[{"taxonomy":"category","embeddable":true,"href":"https:\/\/www.correiobraziliense.com.br\/cbradar\/wp-json\/wp\/v2\/categories?post=177995"},{"taxonomy":"post_tag","embeddable":true,"href":"https:\/\/www.correiobraziliense.com.br\/cbradar\/wp-json\/wp\/v2\/tags?post=177995"}],"curies":[{"name":"wp","href":"https:\/\/api.w.org\/{rel}","templated":true}]}}