{"id":178066,"date":"2026-01-21T06:15:52","date_gmt":"2026-01-21T09:15:52","guid":{"rendered":"https:\/\/www.correiobraziliense.com.br\/cbradar\/?p=178066"},"modified":"2026-01-20T10:42:33","modified_gmt":"2026-01-20T13:42:33","slug":"a-especiaria-aromatica-que-melhora-a-digestao-e-traz-conforto-apos-as-refeicoes","status":"publish","type":"post","link":"https:\/\/www.correiobraziliense.com.br\/cbradar\/a-especiaria-aromatica-que-melhora-a-digestao-e-traz-conforto-apos-as-refeicoes\/","title":{"rendered":"A especiaria arom\u00e1tica que melhora a digest\u00e3o e traz conforto ap\u00f3s as refei\u00e7\u00f5es"},"content":{"rendered":"\n<p>Imagine chegar em casa depois de um dia cheio, preparar uma comida bem caseira e finalizar com uma pitada de <strong>noz-moscada<\/strong>, sentindo o aroma se espalhar pela cozinha. Essa especiaria, extra\u00edda da semente do fruto da \u00e1rvore <strong>Myristica fragrans<\/strong>, origin\u00e1ria principalmente da Indon\u00e9sia, segue em 2026 fazendo parte do dia a dia em preparos culin\u00e1rios e em usos populares ligados ao bem-estar, tanto em receitas quanto em ch\u00e1s e infus\u00f5es, sempre com aten\u00e7\u00e3o \u00e0s quantidades recomendadas.<\/p>\n\n\n\n<h2 class=\"wp-block-heading\">Noz-moscada tem mesmo propriedades digestivas e relaxantes<\/h2>\n\n\n\n<p>Associada principalmente a poss\u00edveis <strong>propriedades digestivas<\/strong> e relaxantes. Em preparos caseiros, ela costuma ser inclu\u00edda em pratos mais pesados, como molhos cremosos, pur\u00eas e carnes, com a ideia de facilitar a digest\u00e3o ap\u00f3s as refei\u00e7\u00f5es e deixar a sensa\u00e7\u00e3o de conforto no est\u00f4mago.<\/p>\n\n\n\n<p>Compostos como \u00f3leos essenciais, fibras e subst\u00e2ncias arom\u00e1ticas podem atuar em conjunto no trato gastrointestinal, ajudando na sensa\u00e7\u00e3o de bem-estar digestivo. Pesquisas recentes tamb\u00e9m investigam poss\u00edveis efeitos antioxidantes, embora o uso continue sendo recomendado em doses bem pequenas no contexto alimentar.<\/p>\n\n\n<div class=\"wp-block-image\">\n<figure class=\"aligncenter size-large\"><img decoding=\"async\" width=\"1024\" height=\"576\" src=\"https:\/\/www.correiobraziliense.com.br\/cbradar\/wp-content\/uploads\/2025\/05\/noz-moscada-_1747322652048-1024x576.jpg\" alt=\"\" class=\"wp-image-37401\" srcset=\"https:\/\/www.correiobraziliense.com.br\/cbradar\/wp-content\/uploads\/2025\/05\/noz-moscada-_1747322652048-1024x576.jpg 1024w, https:\/\/www.correiobraziliense.com.br\/cbradar\/wp-content\/uploads\/2025\/05\/noz-moscada-_1747322652048-300x169.jpg 300w, https:\/\/www.correiobraziliense.com.br\/cbradar\/wp-content\/uploads\/2025\/05\/noz-moscada-_1747322652048-768x432.jpg 768w, https:\/\/www.correiobraziliense.com.br\/cbradar\/wp-content\/uploads\/2025\/05\/noz-moscada-_1747322652048-750x422.jpg 750w, https:\/\/www.correiobraziliense.com.br\/cbradar\/wp-content\/uploads\/2025\/05\/noz-moscada-_1747322652048-1140x641.jpg 1140w, https:\/\/www.correiobraziliense.com.br\/cbradar\/wp-content\/uploads\/2025\/05\/noz-moscada-_1747322652048.jpg 1280w\" sizes=\"(max-width: 1024px) 100vw, 1024px\" \/><figcaption class=\"wp-element-caption\">Efeito digestivo por estimular a produ\u00e7\u00e3o de enzimas g\u00e1stricas &#8211; Cr\u00e9ditos: depositphotos.com \/ Euripides<\/figcaption><\/figure><\/div>\n\n\n<p>Leia tamb\u00e9m:&nbsp;<a href=\"https:\/\/www.correiobraziliense.com.br\/cbradar\/o-cha-natural-que-aliviou-minha-ansiedade-e-ajudou-a-regular-o-estresse-pode-ser-plantado-no-quintal\/\" target=\"_blank\" rel=\"noopener\">O ch\u00e1 natural que aliviou minha ansiedade e ajudou a regular o estresse pode ser plantado no quintal<\/a><\/p>\n\n\n\n<h2 class=\"wp-block-heading\">Como a noz-moscada atua na digest\u00e3o do dia a dia<\/h2>\n\n\n\n<p>Quando se fala em <strong>propriedades digestivas<\/strong> da noz-moscada, o foco costuma recair sobre sua poss\u00edvel capacidade de estimular a produ\u00e7\u00e3o de saliva e sucos g\u00e1stricos, o que favorece a quebra dos alimentos. O aroma intenso tamb\u00e9m pode despertar o apetite, auxiliando pessoas com alimenta\u00e7\u00e3o reduzida ou com dificuldade para iniciar as refei\u00e7\u00f5es.<\/p>\n\n\n\n<p>Al\u00e9m disso, a presen\u00e7a de pequenas quantidades de fibra contribui para o funcionamento intestinal. No uso pr\u00e1tico, a noz-moscada costuma ser adicionada em quantidades m\u00ednimas, geralmente uma pitada ou uma pequena por\u00e7\u00e3o ralada, suficiente para marcar o sabor sem exageros, especialmente em refei\u00e7\u00f5es mais gordurosas.<\/p>\n\n\n\n<h2 class=\"wp-block-heading\">Quais compostos da noz-moscada se destacam no bem-estar<\/h2>\n\n\n\n<p>Alguns compostos presentes na <strong>noz-moscada<\/strong>, como a miristicina e outros \u00f3leos essenciais, s\u00e3o apontados em estudos como poss\u00edveis moduladores do sistema nervoso. Isso ajuda a explicar por que tantas pessoas relatam uma sensa\u00e7\u00e3o de calma quando consomem bebidas quentes aromatizadas com a especiaria, principalmente \u00e0 noite.<\/p>\n\n\n\n<p>Por outro lado, a mesma literatura cient\u00edfica destaca a import\u00e2ncia de controlar rigorosamente a quantidade utilizada. Doses altas podem provocar sintomas desagrad\u00e1veis, como tontura, taquicardia, boca seca e sensa\u00e7\u00e3o de confus\u00e3o mental, refor\u00e7ando que o uso deve ser respons\u00e1vel e sempre em contexto alimentar. Se voc\u00ea gosta de ouvir opini\u00e3o de especialistas, separamos esse v\u00eddeo do canal <a href=\"https:\/\/www.youtube.com\/@DrJulianoTeles\" target=\"_blank\" rel=\"noreferrer noopener\">Dr Juliano Teles<\/a> mostrando os benef\u00edcios da noz moscada:<\/p>\n\n\n\n<figure class=\"wp-block-embed is-type-video is-provider-youtube wp-block-embed-youtube wp-embed-aspect-16-9 wp-has-aspect-ratio\"><div class=\"wp-block-embed__wrapper\">\n<div class=\"jeg_video_container jeg_video_content\"><iframe loading=\"lazy\" title=\"Os benef\u00edcios da NOZ-MOSCADA | Dr Juliano Teles\" width=\"500\" height=\"281\" src=\"https:\/\/www.youtube.com\/embed\/W2UPA9URHbY?start=1&#038;feature=oembed\" frameborder=\"0\" allow=\"accelerometer; autoplay; clipboard-write; encrypted-media; gyroscope; picture-in-picture; web-share\" referrerpolicy=\"strict-origin-when-cross-origin\" allowfullscreen><\/iframe><\/div>\n<\/div><\/figure>\n\n\n\n<h2 class=\"wp-block-heading\">Quais cuidados garantem o uso seguro da noz-moscada<\/h2>\n\n\n\n<p>Para aproveitar as <strong>propriedades digestivas<\/strong> e relaxantes da noz-moscada com seguran\u00e7a, alguns cuidados s\u00e3o fundamentais. De modo geral, a orienta\u00e7\u00e3o \u00e9 utilizar somente pequenas quantidades ao longo do dia e evitar o consumo concentrado, principalmente em forma de \u201cdoses\u201d isoladas da especiaria, algo que pode sobrecarregar o organismo.<\/p>\n\n\n\n<p>Crian\u00e7as, gestantes, pessoas com doen\u00e7as hep\u00e1ticas e indiv\u00edduos em uso de determinados medicamentos devem conversar com um profissional de sa\u00fade antes de aumentar o consumo. Assim, a noz-moscada segue sendo vista como condimento e complemento, e n\u00e3o como rem\u00e9dio principal para problemas digestivos ou dist\u00farbios do sono.<\/p>\n\n\n\n<h2 class=\"wp-block-heading\">Quais s\u00e3o as recomenda\u00e7\u00f5es pr\u00e1ticas de uso da noz-moscada<\/h2>\n\n\n\n<p>Alguns cuidados pr\u00e1ticos ajudam a manter a <strong>noz-moscada<\/strong> como aliada do sabor e do bem-estar, sem exageros. Preferir a vers\u00e3o inteira e ralar na hora costuma preservar melhor o aroma e as caracter\u00edsticas naturais, tornando cada pitada mais intensa e evitando a necessidade de grandes quantidades.<\/p>\n\n\n\n<p>Tamb\u00e9m \u00e9 importante observar como o corpo reage ao consumo e, em caso de qualquer mal-estar, suspender o uso e buscar orienta\u00e7\u00e3o profissional. Manter a especiaria em local seco, ao abrigo de luz e calor excessivo, ajuda a conservar seu potencial arom\u00e1tico e a qualidade ao longo do tempo.<\/p>\n\n\n\n<h2 class=\"wp-block-heading\">Tabela resumo das principais caracter\u00edsticas da noz-moscada<\/h2>\n\n\n\n<p>A seguir, um resumo em formato de tabela com aspectos gerais ligados \u00e0 <strong>noz-moscada<\/strong>, destacando usos mais comuns, poss\u00edveis benef\u00edcios e cuidados essenciais. Esse panorama ajuda a entender melhor onde essa especiaria se encaixa na rotina, tanto na cozinha quanto em momentos de relaxamento leve.<\/p>\n\n\n\n<div style=\"font-family: 'Segoe UI', Tahoma, Geneva, Verdana, sans-serif; max-width: 1000px; margin: 20px auto; border: 2px solid #722f37; border-radius: 30px; overflow: hidden; background-color: #ffffff; box-shadow: 0 4px 15px rgba(114, 47, 55, 0.1);\">\n    <table style=\"width: 100%; border-collapse: collapse; text-align: left; font-size: 14px;\">\n        <thead>\n            <tr style=\"background-color: #722f37;\">\n                <th style=\"padding: 15px; color: #ffffff; border-bottom: 2px solid #f9d8e6; width: 30%;\">Aspecto<\/th>\n                <th style=\"padding: 15px; color: #ffffff; border-bottom: 2px solid #f9d8e6; width: 70%;\">Descri\u00e7\u00e3o<\/th>\n            <\/tr>\n        <\/thead>\n        <tbody>\n            <tr>\n                <td style=\"padding: 12px 15px; border-bottom: 1px solid #ffe3ee; color: #4a4a4a; font-weight: bold;\">Origem<\/td>\n                <td style=\"padding: 12px 15px; border-bottom: 1px solid #ffe3ee; color: #4a4a4a;\">Semente da \u00e1rvore <b>Myristica fragrans<\/b>, t\u00edpica de regi\u00f5es tropicais como Indon\u00e9sia e Caribe.<\/td>\n            <\/tr>\n            <tr style=\"background-color: #fffafa;\">\n                <td style=\"padding: 12px 15px; border-bottom: 1px solid #ffe3ee; color: #4a4a4a; font-weight: bold;\">Uso principal<\/td>\n                <td style=\"padding: 12px 15px; border-bottom: 1px solid #ffe3ee; color: #4a4a4a;\">Especiaria arom\u00e1tica em pratos salgados e doces; uso tradicional em infus\u00f5es e bebidas quentes.<\/td>\n            <\/tr>\n            <tr>\n                <td style=\"padding: 12px 15px; border-bottom: 1px solid #ffe3ee; color: #4a4a4a; font-weight: bold;\">Propriedades digestivas<\/td>\n                <td style=\"padding: 12px 15px; border-bottom: 1px solid #ffe3ee; color: #4a4a4a;\">Associa-se ao est\u00edmulo de saliva e sucos g\u00e1stricos, auxiliando na digest\u00e3o de refei\u00e7\u00f5es mais pesadas.<\/td>\n            <\/tr>\n            <tr style=\"background-color: #fffafa;\">\n                <td style=\"padding: 12px 15px; border-bottom: 1px solid #ffe3ee; color: #4a4a4a; font-weight: bold;\">Efeito relaxante<\/td>\n                <td style=\"padding: 12px 15px; border-bottom: 1px solid #ffe3ee; color: #4a4a4a;\">Uso popular em bebidas noturnas, ligado \u00e0 sensa\u00e7\u00e3o de relaxamento leve e clima de tranquilidade.<\/td>\n            <\/tr>\n            <tr>\n                <td style=\"padding: 12px 15px; border-bottom: 1px solid #ffe3ee; color: #4a4a4a; font-weight: bold;\">Compostos relevantes<\/td>\n                <td style=\"padding: 12px 15px; border-bottom: 1px solid #ffe3ee; color: #4a4a4a;\">\u00d3leos essenciais (como miristicina), pequenas quantidades de fibras e subst\u00e2ncias arom\u00e1ticas.<\/td>\n            <\/tr>\n            <tr style=\"background-color: #fffafa;\">\n                <td style=\"padding: 12px 15px; border-bottom: 1px solid #ffe3ee; color: #4a4a4a; font-weight: bold;\">Forma de consumo<\/td>\n                <td style=\"padding: 12px 15px; border-bottom: 1px solid #ffe3ee; color: #4a4a4a;\">Ralada em pequenas quantidades em alimentos e bebidas; n\u00e3o se recomenda uso em grandes doses.<\/td>\n            <\/tr>\n            <tr>\n                <td style=\"padding: 12px 15px; border-bottom: 1px solid #ffe3ee; color: #4a4a4a; font-weight: bold;\">Risco em excesso<\/td>\n                <td style=\"padding: 12px 15px; border-bottom: 1px solid #ffe3ee; color: #4a4a4a;\">Doses elevadas podem causar n\u00e1useas, tontura, taquicardia e altera\u00e7\u00f5es de percep\u00e7\u00e3o.<\/td>\n            <\/tr>\n            <tr style=\"background-color: #fffafa;\">\n                <td style=\"padding: 12px 15px; color: #4a4a4a; font-weight: bold;\">Recomenda\u00e7\u00e3o geral<\/td>\n                <td style=\"padding: 12px 15px; color: #4a4a4a;\">Uso moderado como tempero, dentro de uma alimenta\u00e7\u00e3o equilibrada e com acompanhamento profissional quando necess\u00e1rio.<\/td>\n            <\/tr>\n        <\/tbody>\n    <\/table>\n<\/div>\n\n\n\n<p>Dessa forma, a <strong>noz-moscada<\/strong> segue ocupando um espa\u00e7o relevante na culin\u00e1ria e nas pr\u00e1ticas tradicionais relacionadas ao conforto digestivo e a estados de relaxamento leve. O uso consciente, aliado a informa\u00e7\u00e3o atualizada e orienta\u00e7\u00e3o profissional quando preciso, permite que essa especiaria continue presente na rotina sem exceder limites considerados seguros.<\/p>\n\n\n\n<h2 class=\"wp-block-heading\">Pr\u00f3ximos passos para usar a noz-moscada com consci\u00eancia<\/h2>\n\n\n\n<p>Em resumo, a <strong>noz-moscada<\/strong> pode ser uma grande aliada para deixar refei\u00e7\u00f5es mais saborosas e, de quebra, contribuir para uma digest\u00e3o mais confort\u00e1vel e momentos de relaxamento leve. O ponto-chave \u00e9 sempre o mesmo: usar pequenas quantidades, como verdadeiro condimento, respeitando o limite do corpo e evitando qualquer tipo de exagero.<\/p>\n\n\n\n<p>Se voc\u00ea se interessou em incluir a <strong>noz-moscada<\/strong> na sua rotina, comece testando em receitas simples e observando como se sente ap\u00f3s o consumo. Em caso de d\u00favidas espec\u00edficas de sa\u00fade, fale com um nutricionista ou m\u00e9dico de confian\u00e7a e, a partir da\u00ed, ajuste seu uso com seguran\u00e7a \u2014 dando o pr\u00f3ximo passo rumo a uma cozinha mais arom\u00e1tica e consciente.<\/p>\n","protected":false},"excerpt":{"rendered":"<p>Imagine chegar em casa depois de um dia cheio, preparar uma comida bem caseira e finalizar com uma pitada de noz-moscada, sentindo o aroma se espalhar pela cozinha. Essa especiaria, extra\u00edda da semente do fruto da \u00e1rvore Myristica fragrans, origin\u00e1ria principalmente da Indon\u00e9sia, segue em 2026 fazendo parte do dia a dia em preparos culin\u00e1rios [&hellip;]<\/p>\n","protected":false},"author":9,"featured_media":178534,"comment_status":"open","ping_status":"open","sticky":false,"template":"","format":"standard","meta":{"_yoast_wpseo_focuskw":"noz-moscada atua na digest\u00e3o","_yoast_wpseo_title":"","_yoast_wpseo_metadesc":"Temperos arom\u00e1ticos podem favorecer digest\u00e3o e relaxamento leve quando usados em pequenas quantidades e com seguran\u00e7a.","jnews-multi-image_gallery":[],"jnews_single_post":{"format":"standard"},"jnews_primary_category":[],"jnews_social_meta":[],"jnews_override_counter":[],"footnotes":""},"categories":[119,4404],"tags":[6180,8561,14216],"class_list":["post-178066","post","type-post","status-publish","format-standard","has-post-thumbnail","hentry","category-bem-estar","category-saude","tag-castanha","tag-noz-moscada","tag-propriedades-digestivas-saude"],"yoast_head":"<!-- This site is optimized with the Yoast SEO plugin v24.6 - https:\/\/yoast.com\/wordpress\/plugins\/seo\/ -->\n<title>A especiaria arom\u00e1tica que melhora a digest\u00e3o e traz conforto ap\u00f3s as refei\u00e7\u00f5es - Correio Braziliense - Radar<\/title>\n<meta name=\"description\" content=\"Temperos arom\u00e1ticos podem favorecer digest\u00e3o e relaxamento leve quando usados em pequenas quantidades e com seguran\u00e7a.\" \/>\n<meta name=\"robots\" content=\"index, follow, max-snippet:-1, max-image-preview:large, max-video-preview:-1\" \/>\n<link rel=\"canonical\" href=\"https:\/\/www.correiobraziliense.com.br\/cbradar\/a-especiaria-aromatica-que-melhora-a-digestao-e-traz-conforto-apos-as-refeicoes\/\" \/>\n<meta property=\"og:locale\" content=\"pt_BR\" \/>\n<meta property=\"og:type\" content=\"article\" \/>\n<meta property=\"og:title\" content=\"A especiaria arom\u00e1tica que melhora a digest\u00e3o e traz conforto ap\u00f3s as refei\u00e7\u00f5es - Correio Braziliense - Radar\" \/>\n<meta property=\"og:description\" content=\"Temperos arom\u00e1ticos podem favorecer digest\u00e3o e relaxamento leve quando usados em pequenas quantidades e com seguran\u00e7a.\" \/>\n<meta property=\"og:url\" content=\"https:\/\/www.correiobraziliense.com.br\/cbradar\/a-especiaria-aromatica-que-melhora-a-digestao-e-traz-conforto-apos-as-refeicoes\/\" \/>\n<meta property=\"og:site_name\" content=\"Correio Braziliense - Radar\" \/>\n<meta property=\"article:published_time\" content=\"2026-01-21T09:15:52+00:00\" \/>\n<meta property=\"og:image\" content=\"https:\/\/www.correiobraziliense.com.br\/cbradar\/wp-content\/uploads\/2026\/01\/freepik__imagem-realista-da-especiaria-aromtica-noz-moscada__91756.jpeg\" \/>\n\t<meta property=\"og:image:width\" content=\"1280\" \/>\n\t<meta property=\"og:image:height\" content=\"720\" \/>\n\t<meta property=\"og:image:type\" content=\"image\/jpeg\" \/>\n<meta name=\"author\" content=\"Daniely Cardoso\" \/>\n<meta name=\"twitter:card\" content=\"summary_large_image\" \/>\n<meta name=\"twitter:label1\" content=\"Escrito por\" \/>\n\t<meta name=\"twitter:data1\" content=\"Daniely Cardoso\" \/>\n\t<meta name=\"twitter:label2\" content=\"Est. tempo de leitura\" \/>\n\t<meta name=\"twitter:data2\" content=\"6 minutos\" \/>\n<!-- \/ Yoast SEO plugin. -->","yoast_head_json":{"title":"A especiaria arom\u00e1tica que melhora a digest\u00e3o e traz conforto ap\u00f3s as refei\u00e7\u00f5es - Correio Braziliense - Radar","description":"Temperos arom\u00e1ticos podem favorecer digest\u00e3o e relaxamento leve quando usados em pequenas quantidades e com seguran\u00e7a.","robots":{"index":"index","follow":"follow","max-snippet":"max-snippet:-1","max-image-preview":"max-image-preview:large","max-video-preview":"max-video-preview:-1"},"canonical":"https:\/\/www.correiobraziliense.com.br\/cbradar\/a-especiaria-aromatica-que-melhora-a-digestao-e-traz-conforto-apos-as-refeicoes\/","og_locale":"pt_BR","og_type":"article","og_title":"A especiaria arom\u00e1tica que melhora a digest\u00e3o e traz conforto ap\u00f3s as refei\u00e7\u00f5es - Correio Braziliense - Radar","og_description":"Temperos arom\u00e1ticos podem favorecer digest\u00e3o e relaxamento leve quando usados em pequenas quantidades e com seguran\u00e7a.","og_url":"https:\/\/www.correiobraziliense.com.br\/cbradar\/a-especiaria-aromatica-que-melhora-a-digestao-e-traz-conforto-apos-as-refeicoes\/","og_site_name":"Correio Braziliense - Radar","article_published_time":"2026-01-21T09:15:52+00:00","og_image":[{"width":1280,"height":720,"url":"https:\/\/www.correiobraziliense.com.br\/cbradar\/wp-content\/uploads\/2026\/01\/freepik__imagem-realista-da-especiaria-aromtica-noz-moscada__91756.jpeg","type":"image\/jpeg"}],"author":"Daniely Cardoso","twitter_card":"summary_large_image","twitter_misc":{"Escrito por":"Daniely Cardoso","Est. tempo de leitura":"6 minutos"},"schema":{"@context":"https:\/\/schema.org","@graph":[{"@type":"WebPage","@id":"https:\/\/www.correiobraziliense.com.br\/cbradar\/a-especiaria-aromatica-que-melhora-a-digestao-e-traz-conforto-apos-as-refeicoes\/","url":"https:\/\/www.correiobraziliense.com.br\/cbradar\/a-especiaria-aromatica-que-melhora-a-digestao-e-traz-conforto-apos-as-refeicoes\/","name":"A especiaria arom\u00e1tica que melhora a digest\u00e3o e traz conforto ap\u00f3s as refei\u00e7\u00f5es - Correio Braziliense - Radar","isPartOf":{"@id":"https:\/\/www.correiobraziliense.com.br\/cbradar\/#website"},"primaryImageOfPage":{"@id":"https:\/\/www.correiobraziliense.com.br\/cbradar\/a-especiaria-aromatica-que-melhora-a-digestao-e-traz-conforto-apos-as-refeicoes\/#primaryimage"},"image":{"@id":"https:\/\/www.correiobraziliense.com.br\/cbradar\/a-especiaria-aromatica-que-melhora-a-digestao-e-traz-conforto-apos-as-refeicoes\/#primaryimage"},"thumbnailUrl":"https:\/\/www.correiobraziliense.com.br\/cbradar\/wp-content\/uploads\/2026\/01\/freepik__imagem-realista-da-especiaria-aromtica-noz-moscada__91756.jpeg","datePublished":"2026-01-21T09:15:52+00:00","author":{"@id":"https:\/\/www.correiobraziliense.com.br\/cbradar\/#\/schema\/person\/7356666e12ec0ee53f348ee5db227032"},"description":"Temperos arom\u00e1ticos podem favorecer digest\u00e3o e relaxamento leve quando usados em pequenas quantidades e com seguran\u00e7a.","breadcrumb":{"@id":"https:\/\/www.correiobraziliense.com.br\/cbradar\/a-especiaria-aromatica-que-melhora-a-digestao-e-traz-conforto-apos-as-refeicoes\/#breadcrumb"},"inLanguage":"pt-BR","potentialAction":[{"@type":"ReadAction","target":["https:\/\/www.correiobraziliense.com.br\/cbradar\/a-especiaria-aromatica-que-melhora-a-digestao-e-traz-conforto-apos-as-refeicoes\/"]}]},{"@type":"ImageObject","inLanguage":"pt-BR","@id":"https:\/\/www.correiobraziliense.com.br\/cbradar\/a-especiaria-aromatica-que-melhora-a-digestao-e-traz-conforto-apos-as-refeicoes\/#primaryimage","url":"https:\/\/www.correiobraziliense.com.br\/cbradar\/wp-content\/uploads\/2026\/01\/freepik__imagem-realista-da-especiaria-aromtica-noz-moscada__91756.jpeg","contentUrl":"https:\/\/www.correiobraziliense.com.br\/cbradar\/wp-content\/uploads\/2026\/01\/freepik__imagem-realista-da-especiaria-aromtica-noz-moscada__91756.jpeg","width":1280,"height":720,"caption":"Especiaria arom\u00e1tica extra\u00edda da semente da \u00e1rvore Myristica fragrans"},{"@type":"BreadcrumbList","@id":"https:\/\/www.correiobraziliense.com.br\/cbradar\/a-especiaria-aromatica-que-melhora-a-digestao-e-traz-conforto-apos-as-refeicoes\/#breadcrumb","itemListElement":[{"@type":"ListItem","position":1,"name":"In\u00edcio","item":"https:\/\/www.correiobraziliense.com.br\/cbradar\/"},{"@type":"ListItem","position":2,"name":"A especiaria arom\u00e1tica que melhora a digest\u00e3o e traz conforto ap\u00f3s as refei\u00e7\u00f5es"}]},{"@type":"WebSite","@id":"https:\/\/www.correiobraziliense.com.br\/cbradar\/#website","url":"https:\/\/www.correiobraziliense.com.br\/cbradar\/","name":"Correio Braziliense - Radar","description":"Acompanhe as \u00faltimas not\u00edcias e fique bem informado sobre tudo o que acontece no Brasil e no mundo.","potentialAction":[{"@type":"SearchAction","target":{"@type":"EntryPoint","urlTemplate":"https:\/\/www.correiobraziliense.com.br\/cbradar\/?s={search_term_string}"},"query-input":{"@type":"PropertyValueSpecification","valueRequired":true,"valueName":"search_term_string"}}],"inLanguage":"pt-BR"},{"@type":"Person","@id":"https:\/\/www.correiobraziliense.com.br\/cbradar\/#\/schema\/person\/7356666e12ec0ee53f348ee5db227032","name":"Daniely Cardoso","image":{"@type":"ImageObject","inLanguage":"pt-BR","@id":"https:\/\/www.correiobraziliense.com.br\/cbradar\/#\/schema\/person\/image\/","url":"https:\/\/secure.gravatar.com\/avatar\/4b80ddbd124d1f071b626d52d62e5dff?s=96&d=mm&r=g","contentUrl":"https:\/\/secure.gravatar.com\/avatar\/4b80ddbd124d1f071b626d52d62e5dff?s=96&d=mm&r=g","caption":"Daniely Cardoso"},"description":"Redatora nos portais CB Radar e EM Foco, formada pela Universidade Federal de Goi\u00e1s, em Goi\u00e2nia. Apaixonada por comunica\u00e7\u00e3o, arte, decora\u00e7\u00e3o e tend\u00eancias, atuo na produ\u00e7\u00e3o de conte\u00fados envolventes sobre curiosidades, moda, beleza e paisagismo, sempre com um olhar atento \u00e0s novidades do momento.","sameAs":["https:\/\/www.correiobraziliense.com.br\/cbradar"],"url":"https:\/\/www.correiobraziliense.com.br\/cbradar\/author\/danielymyth\/"}]}},"_links":{"self":[{"href":"https:\/\/www.correiobraziliense.com.br\/cbradar\/wp-json\/wp\/v2\/posts\/178066","targetHints":{"allow":["GET"]}}],"collection":[{"href":"https:\/\/www.correiobraziliense.com.br\/cbradar\/wp-json\/wp\/v2\/posts"}],"about":[{"href":"https:\/\/www.correiobraziliense.com.br\/cbradar\/wp-json\/wp\/v2\/types\/post"}],"author":[{"embeddable":true,"href":"https:\/\/www.correiobraziliense.com.br\/cbradar\/wp-json\/wp\/v2\/users\/9"}],"replies":[{"embeddable":true,"href":"https:\/\/www.correiobraziliense.com.br\/cbradar\/wp-json\/wp\/v2\/comments?post=178066"}],"version-history":[{"count":3,"href":"https:\/\/www.correiobraziliense.com.br\/cbradar\/wp-json\/wp\/v2\/posts\/178066\/revisions"}],"predecessor-version":[{"id":178391,"href":"https:\/\/www.correiobraziliense.com.br\/cbradar\/wp-json\/wp\/v2\/posts\/178066\/revisions\/178391"}],"wp:featuredmedia":[{"embeddable":true,"href":"https:\/\/www.correiobraziliense.com.br\/cbradar\/wp-json\/wp\/v2\/media\/178534"}],"wp:attachment":[{"href":"https:\/\/www.correiobraziliense.com.br\/cbradar\/wp-json\/wp\/v2\/media?parent=178066"}],"wp:term":[{"taxonomy":"category","embeddable":true,"href":"https:\/\/www.correiobraziliense.com.br\/cbradar\/wp-json\/wp\/v2\/categories?post=178066"},{"taxonomy":"post_tag","embeddable":true,"href":"https:\/\/www.correiobraziliense.com.br\/cbradar\/wp-json\/wp\/v2\/tags?post=178066"}],"curies":[{"name":"wp","href":"https:\/\/api.w.org\/{rel}","templated":true}]}}