{"id":178080,"date":"2026-01-20T13:15:00","date_gmt":"2026-01-20T16:15:00","guid":{"rendered":"https:\/\/www.correiobraziliense.com.br\/cbradar\/?p=178080"},"modified":"2026-01-19T09:28:29","modified_gmt":"2026-01-19T12:28:29","slug":"como-este-cha-pode-transformar-o-controle-do-acucar","status":"publish","type":"post","link":"https:\/\/www.correiobraziliense.com.br\/cbradar\/como-este-cha-pode-transformar-o-controle-do-acucar\/","title":{"rendered":"Como este ch\u00e1 pode transformar o controle do a\u00e7\u00facar"},"content":{"rendered":"\n<p>Nos \u00faltimos anos, o <strong>Ch\u00e1 de Canela<\/strong> tem se destacado como um aliado poderoso no apoio ao metabolismo. Seus benef\u00edcios v\u00e3o al\u00e9m do sabor reconfortante, contribuindo significativamente para o equil\u00edbrio dos n\u00edveis de a\u00e7\u00facar no sangue. Com uma composi\u00e7\u00e3o rica em compostos bioativos, a Canela possui propriedades que podem auxiliar na absor\u00e7\u00e3o de glicose e no melhor funcionamento da insulina, oferecendo uma abordagem natural e preventiva para o controle da glicemia.<\/p>\n\n\n\n<h2 class=\"wp-block-heading\">Como a Canela afeta a absor\u00e7\u00e3o de a\u00e7\u00facar no organismo?<\/h2>\n\n\n\n<p>A Canela cont\u00e9m um composto importante chamado cinamalde\u00eddo, que desempenha um papel vital no metabolismo da glicose. Esse componente ajuda a desacelerar o esvaziamento do est\u00f4mago, permitindo que a glicose seja liberada mais lentamente na corrente sangu\u00ednea. Essa a\u00e7\u00e3o contribui para evitar picos repentinos de glicemia, promovendo um perfil mais uniforme dos n\u00edveis de a\u00e7\u00facar p\u00f3s-refei\u00e7\u00e3o, o que \u00e9 essencial para a sa\u00fade metab\u00f3lica.<\/p>\n\n\n\n<h2 class=\"wp-block-heading\">A Canela aumenta a sensibilidade \u00e0 insulina?<\/h2>\n\n\n\n<p>Estudos t\u00eam demonstrado que a Canela pode mimetizar a a\u00e7\u00e3o da insulina, melhorando a capacidade das c\u00e9lulas em absorver glicose. Essa a\u00e7\u00e3o pode reduzir a quantidade necess\u00e1ria de insulina para manter os n\u00edveis de a\u00e7\u00facar adequados, facilitando um equil\u00edbrio metab\u00f3lico mais eficiente. Gra\u00e7as a essa propriedade, a Canela pode ser uma adi\u00e7\u00e3o valiosa em estrat\u00e9gias de controle de a\u00e7\u00facar no sangue e preven\u00e7\u00e3o de problemas metab\u00f3licos.<\/p>\n\n\n\n<h2 class=\"wp-block-heading\">Como a Canela pode ajudar no controle do apetite?<\/h2>\n\n\n\n<p>Al\u00e9m de regular a glicose, a Canela contribui para controlar o apetite, minimizando os efeitos da &#8220;fome rebote&#8221;, que \u00e9 a vontade intensa de comer ap\u00f3s um r\u00e1pido decl\u00ednio dos n\u00edveis de a\u00e7\u00facar. Ao estabilizar a glicemia, o consumo de Canela pode ajudar a reduzir esses impulsos, facilitando uma sensa\u00e7\u00e3o mais duradoura de saciedade e ajudando a manter uma dieta equilibrada.<\/p>\n\n\n<div class=\"wp-block-image\">\n<figure class=\"aligncenter size-large\"><img decoding=\"async\" width=\"1024\" height=\"576\" src=\"https:\/\/www.correiobraziliense.com.br\/cbradar\/wp-content\/uploads\/2025\/05\/canela_1746816464309-1024x576.jpg\" alt=\"\" class=\"wp-image-34592\" srcset=\"https:\/\/www.correiobraziliense.com.br\/cbradar\/wp-content\/uploads\/2025\/05\/canela_1746816464309-1024x576.jpg 1024w, https:\/\/www.correiobraziliense.com.br\/cbradar\/wp-content\/uploads\/2025\/05\/canela_1746816464309-300x169.jpg 300w, https:\/\/www.correiobraziliense.com.br\/cbradar\/wp-content\/uploads\/2025\/05\/canela_1746816464309-768x432.jpg 768w, https:\/\/www.correiobraziliense.com.br\/cbradar\/wp-content\/uploads\/2025\/05\/canela_1746816464309-750x422.jpg 750w, https:\/\/www.correiobraziliense.com.br\/cbradar\/wp-content\/uploads\/2025\/05\/canela_1746816464309-1140x641.jpg 1140w, https:\/\/www.correiobraziliense.com.br\/cbradar\/wp-content\/uploads\/2025\/05\/canela_1746816464309.jpg 1280w\" sizes=\"(max-width: 1024px) 100vw, 1024px\" \/><figcaption class=\"wp-element-caption\">Canela em suas formas mais comuns: em p\u00f3 e em pau, amplamente utilizada na culin\u00e1ria e em suplementos alimentares &#8211; Cr\u00e9ditos: depositphotos.com \/ Nik_Merkulov<\/figcaption><\/figure><\/div>\n\n\n<h2 class=\"wp-block-heading\">Como escolher entre Canela do Ceil\u00e3o e Canela Cassia?<\/h2>\n\n\n\n<p>Embora existam v\u00e1rias esp\u00e9cies de canela, a Canela do Ceil\u00e3o \u00e9 frequentemente considerada a melhor escolha devido ao seu baixo teor de cumarina, uma subst\u00e2ncia que, em grandes quantidades, pode ser prejudicial ao f\u00edgado. Em compara\u00e7\u00e3o, a Canela Cassia cont\u00e9m n\u00edveis mais elevados deste composto, o que torna a canela do Ceil\u00e3o uma op\u00e7\u00e3o mais segura para o consumo di\u00e1rio, especialmente em doses que visam benef\u00edcios para a <a href=\"https:\/\/www.correiobraziliense.com.br\/cbradar\/dr-cesar-cimonari-neurocirurgiao-cefaleia-secundaria-pode-indicar-doenca-grave\/\" target=\"_blank\" rel=\"noreferrer noopener\">sa\u00fade<\/a>.<\/p>\n\n\n\n<h2 class=\"wp-block-heading\">Quais ass dicas para preparar um Ch\u00e1 de Canela eficaz?<\/h2>\n\n\n\n<p>Para obter todos os benef\u00edcios do ch\u00e1 de canela, \u00e9 importante seguir algumas simples orienta\u00e7\u00f5es de preparo. Use peda\u00e7os de Canela do Ceil\u00e3o e deixe-os em infus\u00e3o em \u00e1gua fervente por cerca de 10 minutos. Evitar a adi\u00e7\u00e3o de a\u00e7\u00facar \u00e9 crucial para preservar suas propriedades ben\u00e9ficas. Incorporar esse ch\u00e1 em sua dieta di\u00e1ria, especialmente em refei\u00e7\u00f5es ricas em carboidratos, pode potencializar seus efeitos metab\u00f3licos, promovendo sa\u00fade e bem-estar cont\u00ednuos.<\/p>\n\n\n<a href=\"https:\/\/www.instagram.com\/dra.annaluisabf\/\" target=\"_blank\" rel=\"noopener\" style=\"text-decoration: none; color: inherit;\">\n    <span style=\"display: inline-block; border: 1px solid #ccc; border-radius: 10px; padding: 15px; max-width: 550px; font-family: sans-serif; box-shadow: 0 2px 5px rgba(0,0,0,0.1); width: 100%;\">\n\n      <!-- T\u00edtulo -->\n      <span style=\"display: block; margin: 0 0 15px 0; font-weight: bold; color: #2c3e50; text-align: center;\">\n        Entre em contato:\n      <\/span>\n\n      <!-- Linha do perfil -->\n      <span style=\"display: flex; align-items: center; gap: 15px;\">\n        <img decoding=\"async\"\n          src=\"https:\/\/www.correiobraziliense.com.br\/cbradar\/wp-content\/uploads\/2025\/08\/dra_anna_luisa.jpeg\"\n          alt=\"Foto da Dra. Anna Lu\u00edsa\"\n          style=\"border-radius: 50%; width: 80px; height: 80px; object-fit: cover;\"\n        \/>\n        <span style=\"display: flex; flex-direction: column;\">\n          <span style=\"font-size: 18px; font-weight: 700; color: #2c3e50;\">Dra. Anna Lu\u00edsa Barbosa Fernandes<\/span>\n          <span style=\"color: #555;\">CRM-GO 33.271<\/span>\n        <\/span>\n      <\/span>\n\n      <!-- Redes -->\n      <span style=\"display: flex; align-items: center; gap: 10px; margin-top: 12px;\">\n        <img decoding=\"async\" src=\"https:\/\/cdn-icons-png.flaticon.com\/24\/1384\/1384063.png\" alt=\"Instagram\" width=\"24\" height=\"24\" \/>\n        <span style=\"text-decoration: underline; color: #2c3e50;\">@dra.annaluisabf<\/span>\n      <\/span>\n\n    <\/span>\n  <\/a>\n\n\n<p><\/p>\n","protected":false},"excerpt":{"rendered":"<p>Nos \u00faltimos anos, o Ch\u00e1 de Canela tem se destacado como um aliado poderoso no apoio ao metabolismo. Seus benef\u00edcios v\u00e3o al\u00e9m do sabor reconfortante, contribuindo significativamente para o equil\u00edbrio dos n\u00edveis de a\u00e7\u00facar no sangue. Com uma composi\u00e7\u00e3o rica em compostos bioativos, a Canela possui propriedades que podem auxiliar na absor\u00e7\u00e3o de glicose e [&hellip;]<\/p>\n","protected":false},"author":14,"featured_media":34593,"comment_status":"open","ping_status":"open","sticky":false,"template":"","format":"standard","meta":{"_yoast_wpseo_focuskw":"Ch\u00e1 de Canela","_yoast_wpseo_title":"","_yoast_wpseo_metadesc":"O ch\u00e1 de canela pode ajudar a estabilizar a glicemia e melhorar o metabolismo de forma natural e preventiva.","jnews-multi-image_gallery":[],"jnews_single_post":{"format":"standard"},"jnews_primary_category":[],"jnews_social_meta":[],"jnews_override_counter":[],"footnotes":""},"categories":[4404],"tags":[120,2977,247,565],"class_list":["post-178080","post","type-post","status-publish","format-standard","has-post-thumbnail","hentry","category-saude","tag-bem-estar","tag-canela","tag-qualidade-de-vida","tag-saude"],"yoast_head":"<!-- This site is optimized with the Yoast SEO plugin v24.6 - https:\/\/yoast.com\/wordpress\/plugins\/seo\/ -->\n<title>Como este ch\u00e1 pode transformar o controle do a\u00e7\u00facar - Correio Braziliense - Radar<\/title>\n<meta name=\"description\" content=\"O ch\u00e1 de canela pode ajudar a estabilizar a glicemia e melhorar o metabolismo de forma natural e preventiva.\" \/>\n<meta name=\"robots\" content=\"index, follow, max-snippet:-1, max-image-preview:large, max-video-preview:-1\" \/>\n<link rel=\"canonical\" href=\"https:\/\/www.correiobraziliense.com.br\/cbradar\/como-este-cha-pode-transformar-o-controle-do-acucar\/\" \/>\n<meta property=\"og:locale\" content=\"pt_BR\" \/>\n<meta property=\"og:type\" content=\"article\" \/>\n<meta property=\"og:title\" content=\"Como este ch\u00e1 pode transformar o controle do a\u00e7\u00facar - Correio Braziliense - Radar\" \/>\n<meta property=\"og:description\" content=\"O ch\u00e1 de canela pode ajudar a estabilizar a glicemia e melhorar o metabolismo de forma natural e preventiva.\" \/>\n<meta property=\"og:url\" content=\"https:\/\/www.correiobraziliense.com.br\/cbradar\/como-este-cha-pode-transformar-o-controle-do-acucar\/\" \/>\n<meta property=\"og:site_name\" content=\"Correio Braziliense - Radar\" \/>\n<meta property=\"article:published_time\" content=\"2026-01-20T16:15:00+00:00\" \/>\n<meta property=\"og:image\" content=\"https:\/\/www.correiobraziliense.com.br\/cbradar\/wp-content\/uploads\/2025\/05\/canela_1746816497250.jpg\" \/>\n\t<meta property=\"og:image:width\" content=\"1280\" \/>\n\t<meta property=\"og:image:height\" content=\"720\" \/>\n\t<meta property=\"og:image:type\" content=\"image\/jpeg\" \/>\n<meta name=\"author\" content=\"guilherme_saude\" \/>\n<meta name=\"twitter:card\" content=\"summary_large_image\" \/>\n<meta name=\"twitter:label1\" content=\"Escrito por\" \/>\n\t<meta name=\"twitter:data1\" content=\"guilherme_saude\" \/>\n\t<meta name=\"twitter:label2\" content=\"Est. tempo de leitura\" \/>\n\t<meta name=\"twitter:data2\" content=\"4 minutos\" \/>\n<!-- \/ Yoast SEO plugin. -->","yoast_head_json":{"title":"Como este ch\u00e1 pode transformar o controle do a\u00e7\u00facar - Correio Braziliense - Radar","description":"O ch\u00e1 de canela pode ajudar a estabilizar a glicemia e melhorar o metabolismo de forma natural e preventiva.","robots":{"index":"index","follow":"follow","max-snippet":"max-snippet:-1","max-image-preview":"max-image-preview:large","max-video-preview":"max-video-preview:-1"},"canonical":"https:\/\/www.correiobraziliense.com.br\/cbradar\/como-este-cha-pode-transformar-o-controle-do-acucar\/","og_locale":"pt_BR","og_type":"article","og_title":"Como este ch\u00e1 pode transformar o controle do a\u00e7\u00facar - Correio Braziliense - Radar","og_description":"O ch\u00e1 de canela pode ajudar a estabilizar a glicemia e melhorar o metabolismo de forma natural e preventiva.","og_url":"https:\/\/www.correiobraziliense.com.br\/cbradar\/como-este-cha-pode-transformar-o-controle-do-acucar\/","og_site_name":"Correio Braziliense - Radar","article_published_time":"2026-01-20T16:15:00+00:00","og_image":[{"width":1280,"height":720,"url":"https:\/\/www.correiobraziliense.com.br\/cbradar\/wp-content\/uploads\/2025\/05\/canela_1746816497250.jpg","type":"image\/jpeg"}],"author":"guilherme_saude","twitter_card":"summary_large_image","twitter_misc":{"Escrito por":"guilherme_saude","Est. tempo de leitura":"4 minutos"},"schema":{"@context":"https:\/\/schema.org","@graph":[{"@type":"WebPage","@id":"https:\/\/www.correiobraziliense.com.br\/cbradar\/como-este-cha-pode-transformar-o-controle-do-acucar\/","url":"https:\/\/www.correiobraziliense.com.br\/cbradar\/como-este-cha-pode-transformar-o-controle-do-acucar\/","name":"Como este ch\u00e1 pode transformar o controle do a\u00e7\u00facar - Correio Braziliense - Radar","isPartOf":{"@id":"https:\/\/www.correiobraziliense.com.br\/cbradar\/#website"},"primaryImageOfPage":{"@id":"https:\/\/www.correiobraziliense.com.br\/cbradar\/como-este-cha-pode-transformar-o-controle-do-acucar\/#primaryimage"},"image":{"@id":"https:\/\/www.correiobraziliense.com.br\/cbradar\/como-este-cha-pode-transformar-o-controle-do-acucar\/#primaryimage"},"thumbnailUrl":"https:\/\/www.correiobraziliense.com.br\/cbradar\/wp-content\/uploads\/2025\/05\/canela_1746816497250.jpg","datePublished":"2026-01-20T16:15:00+00:00","author":{"@id":"https:\/\/www.correiobraziliense.com.br\/cbradar\/#\/schema\/person\/5aa4bf3c8fa699c267933611de12978b"},"description":"O ch\u00e1 de canela pode ajudar a estabilizar a glicemia e melhorar o metabolismo de forma natural e preventiva.","breadcrumb":{"@id":"https:\/\/www.correiobraziliense.com.br\/cbradar\/como-este-cha-pode-transformar-o-controle-do-acucar\/#breadcrumb"},"inLanguage":"pt-BR","potentialAction":[{"@type":"ReadAction","target":["https:\/\/www.correiobraziliense.com.br\/cbradar\/como-este-cha-pode-transformar-o-controle-do-acucar\/"]}]},{"@type":"ImageObject","inLanguage":"pt-BR","@id":"https:\/\/www.correiobraziliense.com.br\/cbradar\/como-este-cha-pode-transformar-o-controle-do-acucar\/#primaryimage","url":"https:\/\/www.correiobraziliense.com.br\/cbradar\/wp-content\/uploads\/2025\/05\/canela_1746816497250.jpg","contentUrl":"https:\/\/www.correiobraziliense.com.br\/cbradar\/wp-content\/uploads\/2025\/05\/canela_1746816497250.jpg","width":1280,"height":720,"caption":"o uso da canela pode ser mais arriscado do que parece - Cr\u00e9ditos: depositphotos.com \/ valery121283"},{"@type":"BreadcrumbList","@id":"https:\/\/www.correiobraziliense.com.br\/cbradar\/como-este-cha-pode-transformar-o-controle-do-acucar\/#breadcrumb","itemListElement":[{"@type":"ListItem","position":1,"name":"In\u00edcio","item":"https:\/\/www.correiobraziliense.com.br\/cbradar\/"},{"@type":"ListItem","position":2,"name":"Como este ch\u00e1 pode transformar o controle do a\u00e7\u00facar"}]},{"@type":"WebSite","@id":"https:\/\/www.correiobraziliense.com.br\/cbradar\/#website","url":"https:\/\/www.correiobraziliense.com.br\/cbradar\/","name":"Correio Braziliense - Radar","description":"Acompanhe as \u00faltimas not\u00edcias e fique bem informado sobre tudo o que acontece no Brasil e no mundo.","potentialAction":[{"@type":"SearchAction","target":{"@type":"EntryPoint","urlTemplate":"https:\/\/www.correiobraziliense.com.br\/cbradar\/?s={search_term_string}"},"query-input":{"@type":"PropertyValueSpecification","valueRequired":true,"valueName":"search_term_string"}}],"inLanguage":"pt-BR"},{"@type":"Person","@id":"https:\/\/www.correiobraziliense.com.br\/cbradar\/#\/schema\/person\/5aa4bf3c8fa699c267933611de12978b","name":"guilherme_saude","image":{"@type":"ImageObject","inLanguage":"pt-BR","@id":"https:\/\/www.correiobraziliense.com.br\/cbradar\/#\/schema\/person\/image\/","url":"https:\/\/secure.gravatar.com\/avatar\/df9adfb835d344bc0af109d41756253f?s=96&d=mm&r=g","contentUrl":"https:\/\/secure.gravatar.com\/avatar\/df9adfb835d344bc0af109d41756253f?s=96&d=mm&r=g","caption":"guilherme_saude"},"url":"https:\/\/www.correiobraziliense.com.br\/cbradar\/author\/guilherme_saude\/"}]}},"_links":{"self":[{"href":"https:\/\/www.correiobraziliense.com.br\/cbradar\/wp-json\/wp\/v2\/posts\/178080","targetHints":{"allow":["GET"]}}],"collection":[{"href":"https:\/\/www.correiobraziliense.com.br\/cbradar\/wp-json\/wp\/v2\/posts"}],"about":[{"href":"https:\/\/www.correiobraziliense.com.br\/cbradar\/wp-json\/wp\/v2\/types\/post"}],"author":[{"embeddable":true,"href":"https:\/\/www.correiobraziliense.com.br\/cbradar\/wp-json\/wp\/v2\/users\/14"}],"replies":[{"embeddable":true,"href":"https:\/\/www.correiobraziliense.com.br\/cbradar\/wp-json\/wp\/v2\/comments?post=178080"}],"version-history":[{"count":1,"href":"https:\/\/www.correiobraziliense.com.br\/cbradar\/wp-json\/wp\/v2\/posts\/178080\/revisions"}],"predecessor-version":[{"id":178081,"href":"https:\/\/www.correiobraziliense.com.br\/cbradar\/wp-json\/wp\/v2\/posts\/178080\/revisions\/178081"}],"wp:featuredmedia":[{"embeddable":true,"href":"https:\/\/www.correiobraziliense.com.br\/cbradar\/wp-json\/wp\/v2\/media\/34593"}],"wp:attachment":[{"href":"https:\/\/www.correiobraziliense.com.br\/cbradar\/wp-json\/wp\/v2\/media?parent=178080"}],"wp:term":[{"taxonomy":"category","embeddable":true,"href":"https:\/\/www.correiobraziliense.com.br\/cbradar\/wp-json\/wp\/v2\/categories?post=178080"},{"taxonomy":"post_tag","embeddable":true,"href":"https:\/\/www.correiobraziliense.com.br\/cbradar\/wp-json\/wp\/v2\/tags?post=178080"}],"curies":[{"name":"wp","href":"https:\/\/api.w.org\/{rel}","templated":true}]}}