{"id":178082,"date":"2026-01-20T15:55:00","date_gmt":"2026-01-20T18:55:00","guid":{"rendered":"https:\/\/www.correiobraziliense.com.br\/cbradar\/?p=178082"},"modified":"2026-01-19T08:55:36","modified_gmt":"2026-01-19T11:55:36","slug":"esse-problema-emocional-afeta-muitos-idosos-e-passa-despercebido","status":"publish","type":"post","link":"https:\/\/www.correiobraziliense.com.br\/cbradar\/esse-problema-emocional-afeta-muitos-idosos-e-passa-despercebido\/","title":{"rendered":"Esse problema emocional afeta muitos idosos e passa despercebido"},"content":{"rendered":"\n<p>O envelhecer traz consigo n\u00e3o apenas experi\u00eancias e sabedoria acumuladas, mas tamb\u00e9m uma s\u00e9rie de desafios, entre os quais a depress\u00e3o na terceira idade tem se destacado como uma preocupa\u00e7\u00e3o crescente. Essa condi\u00e7\u00e3o psicol\u00f3gica afeta muitos idosos, distorcendo sua percep\u00e7\u00e3o de bem-estar e qualidade de vida. Dados recentes apontam que uma parte significativa da popula\u00e7\u00e3o idosa sofre com sintomas depressivos, os quais, frequentemente, s\u00e3o ignorados ou atribu\u00eddos erroneamente apenas ao avan\u00e7o da idade.<\/p>\n\n\n\n<p>O isolamento \u00e9 um fator preponderante que contribui para o desenvolvimento de estados depressivos entre os mais velhos. Pode ser um subproduto da aposentadoria, da perda de entes queridos ou de limita\u00e7\u00f5es f\u00edsicas que impedem a participa\u00e7\u00e3o social. No Brasil, este cen\u00e1rio \u00e9 bastante comum, destacando a urg\u00eancia de pol\u00edticas e pr\u00e1ticas que reconhe\u00e7am a import\u00e2ncia da sa\u00fade mental na terceira idade.<\/p>\n\n\n\n<h2 class=\"wp-block-heading\">Quais fatores contribuem para o aumento da Depress\u00e3o em Idosos?<\/h2>\n\n\n\n<p>Diversos fatores tornam os idosos mais suscet\u00edveis \u00e0 depress\u00e3o. O isolamento social \u00e9 um elemento significativo, com o distanciamento dos c\u00edrculos familiares e sociais exacerbando a sensa\u00e7\u00e3o de solid\u00e3o. Al\u00e9m disso, a perda de amigos e familiares, comum \u00e0 medida que se envelhece, pode levar a um severo impacto emocional, criando um ambiente prop\u00edcio ao desenvolvimento de transtornos depressivos.<\/p>\n\n\n<div class=\"wp-block-image\">\n<figure class=\"aligncenter size-large\"><img decoding=\"async\" width=\"1024\" height=\"576\" src=\"https:\/\/www.correiobraziliense.com.br\/cbradar\/wp-content\/uploads\/2026\/01\/Depressao-em-Idosos_1768823710275-1024x576.jpg\" alt=\"\" class=\"wp-image-178084\" srcset=\"https:\/\/www.correiobraziliense.com.br\/cbradar\/wp-content\/uploads\/2026\/01\/Depressao-em-Idosos_1768823710275-1024x576.jpg 1024w, https:\/\/www.correiobraziliense.com.br\/cbradar\/wp-content\/uploads\/2026\/01\/Depressao-em-Idosos_1768823710275-300x169.jpg 300w, https:\/\/www.correiobraziliense.com.br\/cbradar\/wp-content\/uploads\/2026\/01\/Depressao-em-Idosos_1768823710275-768x432.jpg 768w, https:\/\/www.correiobraziliense.com.br\/cbradar\/wp-content\/uploads\/2026\/01\/Depressao-em-Idosos_1768823710275-750x422.jpg 750w, https:\/\/www.correiobraziliense.com.br\/cbradar\/wp-content\/uploads\/2026\/01\/Depressao-em-Idosos_1768823710275-1140x641.jpg 1140w, https:\/\/www.correiobraziliense.com.br\/cbradar\/wp-content\/uploads\/2026\/01\/Depressao-em-Idosos_1768823710275.jpg 1280w\" sizes=\"(max-width: 1024px) 100vw, 1024px\" \/><figcaption class=\"wp-element-caption\">Depress\u00e3o em Idosos &#8211; Cr\u00e9ditos: depositphotos.com \/ AndrewLozovyi<\/figcaption><\/figure><\/div>\n\n\n<p>As doen\u00e7as cr\u00f4nicas, frequentes nesta fase da vida, tamb\u00e9m agravam a sensa\u00e7\u00e3o de incapacidade e depend\u00eancia, contribuindo para o aumento da depress\u00e3o. A necessidade de assist\u00eancia constante pode impactar negativamente a autoimagem e a percep\u00e7\u00e3o de autonomia do idoso, refor\u00e7ando sentimentos de inutilidade e desesperan\u00e7a.<\/p>\n\n\n\n<h2 class=\"wp-block-heading\">Como reconhecer os sintomas da depress\u00e3o na terceira idade?<\/h2>\n\n\n\n<p>A identifica\u00e7\u00e3o dos sinais de<strong> Depress\u00e3o em Idosos<\/strong> pode ser desafiadora, pois muitos dos sintomas se sobrep\u00f5em a comportamentos comumente associados ao envelhecimento. No entanto, \u00e9 crucial observar mudan\u00e7as significativas na disposi\u00e7\u00e3o e no comportamento. A perda de interesse por atividades anteriormente prazerosas, a irritabilidade sem causa aparente e a tend\u00eancia ao isolamento s\u00e3o sinais de alerta.<\/p>\n\n\n\n<ul class=\"wp-block-list\">\n<li>Desmotiva\u00e7\u00e3o generalizada;<\/li>\n\n\n\n<li>Altera\u00e7\u00f5es no apetite e no sono;<\/li>\n\n\n\n<li>Dificuldade de concentra\u00e7\u00e3o ou lentid\u00e3o no pensamento.<\/li>\n<\/ul>\n\n\n\n<h2 class=\"wp-block-heading\">Quais as interven\u00e7\u00f5es e tratamentos eficazes?<\/h2>\n\n\n\n<p>Interven\u00e7\u00f5es precoces e eficazes podem transformar a vida de um idoso que sofre de depress\u00e3o. O tratamento pode incluir psicoterapia, que oferece um espa\u00e7o seguro para que o idoso expresse suas preocupa\u00e7\u00f5es, e medica\u00e7\u00e3o antidepressiva, quando prescrita por profissionais de sa\u00fade capacitados. Al\u00e9m disso, a manuten\u00e7\u00e3o de uma rede de apoio que inclua familiares, amigos e profissionais de <a href=\"https:\/\/www.correiobraziliense.com.br\/cbradar\/dr-cesar-cimonari-neurocirurgiao-cefaleia-secundaria-pode-indicar-doenca-grave\/\" target=\"_blank\" rel=\"noreferrer noopener\">sa\u00fade<\/a> \u00e9 essencial para um tratamento eficaz.<\/p>\n\n\n\n<p>Enriquecer o cotidiano do idoso com atividades que promovam intera\u00e7\u00e3o social e bem-estar emocional \u00e9 uma estrat\u00e9gia preventiva poderosa. Envolver-se em programas comunit\u00e1rios e manter-se ativo pode oferecer benef\u00edcios significativos \u00e0 sa\u00fade mental.<\/p>\n\n\n\n<h2 class=\"wp-block-heading\">Como envelhecer com qualidade?<\/h2>\n\n\n\n<p>A compreens\u00e3o de que a depress\u00e3o n\u00e3o precisa ser uma parte inevit\u00e1vel do envelhecimento \u00e9 vital. Ao proporcionar apoio emocional e cuidados de sa\u00fade adequados, a sociedade pode garantir que os anos dourados sejam vividos com dignidade e satisfa\u00e7\u00e3o pessoal. Reconhecer e tratar a Depress\u00e3o em Idosos \u00e9 um passo fundamental para assegurar que essa fase da vida seja t\u00e3o vibrante e significativa quanto qualquer outra.<\/p>\n\n\n<a href=\"https:\/\/www.instagram.com\/dra.annaluisabf\/\" target=\"_blank\" rel=\"noopener\" style=\"text-decoration: none; color: inherit;\">\n    <span style=\"display: inline-block; border: 1px solid #ccc; border-radius: 10px; padding: 15px; max-width: 550px; font-family: sans-serif; box-shadow: 0 2px 5px rgba(0,0,0,0.1); width: 100%;\">\n\n      <!-- T\u00edtulo -->\n      <span style=\"display: block; margin: 0 0 15px 0; font-weight: bold; color: #2c3e50; text-align: center;\">\n        Entre em contato:\n      <\/span>\n\n      <!-- Linha do perfil -->\n      <span style=\"display: flex; align-items: center; gap: 15px;\">\n        <img decoding=\"async\"\n          src=\"https:\/\/www.correiobraziliense.com.br\/cbradar\/wp-content\/uploads\/2025\/08\/dra_anna_luisa.jpeg\"\n          alt=\"Foto da Dra. Anna Lu\u00edsa\"\n          style=\"border-radius: 50%; width: 80px; height: 80px; object-fit: cover;\"\n        \/>\n        <span style=\"display: flex; flex-direction: column;\">\n          <span style=\"font-size: 18px; font-weight: 700; color: #2c3e50;\">Dra. Anna Lu\u00edsa Barbosa Fernandes<\/span>\n          <span style=\"color: #555;\">CRM-GO 33.271<\/span>\n        <\/span>\n      <\/span>\n\n      <!-- Redes -->\n      <span style=\"display: flex; align-items: center; gap: 10px; margin-top: 12px;\">\n        <img decoding=\"async\" src=\"https:\/\/cdn-icons-png.flaticon.com\/24\/1384\/1384063.png\" alt=\"Instagram\" width=\"24\" height=\"24\" \/>\n        <span style=\"text-decoration: underline; color: #2c3e50;\">@dra.annaluisabf<\/span>\n      <\/span>\n\n    <\/span>\n  <\/a>","protected":false},"excerpt":{"rendered":"<p>O envelhecer traz consigo n\u00e3o apenas experi\u00eancias e sabedoria acumuladas, mas tamb\u00e9m uma s\u00e9rie de desafios, entre os quais a depress\u00e3o na terceira idade tem se destacado como uma preocupa\u00e7\u00e3o crescente. Essa condi\u00e7\u00e3o psicol\u00f3gica afeta muitos idosos, distorcendo sua percep\u00e7\u00e3o de bem-estar e qualidade de vida. Dados recentes apontam que uma parte significativa da popula\u00e7\u00e3o [&hellip;]<\/p>\n","protected":false},"author":14,"featured_media":178083,"comment_status":"open","ping_status":"open","sticky":false,"template":"","format":"standard","meta":{"_yoast_wpseo_focuskw":"Depress\u00e3o em Idosos","_yoast_wpseo_title":"","_yoast_wpseo_metadesc":"A depress\u00e3o na terceira idade \u00e9 mais comum do que se pensa e pode afetar profundamente a qualidade de vida dos idosos.","jnews-multi-image_gallery":[],"jnews_single_post":{"format":"standard"},"jnews_primary_category":[],"jnews_social_meta":[],"jnews_override_counter":[],"footnotes":""},"categories":[4404],"tags":[120,247,1318],"class_list":["post-178082","post","type-post","status-publish","format-standard","has-post-thumbnail","hentry","category-saude","tag-bem-estar","tag-qualidade-de-vida","tag-saude-2"],"yoast_head":"<!-- This site is optimized with the Yoast SEO plugin v24.6 - https:\/\/yoast.com\/wordpress\/plugins\/seo\/ -->\n<title>Esse problema emocional afeta muitos idosos e passa despercebido - Correio Braziliense - Radar<\/title>\n<meta name=\"description\" content=\"A depress\u00e3o na terceira idade \u00e9 mais comum do que se pensa e pode afetar profundamente a qualidade de vida dos idosos.\" \/>\n<meta name=\"robots\" content=\"index, follow, max-snippet:-1, max-image-preview:large, max-video-preview:-1\" \/>\n<link rel=\"canonical\" href=\"https:\/\/www.correiobraziliense.com.br\/cbradar\/esse-problema-emocional-afeta-muitos-idosos-e-passa-despercebido\/\" \/>\n<meta property=\"og:locale\" content=\"pt_BR\" \/>\n<meta property=\"og:type\" content=\"article\" \/>\n<meta property=\"og:title\" content=\"Esse problema emocional afeta muitos idosos e passa despercebido - Correio Braziliense - Radar\" \/>\n<meta property=\"og:description\" content=\"A depress\u00e3o na terceira idade \u00e9 mais comum do que se pensa e pode afetar profundamente a qualidade de vida dos idosos.\" \/>\n<meta property=\"og:url\" content=\"https:\/\/www.correiobraziliense.com.br\/cbradar\/esse-problema-emocional-afeta-muitos-idosos-e-passa-despercebido\/\" \/>\n<meta property=\"og:site_name\" content=\"Correio Braziliense - Radar\" \/>\n<meta property=\"article:published_time\" content=\"2026-01-20T18:55:00+00:00\" \/>\n<meta property=\"og:image\" content=\"https:\/\/www.correiobraziliense.com.br\/cbradar\/wp-content\/uploads\/2026\/01\/Depressao-em-Idosos_1768823684122.jpg\" \/>\n\t<meta property=\"og:image:width\" content=\"1280\" \/>\n\t<meta property=\"og:image:height\" content=\"720\" \/>\n\t<meta property=\"og:image:type\" content=\"image\/jpeg\" \/>\n<meta name=\"author\" content=\"guilherme_saude\" \/>\n<meta name=\"twitter:card\" content=\"summary_large_image\" \/>\n<meta name=\"twitter:label1\" content=\"Escrito por\" \/>\n\t<meta name=\"twitter:data1\" content=\"guilherme_saude\" \/>\n\t<meta name=\"twitter:label2\" content=\"Est. tempo de leitura\" \/>\n\t<meta name=\"twitter:data2\" content=\"4 minutos\" \/>\n<!-- \/ Yoast SEO plugin. -->","yoast_head_json":{"title":"Esse problema emocional afeta muitos idosos e passa despercebido - Correio Braziliense - Radar","description":"A depress\u00e3o na terceira idade \u00e9 mais comum do que se pensa e pode afetar profundamente a qualidade de vida dos idosos.","robots":{"index":"index","follow":"follow","max-snippet":"max-snippet:-1","max-image-preview":"max-image-preview:large","max-video-preview":"max-video-preview:-1"},"canonical":"https:\/\/www.correiobraziliense.com.br\/cbradar\/esse-problema-emocional-afeta-muitos-idosos-e-passa-despercebido\/","og_locale":"pt_BR","og_type":"article","og_title":"Esse problema emocional afeta muitos idosos e passa despercebido - Correio Braziliense - Radar","og_description":"A depress\u00e3o na terceira idade \u00e9 mais comum do que se pensa e pode afetar profundamente a qualidade de vida dos idosos.","og_url":"https:\/\/www.correiobraziliense.com.br\/cbradar\/esse-problema-emocional-afeta-muitos-idosos-e-passa-despercebido\/","og_site_name":"Correio Braziliense - Radar","article_published_time":"2026-01-20T18:55:00+00:00","og_image":[{"width":1280,"height":720,"url":"https:\/\/www.correiobraziliense.com.br\/cbradar\/wp-content\/uploads\/2026\/01\/Depressao-em-Idosos_1768823684122.jpg","type":"image\/jpeg"}],"author":"guilherme_saude","twitter_card":"summary_large_image","twitter_misc":{"Escrito por":"guilherme_saude","Est. tempo de leitura":"4 minutos"},"schema":{"@context":"https:\/\/schema.org","@graph":[{"@type":"WebPage","@id":"https:\/\/www.correiobraziliense.com.br\/cbradar\/esse-problema-emocional-afeta-muitos-idosos-e-passa-despercebido\/","url":"https:\/\/www.correiobraziliense.com.br\/cbradar\/esse-problema-emocional-afeta-muitos-idosos-e-passa-despercebido\/","name":"Esse problema emocional afeta muitos idosos e passa despercebido - Correio Braziliense - Radar","isPartOf":{"@id":"https:\/\/www.correiobraziliense.com.br\/cbradar\/#website"},"primaryImageOfPage":{"@id":"https:\/\/www.correiobraziliense.com.br\/cbradar\/esse-problema-emocional-afeta-muitos-idosos-e-passa-despercebido\/#primaryimage"},"image":{"@id":"https:\/\/www.correiobraziliense.com.br\/cbradar\/esse-problema-emocional-afeta-muitos-idosos-e-passa-despercebido\/#primaryimage"},"thumbnailUrl":"https:\/\/www.correiobraziliense.com.br\/cbradar\/wp-content\/uploads\/2026\/01\/Depressao-em-Idosos_1768823684122.jpg","datePublished":"2026-01-20T18:55:00+00:00","author":{"@id":"https:\/\/www.correiobraziliense.com.br\/cbradar\/#\/schema\/person\/5aa4bf3c8fa699c267933611de12978b"},"description":"A depress\u00e3o na terceira idade \u00e9 mais comum do que se pensa e pode afetar profundamente a qualidade de vida dos idosos.","breadcrumb":{"@id":"https:\/\/www.correiobraziliense.com.br\/cbradar\/esse-problema-emocional-afeta-muitos-idosos-e-passa-despercebido\/#breadcrumb"},"inLanguage":"pt-BR","potentialAction":[{"@type":"ReadAction","target":["https:\/\/www.correiobraziliense.com.br\/cbradar\/esse-problema-emocional-afeta-muitos-idosos-e-passa-despercebido\/"]}]},{"@type":"ImageObject","inLanguage":"pt-BR","@id":"https:\/\/www.correiobraziliense.com.br\/cbradar\/esse-problema-emocional-afeta-muitos-idosos-e-passa-despercebido\/#primaryimage","url":"https:\/\/www.correiobraziliense.com.br\/cbradar\/wp-content\/uploads\/2026\/01\/Depressao-em-Idosos_1768823684122.jpg","contentUrl":"https:\/\/www.correiobraziliense.com.br\/cbradar\/wp-content\/uploads\/2026\/01\/Depressao-em-Idosos_1768823684122.jpg","width":1280,"height":720,"caption":"Depress\u00e3o em Idosos - Cr\u00e9ditos: depositphotos.com \/ HayDmitriy"},{"@type":"BreadcrumbList","@id":"https:\/\/www.correiobraziliense.com.br\/cbradar\/esse-problema-emocional-afeta-muitos-idosos-e-passa-despercebido\/#breadcrumb","itemListElement":[{"@type":"ListItem","position":1,"name":"In\u00edcio","item":"https:\/\/www.correiobraziliense.com.br\/cbradar\/"},{"@type":"ListItem","position":2,"name":"Esse problema emocional afeta muitos idosos e passa despercebido"}]},{"@type":"WebSite","@id":"https:\/\/www.correiobraziliense.com.br\/cbradar\/#website","url":"https:\/\/www.correiobraziliense.com.br\/cbradar\/","name":"Correio Braziliense - Radar","description":"Acompanhe as \u00faltimas not\u00edcias e fique bem informado sobre tudo o que acontece no Brasil e no mundo.","potentialAction":[{"@type":"SearchAction","target":{"@type":"EntryPoint","urlTemplate":"https:\/\/www.correiobraziliense.com.br\/cbradar\/?s={search_term_string}"},"query-input":{"@type":"PropertyValueSpecification","valueRequired":true,"valueName":"search_term_string"}}],"inLanguage":"pt-BR"},{"@type":"Person","@id":"https:\/\/www.correiobraziliense.com.br\/cbradar\/#\/schema\/person\/5aa4bf3c8fa699c267933611de12978b","name":"guilherme_saude","image":{"@type":"ImageObject","inLanguage":"pt-BR","@id":"https:\/\/www.correiobraziliense.com.br\/cbradar\/#\/schema\/person\/image\/","url":"https:\/\/secure.gravatar.com\/avatar\/df9adfb835d344bc0af109d41756253f?s=96&d=mm&r=g","contentUrl":"https:\/\/secure.gravatar.com\/avatar\/df9adfb835d344bc0af109d41756253f?s=96&d=mm&r=g","caption":"guilherme_saude"},"url":"https:\/\/www.correiobraziliense.com.br\/cbradar\/author\/guilherme_saude\/"}]}},"_links":{"self":[{"href":"https:\/\/www.correiobraziliense.com.br\/cbradar\/wp-json\/wp\/v2\/posts\/178082","targetHints":{"allow":["GET"]}}],"collection":[{"href":"https:\/\/www.correiobraziliense.com.br\/cbradar\/wp-json\/wp\/v2\/posts"}],"about":[{"href":"https:\/\/www.correiobraziliense.com.br\/cbradar\/wp-json\/wp\/v2\/types\/post"}],"author":[{"embeddable":true,"href":"https:\/\/www.correiobraziliense.com.br\/cbradar\/wp-json\/wp\/v2\/users\/14"}],"replies":[{"embeddable":true,"href":"https:\/\/www.correiobraziliense.com.br\/cbradar\/wp-json\/wp\/v2\/comments?post=178082"}],"version-history":[{"count":1,"href":"https:\/\/www.correiobraziliense.com.br\/cbradar\/wp-json\/wp\/v2\/posts\/178082\/revisions"}],"predecessor-version":[{"id":178085,"href":"https:\/\/www.correiobraziliense.com.br\/cbradar\/wp-json\/wp\/v2\/posts\/178082\/revisions\/178085"}],"wp:featuredmedia":[{"embeddable":true,"href":"https:\/\/www.correiobraziliense.com.br\/cbradar\/wp-json\/wp\/v2\/media\/178083"}],"wp:attachment":[{"href":"https:\/\/www.correiobraziliense.com.br\/cbradar\/wp-json\/wp\/v2\/media?parent=178082"}],"wp:term":[{"taxonomy":"category","embeddable":true,"href":"https:\/\/www.correiobraziliense.com.br\/cbradar\/wp-json\/wp\/v2\/categories?post=178082"},{"taxonomy":"post_tag","embeddable":true,"href":"https:\/\/www.correiobraziliense.com.br\/cbradar\/wp-json\/wp\/v2\/tags?post=178082"}],"curies":[{"name":"wp","href":"https:\/\/api.w.org\/{rel}","templated":true}]}}