{"id":178088,"date":"2026-01-20T18:25:00","date_gmt":"2026-01-20T21:25:00","guid":{"rendered":"https:\/\/www.correiobraziliense.com.br\/cbradar\/?p=178088"},"modified":"2026-01-19T08:59:18","modified_gmt":"2026-01-19T11:59:18","slug":"o-metodo-mais-eficaz-para-combater-a-prisao-de-ventre","status":"publish","type":"post","link":"https:\/\/www.correiobraziliense.com.br\/cbradar\/o-metodo-mais-eficaz-para-combater-a-prisao-de-ventre\/","title":{"rendered":"O m\u00e9todo mais eficaz para combater a pris\u00e3o de ventre"},"content":{"rendered":"\n<p>Manter um sistema digestivo saud\u00e1vel \u00e9 mais do que essencial para o bem-estar geral. A constipa\u00e7\u00e3o, popularmente conhecida como Pris\u00e3o de Ventre, pode ser inc\u00f4moda e impactar a qualidade de vida de muitas pessoas. Felizmente, algumas pr\u00e1ticas simples podem auxiliar em sua preven\u00e7\u00e3o e al\u00edvio. A pr\u00e1tica regular de exerc\u00edcios f\u00edsicos \u00e9 uma dessas op\u00e7\u00f5es. Ao incorporar atividades f\u00edsicas no cotidiano, os movimentos intestinais s\u00e3o estimulados e a musculatura abdominal \u00e9 tonificada, facilitando uma evacua\u00e7\u00e3o mais regular.<\/p>\n\n\n\n<p>Outro fator importante na manuten\u00e7\u00e3o de um tr\u00e2nsito intestinal saud\u00e1vel \u00e9 o consumo adequado de l\u00edquidos. A \u00e1gua \u00e9 crucial, pois ao manter o organismo hidratado, auxilia no amolecimento das fezes, tornando sua elimina\u00e7\u00e3o mais f\u00e1cil. Essa hidrata\u00e7\u00e3o \u00e9 ainda mais eficaz quando combinada com a ingest\u00e3o de alimentos ricos em fibras, como frutas. Frutas como a laranja, ameixa e mam\u00e3o s\u00e3o not\u00f3rias por auxiliar no incremento do consumo de fibras, essenciais para o funcionamento intestinal.<\/p>\n\n\n\n<h2 class=\"wp-block-heading\">Quais alimentos favorecem o funcionamento do intestino?<\/h2>\n\n\n\n<p>A chave para combater a constipa\u00e7\u00e3o est\u00e1 em uma dieta rica em fibras. Ingredientes como cereais integrais, legumes e verduras s\u00e3o fundamentais. Esses alimentos n\u00e3o apenas aumentam o volume fecal, promovendo a regulariza\u00e7\u00e3o dos movimentos intestinais, mas tamb\u00e9m s\u00e3o ben\u00e9ficos para a sa\u00fade intestinal em geral. Al\u00e9m disso, a maneira como os alimentos s\u00e3o consumidos, como a mastiga\u00e7\u00e3o adequada, tem um papel significativo na digest\u00e3o eficiente.<\/p>\n\n\n<div class=\"wp-block-image\">\n<figure class=\"aligncenter size-large\"><img decoding=\"async\" width=\"1024\" height=\"576\" src=\"https:\/\/www.correiobraziliense.com.br\/cbradar\/wp-content\/uploads\/2025\/07\/prisao-de-ventre_1752589551480-1024x576.jpg\" alt=\"\" class=\"wp-image-70439\" srcset=\"https:\/\/www.correiobraziliense.com.br\/cbradar\/wp-content\/uploads\/2025\/07\/prisao-de-ventre_1752589551480-1024x576.jpg 1024w, https:\/\/www.correiobraziliense.com.br\/cbradar\/wp-content\/uploads\/2025\/07\/prisao-de-ventre_1752589551480-300x169.jpg 300w, https:\/\/www.correiobraziliense.com.br\/cbradar\/wp-content\/uploads\/2025\/07\/prisao-de-ventre_1752589551480-768x432.jpg 768w, https:\/\/www.correiobraziliense.com.br\/cbradar\/wp-content\/uploads\/2025\/07\/prisao-de-ventre_1752589551480-750x422.jpg 750w, https:\/\/www.correiobraziliense.com.br\/cbradar\/wp-content\/uploads\/2025\/07\/prisao-de-ventre_1752589551480-1140x641.jpg 1140w, https:\/\/www.correiobraziliense.com.br\/cbradar\/wp-content\/uploads\/2025\/07\/prisao-de-ventre_1752589551480.jpg 1280w\" sizes=\"(max-width: 1024px) 100vw, 1024px\" \/><figcaption class=\"wp-element-caption\">Pris\u00e3o de ventre -Cr\u00e9ditos: depositphotos.com \/ 371819<\/figcaption><\/figure><\/div>\n\n\n<h2 class=\"wp-block-heading\">Por que considerar o uso de ch\u00e1s laxantes?<\/h2>\n\n\n\n<p>Ch\u00e1s laxantes s\u00e3o frequentemente recomendados por seus benef\u00edcios naturais no al\u00edvio da constipa\u00e7\u00e3o. Tipos como ch\u00e1 de sene e c\u00e1scara sagrada s\u00e3o conhecidos por suas propriedades que estimulam os movimentos do intestino. Essas infus\u00f5es cont\u00eam compostos que aumentam a motilidade intestinal, contribuindo para uma evacua\u00e7\u00e3o natural e eficaz destas subst\u00e2ncias.<\/p>\n\n\n\n<h2 class=\"wp-block-heading\">Existem outras solu\u00e7\u00f5es naturais para Pris\u00e3o de Ventre?<\/h2>\n\n\n\n<p>Al\u00e9m da alimenta\u00e7\u00e3o rica em fibras e adequada hidrata\u00e7\u00e3o, t\u00e9cnicas como massagem abdominal podem ser \u00fateis. Executar uma massagem em movimentos circulares na regi\u00e3o abdominal pode auxiliar na estimula\u00e7\u00e3o dos movimentos intestinais. Al\u00e9m disso, estabelecer uma rotina para as idas ao banheiro, como ap\u00f3s as refei\u00e7\u00f5es, pode ajudar a regularizar o funcionamento do intestino.<\/p>\n\n\n\n<p>Se as medidas naturais n\u00e3o aliviarem a constipa\u00e7\u00e3o ou se sintomas preocupantes como sangue nas fezes surgirem, \u00e9 crucial consultar um m\u00e9dico. Especialistas da <a href=\"https:\/\/www.correiobraziliense.com.br\/cbradar\/dr-cesar-cimonari-neurocirurgiao-cefaleia-secundaria-pode-indicar-doenca-grave\/\" target=\"_blank\" rel=\"noreferrer noopener\">sa\u00fade <\/a>podem identificar causas subjacentes da constipa\u00e7\u00e3o e oferecer tratamentos adequados para condi\u00e7\u00f5es persistentes ou mais graves. A consulta a um cl\u00ednico geral ou gastroenterologista pode ser especialmente \u00fatil nesses casos.<\/p>\n\n\n<a href=\"https:\/\/www.instagram.com\/dra.annaluisabf\/\" target=\"_blank\" rel=\"noopener\" style=\"text-decoration: none; color: inherit;\">\n    <span style=\"display: inline-block; border: 1px solid #ccc; border-radius: 10px; padding: 15px; max-width: 550px; font-family: sans-serif; box-shadow: 0 2px 5px rgba(0,0,0,0.1); width: 100%;\">\n\n      <!-- T\u00edtulo -->\n      <span style=\"display: block; margin: 0 0 15px 0; font-weight: bold; color: #2c3e50; text-align: center;\">\n        Entre em contato:\n      <\/span>\n\n      <!-- Linha do perfil -->\n      <span style=\"display: flex; align-items: center; gap: 15px;\">\n        <img decoding=\"async\"\n          src=\"https:\/\/www.correiobraziliense.com.br\/cbradar\/wp-content\/uploads\/2025\/08\/dra_anna_luisa.jpeg\"\n          alt=\"Foto da Dra. Anna Lu\u00edsa\"\n          style=\"border-radius: 50%; width: 80px; height: 80px; object-fit: cover;\"\n        \/>\n        <span style=\"display: flex; flex-direction: column;\">\n          <span style=\"font-size: 18px; font-weight: 700; color: #2c3e50;\">Dra. Anna Lu\u00edsa Barbosa Fernandes<\/span>\n          <span style=\"color: #555;\">CRM-GO 33.271<\/span>\n        <\/span>\n      <\/span>\n\n      <!-- Redes -->\n      <span style=\"display: flex; align-items: center; gap: 10px; margin-top: 12px;\">\n        <img decoding=\"async\" src=\"https:\/\/cdn-icons-png.flaticon.com\/24\/1384\/1384063.png\" alt=\"Instagram\" width=\"24\" height=\"24\" \/>\n        <span style=\"text-decoration: underline; color: #2c3e50;\">@dra.annaluisabf<\/span>\n      <\/span>\n\n    <\/span>\n  <\/a>","protected":false},"excerpt":{"rendered":"<p>Manter um sistema digestivo saud\u00e1vel \u00e9 mais do que essencial para o bem-estar geral. A constipa\u00e7\u00e3o, popularmente conhecida como Pris\u00e3o de Ventre, pode ser inc\u00f4moda e impactar a qualidade de vida de muitas pessoas. Felizmente, algumas pr\u00e1ticas simples podem auxiliar em sua preven\u00e7\u00e3o e al\u00edvio. A pr\u00e1tica regular de exerc\u00edcios f\u00edsicos \u00e9 uma dessas op\u00e7\u00f5es. [&hellip;]<\/p>\n","protected":false},"author":14,"featured_media":42781,"comment_status":"open","ping_status":"open","sticky":false,"template":"","format":"standard","meta":{"_yoast_wpseo_focuskw":"pris\u00e3o de ventre","_yoast_wpseo_title":"","_yoast_wpseo_metadesc":"Pouca gente sabe que a pris\u00e3o de ventre pode melhorar com alimenta\u00e7\u00e3o, hidrata\u00e7\u00e3o e pequenas mudan\u00e7as na rotina.","jnews-multi-image_gallery":[],"jnews_single_post":{"format":"standard"},"jnews_primary_category":[],"jnews_social_meta":[],"jnews_override_counter":[],"footnotes":""},"categories":[4404],"tags":[120,5339,247,1318],"class_list":["post-178088","post","type-post","status-publish","format-standard","has-post-thumbnail","hentry","category-saude","tag-bem-estar","tag-prisao-de-ventre","tag-qualidade-de-vida","tag-saude-2"],"yoast_head":"<!-- This site is optimized with the Yoast SEO plugin v24.6 - https:\/\/yoast.com\/wordpress\/plugins\/seo\/ -->\n<title>O m\u00e9todo mais eficaz para combater a pris\u00e3o de ventre - Correio Braziliense - Radar<\/title>\n<meta name=\"description\" content=\"Pouca gente sabe que a pris\u00e3o de ventre pode melhorar com alimenta\u00e7\u00e3o, hidrata\u00e7\u00e3o e pequenas mudan\u00e7as na rotina.\" \/>\n<meta name=\"robots\" content=\"index, follow, max-snippet:-1, max-image-preview:large, max-video-preview:-1\" \/>\n<link rel=\"canonical\" href=\"https:\/\/www.correiobraziliense.com.br\/cbradar\/o-metodo-mais-eficaz-para-combater-a-prisao-de-ventre\/\" \/>\n<meta property=\"og:locale\" content=\"pt_BR\" \/>\n<meta property=\"og:type\" content=\"article\" \/>\n<meta property=\"og:title\" content=\"O m\u00e9todo mais eficaz para combater a pris\u00e3o de ventre - Correio Braziliense - Radar\" \/>\n<meta property=\"og:description\" content=\"Pouca gente sabe que a pris\u00e3o de ventre pode melhorar com alimenta\u00e7\u00e3o, hidrata\u00e7\u00e3o e pequenas mudan\u00e7as na rotina.\" \/>\n<meta property=\"og:url\" content=\"https:\/\/www.correiobraziliense.com.br\/cbradar\/o-metodo-mais-eficaz-para-combater-a-prisao-de-ventre\/\" \/>\n<meta property=\"og:site_name\" content=\"Correio Braziliense - Radar\" \/>\n<meta property=\"article:published_time\" content=\"2026-01-20T21:25:00+00:00\" \/>\n<meta property=\"og:image\" content=\"https:\/\/www.correiobraziliense.com.br\/cbradar\/wp-content\/uploads\/2025\/05\/intestino-preso_1748189889593.jpg\" \/>\n\t<meta property=\"og:image:width\" content=\"1280\" \/>\n\t<meta property=\"og:image:height\" content=\"720\" \/>\n\t<meta property=\"og:image:type\" content=\"image\/jpeg\" \/>\n<meta name=\"author\" content=\"guilherme_saude\" \/>\n<meta name=\"twitter:card\" content=\"summary_large_image\" \/>\n<meta name=\"twitter:label1\" content=\"Escrito por\" \/>\n\t<meta name=\"twitter:data1\" content=\"guilherme_saude\" \/>\n\t<meta name=\"twitter:label2\" content=\"Est. tempo de leitura\" \/>\n\t<meta name=\"twitter:data2\" content=\"4 minutos\" \/>\n<!-- \/ Yoast SEO plugin. -->","yoast_head_json":{"title":"O m\u00e9todo mais eficaz para combater a pris\u00e3o de ventre - Correio Braziliense - Radar","description":"Pouca gente sabe que a pris\u00e3o de ventre pode melhorar com alimenta\u00e7\u00e3o, hidrata\u00e7\u00e3o e pequenas mudan\u00e7as na rotina.","robots":{"index":"index","follow":"follow","max-snippet":"max-snippet:-1","max-image-preview":"max-image-preview:large","max-video-preview":"max-video-preview:-1"},"canonical":"https:\/\/www.correiobraziliense.com.br\/cbradar\/o-metodo-mais-eficaz-para-combater-a-prisao-de-ventre\/","og_locale":"pt_BR","og_type":"article","og_title":"O m\u00e9todo mais eficaz para combater a pris\u00e3o de ventre - Correio Braziliense - Radar","og_description":"Pouca gente sabe que a pris\u00e3o de ventre pode melhorar com alimenta\u00e7\u00e3o, hidrata\u00e7\u00e3o e pequenas mudan\u00e7as na rotina.","og_url":"https:\/\/www.correiobraziliense.com.br\/cbradar\/o-metodo-mais-eficaz-para-combater-a-prisao-de-ventre\/","og_site_name":"Correio Braziliense - Radar","article_published_time":"2026-01-20T21:25:00+00:00","og_image":[{"width":1280,"height":720,"url":"https:\/\/www.correiobraziliense.com.br\/cbradar\/wp-content\/uploads\/2025\/05\/intestino-preso_1748189889593.jpg","type":"image\/jpeg"}],"author":"guilherme_saude","twitter_card":"summary_large_image","twitter_misc":{"Escrito por":"guilherme_saude","Est. tempo de leitura":"4 minutos"},"schema":{"@context":"https:\/\/schema.org","@graph":[{"@type":"WebPage","@id":"https:\/\/www.correiobraziliense.com.br\/cbradar\/o-metodo-mais-eficaz-para-combater-a-prisao-de-ventre\/","url":"https:\/\/www.correiobraziliense.com.br\/cbradar\/o-metodo-mais-eficaz-para-combater-a-prisao-de-ventre\/","name":"O m\u00e9todo mais eficaz para combater a pris\u00e3o de ventre - Correio Braziliense - Radar","isPartOf":{"@id":"https:\/\/www.correiobraziliense.com.br\/cbradar\/#website"},"primaryImageOfPage":{"@id":"https:\/\/www.correiobraziliense.com.br\/cbradar\/o-metodo-mais-eficaz-para-combater-a-prisao-de-ventre\/#primaryimage"},"image":{"@id":"https:\/\/www.correiobraziliense.com.br\/cbradar\/o-metodo-mais-eficaz-para-combater-a-prisao-de-ventre\/#primaryimage"},"thumbnailUrl":"https:\/\/www.correiobraziliense.com.br\/cbradar\/wp-content\/uploads\/2025\/05\/intestino-preso_1748189889593.jpg","datePublished":"2026-01-20T21:25:00+00:00","author":{"@id":"https:\/\/www.correiobraziliense.com.br\/cbradar\/#\/schema\/person\/5aa4bf3c8fa699c267933611de12978b"},"description":"Pouca gente sabe que a pris\u00e3o de ventre pode melhorar com alimenta\u00e7\u00e3o, hidrata\u00e7\u00e3o e pequenas mudan\u00e7as na rotina.","breadcrumb":{"@id":"https:\/\/www.correiobraziliense.com.br\/cbradar\/o-metodo-mais-eficaz-para-combater-a-prisao-de-ventre\/#breadcrumb"},"inLanguage":"pt-BR","potentialAction":[{"@type":"ReadAction","target":["https:\/\/www.correiobraziliense.com.br\/cbradar\/o-metodo-mais-eficaz-para-combater-a-prisao-de-ventre\/"]}]},{"@type":"ImageObject","inLanguage":"pt-BR","@id":"https:\/\/www.correiobraziliense.com.br\/cbradar\/o-metodo-mais-eficaz-para-combater-a-prisao-de-ventre\/#primaryimage","url":"https:\/\/www.correiobraziliense.com.br\/cbradar\/wp-content\/uploads\/2025\/05\/intestino-preso_1748189889593.jpg","contentUrl":"https:\/\/www.correiobraziliense.com.br\/cbradar\/wp-content\/uploads\/2025\/05\/intestino-preso_1748189889593.jpg","width":1280,"height":720,"caption":"Pris\u00e3o de ventre - Cr\u00e9ditos: depositphotos.com \/ serezniy"},{"@type":"BreadcrumbList","@id":"https:\/\/www.correiobraziliense.com.br\/cbradar\/o-metodo-mais-eficaz-para-combater-a-prisao-de-ventre\/#breadcrumb","itemListElement":[{"@type":"ListItem","position":1,"name":"In\u00edcio","item":"https:\/\/www.correiobraziliense.com.br\/cbradar\/"},{"@type":"ListItem","position":2,"name":"O m\u00e9todo mais eficaz para combater a pris\u00e3o de ventre"}]},{"@type":"WebSite","@id":"https:\/\/www.correiobraziliense.com.br\/cbradar\/#website","url":"https:\/\/www.correiobraziliense.com.br\/cbradar\/","name":"Correio Braziliense - Radar","description":"Acompanhe as \u00faltimas not\u00edcias e fique bem informado sobre tudo o que acontece no Brasil e no mundo.","potentialAction":[{"@type":"SearchAction","target":{"@type":"EntryPoint","urlTemplate":"https:\/\/www.correiobraziliense.com.br\/cbradar\/?s={search_term_string}"},"query-input":{"@type":"PropertyValueSpecification","valueRequired":true,"valueName":"search_term_string"}}],"inLanguage":"pt-BR"},{"@type":"Person","@id":"https:\/\/www.correiobraziliense.com.br\/cbradar\/#\/schema\/person\/5aa4bf3c8fa699c267933611de12978b","name":"guilherme_saude","image":{"@type":"ImageObject","inLanguage":"pt-BR","@id":"https:\/\/www.correiobraziliense.com.br\/cbradar\/#\/schema\/person\/image\/","url":"https:\/\/secure.gravatar.com\/avatar\/df9adfb835d344bc0af109d41756253f?s=96&d=mm&r=g","contentUrl":"https:\/\/secure.gravatar.com\/avatar\/df9adfb835d344bc0af109d41756253f?s=96&d=mm&r=g","caption":"guilherme_saude"},"url":"https:\/\/www.correiobraziliense.com.br\/cbradar\/author\/guilherme_saude\/"}]}},"_links":{"self":[{"href":"https:\/\/www.correiobraziliense.com.br\/cbradar\/wp-json\/wp\/v2\/posts\/178088","targetHints":{"allow":["GET"]}}],"collection":[{"href":"https:\/\/www.correiobraziliense.com.br\/cbradar\/wp-json\/wp\/v2\/posts"}],"about":[{"href":"https:\/\/www.correiobraziliense.com.br\/cbradar\/wp-json\/wp\/v2\/types\/post"}],"author":[{"embeddable":true,"href":"https:\/\/www.correiobraziliense.com.br\/cbradar\/wp-json\/wp\/v2\/users\/14"}],"replies":[{"embeddable":true,"href":"https:\/\/www.correiobraziliense.com.br\/cbradar\/wp-json\/wp\/v2\/comments?post=178088"}],"version-history":[{"count":1,"href":"https:\/\/www.correiobraziliense.com.br\/cbradar\/wp-json\/wp\/v2\/posts\/178088\/revisions"}],"predecessor-version":[{"id":178089,"href":"https:\/\/www.correiobraziliense.com.br\/cbradar\/wp-json\/wp\/v2\/posts\/178088\/revisions\/178089"}],"wp:featuredmedia":[{"embeddable":true,"href":"https:\/\/www.correiobraziliense.com.br\/cbradar\/wp-json\/wp\/v2\/media\/42781"}],"wp:attachment":[{"href":"https:\/\/www.correiobraziliense.com.br\/cbradar\/wp-json\/wp\/v2\/media?parent=178088"}],"wp:term":[{"taxonomy":"category","embeddable":true,"href":"https:\/\/www.correiobraziliense.com.br\/cbradar\/wp-json\/wp\/v2\/categories?post=178088"},{"taxonomy":"post_tag","embeddable":true,"href":"https:\/\/www.correiobraziliense.com.br\/cbradar\/wp-json\/wp\/v2\/tags?post=178088"}],"curies":[{"name":"wp","href":"https:\/\/api.w.org\/{rel}","templated":true}]}}