{"id":178094,"date":"2026-01-20T21:35:00","date_gmt":"2026-01-21T00:35:00","guid":{"rendered":"https:\/\/www.correiobraziliense.com.br\/cbradar\/?p=178094"},"modified":"2026-01-19T09:04:03","modified_gmt":"2026-01-19T12:04:03","slug":"casa-desorganizada-pode-revelar-algo-sobre-sua-saude-mental","status":"publish","type":"post","link":"https:\/\/www.correiobraziliense.com.br\/cbradar\/casa-desorganizada-pode-revelar-algo-sobre-sua-saude-mental\/","title":{"rendered":"Casa desorganizada pode revelar algo sobre sua sa\u00fade mental"},"content":{"rendered":"\n<p>O estado de organiza\u00e7\u00e3o de um ambiente dom\u00e9stico frequentemente reflete aspectos emocionais e psicol\u00f3gicos dos seus moradores. Quando uma casa n\u00e3o \u00e9 limpa regularmente, isso pode ser sintoma de desafios mais profundos, desde quest\u00f5es de sa\u00fade mental at\u00e9 rotinas di\u00e1rias muito atarefadas. \u00c9 fundamental entender esses contextos para abordar adequadamente a quest\u00e3o da limpeza dom\u00e9stica.<\/p>\n\n\n\n<h2 class=\"wp-block-heading\">O que a desordem em casa pode indicar psicologicamente?<\/h2>\n\n\n\n<p>Aspectos emocionais frequentemente se manifestam na forma como se mant\u00e9m a casa. Indiv\u00edduos que enfrentam depress\u00e3o podem achar exaustivo lidar com tarefas cotidianas, incluindo a limpeza, causando o prolongamento da desorganiza\u00e7\u00e3o. Ansiedade tamb\u00e9m desempenha um papel nesse desafio, j\u00e1 que o processo de arruma\u00e7\u00e3o pode parecer oneroso ou infinito. Em grandes centros urbanos, como S\u00e3o Paulo, o estilo de vida acelerado e o isolamento social potencializam tais dificuldades.<\/p>\n\n\n\n<h2 class=\"wp-block-heading\">De que maneira a vida moderna impacta a organiza\u00e7\u00e3o de um lar?<\/h2>\n\n\n\n<p>O ritmo fren\u00e9tico da vida contempor\u00e2nea pode deixar a organiza\u00e7\u00e3o dom\u00e9stica em segundo plano. Trabalho em excesso e m\u00faltiplas responsabilidades frequentemente esgotam a energia dispon\u00edvel para a manuten\u00e7\u00e3o do lar. Para aqueles que vivem em grandes cidades, o tempo livre muitas vezes \u00e9 dedicado ao descanso ou a atividades sociais, relegando a limpeza a uma posi\u00e7\u00e3o de menor import\u00e2ncia. Este padr\u00e3o reflete como as prioridades da vida moderna afetam o ambiente dom\u00e9stico.<\/p>\n\n\n<div class=\"wp-block-image\">\n<figure class=\"aligncenter size-large\"><img decoding=\"async\" width=\"1024\" height=\"576\" src=\"https:\/\/www.correiobraziliense.com.br\/cbradar\/wp-content\/uploads\/2026\/01\/Casa-desorganizada_1768824199014-1-1024x576.jpg\" alt=\"\" class=\"wp-image-178097\" srcset=\"https:\/\/www.correiobraziliense.com.br\/cbradar\/wp-content\/uploads\/2026\/01\/Casa-desorganizada_1768824199014-1-1024x576.jpg 1024w, https:\/\/www.correiobraziliense.com.br\/cbradar\/wp-content\/uploads\/2026\/01\/Casa-desorganizada_1768824199014-1-300x169.jpg 300w, https:\/\/www.correiobraziliense.com.br\/cbradar\/wp-content\/uploads\/2026\/01\/Casa-desorganizada_1768824199014-1-768x432.jpg 768w, https:\/\/www.correiobraziliense.com.br\/cbradar\/wp-content\/uploads\/2026\/01\/Casa-desorganizada_1768824199014-1-750x422.jpg 750w, https:\/\/www.correiobraziliense.com.br\/cbradar\/wp-content\/uploads\/2026\/01\/Casa-desorganizada_1768824199014-1-1140x641.jpg 1140w, https:\/\/www.correiobraziliense.com.br\/cbradar\/wp-content\/uploads\/2026\/01\/Casa-desorganizada_1768824199014-1.jpg 1280w\" sizes=\"(max-width: 1024px) 100vw, 1024px\" \/><figcaption class=\"wp-element-caption\">Casa desorganizada -Cr\u00e9ditos: depositphotos.com \/ andron19821982<\/figcaption><\/figure><\/div>\n\n\n<h2 class=\"wp-block-heading\">Quais s\u00e3o os efeitos da aus\u00eancia de limpeza na sa\u00fade f\u00edsica?<\/h2>\n\n\n\n<p>Negligenciar a limpeza dom\u00e9stica pode ter s\u00e9rios impactos na sa\u00fade f\u00edsica. Poeira e mofo acumulados s\u00e3o gatilhos comuns para problemas respirat\u00f3rios e alergias. Pragas atra\u00eddas por restos de comida representam riscos \u00e0 seguran\u00e7a alimentar. Segundo dados da Organiza\u00e7\u00e3o Mundial da <a href=\"https:\/\/www.correiobraziliense.com.br\/cbradar\/dr-cesar-cimonari-neurocirurgiao-cefaleia-secundaria-pode-indicar-doenca-grave\/\" target=\"_blank\" rel=\"noreferrer noopener\">Sa\u00fade<\/a>, a falta de higiene em casa \u00e9 um fator contribuidor para o aumento de alergias e problemas respirat\u00f3rios em crian\u00e7as e idosos. Assim, a manuten\u00e7\u00e3o regular \u00e9 essencial para um espa\u00e7o de vida saud\u00e1vel.<\/p>\n\n\n\n<h2 class=\"wp-block-heading\">Quais estrat\u00e9gias podem ajudar na organiza\u00e7\u00e3o da casa apesar do tempo limitado?<\/h2>\n\n\n\n<p>Para aqueles que querem uma casa mais organizada, mesmo com uma vida atarefada, algumas estrat\u00e9gias podem ser efetivas. Implementar rotinas de pequenas tarefas di\u00e1rias impede o ac\u00famulo de bagun\u00e7a. Dividir responsabilidades com outros membros da fam\u00edlia ou considerar contratar servi\u00e7os de limpeza profissional pode ser \u00fatil. O uso de aplicativos digitais para programar e lembrar de tarefas dom\u00e9sticas tamb\u00e9m pode auxiliar na gest\u00e3o do tempo dedicado \u00e0 manuten\u00e7\u00e3o do lar.<\/p>\n\n\n\n<p>Portanto, a manuten\u00e7\u00e3o da limpeza de uma casa n\u00e3o s\u00f3 melhora a qualidade de vida dos moradores, mas tamb\u00e9m pode trazer insights sobre o estado emocional dos mesmos. Compreender e agir conforme essas din\u00e2micas contribui para um ambiente dom\u00e9stico harmonioso e em equil\u00edbrio.<\/p>\n\n\n<a href=\"https:\/\/www.instagram.com\/dra.annaluisabf\/\" target=\"_blank\" rel=\"noopener\" style=\"text-decoration: none; color: inherit;\">\n    <span style=\"display: inline-block; border: 1px solid #ccc; border-radius: 10px; padding: 15px; max-width: 550px; font-family: sans-serif; box-shadow: 0 2px 5px rgba(0,0,0,0.1); width: 100%;\">\n\n      <!-- T\u00edtulo -->\n      <span style=\"display: block; margin: 0 0 15px 0; font-weight: bold; color: #2c3e50; text-align: center;\">\n        Entre em contato:\n      <\/span>\n\n      <!-- Linha do perfil -->\n      <span style=\"display: flex; align-items: center; gap: 15px;\">\n        <img decoding=\"async\"\n          src=\"https:\/\/www.correiobraziliense.com.br\/cbradar\/wp-content\/uploads\/2025\/08\/dra_anna_luisa.jpeg\"\n          alt=\"Foto da Dra. Anna Lu\u00edsa\"\n          style=\"border-radius: 50%; width: 80px; height: 80px; object-fit: cover;\"\n        \/>\n        <span style=\"display: flex; flex-direction: column;\">\n          <span style=\"font-size: 18px; font-weight: 700; color: #2c3e50;\">Dra. Anna Lu\u00edsa Barbosa Fernandes<\/span>\n          <span style=\"color: #555;\">CRM-GO 33.271<\/span>\n        <\/span>\n      <\/span>\n\n      <!-- Redes -->\n      <span style=\"display: flex; align-items: center; gap: 10px; margin-top: 12px;\">\n        <img decoding=\"async\" src=\"https:\/\/cdn-icons-png.flaticon.com\/24\/1384\/1384063.png\" alt=\"Instagram\" width=\"24\" height=\"24\" \/>\n        <span style=\"text-decoration: underline; color: #2c3e50;\">@dra.annaluisabf<\/span>\n      <\/span>\n\n    <\/span>\n  <\/a>","protected":false},"excerpt":{"rendered":"<p>O estado de organiza\u00e7\u00e3o de um ambiente dom\u00e9stico frequentemente reflete aspectos emocionais e psicol\u00f3gicos dos seus moradores. Quando uma casa n\u00e3o \u00e9 limpa regularmente, isso pode ser sintoma de desafios mais profundos, desde quest\u00f5es de sa\u00fade mental at\u00e9 rotinas di\u00e1rias muito atarefadas. \u00c9 fundamental entender esses contextos para abordar adequadamente a quest\u00e3o da limpeza dom\u00e9stica. [&hellip;]<\/p>\n","protected":false},"author":14,"featured_media":178095,"comment_status":"open","ping_status":"open","sticky":false,"template":"","format":"standard","meta":{"_yoast_wpseo_focuskw":"Casa desorganizada","_yoast_wpseo_title":"","_yoast_wpseo_metadesc":"Uma casa desorganizada pode refletir mais do que rotina corrida e estar ligada a fatores emocionais e de sa\u00fade.","jnews-multi-image_gallery":[],"jnews_single_post":{"format":"standard"},"jnews_primary_category":[],"jnews_social_meta":[],"jnews_override_counter":[],"footnotes":""},"categories":[4404],"tags":[120,247,1318],"class_list":["post-178094","post","type-post","status-publish","format-standard","has-post-thumbnail","hentry","category-saude","tag-bem-estar","tag-qualidade-de-vida","tag-saude-2"],"yoast_head":"<!-- This site is optimized with the Yoast SEO plugin v24.6 - https:\/\/yoast.com\/wordpress\/plugins\/seo\/ -->\n<title>Casa desorganizada pode revelar algo sobre sua sa\u00fade mental - Correio Braziliense - Radar<\/title>\n<meta name=\"description\" content=\"Uma casa desorganizada pode refletir mais do que rotina corrida e estar ligada a fatores emocionais e de sa\u00fade.\" \/>\n<meta name=\"robots\" content=\"index, follow, max-snippet:-1, max-image-preview:large, max-video-preview:-1\" \/>\n<link rel=\"canonical\" href=\"https:\/\/www.correiobraziliense.com.br\/cbradar\/casa-desorganizada-pode-revelar-algo-sobre-sua-saude-mental\/\" \/>\n<meta property=\"og:locale\" content=\"pt_BR\" \/>\n<meta property=\"og:type\" content=\"article\" \/>\n<meta property=\"og:title\" content=\"Casa desorganizada pode revelar algo sobre sua sa\u00fade mental - Correio Braziliense - Radar\" \/>\n<meta property=\"og:description\" content=\"Uma casa desorganizada pode refletir mais do que rotina corrida e estar ligada a fatores emocionais e de sa\u00fade.\" \/>\n<meta property=\"og:url\" content=\"https:\/\/www.correiobraziliense.com.br\/cbradar\/casa-desorganizada-pode-revelar-algo-sobre-sua-saude-mental\/\" \/>\n<meta property=\"og:site_name\" content=\"Correio Braziliense - Radar\" \/>\n<meta property=\"article:published_time\" content=\"2026-01-21T00:35:00+00:00\" \/>\n<meta property=\"og:image\" content=\"https:\/\/www.correiobraziliense.com.br\/cbradar\/wp-content\/uploads\/2026\/01\/Casa-desorganizada_1768824170522.jpg\" \/>\n\t<meta property=\"og:image:width\" content=\"1280\" \/>\n\t<meta property=\"og:image:height\" content=\"720\" \/>\n\t<meta property=\"og:image:type\" content=\"image\/jpeg\" \/>\n<meta name=\"author\" content=\"guilherme_saude\" \/>\n<meta name=\"twitter:card\" content=\"summary_large_image\" \/>\n<meta name=\"twitter:label1\" content=\"Escrito por\" \/>\n\t<meta name=\"twitter:data1\" content=\"guilherme_saude\" \/>\n\t<meta name=\"twitter:label2\" content=\"Est. tempo de leitura\" \/>\n\t<meta name=\"twitter:data2\" content=\"4 minutos\" \/>\n<!-- \/ Yoast SEO plugin. -->","yoast_head_json":{"title":"Casa desorganizada pode revelar algo sobre sua sa\u00fade mental - Correio Braziliense - Radar","description":"Uma casa desorganizada pode refletir mais do que rotina corrida e estar ligada a fatores emocionais e de sa\u00fade.","robots":{"index":"index","follow":"follow","max-snippet":"max-snippet:-1","max-image-preview":"max-image-preview:large","max-video-preview":"max-video-preview:-1"},"canonical":"https:\/\/www.correiobraziliense.com.br\/cbradar\/casa-desorganizada-pode-revelar-algo-sobre-sua-saude-mental\/","og_locale":"pt_BR","og_type":"article","og_title":"Casa desorganizada pode revelar algo sobre sua sa\u00fade mental - Correio Braziliense - Radar","og_description":"Uma casa desorganizada pode refletir mais do que rotina corrida e estar ligada a fatores emocionais e de sa\u00fade.","og_url":"https:\/\/www.correiobraziliense.com.br\/cbradar\/casa-desorganizada-pode-revelar-algo-sobre-sua-saude-mental\/","og_site_name":"Correio Braziliense - Radar","article_published_time":"2026-01-21T00:35:00+00:00","og_image":[{"width":1280,"height":720,"url":"https:\/\/www.correiobraziliense.com.br\/cbradar\/wp-content\/uploads\/2026\/01\/Casa-desorganizada_1768824170522.jpg","type":"image\/jpeg"}],"author":"guilherme_saude","twitter_card":"summary_large_image","twitter_misc":{"Escrito por":"guilherme_saude","Est. tempo de leitura":"4 minutos"},"schema":{"@context":"https:\/\/schema.org","@graph":[{"@type":"WebPage","@id":"https:\/\/www.correiobraziliense.com.br\/cbradar\/casa-desorganizada-pode-revelar-algo-sobre-sua-saude-mental\/","url":"https:\/\/www.correiobraziliense.com.br\/cbradar\/casa-desorganizada-pode-revelar-algo-sobre-sua-saude-mental\/","name":"Casa desorganizada pode revelar algo sobre sua sa\u00fade mental - Correio Braziliense - Radar","isPartOf":{"@id":"https:\/\/www.correiobraziliense.com.br\/cbradar\/#website"},"primaryImageOfPage":{"@id":"https:\/\/www.correiobraziliense.com.br\/cbradar\/casa-desorganizada-pode-revelar-algo-sobre-sua-saude-mental\/#primaryimage"},"image":{"@id":"https:\/\/www.correiobraziliense.com.br\/cbradar\/casa-desorganizada-pode-revelar-algo-sobre-sua-saude-mental\/#primaryimage"},"thumbnailUrl":"https:\/\/www.correiobraziliense.com.br\/cbradar\/wp-content\/uploads\/2026\/01\/Casa-desorganizada_1768824170522.jpg","datePublished":"2026-01-21T00:35:00+00:00","author":{"@id":"https:\/\/www.correiobraziliense.com.br\/cbradar\/#\/schema\/person\/5aa4bf3c8fa699c267933611de12978b"},"description":"Uma casa desorganizada pode refletir mais do que rotina corrida e estar ligada a fatores emocionais e de sa\u00fade.","breadcrumb":{"@id":"https:\/\/www.correiobraziliense.com.br\/cbradar\/casa-desorganizada-pode-revelar-algo-sobre-sua-saude-mental\/#breadcrumb"},"inLanguage":"pt-BR","potentialAction":[{"@type":"ReadAction","target":["https:\/\/www.correiobraziliense.com.br\/cbradar\/casa-desorganizada-pode-revelar-algo-sobre-sua-saude-mental\/"]}]},{"@type":"ImageObject","inLanguage":"pt-BR","@id":"https:\/\/www.correiobraziliense.com.br\/cbradar\/casa-desorganizada-pode-revelar-algo-sobre-sua-saude-mental\/#primaryimage","url":"https:\/\/www.correiobraziliense.com.br\/cbradar\/wp-content\/uploads\/2026\/01\/Casa-desorganizada_1768824170522.jpg","contentUrl":"https:\/\/www.correiobraziliense.com.br\/cbradar\/wp-content\/uploads\/2026\/01\/Casa-desorganizada_1768824170522.jpg","width":1280,"height":720,"caption":"Casa desorganizada - Cr\u00e9ditos: depositphotos.com \/ studioluckyaa"},{"@type":"BreadcrumbList","@id":"https:\/\/www.correiobraziliense.com.br\/cbradar\/casa-desorganizada-pode-revelar-algo-sobre-sua-saude-mental\/#breadcrumb","itemListElement":[{"@type":"ListItem","position":1,"name":"In\u00edcio","item":"https:\/\/www.correiobraziliense.com.br\/cbradar\/"},{"@type":"ListItem","position":2,"name":"Casa desorganizada pode revelar algo sobre sua sa\u00fade mental"}]},{"@type":"WebSite","@id":"https:\/\/www.correiobraziliense.com.br\/cbradar\/#website","url":"https:\/\/www.correiobraziliense.com.br\/cbradar\/","name":"Correio Braziliense - Radar","description":"Acompanhe as \u00faltimas not\u00edcias e fique bem informado sobre tudo o que acontece no Brasil e no mundo.","potentialAction":[{"@type":"SearchAction","target":{"@type":"EntryPoint","urlTemplate":"https:\/\/www.correiobraziliense.com.br\/cbradar\/?s={search_term_string}"},"query-input":{"@type":"PropertyValueSpecification","valueRequired":true,"valueName":"search_term_string"}}],"inLanguage":"pt-BR"},{"@type":"Person","@id":"https:\/\/www.correiobraziliense.com.br\/cbradar\/#\/schema\/person\/5aa4bf3c8fa699c267933611de12978b","name":"guilherme_saude","image":{"@type":"ImageObject","inLanguage":"pt-BR","@id":"https:\/\/www.correiobraziliense.com.br\/cbradar\/#\/schema\/person\/image\/","url":"https:\/\/secure.gravatar.com\/avatar\/df9adfb835d344bc0af109d41756253f?s=96&d=mm&r=g","contentUrl":"https:\/\/secure.gravatar.com\/avatar\/df9adfb835d344bc0af109d41756253f?s=96&d=mm&r=g","caption":"guilherme_saude"},"url":"https:\/\/www.correiobraziliense.com.br\/cbradar\/author\/guilherme_saude\/"}]}},"_links":{"self":[{"href":"https:\/\/www.correiobraziliense.com.br\/cbradar\/wp-json\/wp\/v2\/posts\/178094","targetHints":{"allow":["GET"]}}],"collection":[{"href":"https:\/\/www.correiobraziliense.com.br\/cbradar\/wp-json\/wp\/v2\/posts"}],"about":[{"href":"https:\/\/www.correiobraziliense.com.br\/cbradar\/wp-json\/wp\/v2\/types\/post"}],"author":[{"embeddable":true,"href":"https:\/\/www.correiobraziliense.com.br\/cbradar\/wp-json\/wp\/v2\/users\/14"}],"replies":[{"embeddable":true,"href":"https:\/\/www.correiobraziliense.com.br\/cbradar\/wp-json\/wp\/v2\/comments?post=178094"}],"version-history":[{"count":1,"href":"https:\/\/www.correiobraziliense.com.br\/cbradar\/wp-json\/wp\/v2\/posts\/178094\/revisions"}],"predecessor-version":[{"id":178098,"href":"https:\/\/www.correiobraziliense.com.br\/cbradar\/wp-json\/wp\/v2\/posts\/178094\/revisions\/178098"}],"wp:featuredmedia":[{"embeddable":true,"href":"https:\/\/www.correiobraziliense.com.br\/cbradar\/wp-json\/wp\/v2\/media\/178095"}],"wp:attachment":[{"href":"https:\/\/www.correiobraziliense.com.br\/cbradar\/wp-json\/wp\/v2\/media?parent=178094"}],"wp:term":[{"taxonomy":"category","embeddable":true,"href":"https:\/\/www.correiobraziliense.com.br\/cbradar\/wp-json\/wp\/v2\/categories?post=178094"},{"taxonomy":"post_tag","embeddable":true,"href":"https:\/\/www.correiobraziliense.com.br\/cbradar\/wp-json\/wp\/v2\/tags?post=178094"}],"curies":[{"name":"wp","href":"https:\/\/api.w.org\/{rel}","templated":true}]}}