{"id":178100,"date":"2026-01-21T06:05:00","date_gmt":"2026-01-21T09:05:00","guid":{"rendered":"https:\/\/www.correiobraziliense.com.br\/cbradar\/?p=178100"},"modified":"2026-01-19T09:06:56","modified_gmt":"2026-01-19T12:06:56","slug":"poucos-percebem-os-efeitos-de-ser-ignorado-quando-crianca","status":"publish","type":"post","link":"https:\/\/www.correiobraziliense.com.br\/cbradar\/poucos-percebem-os-efeitos-de-ser-ignorado-quando-crianca\/","title":{"rendered":"Poucos percebem os efeitos de ser ignorado quando crian\u00e7a"},"content":{"rendered":"\n<p><strong>Ignorar uma Crian\u00e7a <\/strong>pode ter consequ\u00eancias profundas e duradouras que se estendem at\u00e9 a vida adulta. Quando uma crian\u00e7a se sente invis\u00edvel ou n\u00e3o valorizada, isso pode influenciar seu desenvolvimento emocional e psicol\u00f3gico, deixando marcas que afetam seus relacionamentos e sua vis\u00e3o de mundo. Essa neglig\u00eancia emocional pode se manifestar de v\u00e1rias formas, levando \u00e0 inseguran\u00e7a, procrastina\u00e7\u00e3o e \u00e0 busca incessante por aprova\u00e7\u00e3o.<\/p>\n\n\n\n<p>A sensa\u00e7\u00e3o de ser ignorado na inf\u00e2ncia muitas vezes est\u00e1 relacionada \u00e0 din\u00e2mica familiar. Pais ou respons\u00e1veis absortos em suas pr\u00f3prias preocupa\u00e7\u00f5es, favoritismo expl\u00edcito ou falta de aten\u00e7\u00e3o de maneira geral podem contribuir para que uma crian\u00e7a se sinta distante e desvalorizada. Essa falta de reconhecimento e suporte afeta a autoestima ao longo da vida, levando a dificuldades na comunica\u00e7\u00e3o e no estabelecimento de limites saud\u00e1veis em relacionamentos futuros.<\/p>\n\n\n\n<h2 class=\"wp-block-heading\">O que leva uma pessoa a se sentir ignorada na inf\u00e2ncia?<\/h2>\n\n\n\n<p>Existem diversos fatores que podem fazer uma crian\u00e7a sentir-se ignorada. Muitas vezes, a aus\u00eancia emocional dos pais, que podem estar sobrecarregados com suas pr\u00f3prias responsabilidades ou desafios pessoais, resulta em falta de aten\u00e7\u00e3o e carinho. O desinteresse por atividades da crian\u00e7a, prefer\u00eancias evidentes por outros irm\u00e3os, ou at\u00e9 mesmo a falta de comunica\u00e7\u00e3o podem contribuir para essa sensa\u00e7\u00e3o de neglig\u00eancia.<\/p>\n\n\n<div class=\"wp-block-image\">\n<figure class=\"aligncenter size-large\"><img decoding=\"async\" width=\"1024\" height=\"576\" src=\"https:\/\/www.correiobraziliense.com.br\/cbradar\/wp-content\/uploads\/2026\/01\/Ignorar-uma-Crianca-_1768824357773-1024x576.jpg\" alt=\"\" class=\"wp-image-178102\" srcset=\"https:\/\/www.correiobraziliense.com.br\/cbradar\/wp-content\/uploads\/2026\/01\/Ignorar-uma-Crianca-_1768824357773-1024x576.jpg 1024w, https:\/\/www.correiobraziliense.com.br\/cbradar\/wp-content\/uploads\/2026\/01\/Ignorar-uma-Crianca-_1768824357773-300x169.jpg 300w, https:\/\/www.correiobraziliense.com.br\/cbradar\/wp-content\/uploads\/2026\/01\/Ignorar-uma-Crianca-_1768824357773-768x432.jpg 768w, https:\/\/www.correiobraziliense.com.br\/cbradar\/wp-content\/uploads\/2026\/01\/Ignorar-uma-Crianca-_1768824357773-750x422.jpg 750w, https:\/\/www.correiobraziliense.com.br\/cbradar\/wp-content\/uploads\/2026\/01\/Ignorar-uma-Crianca-_1768824357773-1140x641.jpg 1140w, https:\/\/www.correiobraziliense.com.br\/cbradar\/wp-content\/uploads\/2026\/01\/Ignorar-uma-Crianca-_1768824357773.jpg 1280w\" sizes=\"(max-width: 1024px) 100vw, 1024px\" \/><figcaption class=\"wp-element-caption\">Ignorar uma Crian\u00e7a &#8211; Cr\u00e9ditos: depositphotos.com \/ theshots.contributor@gmail.com<\/figcaption><\/figure><\/div>\n\n\n<p>Outra forma de esse sentimento surgir \u00e9 atrav\u00e9s de compara\u00e7\u00f5es constantes. Crian\u00e7as frequentemente comparadas a irm\u00e3os ou colegas tendem a internalizar uma percep\u00e7\u00e3o de inadequa\u00e7\u00e3o. Isso se agrava quando s\u00e3o estabelecidos padr\u00f5es inating\u00edveis de comportamento ou sucesso, levando \u00e0 constante busca por aprova\u00e7\u00e3o e valida\u00e7\u00e3o externa.<\/p>\n\n\n\n<h2 class=\"wp-block-heading\">Quais s\u00e3o os sinais de adultos que foram ignorados quando crian\u00e7as?<\/h2>\n\n\n\n<p>Adultos que experimentaram a neglig\u00eancia emocional na inf\u00e2ncia podem apresentar caracter\u00edsticas distintivas. Baixa autoestima \u00e9 uma delas, frequentemente acompanhada por indecis\u00e3o e tend\u00eancia a evitar conflitos, se esfor\u00e7ando ao m\u00e1ximo para agradar aos outros. Essa necessidade incessante por valida\u00e7\u00e3o externa pode levar ao esgotamento emocional e \u00e0 incapacidade de estabelecer limites claros em suas vidas pessoais e profissionais.<\/p>\n\n\n\n<ul class=\"wp-block-list\">\n<li><strong>Inseguran\u00e7a exacerbada:<\/strong>\u00a0\u00c9 comum que essas pessoas duvidem de suas habilidades e temam julgamentos.<\/li>\n\n\n\n<li><strong>Busca por aprova\u00e7\u00e3o:<\/strong>\u00a0Sentem necessidade de serem aceitos e elogiados constantemente.<\/li>\n\n\n\n<li><strong>Procrastina\u00e7\u00e3o em decis\u00f5es:<\/strong>\u00a0Adiar decis\u00f5es importantes \u00e9 uma forma de evitar poss\u00edveis falhas ou rejei\u00e7\u00e3o.<\/li>\n<\/ul>\n\n\n\n<h2 class=\"wp-block-heading\">Como lidar com os efeitos de ter sido ignorado na inf\u00e2ncia?<\/h2>\n\n\n\n<p>Superar os efeitos de ter sido ignorado requer esfor\u00e7o consciente e, muitas vezes, apoio profissional. A terapia \u00e9 uma ferramenta poderosa para explorar experi\u00eancias passadas e curar feridas emocionais. Psican\u00e1lise, terapia cognitivo-comportamental e outras modalidades terap\u00eauticas podem ajudar indiv\u00edduos a redefinirem sua autoestima e romperem ciclos de busca por aprova\u00e7\u00e3o.<\/p>\n\n\n\n<p>Al\u00e9m disso, investir em relacionamentos onde haja respeito e reconhecimento \u00e9 crucial. Conex\u00f5es saud\u00e1veis e seguras promovem um ambiente em que o indiv\u00edduo se sente valorizado, o que pode contrabalan\u00e7ar experi\u00eancias passadas de neglig\u00eancia <a href=\"https:\/\/www.correiobraziliense.com.br\/cbradar\/dr-cesar-cimonari-neurocirurgiao-cefaleia-secundaria-pode-indicar-doenca-grave\/\" target=\"_blank\" rel=\"noreferrer noopener\">emocional<\/a>.<\/p>\n\n\n\n<h2 class=\"wp-block-heading\">Rumo a um futuro mais saud\u00e1vel e consciente<\/h2>\n\n\n\n<p>A conscientiza\u00e7\u00e3o dos padr\u00f5es comportamentais e a busca por mudan\u00e7a s\u00e3o passos vitais para um futuro emocionalmente saud\u00e1vel. \u00c9 importante investir em pr\u00e1ticas que priorizem o autocuidado e reforcem a autorreflex\u00e3o. Construa rela\u00e7\u00f5es que forne\u00e7am seguran\u00e7a, reconhecimento e amor pr\u00f3prio, criando assim uma base s\u00f3lida para o crescimento pessoal cont\u00ednuo.<\/p>\n\n\n<a href=\"https:\/\/www.instagram.com\/dra.annaluisabf\/\" target=\"_blank\" rel=\"noopener\" style=\"text-decoration: none; color: inherit;\">\n    <span style=\"display: inline-block; border: 1px solid #ccc; border-radius: 10px; padding: 15px; max-width: 550px; font-family: sans-serif; box-shadow: 0 2px 5px rgba(0,0,0,0.1); width: 100%;\">\n\n      <!-- T\u00edtulo -->\n      <span style=\"display: block; margin: 0 0 15px 0; font-weight: bold; color: #2c3e50; text-align: center;\">\n        Entre em contato:\n      <\/span>\n\n      <!-- Linha do perfil -->\n      <span style=\"display: flex; align-items: center; gap: 15px;\">\n        <img decoding=\"async\"\n          src=\"https:\/\/www.correiobraziliense.com.br\/cbradar\/wp-content\/uploads\/2025\/08\/dra_anna_luisa.jpeg\"\n          alt=\"Foto da Dra. Anna Lu\u00edsa\"\n          style=\"border-radius: 50%; width: 80px; height: 80px; object-fit: cover;\"\n        \/>\n        <span style=\"display: flex; flex-direction: column;\">\n          <span style=\"font-size: 18px; font-weight: 700; color: #2c3e50;\">Dra. Anna Lu\u00edsa Barbosa Fernandes<\/span>\n          <span style=\"color: #555;\">CRM-GO 33.271<\/span>\n        <\/span>\n      <\/span>\n\n      <!-- Redes -->\n      <span style=\"display: flex; align-items: center; gap: 10px; margin-top: 12px;\">\n        <img decoding=\"async\" src=\"https:\/\/cdn-icons-png.flaticon.com\/24\/1384\/1384063.png\" alt=\"Instagram\" width=\"24\" height=\"24\" \/>\n        <span style=\"text-decoration: underline; color: #2c3e50;\">@dra.annaluisabf<\/span>\n      <\/span>\n\n    <\/span>\n  <\/a>","protected":false},"excerpt":{"rendered":"<p>Ignorar uma Crian\u00e7a pode ter consequ\u00eancias profundas e duradouras que se estendem at\u00e9 a vida adulta. Quando uma crian\u00e7a se sente invis\u00edvel ou n\u00e3o valorizada, isso pode influenciar seu desenvolvimento emocional e psicol\u00f3gico, deixando marcas que afetam seus relacionamentos e sua vis\u00e3o de mundo. Essa neglig\u00eancia emocional pode se manifestar de v\u00e1rias formas, levando \u00e0 [&hellip;]<\/p>\n","protected":false},"author":14,"featured_media":178101,"comment_status":"open","ping_status":"open","sticky":false,"template":"","format":"standard","meta":{"_yoast_wpseo_focuskw":"Ignorar uma Crian\u00e7a","_yoast_wpseo_title":"","_yoast_wpseo_metadesc":"Pouca gente entende como ser ignorado na inf\u00e2ncia influencia comportamentos e inseguran\u00e7as na vida adulta.","jnews-multi-image_gallery":[],"jnews_single_post":{"format":"standard"},"jnews_primary_category":[],"jnews_social_meta":[],"jnews_override_counter":[],"footnotes":""},"categories":[4404],"tags":[120,247,1318],"class_list":["post-178100","post","type-post","status-publish","format-standard","has-post-thumbnail","hentry","category-saude","tag-bem-estar","tag-qualidade-de-vida","tag-saude-2"],"yoast_head":"<!-- This site is optimized with the Yoast SEO plugin v24.6 - https:\/\/yoast.com\/wordpress\/plugins\/seo\/ -->\n<title>Poucos percebem os efeitos de ser ignorado quando crian\u00e7a - Correio Braziliense - Radar<\/title>\n<meta name=\"description\" content=\"Pouca gente entende como ser ignorado na inf\u00e2ncia influencia comportamentos e inseguran\u00e7as na vida adulta.\" \/>\n<meta name=\"robots\" content=\"index, follow, max-snippet:-1, max-image-preview:large, max-video-preview:-1\" \/>\n<link rel=\"canonical\" href=\"https:\/\/www.correiobraziliense.com.br\/cbradar\/poucos-percebem-os-efeitos-de-ser-ignorado-quando-crianca\/\" \/>\n<meta property=\"og:locale\" content=\"pt_BR\" \/>\n<meta property=\"og:type\" content=\"article\" \/>\n<meta property=\"og:title\" content=\"Poucos percebem os efeitos de ser ignorado quando crian\u00e7a - Correio Braziliense - Radar\" \/>\n<meta property=\"og:description\" content=\"Pouca gente entende como ser ignorado na inf\u00e2ncia influencia comportamentos e inseguran\u00e7as na vida adulta.\" \/>\n<meta property=\"og:url\" content=\"https:\/\/www.correiobraziliense.com.br\/cbradar\/poucos-percebem-os-efeitos-de-ser-ignorado-quando-crianca\/\" \/>\n<meta property=\"og:site_name\" content=\"Correio Braziliense - Radar\" \/>\n<meta property=\"article:published_time\" content=\"2026-01-21T09:05:00+00:00\" \/>\n<meta property=\"og:image\" content=\"https:\/\/www.correiobraziliense.com.br\/cbradar\/wp-content\/uploads\/2026\/01\/Ignorar-uma-Crianca-_1768824325644.jpg\" \/>\n\t<meta property=\"og:image:width\" content=\"1280\" \/>\n\t<meta property=\"og:image:height\" content=\"720\" \/>\n\t<meta property=\"og:image:type\" content=\"image\/jpeg\" \/>\n<meta name=\"author\" content=\"guilherme_saude\" \/>\n<meta name=\"twitter:card\" content=\"summary_large_image\" \/>\n<meta name=\"twitter:label1\" content=\"Escrito por\" \/>\n\t<meta name=\"twitter:data1\" content=\"guilherme_saude\" \/>\n\t<meta name=\"twitter:label2\" content=\"Est. tempo de leitura\" \/>\n\t<meta name=\"twitter:data2\" content=\"4 minutos\" \/>\n<!-- \/ Yoast SEO plugin. -->","yoast_head_json":{"title":"Poucos percebem os efeitos de ser ignorado quando crian\u00e7a - Correio Braziliense - Radar","description":"Pouca gente entende como ser ignorado na inf\u00e2ncia influencia comportamentos e inseguran\u00e7as na vida adulta.","robots":{"index":"index","follow":"follow","max-snippet":"max-snippet:-1","max-image-preview":"max-image-preview:large","max-video-preview":"max-video-preview:-1"},"canonical":"https:\/\/www.correiobraziliense.com.br\/cbradar\/poucos-percebem-os-efeitos-de-ser-ignorado-quando-crianca\/","og_locale":"pt_BR","og_type":"article","og_title":"Poucos percebem os efeitos de ser ignorado quando crian\u00e7a - Correio Braziliense - Radar","og_description":"Pouca gente entende como ser ignorado na inf\u00e2ncia influencia comportamentos e inseguran\u00e7as na vida adulta.","og_url":"https:\/\/www.correiobraziliense.com.br\/cbradar\/poucos-percebem-os-efeitos-de-ser-ignorado-quando-crianca\/","og_site_name":"Correio Braziliense - Radar","article_published_time":"2026-01-21T09:05:00+00:00","og_image":[{"width":1280,"height":720,"url":"https:\/\/www.correiobraziliense.com.br\/cbradar\/wp-content\/uploads\/2026\/01\/Ignorar-uma-Crianca-_1768824325644.jpg","type":"image\/jpeg"}],"author":"guilherme_saude","twitter_card":"summary_large_image","twitter_misc":{"Escrito por":"guilherme_saude","Est. tempo de leitura":"4 minutos"},"schema":{"@context":"https:\/\/schema.org","@graph":[{"@type":"WebPage","@id":"https:\/\/www.correiobraziliense.com.br\/cbradar\/poucos-percebem-os-efeitos-de-ser-ignorado-quando-crianca\/","url":"https:\/\/www.correiobraziliense.com.br\/cbradar\/poucos-percebem-os-efeitos-de-ser-ignorado-quando-crianca\/","name":"Poucos percebem os efeitos de ser ignorado quando crian\u00e7a - Correio Braziliense - Radar","isPartOf":{"@id":"https:\/\/www.correiobraziliense.com.br\/cbradar\/#website"},"primaryImageOfPage":{"@id":"https:\/\/www.correiobraziliense.com.br\/cbradar\/poucos-percebem-os-efeitos-de-ser-ignorado-quando-crianca\/#primaryimage"},"image":{"@id":"https:\/\/www.correiobraziliense.com.br\/cbradar\/poucos-percebem-os-efeitos-de-ser-ignorado-quando-crianca\/#primaryimage"},"thumbnailUrl":"https:\/\/www.correiobraziliense.com.br\/cbradar\/wp-content\/uploads\/2026\/01\/Ignorar-uma-Crianca-_1768824325644.jpg","datePublished":"2026-01-21T09:05:00+00:00","author":{"@id":"https:\/\/www.correiobraziliense.com.br\/cbradar\/#\/schema\/person\/5aa4bf3c8fa699c267933611de12978b"},"description":"Pouca gente entende como ser ignorado na inf\u00e2ncia influencia comportamentos e inseguran\u00e7as na vida adulta.","breadcrumb":{"@id":"https:\/\/www.correiobraziliense.com.br\/cbradar\/poucos-percebem-os-efeitos-de-ser-ignorado-quando-crianca\/#breadcrumb"},"inLanguage":"pt-BR","potentialAction":[{"@type":"ReadAction","target":["https:\/\/www.correiobraziliense.com.br\/cbradar\/poucos-percebem-os-efeitos-de-ser-ignorado-quando-crianca\/"]}]},{"@type":"ImageObject","inLanguage":"pt-BR","@id":"https:\/\/www.correiobraziliense.com.br\/cbradar\/poucos-percebem-os-efeitos-de-ser-ignorado-quando-crianca\/#primaryimage","url":"https:\/\/www.correiobraziliense.com.br\/cbradar\/wp-content\/uploads\/2026\/01\/Ignorar-uma-Crianca-_1768824325644.jpg","contentUrl":"https:\/\/www.correiobraziliense.com.br\/cbradar\/wp-content\/uploads\/2026\/01\/Ignorar-uma-Crianca-_1768824325644.jpg","width":1280,"height":720,"caption":"Ignorar uma Crian\u00e7a - Cr\u00e9ditos: depositphotos.com \/ SergIllin"},{"@type":"BreadcrumbList","@id":"https:\/\/www.correiobraziliense.com.br\/cbradar\/poucos-percebem-os-efeitos-de-ser-ignorado-quando-crianca\/#breadcrumb","itemListElement":[{"@type":"ListItem","position":1,"name":"In\u00edcio","item":"https:\/\/www.correiobraziliense.com.br\/cbradar\/"},{"@type":"ListItem","position":2,"name":"Poucos percebem os efeitos de ser ignorado quando crian\u00e7a"}]},{"@type":"WebSite","@id":"https:\/\/www.correiobraziliense.com.br\/cbradar\/#website","url":"https:\/\/www.correiobraziliense.com.br\/cbradar\/","name":"Correio Braziliense - Radar","description":"Acompanhe as \u00faltimas not\u00edcias e fique bem informado sobre tudo o que acontece no Brasil e no mundo.","potentialAction":[{"@type":"SearchAction","target":{"@type":"EntryPoint","urlTemplate":"https:\/\/www.correiobraziliense.com.br\/cbradar\/?s={search_term_string}"},"query-input":{"@type":"PropertyValueSpecification","valueRequired":true,"valueName":"search_term_string"}}],"inLanguage":"pt-BR"},{"@type":"Person","@id":"https:\/\/www.correiobraziliense.com.br\/cbradar\/#\/schema\/person\/5aa4bf3c8fa699c267933611de12978b","name":"guilherme_saude","image":{"@type":"ImageObject","inLanguage":"pt-BR","@id":"https:\/\/www.correiobraziliense.com.br\/cbradar\/#\/schema\/person\/image\/","url":"https:\/\/secure.gravatar.com\/avatar\/df9adfb835d344bc0af109d41756253f?s=96&d=mm&r=g","contentUrl":"https:\/\/secure.gravatar.com\/avatar\/df9adfb835d344bc0af109d41756253f?s=96&d=mm&r=g","caption":"guilherme_saude"},"url":"https:\/\/www.correiobraziliense.com.br\/cbradar\/author\/guilherme_saude\/"}]}},"_links":{"self":[{"href":"https:\/\/www.correiobraziliense.com.br\/cbradar\/wp-json\/wp\/v2\/posts\/178100","targetHints":{"allow":["GET"]}}],"collection":[{"href":"https:\/\/www.correiobraziliense.com.br\/cbradar\/wp-json\/wp\/v2\/posts"}],"about":[{"href":"https:\/\/www.correiobraziliense.com.br\/cbradar\/wp-json\/wp\/v2\/types\/post"}],"author":[{"embeddable":true,"href":"https:\/\/www.correiobraziliense.com.br\/cbradar\/wp-json\/wp\/v2\/users\/14"}],"replies":[{"embeddable":true,"href":"https:\/\/www.correiobraziliense.com.br\/cbradar\/wp-json\/wp\/v2\/comments?post=178100"}],"version-history":[{"count":1,"href":"https:\/\/www.correiobraziliense.com.br\/cbradar\/wp-json\/wp\/v2\/posts\/178100\/revisions"}],"predecessor-version":[{"id":178103,"href":"https:\/\/www.correiobraziliense.com.br\/cbradar\/wp-json\/wp\/v2\/posts\/178100\/revisions\/178103"}],"wp:featuredmedia":[{"embeddable":true,"href":"https:\/\/www.correiobraziliense.com.br\/cbradar\/wp-json\/wp\/v2\/media\/178101"}],"wp:attachment":[{"href":"https:\/\/www.correiobraziliense.com.br\/cbradar\/wp-json\/wp\/v2\/media?parent=178100"}],"wp:term":[{"taxonomy":"category","embeddable":true,"href":"https:\/\/www.correiobraziliense.com.br\/cbradar\/wp-json\/wp\/v2\/categories?post=178100"},{"taxonomy":"post_tag","embeddable":true,"href":"https:\/\/www.correiobraziliense.com.br\/cbradar\/wp-json\/wp\/v2\/tags?post=178100"}],"curies":[{"name":"wp","href":"https:\/\/api.w.org\/{rel}","templated":true}]}}