{"id":178105,"date":"2026-01-21T07:45:00","date_gmt":"2026-01-21T10:45:00","guid":{"rendered":"https:\/\/www.correiobraziliense.com.br\/cbradar\/?p=178105"},"modified":"2026-01-19T09:09:37","modified_gmt":"2026-01-19T12:09:37","slug":"poucos-sabem-por-que-maos-e-pes-ficam-sempre-gelados","status":"publish","type":"post","link":"https:\/\/www.correiobraziliense.com.br\/cbradar\/poucos-sabem-por-que-maos-e-pes-ficam-sempre-gelados\/","title":{"rendered":"Poucos sabem por que m\u00e3os e p\u00e9s ficam sempre gelados"},"content":{"rendered":"\n<p>O <strong>Frio Nas M\u00e3os<\/strong> e nos p\u00e9s \u00e9 um fen\u00f4meno comum e se deve a v\u00e1rios fatores, desde respostas naturais do corpo at\u00e9 condi\u00e7\u00f5es de sa\u00fade espec\u00edficas. Em temperaturas baixas, o corpo humano tende a priorizar o aquecimento dos \u00f3rg\u00e3os internos vitais, o que pode resultar na diminui\u00e7\u00e3o do fluxo sangu\u00edneo para as extremidades. Essa prioriza\u00e7\u00e3o \u00e9 crucial para garantir a sobreviv\u00eancia em ambientes frios, conservando o calor no centro do corpo.<\/p>\n\n\n\n<p>Esta resposta biol\u00f3gica, embora eficiente para a sobreviv\u00eancia, pode levar ao desconforto quando as m\u00e3os e os p\u00e9s se tornam excessivamente frios. Pessoas com circula\u00e7\u00e3o menos eficiente tendem a perceber este efeito mais rapidamente, tornando importantes medidas para melhorar o fluxo sangu\u00edneo.<\/p>\n\n\n\n<h2 class=\"wp-block-heading\">Qual a influ\u00eancia da circula\u00e7\u00e3o sangu\u00ednea na temperatura das extremidades?<\/h2>\n\n\n\n<p>A circula\u00e7\u00e3o sangu\u00ednea \u00e9 fundamental para a manuten\u00e7\u00e3o da temperatura corporal. Em situa\u00e7\u00f5es de frio, o sangue \u00e9 desviado das extremidades para conservar calor nos \u00f3rg\u00e3os vitais. Essa rea\u00e7\u00e3o, embora essencial, deixa m\u00e3os e p\u00e9s mais frios. Indiv\u00edduos com uma circula\u00e7\u00e3o naturalmente mais lenta podem sentir frio mais rapidamente nas extremidades.<\/p>\n\n\n\n<p>Atividades f\u00edsicas regulares s\u00e3o recomendadas para melhorar a circula\u00e7\u00e3o. Exerc\u00edcios que movimentam o corpo inteiro podem aumentar a efici\u00eancia do fluxo sangu\u00edneo, promovendo uma melhor distribui\u00e7\u00e3o de calor e reduzindo a sensa\u00e7\u00e3o de extremidades geladas.<\/p>\n\n\n\n<h2 class=\"wp-block-heading\">Quais os aspectos nervosos e sua rela\u00e7\u00e3o com a sensa\u00e7\u00e3o de frio?<\/h2>\n\n\n\n<p>O sistema nervoso tem um papel crucial na regula\u00e7\u00e3o da temperatura corporal atrav\u00e9s do controle do di\u00e2metro dos vasos sangu\u00edneos. Em situa\u00e7\u00f5es de estresse ou ansiedade, o corpo pode reagir com a constri\u00e7\u00e3o dos vasos, restringindo o fluxo sangu\u00edneo e, consequentemente, causando Frio Nas M\u00e3os e p\u00e9s.<\/p>\n\n\n<div class=\"wp-block-image\">\n<figure class=\"aligncenter size-large\"><img decoding=\"async\" width=\"1024\" height=\"576\" src=\"https:\/\/www.correiobraziliense.com.br\/cbradar\/wp-content\/uploads\/2025\/07\/maos-frias_1752498526967-1024x576.jpg\" alt=\"\" class=\"wp-image-69667\" srcset=\"https:\/\/www.correiobraziliense.com.br\/cbradar\/wp-content\/uploads\/2025\/07\/maos-frias_1752498526967-1024x576.jpg 1024w, https:\/\/www.correiobraziliense.com.br\/cbradar\/wp-content\/uploads\/2025\/07\/maos-frias_1752498526967-300x169.jpg 300w, https:\/\/www.correiobraziliense.com.br\/cbradar\/wp-content\/uploads\/2025\/07\/maos-frias_1752498526967-768x432.jpg 768w, https:\/\/www.correiobraziliense.com.br\/cbradar\/wp-content\/uploads\/2025\/07\/maos-frias_1752498526967-750x422.jpg 750w, https:\/\/www.correiobraziliense.com.br\/cbradar\/wp-content\/uploads\/2025\/07\/maos-frias_1752498526967-1140x641.jpg 1140w, https:\/\/www.correiobraziliense.com.br\/cbradar\/wp-content\/uploads\/2025\/07\/maos-frias_1752498526967.jpg 1280w\" sizes=\"(max-width: 1024px) 100vw, 1024px\" \/><figcaption class=\"wp-element-caption\">M\u00e3os Frias &#8211; Cr\u00e9ditos: depositphotos.com \/ AndrewLozovyi<\/figcaption><\/figure><\/div>\n\n\n<p>Pr\u00e1ticas de relaxamento, como medita\u00e7\u00e3o e respira\u00e7\u00e3o controlada, podem auxiliar na gest\u00e3o do estresse, ajudando o sistema nervoso a atuar de forma mais balanceada. Um sistema nervoso harmonioso contribui para a manuten\u00e7\u00e3o de uma temperatura corporal est\u00e1vel.<\/p>\n\n\n\n<h2 class=\"wp-block-heading\">Como as condi\u00e7\u00f5es de sa\u00fade podem causar frio constante?<\/h2>\n\n\n\n<p>Algumas condi\u00e7\u00f5es de <a href=\"https:\/\/www.correiobraziliense.com.br\/cbradar\/dr-cesar-cimonari-neurocirurgiao-cefaleia-secundaria-pode-indicar-doenca-grave\/\" target=\"_blank\" rel=\"noreferrer noopener\">sa\u00fade <\/a>resultam em m\u00e3os e p\u00e9s frios como sintoma. A anemia e o hipotireoidismo s\u00e3o exemplos cl\u00e1ssicos. A anemia afeta a capacidade do sangue de transportar oxig\u00eanio adequadamente, enquanto o hipotireoidismo diminui a produ\u00e7\u00e3o metab\u00f3lica de calor.<\/p>\n\n\n\n<p>Para identificar essas condi\u00e7\u00f5es, \u00e9 importante prestar aten\u00e7\u00e3o aos sintomas persistentes, como fadiga ou dores inexplic\u00e1veis, e buscar avalia\u00e7\u00e3o m\u00e9dica. Interven\u00e7\u00f5es m\u00e9dicas adequadas podem restaurar o equil\u00edbrio t\u00e9rmico e melhorar a qualidade de vida.<\/p>\n\n\n\n<h2 class=\"wp-block-heading\">Coimo aprimorar o conforto t\u00e9rmico por meio de h\u00e1bitos saud\u00e1veis?<\/h2>\n\n\n\n<p>Ajustes simples no estilo de vida podem ajudar a aquecer m\u00e3os e p\u00e9s de maneira eficaz. O consumo de alimentos que promovem a gera\u00e7\u00e3o de calor corporal, como os ricos em ferro, \u00e9 uma estrat\u00e9gia ben\u00e9fica. Al\u00e9m disso, a pr\u00e1tica de exerc\u00edcios regulares n\u00e3o s\u00f3 melhora a circula\u00e7\u00e3o como tamb\u00e9m ajuda a manter o corpo aquecido.<\/p>\n\n\n\n<p>Outras medidas pr\u00e1ticas incluem o uso de roupas t\u00e9rmicas apropriadas para o clima, como meias de l\u00e3 e luvas, para assegurar que o calor corporal seja mantido, aumentando o conforto mesmo em ambientes frios.<\/p>\n\n\n<a href=\"https:\/\/www.instagram.com\/dra.annaluisabf\/\" target=\"_blank\" rel=\"noopener\" style=\"text-decoration: none; color: inherit;\">\n    <span style=\"display: inline-block; border: 1px solid #ccc; border-radius: 10px; padding: 15px; max-width: 550px; font-family: sans-serif; box-shadow: 0 2px 5px rgba(0,0,0,0.1); width: 100%;\">\n\n      <!-- T\u00edtulo -->\n      <span style=\"display: block; margin: 0 0 15px 0; font-weight: bold; color: #2c3e50; text-align: center;\">\n        Entre em contato:\n      <\/span>\n\n      <!-- Linha do perfil -->\n      <span style=\"display: flex; align-items: center; gap: 15px;\">\n        <img decoding=\"async\"\n          src=\"https:\/\/www.correiobraziliense.com.br\/cbradar\/wp-content\/uploads\/2025\/08\/dra_anna_luisa.jpeg\"\n          alt=\"Foto da Dra. Anna Lu\u00edsa\"\n          style=\"border-radius: 50%; width: 80px; height: 80px; object-fit: cover;\"\n        \/>\n        <span style=\"display: flex; flex-direction: column;\">\n          <span style=\"font-size: 18px; font-weight: 700; color: #2c3e50;\">Dra. Anna Lu\u00edsa Barbosa Fernandes<\/span>\n          <span style=\"color: #555;\">CRM-GO 33.271<\/span>\n        <\/span>\n      <\/span>\n\n      <!-- Redes -->\n      <span style=\"display: flex; align-items: center; gap: 10px; margin-top: 12px;\">\n        <img decoding=\"async\" src=\"https:\/\/cdn-icons-png.flaticon.com\/24\/1384\/1384063.png\" alt=\"Instagram\" width=\"24\" height=\"24\" \/>\n        <span style=\"text-decoration: underline; color: #2c3e50;\">@dra.annaluisabf<\/span>\n      <\/span>\n\n    <\/span>\n  <\/a>","protected":false},"excerpt":{"rendered":"<p>O Frio Nas M\u00e3os e nos p\u00e9s \u00e9 um fen\u00f4meno comum e se deve a v\u00e1rios fatores, desde respostas naturais do corpo at\u00e9 condi\u00e7\u00f5es de sa\u00fade espec\u00edficas. Em temperaturas baixas, o corpo humano tende a priorizar o aquecimento dos \u00f3rg\u00e3os internos vitais, o que pode resultar na diminui\u00e7\u00e3o do fluxo sangu\u00edneo para as extremidades. Essa [&hellip;]<\/p>\n","protected":false},"author":14,"featured_media":69666,"comment_status":"open","ping_status":"open","sticky":false,"template":"","format":"standard","meta":{"_yoast_wpseo_focuskw":"Frio Nas M\u00e3os","_yoast_wpseo_title":"","_yoast_wpseo_metadesc":"M\u00e3os e p\u00e9s frios s\u00e3o comuns no frio, mas em alguns casos podem indicar altera\u00e7\u00f5es na circula\u00e7\u00e3o ou na sa\u00fade.","jnews-multi-image_gallery":[],"jnews_single_post":{"format":"standard"},"jnews_primary_category":[],"jnews_social_meta":[],"jnews_override_counter":[],"footnotes":""},"categories":[4404],"tags":[120,247,1318],"class_list":["post-178105","post","type-post","status-publish","format-standard","has-post-thumbnail","hentry","category-saude","tag-bem-estar","tag-qualidade-de-vida","tag-saude-2"],"yoast_head":"<!-- This site is optimized with the Yoast SEO plugin v24.6 - https:\/\/yoast.com\/wordpress\/plugins\/seo\/ -->\n<title>Poucos sabem por que m\u00e3os e p\u00e9s ficam sempre gelados - Correio Braziliense - Radar<\/title>\n<meta name=\"description\" content=\"M\u00e3os e p\u00e9s frios s\u00e3o comuns no frio, mas em alguns casos podem indicar altera\u00e7\u00f5es na circula\u00e7\u00e3o ou na sa\u00fade.\" \/>\n<meta name=\"robots\" content=\"index, follow, max-snippet:-1, max-image-preview:large, max-video-preview:-1\" \/>\n<link rel=\"canonical\" href=\"https:\/\/www.correiobraziliense.com.br\/cbradar\/poucos-sabem-por-que-maos-e-pes-ficam-sempre-gelados\/\" \/>\n<meta property=\"og:locale\" content=\"pt_BR\" \/>\n<meta property=\"og:type\" content=\"article\" \/>\n<meta property=\"og:title\" content=\"Poucos sabem por que m\u00e3os e p\u00e9s ficam sempre gelados - Correio Braziliense - Radar\" \/>\n<meta property=\"og:description\" content=\"M\u00e3os e p\u00e9s frios s\u00e3o comuns no frio, mas em alguns casos podem indicar altera\u00e7\u00f5es na circula\u00e7\u00e3o ou na sa\u00fade.\" \/>\n<meta property=\"og:url\" content=\"https:\/\/www.correiobraziliense.com.br\/cbradar\/poucos-sabem-por-que-maos-e-pes-ficam-sempre-gelados\/\" \/>\n<meta property=\"og:site_name\" content=\"Correio Braziliense - Radar\" \/>\n<meta property=\"article:published_time\" content=\"2026-01-21T10:45:00+00:00\" \/>\n<meta property=\"og:image\" content=\"https:\/\/www.correiobraziliense.com.br\/cbradar\/wp-content\/uploads\/2025\/07\/maos-frias_1752498494205.jpg\" \/>\n\t<meta property=\"og:image:width\" content=\"1280\" \/>\n\t<meta property=\"og:image:height\" content=\"720\" \/>\n\t<meta property=\"og:image:type\" content=\"image\/jpeg\" \/>\n<meta name=\"author\" content=\"guilherme_saude\" \/>\n<meta name=\"twitter:card\" content=\"summary_large_image\" \/>\n<meta name=\"twitter:label1\" content=\"Escrito por\" \/>\n\t<meta name=\"twitter:data1\" content=\"guilherme_saude\" \/>\n\t<meta name=\"twitter:label2\" content=\"Est. tempo de leitura\" \/>\n\t<meta name=\"twitter:data2\" content=\"4 minutos\" \/>\n<!-- \/ Yoast SEO plugin. -->","yoast_head_json":{"title":"Poucos sabem por que m\u00e3os e p\u00e9s ficam sempre gelados - Correio Braziliense - Radar","description":"M\u00e3os e p\u00e9s frios s\u00e3o comuns no frio, mas em alguns casos podem indicar altera\u00e7\u00f5es na circula\u00e7\u00e3o ou na sa\u00fade.","robots":{"index":"index","follow":"follow","max-snippet":"max-snippet:-1","max-image-preview":"max-image-preview:large","max-video-preview":"max-video-preview:-1"},"canonical":"https:\/\/www.correiobraziliense.com.br\/cbradar\/poucos-sabem-por-que-maos-e-pes-ficam-sempre-gelados\/","og_locale":"pt_BR","og_type":"article","og_title":"Poucos sabem por que m\u00e3os e p\u00e9s ficam sempre gelados - Correio Braziliense - Radar","og_description":"M\u00e3os e p\u00e9s frios s\u00e3o comuns no frio, mas em alguns casos podem indicar altera\u00e7\u00f5es na circula\u00e7\u00e3o ou na sa\u00fade.","og_url":"https:\/\/www.correiobraziliense.com.br\/cbradar\/poucos-sabem-por-que-maos-e-pes-ficam-sempre-gelados\/","og_site_name":"Correio Braziliense - Radar","article_published_time":"2026-01-21T10:45:00+00:00","og_image":[{"width":1280,"height":720,"url":"https:\/\/www.correiobraziliense.com.br\/cbradar\/wp-content\/uploads\/2025\/07\/maos-frias_1752498494205.jpg","type":"image\/jpeg"}],"author":"guilherme_saude","twitter_card":"summary_large_image","twitter_misc":{"Escrito por":"guilherme_saude","Est. tempo de leitura":"4 minutos"},"schema":{"@context":"https:\/\/schema.org","@graph":[{"@type":"WebPage","@id":"https:\/\/www.correiobraziliense.com.br\/cbradar\/poucos-sabem-por-que-maos-e-pes-ficam-sempre-gelados\/","url":"https:\/\/www.correiobraziliense.com.br\/cbradar\/poucos-sabem-por-que-maos-e-pes-ficam-sempre-gelados\/","name":"Poucos sabem por que m\u00e3os e p\u00e9s ficam sempre gelados - Correio Braziliense - Radar","isPartOf":{"@id":"https:\/\/www.correiobraziliense.com.br\/cbradar\/#website"},"primaryImageOfPage":{"@id":"https:\/\/www.correiobraziliense.com.br\/cbradar\/poucos-sabem-por-que-maos-e-pes-ficam-sempre-gelados\/#primaryimage"},"image":{"@id":"https:\/\/www.correiobraziliense.com.br\/cbradar\/poucos-sabem-por-que-maos-e-pes-ficam-sempre-gelados\/#primaryimage"},"thumbnailUrl":"https:\/\/www.correiobraziliense.com.br\/cbradar\/wp-content\/uploads\/2025\/07\/maos-frias_1752498494205.jpg","datePublished":"2026-01-21T10:45:00+00:00","author":{"@id":"https:\/\/www.correiobraziliense.com.br\/cbradar\/#\/schema\/person\/5aa4bf3c8fa699c267933611de12978b"},"description":"M\u00e3os e p\u00e9s frios s\u00e3o comuns no frio, mas em alguns casos podem indicar altera\u00e7\u00f5es na circula\u00e7\u00e3o ou na sa\u00fade.","breadcrumb":{"@id":"https:\/\/www.correiobraziliense.com.br\/cbradar\/poucos-sabem-por-que-maos-e-pes-ficam-sempre-gelados\/#breadcrumb"},"inLanguage":"pt-BR","potentialAction":[{"@type":"ReadAction","target":["https:\/\/www.correiobraziliense.com.br\/cbradar\/poucos-sabem-por-que-maos-e-pes-ficam-sempre-gelados\/"]}]},{"@type":"ImageObject","inLanguage":"pt-BR","@id":"https:\/\/www.correiobraziliense.com.br\/cbradar\/poucos-sabem-por-que-maos-e-pes-ficam-sempre-gelados\/#primaryimage","url":"https:\/\/www.correiobraziliense.com.br\/cbradar\/wp-content\/uploads\/2025\/07\/maos-frias_1752498494205.jpg","contentUrl":"https:\/\/www.correiobraziliense.com.br\/cbradar\/wp-content\/uploads\/2025\/07\/maos-frias_1752498494205.jpg","width":1280,"height":720,"caption":"M\u00e3os Frias - Cr\u00e9ditos: depositphotos.com \/ movchanzemtsova"},{"@type":"BreadcrumbList","@id":"https:\/\/www.correiobraziliense.com.br\/cbradar\/poucos-sabem-por-que-maos-e-pes-ficam-sempre-gelados\/#breadcrumb","itemListElement":[{"@type":"ListItem","position":1,"name":"In\u00edcio","item":"https:\/\/www.correiobraziliense.com.br\/cbradar\/"},{"@type":"ListItem","position":2,"name":"Poucos sabem por que m\u00e3os e p\u00e9s ficam sempre gelados"}]},{"@type":"WebSite","@id":"https:\/\/www.correiobraziliense.com.br\/cbradar\/#website","url":"https:\/\/www.correiobraziliense.com.br\/cbradar\/","name":"Correio Braziliense - Radar","description":"Acompanhe as \u00faltimas not\u00edcias e fique bem informado sobre tudo o que acontece no Brasil e no mundo.","potentialAction":[{"@type":"SearchAction","target":{"@type":"EntryPoint","urlTemplate":"https:\/\/www.correiobraziliense.com.br\/cbradar\/?s={search_term_string}"},"query-input":{"@type":"PropertyValueSpecification","valueRequired":true,"valueName":"search_term_string"}}],"inLanguage":"pt-BR"},{"@type":"Person","@id":"https:\/\/www.correiobraziliense.com.br\/cbradar\/#\/schema\/person\/5aa4bf3c8fa699c267933611de12978b","name":"guilherme_saude","image":{"@type":"ImageObject","inLanguage":"pt-BR","@id":"https:\/\/www.correiobraziliense.com.br\/cbradar\/#\/schema\/person\/image\/","url":"https:\/\/secure.gravatar.com\/avatar\/df9adfb835d344bc0af109d41756253f?s=96&d=mm&r=g","contentUrl":"https:\/\/secure.gravatar.com\/avatar\/df9adfb835d344bc0af109d41756253f?s=96&d=mm&r=g","caption":"guilherme_saude"},"url":"https:\/\/www.correiobraziliense.com.br\/cbradar\/author\/guilherme_saude\/"}]}},"_links":{"self":[{"href":"https:\/\/www.correiobraziliense.com.br\/cbradar\/wp-json\/wp\/v2\/posts\/178105","targetHints":{"allow":["GET"]}}],"collection":[{"href":"https:\/\/www.correiobraziliense.com.br\/cbradar\/wp-json\/wp\/v2\/posts"}],"about":[{"href":"https:\/\/www.correiobraziliense.com.br\/cbradar\/wp-json\/wp\/v2\/types\/post"}],"author":[{"embeddable":true,"href":"https:\/\/www.correiobraziliense.com.br\/cbradar\/wp-json\/wp\/v2\/users\/14"}],"replies":[{"embeddable":true,"href":"https:\/\/www.correiobraziliense.com.br\/cbradar\/wp-json\/wp\/v2\/comments?post=178105"}],"version-history":[{"count":1,"href":"https:\/\/www.correiobraziliense.com.br\/cbradar\/wp-json\/wp\/v2\/posts\/178105\/revisions"}],"predecessor-version":[{"id":178106,"href":"https:\/\/www.correiobraziliense.com.br\/cbradar\/wp-json\/wp\/v2\/posts\/178105\/revisions\/178106"}],"wp:featuredmedia":[{"embeddable":true,"href":"https:\/\/www.correiobraziliense.com.br\/cbradar\/wp-json\/wp\/v2\/media\/69666"}],"wp:attachment":[{"href":"https:\/\/www.correiobraziliense.com.br\/cbradar\/wp-json\/wp\/v2\/media?parent=178105"}],"wp:term":[{"taxonomy":"category","embeddable":true,"href":"https:\/\/www.correiobraziliense.com.br\/cbradar\/wp-json\/wp\/v2\/categories?post=178105"},{"taxonomy":"post_tag","embeddable":true,"href":"https:\/\/www.correiobraziliense.com.br\/cbradar\/wp-json\/wp\/v2\/tags?post=178105"}],"curies":[{"name":"wp","href":"https:\/\/api.w.org\/{rel}","templated":true}]}}