{"id":178108,"date":"2026-01-22T13:15:00","date_gmt":"2026-01-22T16:15:00","guid":{"rendered":"https:\/\/www.correiobraziliense.com.br\/cbradar\/?p=178108"},"modified":"2026-01-21T11:10:31","modified_gmt":"2026-01-21T14:10:31","slug":"por-que-os-mosquitos-parecem-escolher-sempre-as-mesmas-pessoas","status":"publish","type":"post","link":"https:\/\/www.correiobraziliense.com.br\/cbradar\/por-que-os-mosquitos-parecem-escolher-sempre-as-mesmas-pessoas\/","title":{"rendered":"Por que os mosquitos parecem escolher sempre as mesmas pessoas"},"content":{"rendered":"\n<p>Os <strong>Mosquitos<\/strong>, esses pequenos insetos zumbidores, costumam ser uma presen\u00e7a inc\u00f4moda em atividades ao ar livre, especialmente durante um divertido churrasco. Mas j\u00e1 parou para pensar por que esses bichinhos parecem preferir algumas pessoas a outras? A ci\u00eancia por tr\u00e1s das escolhas dos Mosquitos inclui fatores biol\u00f3gicos e comportamentais, que nos tornam mais suscet\u00edveis \u00e0s suas picadas.<\/p>\n\n\n\n<p>Uma das raz\u00f5es pelas quais os Mosquitos escolhem certas pessoas tem a ver com o tipo sangu\u00edneo. Estudos indicam que os indiv\u00edduos com tipo sangu\u00edneo O tendem a ser mais atraentes para esses insetos. Isso se deve \u00e0s secre\u00e7\u00f5es que o nosso corpo libera, revelando nosso tipo de sangue. Al\u00e9m do tipo sangu\u00edneo, outros fatores tamb\u00e9m influenciam a atratividade das pessoas para os mosquitos.<\/p>\n\n\n\n<h2 class=\"wp-block-heading\">Quais s\u00e3o os fatores que atraem Mosquitos?<\/h2>\n\n\n\n<p>Jonathan F. Day, renomado professor de entomologia, destaca que a quantidade de di\u00f3xido de carbono (CO<sub>2<\/sub>) emitida \u00e9 um fator determinante para atrair Mosquitos. Pessoas com taxas metab\u00f3licas mais elevadas, que exalam mais CO<sub>2<\/sub>, s\u00e3o alvos preferidos. Al\u00e9m disso, o \u00e1cido l\u00e1tico, que \u00e9 liberado durante a pr\u00e1tica de exerc\u00edcios f\u00edsicos, tamb\u00e9m \u00e9 um atrativo para esses insetos.<\/p>\n\n\n\n<p>Outro aspecto peculiar que torna as pessoas mais chamativas para os Mosquitos \u00e9 a escolha das vestimentas. Roupas escuras criam um contraste visual que facilita a identifica\u00e7\u00e3o das v\u00edtimas contra o horizonte. Assim, a escolha do guarda-roupa pode, inesperadamente, ser uma forma de se tornar alvo dos Mosquitos.<\/p>\n\n\n<div class=\"wp-block-image\">\n<figure class=\"aligncenter size-large\"><img decoding=\"async\" width=\"1024\" height=\"576\" src=\"https:\/\/www.correiobraziliense.com.br\/cbradar\/wp-content\/uploads\/2025\/08\/mosquito_1755197565666-1024x576.jpg\" alt=\"\" class=\"wp-image-86812\" srcset=\"https:\/\/www.correiobraziliense.com.br\/cbradar\/wp-content\/uploads\/2025\/08\/mosquito_1755197565666-1024x576.jpg 1024w, https:\/\/www.correiobraziliense.com.br\/cbradar\/wp-content\/uploads\/2025\/08\/mosquito_1755197565666-300x169.jpg 300w, https:\/\/www.correiobraziliense.com.br\/cbradar\/wp-content\/uploads\/2025\/08\/mosquito_1755197565666-768x432.jpg 768w, https:\/\/www.correiobraziliense.com.br\/cbradar\/wp-content\/uploads\/2025\/08\/mosquito_1755197565666-750x422.jpg 750w, https:\/\/www.correiobraziliense.com.br\/cbradar\/wp-content\/uploads\/2025\/08\/mosquito_1755197565666-1140x641.jpg 1140w, https:\/\/www.correiobraziliense.com.br\/cbradar\/wp-content\/uploads\/2025\/08\/mosquito_1755197565666.jpg 1280w\" sizes=\"(max-width: 1024px) 100vw, 1024px\" \/><figcaption class=\"wp-element-caption\">Mosquitos &#8211; Cr\u00e9ditos: depositphotos.com \/ Kwangmoozaa<\/figcaption><\/figure><\/div>\n\n\n<h2 class=\"wp-block-heading\">Estilo de vida: um convite aos Mosquitos?<\/h2>\n\n\n\n<p>Os Mosquitos tamb\u00e9m parecem ter um interesse especial por qualidades associadas ao estilo de vida. Indiv\u00edduos que se movem constantemente, ingerem \u00e1lcool ou t\u00eam uma temperatura corporal mais alta frequentemente atraem esses insetos. At\u00e9 mesmo saborear uma lata de cerveja pode levar a um maior risco de picadas, pois o \u00e1lcool altera a qu\u00edmica corporal momentaneamente.<\/p>\n\n\n\n<p>Atividades ao ar livre durante o p\u00f4r do sol, um per\u00edodo de pico para a atividade dos Mosquitos, s\u00e3o outra considera\u00e7\u00e3o importante. Aqueles que passaram o dia realizando atividades f\u00edsicas ou tarefas no jardim devem estar atentos, j\u00e1 que sua temperatura corporal e produ\u00e7\u00e3o de \u00e1cido l\u00e1tico podem estar aumentadas.<\/p>\n\n\n\n<h2 class=\"wp-block-heading\">Como evitar as picadas indesejadas?<\/h2>\n\n\n\n<p>Prevenir picadas de Mosquitos pode ser vi\u00e1vel com algumas estrat\u00e9gias simples. Evitar estar ao ar livre durante per\u00edodos de alta atividade dos Mosquitos, como ao amanhecer e ao entardecer, \u00e9 um bom come\u00e7o. Vestir roupas que cubram a pele de maneira eficaz tamb\u00e9m pode ajudar, assim como o uso de repelentes com DEET, que s\u00e3o eficazes na prote\u00e7\u00e3o contra esses pequenos vampiros voadores.<\/p>\n\n\n\n<p>Para quem prefere uma prote\u00e7\u00e3o adicional, telas em janelas e o uso de ventiladores s\u00e3o op\u00e7\u00f5es pr\u00e1ticas. Os ventiladores, al\u00e9m de refrescar, atrapalham o voo dos Mosquitos, tornando mais dif\u00edcil que eles se aproximem.<\/p>\n\n\n\n<h2 class=\"wp-block-heading\">Qual o tratamento para picadas de Mosquitos?<\/h2>\n\n\n\n<p>Se ainda assim as picadas forem inevit\u00e1veis, evitar co\u00e7ar a regi\u00e3o afetada \u00e9 crucial para prevenir infec\u00e7\u00f5es. Aplicar gelo pode aliviar a coceira, assim como o uso de cremes anti-coceira sem prescri\u00e7\u00e3o ou anti-<a href=\"https:\/\/www.correiobraziliense.com.br\/cbradar\/dr-cesar-cimonari-neurocirurgiao-cefaleia-secundaria-pode-indicar-doenca-grave\/\" target=\"_blank\" rel=\"noreferrer noopener\">histam\u00ednicos<\/a>.<\/p>\n\n\n\n<p>Com essas pr\u00e1ticas em mente, aproveitar as atividades ao ar livre pode ser menos traum\u00e1tico. Identificar as melhores formas de se proteger dos Mosquitos n\u00e3o apenas proporciona conforto, mas tamb\u00e9m previne complica\u00e7\u00f5es relacionadas \u00e0s picadas. Dessa maneira, \u00e9 poss\u00edvel desfrutar das nuances de um dia ao ar livre sem a companhia indesejada desses insetos.<\/p>\n\n\n<a href=\"https:\/\/www.instagram.com\/dra.annaluisabf\/\" target=\"_blank\" rel=\"noopener\" style=\"text-decoration: none; color: inherit;\">\n    <span style=\"display: inline-block; border: 1px solid #ccc; border-radius: 10px; padding: 15px; max-width: 550px; font-family: sans-serif; box-shadow: 0 2px 5px rgba(0,0,0,0.1); width: 100%;\">\n\n      <!-- T\u00edtulo -->\n      <span style=\"display: block; margin: 0 0 15px 0; font-weight: bold; color: #2c3e50; text-align: center;\">\n        Entre em contato:\n      <\/span>\n\n      <!-- Linha do perfil -->\n      <span style=\"display: flex; align-items: center; gap: 15px;\">\n        <img decoding=\"async\"\n          src=\"https:\/\/www.correiobraziliense.com.br\/cbradar\/wp-content\/uploads\/2025\/08\/dra_anna_luisa.jpeg\"\n          alt=\"Foto da Dra. Anna Lu\u00edsa\"\n          style=\"border-radius: 50%; width: 80px; height: 80px; object-fit: cover;\"\n        \/>\n        <span style=\"display: flex; flex-direction: column;\">\n          <span style=\"font-size: 18px; font-weight: 700; color: #2c3e50;\">Dra. Anna Lu\u00edsa Barbosa Fernandes<\/span>\n          <span style=\"color: #555;\">CRM-GO 33.271<\/span>\n        <\/span>\n      <\/span>\n\n      <!-- Redes -->\n      <span style=\"display: flex; align-items: center; gap: 10px; margin-top: 12px;\">\n        <img decoding=\"async\" src=\"https:\/\/cdn-icons-png.flaticon.com\/24\/1384\/1384063.png\" alt=\"Instagram\" width=\"24\" height=\"24\" \/>\n        <span style=\"text-decoration: underline; color: #2c3e50;\">@dra.annaluisabf<\/span>\n      <\/span>\n\n    <\/span>\n  <\/a>","protected":false},"excerpt":{"rendered":"<p>Os Mosquitos, esses pequenos insetos zumbidores, costumam ser uma presen\u00e7a inc\u00f4moda em atividades ao ar livre, especialmente durante um divertido churrasco. Mas j\u00e1 parou para pensar por que esses bichinhos parecem preferir algumas pessoas a outras? A ci\u00eancia por tr\u00e1s das escolhas dos Mosquitos inclui fatores biol\u00f3gicos e comportamentais, que nos tornam mais suscet\u00edveis \u00e0s [&hellip;]<\/p>\n","protected":false},"author":14,"featured_media":63185,"comment_status":"open","ping_status":"open","sticky":false,"template":"","format":"standard","meta":{"_yoast_wpseo_focuskw":"Mosquitos","_yoast_wpseo_title":"","_yoast_wpseo_metadesc":"Os mosquitos escolhem suas v\u00edtimas por fatores invis\u00edveis como metabolismo, h\u00e1bitos e at\u00e9 tipo sangu\u00edneo.","jnews-multi-image_gallery":[],"jnews_single_post":{"format":"standard"},"jnews_primary_category":[],"jnews_social_meta":[],"jnews_override_counter":[],"footnotes":""},"categories":[4404],"tags":[6446,247,565],"class_list":["post-178108","post","type-post","status-publish","format-standard","has-post-thumbnail","hentry","category-saude","tag-mosquitos","tag-qualidade-de-vida","tag-saude"],"yoast_head":"<!-- This site is optimized with the Yoast SEO plugin v24.6 - https:\/\/yoast.com\/wordpress\/plugins\/seo\/ -->\n<title>Por que os mosquitos parecem escolher sempre as mesmas pessoas - Correio Braziliense - Radar<\/title>\n<meta name=\"description\" content=\"Os mosquitos escolhem suas v\u00edtimas por fatores invis\u00edveis como metabolismo, h\u00e1bitos e at\u00e9 tipo sangu\u00edneo.\" \/>\n<meta name=\"robots\" content=\"index, follow, max-snippet:-1, max-image-preview:large, max-video-preview:-1\" \/>\n<link rel=\"canonical\" href=\"https:\/\/www.correiobraziliense.com.br\/cbradar\/por-que-os-mosquitos-parecem-escolher-sempre-as-mesmas-pessoas\/\" \/>\n<meta property=\"og:locale\" content=\"pt_BR\" \/>\n<meta property=\"og:type\" content=\"article\" \/>\n<meta property=\"og:title\" content=\"Por que os mosquitos parecem escolher sempre as mesmas pessoas - Correio Braziliense - Radar\" \/>\n<meta property=\"og:description\" content=\"Os mosquitos escolhem suas v\u00edtimas por fatores invis\u00edveis como metabolismo, h\u00e1bitos e at\u00e9 tipo sangu\u00edneo.\" \/>\n<meta property=\"og:url\" content=\"https:\/\/www.correiobraziliense.com.br\/cbradar\/por-que-os-mosquitos-parecem-escolher-sempre-as-mesmas-pessoas\/\" \/>\n<meta property=\"og:site_name\" content=\"Correio Braziliense - Radar\" \/>\n<meta property=\"article:published_time\" content=\"2026-01-22T16:15:00+00:00\" \/>\n<meta property=\"og:image\" content=\"https:\/\/www.correiobraziliense.com.br\/cbradar\/wp-content\/uploads\/2025\/07\/mosquitos_1751461698052.jpg\" \/>\n\t<meta property=\"og:image:width\" content=\"1280\" \/>\n\t<meta property=\"og:image:height\" content=\"720\" \/>\n\t<meta property=\"og:image:type\" content=\"image\/jpeg\" \/>\n<meta name=\"author\" content=\"guilherme_saude\" \/>\n<meta name=\"twitter:card\" content=\"summary_large_image\" \/>\n<meta name=\"twitter:label1\" content=\"Escrito por\" \/>\n\t<meta name=\"twitter:data1\" content=\"guilherme_saude\" \/>\n\t<meta name=\"twitter:label2\" content=\"Est. tempo de leitura\" \/>\n\t<meta name=\"twitter:data2\" content=\"7 minutos\" \/>\n<!-- \/ Yoast SEO plugin. -->","yoast_head_json":{"title":"Por que os mosquitos parecem escolher sempre as mesmas pessoas - Correio Braziliense - Radar","description":"Os mosquitos escolhem suas v\u00edtimas por fatores invis\u00edveis como metabolismo, h\u00e1bitos e at\u00e9 tipo sangu\u00edneo.","robots":{"index":"index","follow":"follow","max-snippet":"max-snippet:-1","max-image-preview":"max-image-preview:large","max-video-preview":"max-video-preview:-1"},"canonical":"https:\/\/www.correiobraziliense.com.br\/cbradar\/por-que-os-mosquitos-parecem-escolher-sempre-as-mesmas-pessoas\/","og_locale":"pt_BR","og_type":"article","og_title":"Por que os mosquitos parecem escolher sempre as mesmas pessoas - Correio Braziliense - Radar","og_description":"Os mosquitos escolhem suas v\u00edtimas por fatores invis\u00edveis como metabolismo, h\u00e1bitos e at\u00e9 tipo sangu\u00edneo.","og_url":"https:\/\/www.correiobraziliense.com.br\/cbradar\/por-que-os-mosquitos-parecem-escolher-sempre-as-mesmas-pessoas\/","og_site_name":"Correio Braziliense - Radar","article_published_time":"2026-01-22T16:15:00+00:00","og_image":[{"width":1280,"height":720,"url":"https:\/\/www.correiobraziliense.com.br\/cbradar\/wp-content\/uploads\/2025\/07\/mosquitos_1751461698052.jpg","type":"image\/jpeg"}],"author":"guilherme_saude","twitter_card":"summary_large_image","twitter_misc":{"Escrito por":"guilherme_saude","Est. tempo de leitura":"7 minutos"},"schema":{"@context":"https:\/\/schema.org","@graph":[{"@type":"WebPage","@id":"https:\/\/www.correiobraziliense.com.br\/cbradar\/por-que-os-mosquitos-parecem-escolher-sempre-as-mesmas-pessoas\/","url":"https:\/\/www.correiobraziliense.com.br\/cbradar\/por-que-os-mosquitos-parecem-escolher-sempre-as-mesmas-pessoas\/","name":"Por que os mosquitos parecem escolher sempre as mesmas pessoas - Correio Braziliense - Radar","isPartOf":{"@id":"https:\/\/www.correiobraziliense.com.br\/cbradar\/#website"},"primaryImageOfPage":{"@id":"https:\/\/www.correiobraziliense.com.br\/cbradar\/por-que-os-mosquitos-parecem-escolher-sempre-as-mesmas-pessoas\/#primaryimage"},"image":{"@id":"https:\/\/www.correiobraziliense.com.br\/cbradar\/por-que-os-mosquitos-parecem-escolher-sempre-as-mesmas-pessoas\/#primaryimage"},"thumbnailUrl":"https:\/\/www.correiobraziliense.com.br\/cbradar\/wp-content\/uploads\/2025\/07\/mosquitos_1751461698052.jpg","datePublished":"2026-01-22T16:15:00+00:00","author":{"@id":"https:\/\/www.correiobraziliense.com.br\/cbradar\/#\/schema\/person\/5aa4bf3c8fa699c267933611de12978b"},"description":"Os mosquitos escolhem suas v\u00edtimas por fatores invis\u00edveis como metabolismo, h\u00e1bitos e at\u00e9 tipo sangu\u00edneo.","breadcrumb":{"@id":"https:\/\/www.correiobraziliense.com.br\/cbradar\/por-que-os-mosquitos-parecem-escolher-sempre-as-mesmas-pessoas\/#breadcrumb"},"inLanguage":"pt-BR","potentialAction":[{"@type":"ReadAction","target":["https:\/\/www.correiobraziliense.com.br\/cbradar\/por-que-os-mosquitos-parecem-escolher-sempre-as-mesmas-pessoas\/"]}]},{"@type":"ImageObject","inLanguage":"pt-BR","@id":"https:\/\/www.correiobraziliense.com.br\/cbradar\/por-que-os-mosquitos-parecem-escolher-sempre-as-mesmas-pessoas\/#primaryimage","url":"https:\/\/www.correiobraziliense.com.br\/cbradar\/wp-content\/uploads\/2025\/07\/mosquitos_1751461698052.jpg","contentUrl":"https:\/\/www.correiobraziliense.com.br\/cbradar\/wp-content\/uploads\/2025\/07\/mosquitos_1751461698052.jpg","width":1280,"height":720,"caption":"Mosquitos - Cr\u00e9ditos: depositphotos.com \/ FamVeldman"},{"@type":"BreadcrumbList","@id":"https:\/\/www.correiobraziliense.com.br\/cbradar\/por-que-os-mosquitos-parecem-escolher-sempre-as-mesmas-pessoas\/#breadcrumb","itemListElement":[{"@type":"ListItem","position":1,"name":"In\u00edcio","item":"https:\/\/www.correiobraziliense.com.br\/cbradar\/"},{"@type":"ListItem","position":2,"name":"Por que os mosquitos parecem escolher sempre as mesmas pessoas"}]},{"@type":"WebSite","@id":"https:\/\/www.correiobraziliense.com.br\/cbradar\/#website","url":"https:\/\/www.correiobraziliense.com.br\/cbradar\/","name":"Correio Braziliense - Radar","description":"Acompanhe as \u00faltimas not\u00edcias e fique bem informado sobre tudo o que acontece no Brasil e no mundo.","potentialAction":[{"@type":"SearchAction","target":{"@type":"EntryPoint","urlTemplate":"https:\/\/www.correiobraziliense.com.br\/cbradar\/?s={search_term_string}"},"query-input":{"@type":"PropertyValueSpecification","valueRequired":true,"valueName":"search_term_string"}}],"inLanguage":"pt-BR"},{"@type":"Person","@id":"https:\/\/www.correiobraziliense.com.br\/cbradar\/#\/schema\/person\/5aa4bf3c8fa699c267933611de12978b","name":"guilherme_saude","image":{"@type":"ImageObject","inLanguage":"pt-BR","@id":"https:\/\/www.correiobraziliense.com.br\/cbradar\/#\/schema\/person\/image\/","url":"https:\/\/secure.gravatar.com\/avatar\/df9adfb835d344bc0af109d41756253f?s=96&d=mm&r=g","contentUrl":"https:\/\/secure.gravatar.com\/avatar\/df9adfb835d344bc0af109d41756253f?s=96&d=mm&r=g","caption":"guilherme_saude"},"url":"https:\/\/www.correiobraziliense.com.br\/cbradar\/author\/guilherme_saude\/"}]}},"_links":{"self":[{"href":"https:\/\/www.correiobraziliense.com.br\/cbradar\/wp-json\/wp\/v2\/posts\/178108","targetHints":{"allow":["GET"]}}],"collection":[{"href":"https:\/\/www.correiobraziliense.com.br\/cbradar\/wp-json\/wp\/v2\/posts"}],"about":[{"href":"https:\/\/www.correiobraziliense.com.br\/cbradar\/wp-json\/wp\/v2\/types\/post"}],"author":[{"embeddable":true,"href":"https:\/\/www.correiobraziliense.com.br\/cbradar\/wp-json\/wp\/v2\/users\/14"}],"replies":[{"embeddable":true,"href":"https:\/\/www.correiobraziliense.com.br\/cbradar\/wp-json\/wp\/v2\/comments?post=178108"}],"version-history":[{"count":2,"href":"https:\/\/www.correiobraziliense.com.br\/cbradar\/wp-json\/wp\/v2\/posts\/178108\/revisions"}],"predecessor-version":[{"id":178621,"href":"https:\/\/www.correiobraziliense.com.br\/cbradar\/wp-json\/wp\/v2\/posts\/178108\/revisions\/178621"}],"wp:featuredmedia":[{"embeddable":true,"href":"https:\/\/www.correiobraziliense.com.br\/cbradar\/wp-json\/wp\/v2\/media\/63185"}],"wp:attachment":[{"href":"https:\/\/www.correiobraziliense.com.br\/cbradar\/wp-json\/wp\/v2\/media?parent=178108"}],"wp:term":[{"taxonomy":"category","embeddable":true,"href":"https:\/\/www.correiobraziliense.com.br\/cbradar\/wp-json\/wp\/v2\/categories?post=178108"},{"taxonomy":"post_tag","embeddable":true,"href":"https:\/\/www.correiobraziliense.com.br\/cbradar\/wp-json\/wp\/v2\/tags?post=178108"}],"curies":[{"name":"wp","href":"https:\/\/api.w.org\/{rel}","templated":true}]}}