{"id":17811,"date":"2025-04-02T18:10:00","date_gmt":"2025-04-02T21:10:00","guid":{"rendered":"https:\/\/www.correiobraziliense.com.br\/cbradar\/?p=17811"},"modified":"2025-06-28T01:38:23","modified_gmt":"2025-06-28T04:38:23","slug":"filme-4-do-homem-aranha-ganha-nome-oficial-veja","status":"publish","type":"post","link":"https:\/\/www.correiobraziliense.com.br\/cbradar\/filme-4-do-homem-aranha-ganha-nome-oficial-veja\/","title":{"rendered":"Filme 4 do Homem-Aranha ganha nome oficial, veja"},"content":{"rendered":"\n<p>O an\u00fancio de <strong>&#8220;Homem-Aranha: Um Novo Dia&#8221;<\/strong> durante a <strong>CinemaCon 2025<\/strong> representa muito mais que o simples revelar de um t\u00edtulo. Com estreia marcada para <strong>31 de julho de 2026<\/strong>, esta quarta instala\u00e7\u00e3o da trilogia de <strong>Tom Holland<\/strong> marca uma mudan\u00e7a estrat\u00e9gica fundamental na abordagem da <strong>Sony Pictures<\/strong> para o universo do Homem-Aranha. Sob a dire\u00e7\u00e3o de <strong>Destin Daniel Cretton<\/strong>, conhecido por <strong>&#8220;Shang-Chi e a Lenda dos Dez An\u00e9is&#8221;<\/strong>, o filme promete n\u00e3o apenas continuar a narrativa de <strong>Peter Parker<\/strong>, mas redefinir completamente sua trajet\u00f3ria ap\u00f3s os eventos transformadores de <strong>&#8220;Sem Volta Para Casa&#8221;<\/strong>.<\/p>\n\n\n\n<p>A escolha de <strong>Cretton<\/strong> como diretor, substituindo <strong>Jon Watts<\/strong> que comandou os tr\u00eas <strong><a href=\"https:\/\/www.correiobraziliense.com.br\/cbradar\/os-melhores-filmes-de-ficcao-cientifica-que-sao-totalmente-desconhecidos\/\" target=\"_blank\" rel=\"noreferrer noopener\">filmes <\/a><\/strong>anteriores, sinaliza uma inten\u00e7\u00e3o clara da <strong>Sony<\/strong> de injetar nova energia criativa na franquia. Durante sua apresenta\u00e7\u00e3o na <strong>CinemaCon<\/strong>, <strong>Cretton<\/strong> revelou uma conex\u00e3o pessoal profunda com o personagem, compartilhando que a primeira palavra de seu filho de um ano foi <strong>&#8220;Homem-Aranha&#8221;<\/strong> ao apontar para uma capa da revista <strong>&#8220;Spider-Man: Most Wanted&#8221;<\/strong>.<\/p>\n\n\n\n<h2 class=\"wp-block-heading\"><strong>Por que a mudan\u00e7a de diretor representa um marco estrat\u00e9gico para a franquia?<\/strong><\/h2>\n\n\n\n<p>A transi\u00e7\u00e3o de <strong>Jon Watts<\/strong> para <strong>Destin Daniel Cretton<\/strong> n\u00e3o \u00e9 meramente uma troca de comando, mas uma evolu\u00e7\u00e3o consciente da identidade cinematogr\u00e1fica do Homem-Aranha. <strong>Watts<\/strong> estabeleceu com maestria a integra\u00e7\u00e3o de <strong>Peter Parker<\/strong> no <strong>Universo Cinematogr\u00e1fico Marvel<\/strong>, criando uma base s\u00f3lida que gerou <strong>$3,92 bilh\u00f5es<\/strong> em bilheterias globais ao longo de tr\u00eas filmes. <strong>Cretton<\/strong>, por sua vez, traz uma sensibilidade diferente, demonstrada em <strong>&#8220;Shang-Chi&#8221;<\/strong> atrav\u00e9s de sua habilidade em equilibrar a\u00e7\u00e3o espetacular com profundidade emocional aut\u00eantica.<\/p>\n\n\n\n<p>Durante sua apresenta\u00e7\u00e3o na <strong>CinemaCon<\/strong>, <strong>Cretton<\/strong> enfatizou sua conex\u00e3o duradoura com <strong>Peter Parker<\/strong>, mencionando como sempre foi fascinado pelo <strong>&#8220;humor e humanidade confusa&#8221;<\/strong> do personagem. Esta abordagem sugere um foco renovado nos aspectos mais \u00edntimos e relacion\u00e1veis do her\u00f3i, potencialmente explorando territ\u00f3rio emocional ainda n\u00e3o mapeado nos filmes anteriores.<\/p>\n\n\n\n<figure class=\"wp-block-image size-large is-resized\"><img decoding=\"async\" width=\"1024\" height=\"576\" src=\"https:\/\/www.correiobraziliense.com.br\/cbradar\/wp-content\/uploads\/2025\/04\/Homem-Aranha-2-1024x576.png\" alt=\"Filme 4 do Homem-Aranha ganha nome oficial, veja\" class=\"wp-image-17986\" style=\"width:1008px;height:auto\" srcset=\"https:\/\/www.correiobraziliense.com.br\/cbradar\/wp-content\/uploads\/2025\/04\/Homem-Aranha-2-1024x576.png 1024w, https:\/\/www.correiobraziliense.com.br\/cbradar\/wp-content\/uploads\/2025\/04\/Homem-Aranha-2-300x169.png 300w, https:\/\/www.correiobraziliense.com.br\/cbradar\/wp-content\/uploads\/2025\/04\/Homem-Aranha-2-768x432.png 768w, https:\/\/www.correiobraziliense.com.br\/cbradar\/wp-content\/uploads\/2025\/04\/Homem-Aranha-2-750x422.png 750w, https:\/\/www.correiobraziliense.com.br\/cbradar\/wp-content\/uploads\/2025\/04\/Homem-Aranha-2-1140x641.png 1140w, https:\/\/www.correiobraziliense.com.br\/cbradar\/wp-content\/uploads\/2025\/04\/Homem-Aranha-2.png 1280w\" sizes=\"(max-width: 1024px) 100vw, 1024px\" \/><figcaption class=\"wp-element-caption\">Homem-Aranha. Fonte: divulga\u00e7\u00e3o \/ Marvel<\/figcaption><\/figure>\n\n\n\n<h2 class=\"wp-block-heading\"><strong>Como o t\u00edtulo &#8220;Um Novo Dia&#8221; reflete a transforma\u00e7\u00e3o narrativa p\u00f3s-&#8220;Sem Volta Para Casa&#8221;?<\/strong><\/h2>\n\n\n\n<p>O t\u00edtulo <strong>&#8220;Um Novo Dia&#8221;<\/strong> carrega peso simb\u00f3lico significativo, especialmente considerando onde <strong>&#8220;Sem Volta Para Casa&#8221;<\/strong> deixou <strong>Peter Parker<\/strong>. Ap\u00f3s o sacrif\u00edcio de fazer <strong>Doutor Estranho<\/strong> apagar sua identidade do universo, <strong>Peter<\/strong> se encontra em uma posi\u00e7\u00e3o \u00fanica: completamente livre das conex\u00f5es e responsabilidades que definiram sua vida, mas tamb\u00e9m isolado daqueles que mais ama, incluindo <strong>MJ<\/strong> (<strong>Zendaya<\/strong>) e <strong>Ned<\/strong> (<strong>Jacob Batalon<\/strong>).<\/p>\n\n\n\n<p><strong>Tom Holland<\/strong>, em mensagem de v\u00eddeo para a <strong>CinemaCon<\/strong>, descreveu o filme como <strong>&#8220;um novo come\u00e7o&#8221;<\/strong> e <strong>&#8220;exatamente isso&#8221;<\/strong>, sugerindo uma reinven\u00e7\u00e3o fundamental do personagem. Esta abordagem permite aos roteiristas explorar <strong>Peter Parker<\/strong> em seu estado mais puro: um jovem tentando redefinir sua identidade heroica sem o peso das conex\u00f5es estabelecidas que tradicionalmente o ancoravam.<\/p>\n\n\n\n<h2 class=\"wp-block-heading\"><strong>Qual o significado da data de lan\u00e7amento no contexto do Universo Cinematogr\u00e1fico Marvel?<\/strong><\/h2>\n\n\n\n<p>A data de estreia de <strong>31 de julho de 2026<\/strong> posiciona estrategicamente <strong>&#8220;Um Novo Dia&#8221;<\/strong> entre dois eventos monumentais do <strong>MCU<\/strong>: <strong>&#8220;Vingadores: Ju\u00edzo Final&#8221;<\/strong> (maio de 2026) e <strong>&#8220;Vingadores: Guerras Secretas&#8221;<\/strong> (posteriormente). Esta coloca\u00e7\u00e3o n\u00e3o \u00e9 coincidente, mas uma decis\u00e3o calculada que permite ao filme servir como ponte narrativa entre estes marcos cinematogr\u00e1ficos.<\/p>\n\n\n\n<p>A posi\u00e7\u00e3o cronol\u00f3gica tamb\u00e9m oferece \u00e0 <strong>Sony<\/strong> e <strong>Marvel Studios<\/strong> flexibilidade narrativa \u00fanica. <strong>Peter Parker<\/strong> poder\u00e1 participar dos eventos c\u00f3smicos de <strong>&#8220;Ju\u00edzo Final&#8221;<\/strong> como um her\u00f3i relativamente desconhecido do p\u00fablico geral, criando din\u00e2micas interessantes com outros her\u00f3is que n\u00e3o se lembram de sua exist\u00eancia anterior.<\/p>\n\n\n\n<h2 class=\"wp-block-heading\"><strong>Como a adi\u00e7\u00e3o de novos personagens pode expandir o universo do Homem-Aranha?<\/strong><\/h2>\n\n\n\n<p>Embora detalhes de elenco permane\u00e7am limitados, a confirma\u00e7\u00e3o de <strong>Sadie Sink<\/strong> (<strong>&#8220;Stranger Things&#8221;<\/strong>) em papel n\u00e3o revelado gera especula\u00e7\u00e3o significativa. Rumores sugerem que ela pode interpretar <strong>Jean Grey<\/strong>, introduzindo elementos <strong>X-Men<\/strong> ao universo cinematogr\u00e1fico do Homem-Aranha. Esta possibilidade alinha-se com os esfor\u00e7os da <strong>Sony<\/strong> de expandir seu universo de personagens <strong>Marvel<\/strong> al\u00e9m do n\u00facleo tradicional do Homem-Aranha.<\/p>\n\n\n\n<p>A estrat\u00e9gia de casting da <strong>Sony<\/strong> parece focar em talentos jovens com credibilidade estabelecida, seguindo o modelo bem-sucedido que trouxe <strong>Holland<\/strong> para o papel. <strong>Sink<\/strong> possui tanto a habilidade dram\u00e1tica quanto o reconhecimento de audi\u00eancia necess\u00e1rios para ancorar uma potencial expans\u00e3o da mitologia do filme.<\/p>\n\n\n\n<h2 class=\"wp-block-heading\"><strong>Que desafios criativos e comerciais &#8220;Um Novo Dia&#8221; precisa superar?<\/strong><\/h2>\n\n\n\n<p>O filme enfrenta a press\u00e3o \u00fanica de seguir <strong>&#8220;Sem Volta Para Casa&#8221;<\/strong>, que se tornou a <strong>s\u00e9tima maior bilheteria da hist\u00f3ria do cinema<\/strong> com <strong>$1,9 bilh\u00e3o<\/strong> globalmente. Esta conquista estabeleceu expectativas extraordinariamente altas, mas tamb\u00e9m criou oportunidades narrativas \u00fanicas atrav\u00e9s da reinven\u00e7\u00e3o radical do status quo do personagem.<\/p>\n\n\n\n<p><strong>Cretton<\/strong> e sua equipe devem equilibrar a nostalgia dos f\u00e3s estabelecidos com a necessidade de atrair novas audi\u00eancias. O diretor prometeu durante a <strong>CinemaCon<\/strong> criar <strong>&#8220;uma jornada emocional que n\u00e3o vimos antes&#8221;<\/strong>, sugerindo ambi\u00e7\u00e3o de transcender f\u00f3rmulas estabelecidas enquanto mant\u00e9m os elementos essenciais que fazem o Homem-Aranha ressoar universalmente.<\/p>\n\n\n\n<h2 class=\"wp-block-heading\"><strong>Como este filme pode redefinir o futuro da franquia Homem-Aranha?<\/strong><\/h2>\n\n\n\n<p><strong>&#8220;Um Novo Dia&#8221;<\/strong> representa potencialmente o in\u00edcio de uma nova era para o Homem-Aranha cinematogr\u00e1fico. Com <strong>Peter Parker<\/strong> come\u00e7ando essencialmente do zero, o filme tem liberdade criativa para explorar aspectos do personagem que permaneceram subdesenvolvidos nas instala\u00e7\u00f5es anteriores. A \u00eanfase de <strong>Cretton<\/strong> na <strong>&#8220;humanidade confusa&#8221;<\/strong> de <strong>Peter<\/strong> sugere uma abordagem mais introspectiva e psicologicamente complexa.<\/p>\n\n\n\n<p>Se bem-sucedido, <strong>&#8220;Um Novo Dia&#8221;<\/strong> pode estabelecer um novo paradigma para filmes de super-her\u00f3is: hist\u00f3rias que priorizam desenvolvimento de personagem e resson\u00e2ncia emocional sobre espet\u00e1culo puro. Esta abordagem pode influenciar n\u00e3o apenas futuros filmes do Homem-Aranha, mas toda a ind\u00fastria de entretenimento de super-her\u00f3is, demonstrando que audi\u00eancias respondem positivamente \u00e0 profundidade narrativa genu\u00edna combinada com a\u00e7\u00e3o cinematogr\u00e1fica de qualidade excepcional.<\/p>\n","protected":false},"excerpt":{"rendered":"<p>O aguardado filme do Homem-Aranha dirigido por Destin Daniel Cretton. Continue lendo para descobrir por que o Homem-Aranha fascina gera\u00e7\u00f5es.<\/p>\n","protected":false},"author":3,"featured_media":17852,"comment_status":"open","ping_status":"open","sticky":false,"template":"","format":"standard","meta":{"_yoast_wpseo_focuskw":"Homem-Aranha","_yoast_wpseo_title":"%%title%%","_yoast_wpseo_metadesc":"O aguardado filme do Homem-Aranha dirigido por Destin Daniel Cretton. Continue lendo para descobrir por que o Homem-Aranha fascina gera\u00e7\u00f5es.","jnews-multi-image_gallery":[],"jnews_single_post":{"format":"standard"},"jnews_primary_category":[],"jnews_social_meta":[],"jnews_override_counter":[],"footnotes":""},"categories":[140],"post_tag":[742,568],"class_list":["post-17811","post","type-post","status-publish","format-standard","has-post-thumbnail","hentry","category-entretenimento","tag-homem-aranha","tag-series-e-filmes"],"yoast_head":"<!-- This site is optimized with the Yoast SEO plugin v24.6 - https:\/\/yoast.com\/wordpress\/plugins\/seo\/ -->\n<title>Filme 4 do Homem-Aranha ganha nome oficial, veja<\/title>\n<meta name=\"description\" content=\"O aguardado filme do Homem-Aranha dirigido por Destin Daniel Cretton. Continue lendo para descobrir por que o Homem-Aranha fascina gera\u00e7\u00f5es.\" \/>\n<meta name=\"robots\" content=\"index, follow, max-snippet:-1, max-image-preview:large, max-video-preview:-1\" \/>\n<link rel=\"canonical\" href=\"https:\/\/www.correiobraziliense.com.br\/cbradar\/filme-4-do-homem-aranha-ganha-nome-oficial-veja\/\" \/>\n<meta property=\"og:locale\" content=\"pt_BR\" \/>\n<meta property=\"og:type\" content=\"article\" \/>\n<meta property=\"og:title\" content=\"Filme 4 do Homem-Aranha ganha nome oficial, veja\" \/>\n<meta property=\"og:description\" content=\"O aguardado filme do Homem-Aranha dirigido por Destin Daniel Cretton. Continue lendo para descobrir por que o Homem-Aranha fascina gera\u00e7\u00f5es.\" \/>\n<meta property=\"og:url\" content=\"https:\/\/www.correiobraziliense.com.br\/cbradar\/filme-4-do-homem-aranha-ganha-nome-oficial-veja\/\" \/>\n<meta property=\"og:site_name\" content=\"Correio Braziliense - Radar\" \/>\n<meta property=\"article:published_time\" content=\"2025-04-02T21:10:00+00:00\" \/>\n<meta property=\"article:modified_time\" content=\"2025-06-28T04:38:23+00:00\" \/>\n<meta property=\"og:image\" content=\"https:\/\/www.correiobraziliense.com.br\/cbradar\/wp-content\/uploads\/2025\/04\/WhatsApp-Image-2025-04-01-at-10.46.02.jpeg\" \/>\n\t<meta property=\"og:image:width\" content=\"1280\" \/>\n\t<meta property=\"og:image:height\" content=\"720\" \/>\n\t<meta property=\"og:image:type\" content=\"image\/jpeg\" \/>\n<meta name=\"author\" content=\"Larissa Carvalho\" \/>\n<meta name=\"twitter:card\" content=\"summary_large_image\" \/>\n<meta name=\"twitter:label1\" content=\"Escrito por\" \/>\n\t<meta name=\"twitter:data1\" content=\"Larissa Carvalho\" \/>\n\t<meta name=\"twitter:label2\" content=\"Est. tempo de leitura\" \/>\n\t<meta name=\"twitter:data2\" content=\"6 minutos\" \/>\n<!-- \/ Yoast SEO plugin. -->","yoast_head_json":{"title":"Filme 4 do Homem-Aranha ganha nome oficial, veja","description":"O aguardado filme do Homem-Aranha dirigido por Destin Daniel Cretton. Continue lendo para descobrir por que o Homem-Aranha fascina gera\u00e7\u00f5es.","robots":{"index":"index","follow":"follow","max-snippet":"max-snippet:-1","max-image-preview":"max-image-preview:large","max-video-preview":"max-video-preview:-1"},"canonical":"https:\/\/www.correiobraziliense.com.br\/cbradar\/filme-4-do-homem-aranha-ganha-nome-oficial-veja\/","og_locale":"pt_BR","og_type":"article","og_title":"Filme 4 do Homem-Aranha ganha nome oficial, veja","og_description":"O aguardado filme do Homem-Aranha dirigido por Destin Daniel Cretton. Continue lendo para descobrir por que o Homem-Aranha fascina gera\u00e7\u00f5es.","og_url":"https:\/\/www.correiobraziliense.com.br\/cbradar\/filme-4-do-homem-aranha-ganha-nome-oficial-veja\/","og_site_name":"Correio Braziliense - Radar","article_published_time":"2025-04-02T21:10:00+00:00","article_modified_time":"2025-06-28T04:38:23+00:00","og_image":[{"width":1280,"height":720,"url":"https:\/\/www.correiobraziliense.com.br\/cbradar\/wp-content\/uploads\/2025\/04\/WhatsApp-Image-2025-04-01-at-10.46.02.jpeg","type":"image\/jpeg"}],"author":"Larissa Carvalho","twitter_card":"summary_large_image","twitter_misc":{"Escrito por":"Larissa Carvalho","Est. tempo de leitura":"6 minutos"},"schema":{"@context":"https:\/\/schema.org","@graph":[{"@type":"WebPage","@id":"https:\/\/www.correiobraziliense.com.br\/cbradar\/filme-4-do-homem-aranha-ganha-nome-oficial-veja\/","url":"https:\/\/www.correiobraziliense.com.br\/cbradar\/filme-4-do-homem-aranha-ganha-nome-oficial-veja\/","name":"Filme 4 do Homem-Aranha ganha nome oficial, veja","isPartOf":{"@id":"https:\/\/www.correiobraziliense.com.br\/cbradar\/#website"},"primaryImageOfPage":{"@id":"https:\/\/www.correiobraziliense.com.br\/cbradar\/filme-4-do-homem-aranha-ganha-nome-oficial-veja\/#primaryimage"},"image":{"@id":"https:\/\/www.correiobraziliense.com.br\/cbradar\/filme-4-do-homem-aranha-ganha-nome-oficial-veja\/#primaryimage"},"thumbnailUrl":"https:\/\/www.correiobraziliense.com.br\/cbradar\/wp-content\/uploads\/2025\/04\/WhatsApp-Image-2025-04-01-at-10.46.02.jpeg","datePublished":"2025-04-02T21:10:00+00:00","dateModified":"2025-06-28T04:38:23+00:00","author":{"@id":"https:\/\/www.correiobraziliense.com.br\/cbradar\/#\/schema\/person\/58422787644df994b53a19d3e56c1513"},"description":"O aguardado filme do Homem-Aranha dirigido por Destin Daniel Cretton. Continue lendo para descobrir por que o Homem-Aranha fascina gera\u00e7\u00f5es.","breadcrumb":{"@id":"https:\/\/www.correiobraziliense.com.br\/cbradar\/filme-4-do-homem-aranha-ganha-nome-oficial-veja\/#breadcrumb"},"inLanguage":"pt-BR","potentialAction":[{"@type":"ReadAction","target":["https:\/\/www.correiobraziliense.com.br\/cbradar\/filme-4-do-homem-aranha-ganha-nome-oficial-veja\/"]}]},{"@type":"ImageObject","inLanguage":"pt-BR","@id":"https:\/\/www.correiobraziliense.com.br\/cbradar\/filme-4-do-homem-aranha-ganha-nome-oficial-veja\/#primaryimage","url":"https:\/\/www.correiobraziliense.com.br\/cbradar\/wp-content\/uploads\/2025\/04\/WhatsApp-Image-2025-04-01-at-10.46.02.jpeg","contentUrl":"https:\/\/www.correiobraziliense.com.br\/cbradar\/wp-content\/uploads\/2025\/04\/WhatsApp-Image-2025-04-01-at-10.46.02.jpeg","width":1280,"height":720,"caption":"Homem Aranha. Fonte: Divulga\u00e7\u00e3o \/ Columbia Pictures e Marvel Studios"},{"@type":"BreadcrumbList","@id":"https:\/\/www.correiobraziliense.com.br\/cbradar\/filme-4-do-homem-aranha-ganha-nome-oficial-veja\/#breadcrumb","itemListElement":[{"@type":"ListItem","position":1,"name":"In\u00edcio","item":"https:\/\/www.correiobraziliense.com.br\/cbradar\/"},{"@type":"ListItem","position":2,"name":"Filme 4 do Homem-Aranha ganha nome oficial, veja"}]},{"@type":"WebSite","@id":"https:\/\/www.correiobraziliense.com.br\/cbradar\/#website","url":"https:\/\/www.correiobraziliense.com.br\/cbradar\/","name":"Correio Braziliense - Radar","description":"Acompanhe as \u00faltimas not\u00edcias e fique bem informado sobre tudo o que acontece no Brasil e no mundo.","potentialAction":[{"@type":"SearchAction","target":{"@type":"EntryPoint","urlTemplate":"https:\/\/www.correiobraziliense.com.br\/cbradar\/?s={search_term_string}"},"query-input":{"@type":"PropertyValueSpecification","valueRequired":true,"valueName":"search_term_string"}}],"inLanguage":"pt-BR"},{"@type":"Person","@id":"https:\/\/www.correiobraziliense.com.br\/cbradar\/#\/schema\/person\/58422787644df994b53a19d3e56c1513","name":"Larissa Carvalho","image":{"@type":"ImageObject","inLanguage":"pt-BR","@id":"https:\/\/www.correiobraziliense.com.br\/cbradar\/#\/schema\/person\/image\/","url":"https:\/\/secure.gravatar.com\/avatar\/fe4f91a0de32b52a838d0d612abdc1aa?s=96&d=mm&r=g","contentUrl":"https:\/\/secure.gravatar.com\/avatar\/fe4f91a0de32b52a838d0d612abdc1aa?s=96&d=mm&r=g","caption":"Larissa Carvalho"},"url":"https:\/\/www.correiobraziliense.com.br\/cbradar\/author\/larissamyth\/"}]}},"_links":{"self":[{"href":"https:\/\/www.correiobraziliense.com.br\/cbradar\/wp-json\/wp\/v2\/posts\/17811","targetHints":{"allow":["GET"]}}],"collection":[{"href":"https:\/\/www.correiobraziliense.com.br\/cbradar\/wp-json\/wp\/v2\/posts"}],"about":[{"href":"https:\/\/www.correiobraziliense.com.br\/cbradar\/wp-json\/wp\/v2\/types\/post"}],"author":[{"embeddable":true,"href":"https:\/\/www.correiobraziliense.com.br\/cbradar\/wp-json\/wp\/v2\/users\/3"}],"replies":[{"embeddable":true,"href":"https:\/\/www.correiobraziliense.com.br\/cbradar\/wp-json\/wp\/v2\/comments?post=17811"}],"version-history":[{"count":7,"href":"https:\/\/www.correiobraziliense.com.br\/cbradar\/wp-json\/wp\/v2\/posts\/17811\/revisions"}],"predecessor-version":[{"id":60651,"href":"https:\/\/www.correiobraziliense.com.br\/cbradar\/wp-json\/wp\/v2\/posts\/17811\/revisions\/60651"}],"wp:featuredmedia":[{"embeddable":true,"href":"https:\/\/www.correiobraziliense.com.br\/cbradar\/wp-json\/wp\/v2\/media\/17852"}],"wp:attachment":[{"href":"https:\/\/www.correiobraziliense.com.br\/cbradar\/wp-json\/wp\/v2\/media?parent=17811"}],"wp:term":[{"taxonomy":"category","embeddable":true,"href":"https:\/\/www.correiobraziliense.com.br\/cbradar\/wp-json\/wp\/v2\/categories?post=17811"},{"taxonomy":"post_tag","embeddable":true,"href":"https:\/\/www.correiobraziliense.com.br\/cbradar\/wp-json\/wp\/v2\/post_tag?post=17811"}],"curies":[{"name":"wp","href":"https:\/\/api.w.org\/{rel}","templated":true}]}}