{"id":178238,"date":"2026-01-21T14:25:23","date_gmt":"2026-01-21T17:25:23","guid":{"rendered":"https:\/\/www.correiobraziliense.com.br\/cbradar\/?p=178238"},"modified":"2026-01-20T10:52:46","modified_gmt":"2026-01-20T13:52:46","slug":"o-cha-quente-que-relaxa-diminui-tensao-e-prepara-o-corpo-para-uma-noite-tranquila","status":"publish","type":"post","link":"https:\/\/www.correiobraziliense.com.br\/cbradar\/o-cha-quente-que-relaxa-diminui-tensao-e-prepara-o-corpo-para-uma-noite-tranquila\/","title":{"rendered":"O ch\u00e1 quente que relaxa, diminui tens\u00e3o e prepara o corpo para uma noite tranquila"},"content":{"rendered":"\n<p>Entre as bebidas naturais mais usadas no dia a dia, o <strong>ch\u00e1 de camomila<\/strong> aparece com frequ\u00eancia quando o assunto \u00e9 aliviar ansiedade e melhorar o sono. A planta, tradicional em diversas culturas, \u00e9 consumida principalmente \u00e0 noite, em situa\u00e7\u00f5es de estresse ou depois de um dia agitado, e em 2026 continua sendo uma das infus\u00f5es mais populares para quem busca estrat\u00e9gias simples e complementares de cuidado com a sa\u00fade emocional e o descanso noturno.<\/p>\n\n\n\n<h2 class=\"wp-block-heading\">Ch\u00e1 de camomila ajuda na ansiedade e como ele age no organismo<\/h2>\n\n\n\n<p>Associada principalmente ao al\u00edvio da ansiedade e \u00e0 promo\u00e7\u00e3o de bem-estar. Estudos apontam que compostos presentes na planta, como os flavonoides e a apigenina, podem exercer efeito calmante no sistema nervoso central, modulando receptores ligados \u00e0 sensa\u00e7\u00e3o de relaxamento.<\/p>\n\n\n\n<p>No cotidiano, o consumo da infus\u00e3o costuma ser associado a pequenos rituais de relaxamento, como desligar telas, diminuir luzes e reservar alguns minutos para a bebida. Esse conjunto de atitudes, somado \u00e0s propriedades da camomila, tende a favorecer uma sensa\u00e7\u00e3o de desacelera\u00e7\u00e3o, podendo atenuar inquieta\u00e7\u00e3o leve e desconfortos f\u00edsicos ligados ao nervosismo.<\/p>\n\n\n<div class=\"wp-block-image\">\n<figure class=\"aligncenter size-large\"><img decoding=\"async\" width=\"1024\" height=\"576\" src=\"https:\/\/www.correiobraziliense.com.br\/cbradar\/wp-content\/uploads\/2026\/01\/Cha-de-camomila_1768869098377-1024x576.jpg\" alt=\"\" class=\"wp-image-178440\" srcset=\"https:\/\/www.correiobraziliense.com.br\/cbradar\/wp-content\/uploads\/2026\/01\/Cha-de-camomila_1768869098377-1024x576.jpg 1024w, https:\/\/www.correiobraziliense.com.br\/cbradar\/wp-content\/uploads\/2026\/01\/Cha-de-camomila_1768869098377-300x169.jpg 300w, https:\/\/www.correiobraziliense.com.br\/cbradar\/wp-content\/uploads\/2026\/01\/Cha-de-camomila_1768869098377-768x432.jpg 768w, https:\/\/www.correiobraziliense.com.br\/cbradar\/wp-content\/uploads\/2026\/01\/Cha-de-camomila_1768869098377-750x422.jpg 750w, https:\/\/www.correiobraziliense.com.br\/cbradar\/wp-content\/uploads\/2026\/01\/Cha-de-camomila_1768869098377-1140x641.jpg 1140w, https:\/\/www.correiobraziliense.com.br\/cbradar\/wp-content\/uploads\/2026\/01\/Cha-de-camomila_1768869098377.jpg 1280w\" sizes=\"(max-width: 1024px) 100vw, 1024px\" \/><figcaption class=\"wp-element-caption\">Associada principalmente ao al\u00edvio da ansiedade e \u00e0 promo\u00e7\u00e3o de bem-estar &#8211; Cr\u00e9ditos: depositphotos.com \/ Sandralise<\/figcaption><\/figure><\/div>\n\n\n<p>Leia tamb\u00e9m:&nbsp;<a href=\"https:\/\/www.correiobraziliense.com.br\/cbradar\/o-cha-natural-que-aliviou-minha-ansiedade-e-ajudou-a-regular-o-estresse-pode-ser-plantado-no-quintal\/\" target=\"_blank\" rel=\"noopener\">O ch\u00e1 natural que aliviou minha ansiedade e ajudou a regular o estresse pode ser plantado no quintal<\/a><\/p>\n\n\n\n<h2 class=\"wp-block-heading\">De que forma o ch\u00e1 de camomila pode auxiliar na ins\u00f4nia<\/h2>\n\n\n\n<p>Quando o tema \u00e9 <strong>ins\u00f4nia<\/strong>, o ch\u00e1 de camomila costuma ser mencionado como uma op\u00e7\u00e3o natural para auxiliar no momento de dormir. A planta cont\u00e9m subst\u00e2ncias que podem favorecer um estado de relaxamento, facilitando o in\u00edcio do sono em algumas pessoas, principalmente quando associada a uma rotina regular de hor\u00e1rios e ambiente adequado para o descanso.<\/p>\n\n\n\n<p>Relatos cl\u00ednicos e pesquisas sugerem que a infus\u00e3o pode ser especialmente \u00fatil em quadros de dificuldade leve para pegar no sono ou despertares noturnos associados \u00e0 ansiedade. Ainda assim, ela n\u00e3o tem o mesmo efeito de medicamentos para dormir, e em dist\u00farbios do sono persistentes, como apneia ou ins\u00f4nia cr\u00f4nica, a avalia\u00e7\u00e3o m\u00e9dica continua sendo necess\u00e1ria.<\/p>\n\n\n\n<h2 class=\"wp-block-heading\">Quais s\u00e3o os principais benef\u00edcios do ch\u00e1 de camomila para ansiedade e sono<\/h2>\n\n\n\n<p>Os efeitos do <strong>ch\u00e1 de camomila<\/strong> n\u00e3o se limitam apenas \u00e0 ansiedade e \u00e0 ins\u00f4nia, mas esses dois pontos est\u00e3o entre os mais buscados por quem inclui a bebida na rotina. Al\u00e9m de favorecer o relaxamento, h\u00e1 interesse cient\u00edfico em poss\u00edveis impactos positivos leves sobre digest\u00e3o, tens\u00e3o muscular e qualidade subjetiva do sono. Se voc\u00ea gosta de ouvir opini\u00e3o de profissionais, separamos esse v\u00eddeo da <a href=\"https:\/\/www.youtube.com\/@NutricionistaPatriciaLeite\" target=\"_blank\" rel=\"noreferrer noopener\">Nutricionista Patricia Leite<\/a> falando dos benef\u00edcios da camomila:<\/p>\n\n\n\n<figure class=\"wp-block-embed is-type-video is-provider-youtube wp-block-embed-youtube wp-embed-aspect-16-9 wp-has-aspect-ratio\"><div class=\"wp-block-embed__wrapper\">\n<div class=\"jeg_video_container jeg_video_content\"><iframe loading=\"lazy\" title=\"Benef\u00edcios do Ch\u00e1 de Camomila - D\u00e1 Sono? Acalma? Baixa Press\u00e3o? [EMAGRECE?]\" width=\"500\" height=\"281\" src=\"https:\/\/www.youtube.com\/embed\/qjmaSBtTYRQ?feature=oembed\" frameborder=\"0\" allow=\"accelerometer; autoplay; clipboard-write; encrypted-media; gyroscope; picture-in-picture; web-share\" referrerpolicy=\"strict-origin-when-cross-origin\" allowfullscreen><\/iframe><\/div>\n<\/div><\/figure>\n\n\n\n<p>Para facilitar a visualiza\u00e7\u00e3o dos efeitos mais comentados e estudados, \u00e9 poss\u00edvel organizar os potenciais benef\u00edcios da camomila em alguns t\u00f3picos, lembrando sempre que se trata de um recurso complementar e n\u00e3o substituto de tratamentos m\u00e9dicos:<\/p>\n\n\n\n<ul class=\"wp-block-list\">\n<li><strong>Redu\u00e7\u00e3o da tens\u00e3o emocional:<\/strong> a infus\u00e3o pode colaborar para momentos de maior tranquilidade mental.<\/li>\n\n\n\n<li><strong>Apoio ao sono:<\/strong> costuma ser usada antes de dormir para favorecer uma noite mais cont\u00ednua.<\/li>\n\n\n\n<li><strong>Al\u00edvio digestivo leve:<\/strong> algumas pessoas relatam conforto em casos de m\u00e1 digest\u00e3o associada ao estresse.<\/li>\n\n\n\n<li><strong>Cria\u00e7\u00e3o de rotina relaxante:<\/strong> o h\u00e1bito de preparar o ch\u00e1 ajuda a sinalizar ao corpo que \u00e9 hora de desacelerar.<\/li>\n<\/ul>\n\n\n\n<p>Para quem deseja integrar o ch\u00e1 de camomila \u00e0 rotina, recomenda-se observar a proced\u00eancia das flores ou sach\u00eas, evitar excesso de a\u00e7\u00facar e manter o consumo em quantidades moderadas, entre 1 e 3 x\u00edcaras ao dia, salvo orienta\u00e7\u00e3o profissional espec\u00edfica.<\/p>\n\n\n\n<h2 class=\"wp-block-heading\">Como preparar o ch\u00e1 de camomila de forma adequada<\/h2>\n\n\n\n<p>O modo de preparo influencia diretamente na qualidade da infus\u00e3o e na preserva\u00e7\u00e3o de seus compostos. A t\u00e9cnica mais usada \u00e9 a da <em>infus\u00e3o<\/em>, em que a \u00e1gua quente \u00e9 colocada sobre a planta, sem que ela seja fervida junto, o que ajuda a manter o aroma, o sabor e parte das subst\u00e2ncias ativas presentes nas flores.<\/p>\n\n\n\n<p>Uma prepara\u00e7\u00e3o simples costuma seguir os seguintes passos: aquecer a \u00e1gua at\u00e9 quase ferver, desligar o fogo, adicionar as flores ou o sach\u00ea, tampar o recipiente e aguardar alguns minutos. Em seguida, a bebida \u00e9 coada, quando necess\u00e1rio, e servida ainda morna, podendo ser incorporada \u00e0 rotina noturna como um sinal de transi\u00e7\u00e3o entre as atividades do dia e o momento de descanso.<\/p>\n\n\n\n<div style=\"font-family: 'Segoe UI', Tahoma, Geneva, Verdana, sans-serif; max-width: 1000px; margin: 20px auto; border: 2px solid #722f37; border-radius: 30px; overflow: hidden; background-color: #ffffff; box-shadow: 0 4px 15px rgba(114, 47, 55, 0.1);\">\n    <table style=\"width: 100%; border-collapse: collapse; text-align: left; font-size: 14px;\">\n        <thead>\n            <tr style=\"background-color: #722f37;\">\n                <th style=\"padding: 15px; color: #ffffff; border-bottom: 2px solid #f9d8e6; width: 30%;\">Aspecto<\/th>\n                <th style=\"padding: 15px; color: #ffffff; border-bottom: 2px solid #f9d8e6; width: 70%;\">Orienta\u00e7\u00e3o geral<\/th>\n            <\/tr>\n        <\/thead>\n        <tbody>\n            <tr>\n                <td style=\"padding: 12px 15px; border-bottom: 1px solid #ffe3ee; color: #4a4a4a; font-weight: bold;\">Planta utilizada<\/td>\n                <td style=\"padding: 12px 15px; border-bottom: 1px solid #ffe3ee; color: #4a4a4a;\">Flores secas de camomila ou sach\u00eas prontos<\/td>\n            <\/tr>\n            <tr style=\"background-color: #fffafa;\">\n                <td style=\"padding: 12px 15px; border-bottom: 1px solid #ffe3ee; color: #4a4a4a; font-weight: bold;\">Propor\u00e7\u00e3o<\/td>\n                <td style=\"padding: 12px 15px; border-bottom: 1px solid #ffe3ee; color: #4a4a4a;\">Aproximadamente 1 colher de sopa de flores para cada 200 ml de \u00e1gua<\/td>\n            <\/tr>\n            <tr>\n                <td style=\"padding: 12px 15px; border-bottom: 1px solid #ffe3ee; color: #4a4a4a; font-weight: bold;\">Temperatura da \u00e1gua<\/td>\n                <td style=\"padding: 12px 15px; border-bottom: 1px solid #ffe3ee; color: #4a4a4a;\">Quase em ponto de fervura (sem borbulhar intensamente)<\/td>\n            <\/tr>\n            <tr style=\"background-color: #fffafa;\">\n                <td style=\"padding: 12px 15px; border-bottom: 1px solid #ffe3ee; color: #4a4a4a; font-weight: bold;\">Tempo de infus\u00e3o<\/td>\n                <td style=\"padding: 12px 15px; border-bottom: 1px solid #ffe3ee; color: #4a4a4a;\">Entre 5 e 10 minutos, conforme prefer\u00eancia de sabor<\/td>\n            <\/tr>\n            <tr>\n                <td style=\"padding: 12px 15px; border-bottom: 1px solid #ffe3ee; color: #4a4a4a; font-weight: bold;\">Hor\u00e1rios mais comuns<\/td>\n                <td style=\"padding: 12px 15px; border-bottom: 1px solid #ffe3ee; color: #4a4a4a;\">No fim da tarde e \u00e0 noite, antes de dormir<\/td>\n            <\/tr>\n            <tr style=\"background-color: #fffafa;\">\n                <td style=\"padding: 12px 15px; color: #4a4a4a; font-weight: bold;\">Cuidados<\/td>\n                <td style=\"padding: 12px 15px; color: #4a4a4a;\">Evitar consumo excessivo, aten\u00e7\u00e3o a poss\u00edveis alergias e a intera\u00e7\u00f5es em uso de medicamentos ou durante gravidez e amamenta\u00e7\u00e3o<\/td>\n            <\/tr>\n        <\/tbody>\n    <\/table>\n<\/div>\n\n\n\n<p>De forma geral, o <strong>ch\u00e1 de camomila para ansiedade e ins\u00f4nia<\/strong> aparece como um aliado simples na busca por mais equil\u00edbrio emocional e noites mais tranquilas. Integrado a outros cuidados, como alimenta\u00e7\u00e3o adequada, pr\u00e1tica de atividade f\u00edsica, manejo do estresse e acompanhamento profissional quando necess\u00e1rio, tende a ser um recurso complementar importante na rotina de bem-estar em 2026.<\/p>\n","protected":false},"excerpt":{"rendered":"<p>Entre as bebidas naturais mais usadas no dia a dia, o ch\u00e1 de camomila aparece com frequ\u00eancia quando o assunto \u00e9 aliviar ansiedade e melhorar o sono. A planta, tradicional em diversas culturas, \u00e9 consumida principalmente \u00e0 noite, em situa\u00e7\u00f5es de estresse ou depois de um dia agitado, e em 2026 continua sendo uma das [&hellip;]<\/p>\n","protected":false},"author":9,"featured_media":178548,"comment_status":"open","ping_status":"open","sticky":false,"template":"","format":"standard","meta":{"_yoast_wpseo_focuskw":"ch\u00e1 de camomila","_yoast_wpseo_title":"","_yoast_wpseo_metadesc":"Uma bebida leve que ajuda a relaxar, reduzir tens\u00e3o e tornar o momento de dormir mais tranquilo.","jnews-multi-image_gallery":[],"jnews_single_post":{"format":"standard"},"jnews_primary_category":[],"jnews_social_meta":[],"jnews_override_counter":[],"footnotes":""},"categories":[119,4404],"tags":[812,6908,2145],"class_list":["post-178238","post","type-post","status-publish","format-standard","has-post-thumbnail","hentry","category-bem-estar","category-saude","tag-ansiedade","tag-cha-de-camomila","tag-insonia"],"yoast_head":"<!-- This site is optimized with the Yoast SEO plugin v24.6 - https:\/\/yoast.com\/wordpress\/plugins\/seo\/ -->\n<title>O ch\u00e1 quente que relaxa, diminui tens\u00e3o e prepara o corpo para uma noite tranquila - Correio Braziliense - Radar<\/title>\n<meta name=\"description\" content=\"Uma bebida leve que ajuda a relaxar, reduzir tens\u00e3o e tornar o momento de dormir mais tranquilo.\" \/>\n<meta name=\"robots\" content=\"index, follow, max-snippet:-1, max-image-preview:large, max-video-preview:-1\" \/>\n<link rel=\"canonical\" href=\"https:\/\/www.correiobraziliense.com.br\/cbradar\/o-cha-quente-que-relaxa-diminui-tensao-e-prepara-o-corpo-para-uma-noite-tranquila\/\" \/>\n<meta property=\"og:locale\" content=\"pt_BR\" \/>\n<meta property=\"og:type\" content=\"article\" \/>\n<meta property=\"og:title\" content=\"O ch\u00e1 quente que relaxa, diminui tens\u00e3o e prepara o corpo para uma noite tranquila - Correio Braziliense - Radar\" \/>\n<meta property=\"og:description\" content=\"Uma bebida leve que ajuda a relaxar, reduzir tens\u00e3o e tornar o momento de dormir mais tranquilo.\" \/>\n<meta property=\"og:url\" content=\"https:\/\/www.correiobraziliense.com.br\/cbradar\/o-cha-quente-que-relaxa-diminui-tensao-e-prepara-o-corpo-para-uma-noite-tranquila\/\" \/>\n<meta property=\"og:site_name\" content=\"Correio Braziliense - Radar\" \/>\n<meta property=\"article:published_time\" content=\"2026-01-21T17:25:23+00:00\" \/>\n<meta property=\"og:image\" content=\"https:\/\/www.correiobraziliense.com.br\/cbradar\/wp-content\/uploads\/2026\/01\/freepik__imagem-realista-do-ch-de-camomila-mas-no-mostre-a-__91747.jpeg\" \/>\n\t<meta property=\"og:image:width\" content=\"1280\" \/>\n\t<meta property=\"og:image:height\" content=\"720\" \/>\n\t<meta property=\"og:image:type\" content=\"image\/jpeg\" \/>\n<meta name=\"author\" content=\"Daniely Cardoso\" \/>\n<meta name=\"twitter:card\" content=\"summary_large_image\" \/>\n<meta name=\"twitter:label1\" content=\"Escrito por\" \/>\n\t<meta name=\"twitter:data1\" content=\"Daniely Cardoso\" \/>\n\t<meta name=\"twitter:label2\" content=\"Est. tempo de leitura\" \/>\n\t<meta name=\"twitter:data2\" content=\"5 minutos\" \/>\n<!-- \/ Yoast SEO plugin. -->","yoast_head_json":{"title":"O ch\u00e1 quente que relaxa, diminui tens\u00e3o e prepara o corpo para uma noite tranquila - Correio Braziliense - Radar","description":"Uma bebida leve que ajuda a relaxar, reduzir tens\u00e3o e tornar o momento de dormir mais tranquilo.","robots":{"index":"index","follow":"follow","max-snippet":"max-snippet:-1","max-image-preview":"max-image-preview:large","max-video-preview":"max-video-preview:-1"},"canonical":"https:\/\/www.correiobraziliense.com.br\/cbradar\/o-cha-quente-que-relaxa-diminui-tensao-e-prepara-o-corpo-para-uma-noite-tranquila\/","og_locale":"pt_BR","og_type":"article","og_title":"O ch\u00e1 quente que relaxa, diminui tens\u00e3o e prepara o corpo para uma noite tranquila - Correio Braziliense - Radar","og_description":"Uma bebida leve que ajuda a relaxar, reduzir tens\u00e3o e tornar o momento de dormir mais tranquilo.","og_url":"https:\/\/www.correiobraziliense.com.br\/cbradar\/o-cha-quente-que-relaxa-diminui-tensao-e-prepara-o-corpo-para-uma-noite-tranquila\/","og_site_name":"Correio Braziliense - Radar","article_published_time":"2026-01-21T17:25:23+00:00","og_image":[{"width":1280,"height":720,"url":"https:\/\/www.correiobraziliense.com.br\/cbradar\/wp-content\/uploads\/2026\/01\/freepik__imagem-realista-do-ch-de-camomila-mas-no-mostre-a-__91747.jpeg","type":"image\/jpeg"}],"author":"Daniely Cardoso","twitter_card":"summary_large_image","twitter_misc":{"Escrito por":"Daniely Cardoso","Est. tempo de leitura":"5 minutos"},"schema":{"@context":"https:\/\/schema.org","@graph":[{"@type":"WebPage","@id":"https:\/\/www.correiobraziliense.com.br\/cbradar\/o-cha-quente-que-relaxa-diminui-tensao-e-prepara-o-corpo-para-uma-noite-tranquila\/","url":"https:\/\/www.correiobraziliense.com.br\/cbradar\/o-cha-quente-que-relaxa-diminui-tensao-e-prepara-o-corpo-para-uma-noite-tranquila\/","name":"O ch\u00e1 quente que relaxa, diminui tens\u00e3o e prepara o corpo para uma noite tranquila - Correio Braziliense - Radar","isPartOf":{"@id":"https:\/\/www.correiobraziliense.com.br\/cbradar\/#website"},"primaryImageOfPage":{"@id":"https:\/\/www.correiobraziliense.com.br\/cbradar\/o-cha-quente-que-relaxa-diminui-tensao-e-prepara-o-corpo-para-uma-noite-tranquila\/#primaryimage"},"image":{"@id":"https:\/\/www.correiobraziliense.com.br\/cbradar\/o-cha-quente-que-relaxa-diminui-tensao-e-prepara-o-corpo-para-uma-noite-tranquila\/#primaryimage"},"thumbnailUrl":"https:\/\/www.correiobraziliense.com.br\/cbradar\/wp-content\/uploads\/2026\/01\/freepik__imagem-realista-do-ch-de-camomila-mas-no-mostre-a-__91747.jpeg","datePublished":"2026-01-21T17:25:23+00:00","author":{"@id":"https:\/\/www.correiobraziliense.com.br\/cbradar\/#\/schema\/person\/7356666e12ec0ee53f348ee5db227032"},"description":"Uma bebida leve que ajuda a relaxar, reduzir tens\u00e3o e tornar o momento de dormir mais tranquilo.","breadcrumb":{"@id":"https:\/\/www.correiobraziliense.com.br\/cbradar\/o-cha-quente-que-relaxa-diminui-tensao-e-prepara-o-corpo-para-uma-noite-tranquila\/#breadcrumb"},"inLanguage":"pt-BR","potentialAction":[{"@type":"ReadAction","target":["https:\/\/www.correiobraziliense.com.br\/cbradar\/o-cha-quente-que-relaxa-diminui-tensao-e-prepara-o-corpo-para-uma-noite-tranquila\/"]}]},{"@type":"ImageObject","inLanguage":"pt-BR","@id":"https:\/\/www.correiobraziliense.com.br\/cbradar\/o-cha-quente-que-relaxa-diminui-tensao-e-prepara-o-corpo-para-uma-noite-tranquila\/#primaryimage","url":"https:\/\/www.correiobraziliense.com.br\/cbradar\/wp-content\/uploads\/2026\/01\/freepik__imagem-realista-do-ch-de-camomila-mas-no-mostre-a-__91747.jpeg","contentUrl":"https:\/\/www.correiobraziliense.com.br\/cbradar\/wp-content\/uploads\/2026\/01\/freepik__imagem-realista-do-ch-de-camomila-mas-no-mostre-a-__91747.jpeg","width":1280,"height":720,"caption":"Aux\u00edlio natural no relaxamento do sistema nervoso e na redu\u00e7\u00e3o da ansiedade leve"},{"@type":"BreadcrumbList","@id":"https:\/\/www.correiobraziliense.com.br\/cbradar\/o-cha-quente-que-relaxa-diminui-tensao-e-prepara-o-corpo-para-uma-noite-tranquila\/#breadcrumb","itemListElement":[{"@type":"ListItem","position":1,"name":"In\u00edcio","item":"https:\/\/www.correiobraziliense.com.br\/cbradar\/"},{"@type":"ListItem","position":2,"name":"O ch\u00e1 quente que relaxa, diminui tens\u00e3o e prepara o corpo para uma noite tranquila"}]},{"@type":"WebSite","@id":"https:\/\/www.correiobraziliense.com.br\/cbradar\/#website","url":"https:\/\/www.correiobraziliense.com.br\/cbradar\/","name":"Correio Braziliense - Radar","description":"Acompanhe as \u00faltimas not\u00edcias e fique bem informado sobre tudo o que acontece no Brasil e no mundo.","potentialAction":[{"@type":"SearchAction","target":{"@type":"EntryPoint","urlTemplate":"https:\/\/www.correiobraziliense.com.br\/cbradar\/?s={search_term_string}"},"query-input":{"@type":"PropertyValueSpecification","valueRequired":true,"valueName":"search_term_string"}}],"inLanguage":"pt-BR"},{"@type":"Person","@id":"https:\/\/www.correiobraziliense.com.br\/cbradar\/#\/schema\/person\/7356666e12ec0ee53f348ee5db227032","name":"Daniely Cardoso","image":{"@type":"ImageObject","inLanguage":"pt-BR","@id":"https:\/\/www.correiobraziliense.com.br\/cbradar\/#\/schema\/person\/image\/","url":"https:\/\/secure.gravatar.com\/avatar\/4b80ddbd124d1f071b626d52d62e5dff?s=96&d=mm&r=g","contentUrl":"https:\/\/secure.gravatar.com\/avatar\/4b80ddbd124d1f071b626d52d62e5dff?s=96&d=mm&r=g","caption":"Daniely Cardoso"},"description":"Redatora nos portais CB Radar e EM Foco, formada pela Universidade Federal de Goi\u00e1s, em Goi\u00e2nia. Apaixonada por comunica\u00e7\u00e3o, arte, decora\u00e7\u00e3o e tend\u00eancias, atuo na produ\u00e7\u00e3o de conte\u00fados envolventes sobre curiosidades, moda, beleza e paisagismo, sempre com um olhar atento \u00e0s novidades do momento.","sameAs":["https:\/\/www.correiobraziliense.com.br\/cbradar"],"url":"https:\/\/www.correiobraziliense.com.br\/cbradar\/author\/danielymyth\/"}]}},"_links":{"self":[{"href":"https:\/\/www.correiobraziliense.com.br\/cbradar\/wp-json\/wp\/v2\/posts\/178238","targetHints":{"allow":["GET"]}}],"collection":[{"href":"https:\/\/www.correiobraziliense.com.br\/cbradar\/wp-json\/wp\/v2\/posts"}],"about":[{"href":"https:\/\/www.correiobraziliense.com.br\/cbradar\/wp-json\/wp\/v2\/types\/post"}],"author":[{"embeddable":true,"href":"https:\/\/www.correiobraziliense.com.br\/cbradar\/wp-json\/wp\/v2\/users\/9"}],"replies":[{"embeddable":true,"href":"https:\/\/www.correiobraziliense.com.br\/cbradar\/wp-json\/wp\/v2\/comments?post=178238"}],"version-history":[{"count":2,"href":"https:\/\/www.correiobraziliense.com.br\/cbradar\/wp-json\/wp\/v2\/posts\/178238\/revisions"}],"predecessor-version":[{"id":178441,"href":"https:\/\/www.correiobraziliense.com.br\/cbradar\/wp-json\/wp\/v2\/posts\/178238\/revisions\/178441"}],"wp:featuredmedia":[{"embeddable":true,"href":"https:\/\/www.correiobraziliense.com.br\/cbradar\/wp-json\/wp\/v2\/media\/178548"}],"wp:attachment":[{"href":"https:\/\/www.correiobraziliense.com.br\/cbradar\/wp-json\/wp\/v2\/media?parent=178238"}],"wp:term":[{"taxonomy":"category","embeddable":true,"href":"https:\/\/www.correiobraziliense.com.br\/cbradar\/wp-json\/wp\/v2\/categories?post=178238"},{"taxonomy":"post_tag","embeddable":true,"href":"https:\/\/www.correiobraziliense.com.br\/cbradar\/wp-json\/wp\/v2\/tags?post=178238"}],"curies":[{"name":"wp","href":"https:\/\/api.w.org\/{rel}","templated":true}]}}