{"id":178333,"date":"2026-01-21T19:55:32","date_gmt":"2026-01-21T22:55:32","guid":{"rendered":"https:\/\/www.correiobraziliense.com.br\/cbradar\/?p=178333"},"modified":"2026-01-20T10:41:23","modified_gmt":"2026-01-20T13:41:23","slug":"a-bebida-fermentada-que-alivia-desconfortos-e-pode-melhorar-o-transito-intestinal","status":"publish","type":"post","link":"https:\/\/www.correiobraziliense.com.br\/cbradar\/a-bebida-fermentada-que-alivia-desconfortos-e-pode-melhorar-o-transito-intestinal\/","title":{"rendered":"A bebida fermentada que alivia desconfortos e pode melhorar o tr\u00e2nsito intestinal"},"content":{"rendered":"\n<p>O kefir vem ganhando espa\u00e7o na rotina de quem busca melhorar a digest\u00e3o e cuidar da sa\u00fade intestinal de forma simples. Trata-se de uma bebida fermentada, de sabor levemente \u00e1cido, produzida a partir de gr\u00e3os compostos por bact\u00e9rias e leveduras ben\u00e9ficas, que transformam o leite ou solu\u00e7\u00f5es a\u00e7ucaradas em uma bebida rica em compostos bioativos, vitaminas e subst\u00e2ncias com potencial probi\u00f3tico, podendo ainda contribuir para o equil\u00edbrio da microbiota e para o conforto intestinal no dia a dia.<\/p>\n\n\n\n<h2 class=\"wp-block-heading\">O que \u00e9 kefir e como ele atua no organismo<\/h2>\n\n\n\n<p>O kefir \u00e9 produzido a partir de \u201cgr\u00e3os\u201d que lembram pequenas couves-flores no caso do kefir de leite ou pequenos cristais transl\u00facidos no kefir de \u00e1gua. Esses gr\u00e3os abrigam uma comunidade de bact\u00e9rias \u00e1cido-l\u00e1cticas, bifidobact\u00e9rias e leveduras que fermentam a\u00e7\u00facares, originando \u00e1cidos org\u00e2nicos, gases e outros metab\u00f3litos com potencial efeito funcional.<\/p>\n\n\n\n<p>Durante a fermenta\u00e7\u00e3o, h\u00e1 quebra parcial da lactose no kefir de leite e do a\u00e7\u00facar utilizado no kefir de \u00e1gua, o que pode favorecer a digest\u00e3o para pessoas com maior sensibilidade a esses componentes. A bebida tamb\u00e9m pode conter vitaminas do complexo B, pequenas quantidades de vitamina K, pept\u00eddeos bioativos e subst\u00e2ncias antioxidantes, variando conforme leite, temperatura, tempo de fermenta\u00e7\u00e3o e origem dos gr\u00e3os.<\/p>\n\n\n<div class=\"wp-block-image\">\n<figure class=\"aligncenter size-large\"><img decoding=\"async\" width=\"1024\" height=\"576\" src=\"https:\/\/www.correiobraziliense.com.br\/cbradar\/wp-content\/uploads\/2025\/10\/kefir_1760054610989-1024x576.jpg\" alt=\"O alimento milenar que ajuda a restaurar a flora intestinal\" class=\"wp-image-116803\" srcset=\"https:\/\/www.correiobraziliense.com.br\/cbradar\/wp-content\/uploads\/2025\/10\/kefir_1760054610989-1024x576.jpg 1024w, https:\/\/www.correiobraziliense.com.br\/cbradar\/wp-content\/uploads\/2025\/10\/kefir_1760054610989-300x169.jpg 300w, https:\/\/www.correiobraziliense.com.br\/cbradar\/wp-content\/uploads\/2025\/10\/kefir_1760054610989-768x432.jpg 768w, https:\/\/www.correiobraziliense.com.br\/cbradar\/wp-content\/uploads\/2025\/10\/kefir_1760054610989-750x422.jpg 750w, https:\/\/www.correiobraziliense.com.br\/cbradar\/wp-content\/uploads\/2025\/10\/kefir_1760054610989-1140x641.jpg 1140w, https:\/\/www.correiobraziliense.com.br\/cbradar\/wp-content\/uploads\/2025\/10\/kefir_1760054610989.jpg 1280w\" sizes=\"(max-width: 1024px) 100vw, 1024px\" \/><figcaption class=\"wp-element-caption\">A ingest\u00e3o frequente de k\u00e9fir estimula o crescimento de micro-organismos ben\u00e9ficos no intestino &#8211; Cr\u00e9ditos: depositphotos.com \/ MadeleineSteinbach<\/figcaption><\/figure><\/div>\n\n\n<p>Leia tamb\u00e9m:&nbsp;<a href=\"https:\/\/www.correiobraziliense.com.br\/cbradar\/o-cha-natural-que-aliviou-minha-ansiedade-e-ajudou-a-regular-o-estresse-pode-ser-plantado-no-quintal\/\" target=\"_blank\" rel=\"noopener\">O ch\u00e1 natural que aliviou minha ansiedade e ajudou a regular o estresse pode ser plantado no quintal<\/a><\/p>\n\n\n\n<h2 class=\"wp-block-heading\">Quais s\u00e3o as principais propriedades probi\u00f3ticas do kefir<\/h2>\n\n\n\n<p>As propriedades probi\u00f3ticas do kefir est\u00e3o ligadas \u00e0 capacidade de alguns microrganismos de sobreviver ao trato gastrointestinal e interagir com a microbiota intestinal. Entre os efeitos estudados est\u00e3o modula\u00e7\u00e3o da flora bacteriana, competi\u00e7\u00e3o com microrganismos potencialmente patog\u00eanicos e produ\u00e7\u00e3o de \u00e1cidos que reduzem o pH intestinal, dificultando o crescimento de agentes indesejados.<\/p>\n\n\n\n<p>Pesquisas avaliam benef\u00edcios como melhora do tr\u00e2nsito intestinal, aux\u00edlio em casos de constipa\u00e7\u00e3o leve e suporte \u00e0 recupera\u00e7\u00e3o da flora ap\u00f3s uso de antibi\u00f3ticos, sempre dentro de um plano de cuidado orientado por profissionais. Tamb\u00e9m vem sendo investigado o impacto do kefir na barreira intestinal e na resposta imunol\u00f3gica local, lembrando que cada cultura de kefir \u00e9 diferente e pode ter composi\u00e7\u00e3o de cepas bastante vari\u00e1vel.<\/p>\n\n\n\n<h2 class=\"wp-block-heading\">Como o kefir pode favorecer a digest\u00e3o no dia a dia<\/h2>\n\n\n\n<p>O efeito digestivo do kefir relaciona-se \u00e0 sua a\u00e7\u00e3o sobre a microbiota e ao processo de fermenta\u00e7\u00e3o pr\u00e9via dos a\u00e7\u00facares. No kefir de leite, parte da lactose \u00e9 consumida pelas bact\u00e9rias, o que pode reduzir o desconforto em indiv\u00edduos com dificuldade de digerir esse a\u00e7\u00facar, embora pessoas com intoler\u00e2ncia mais acentuada devam ter avalia\u00e7\u00e3o individualizada antes do uso frequente.<\/p>\n\n\n\n<p>O consumo regular costuma ser associado a tr\u00e2nsito intestinal mais equilibrado, forma\u00e7\u00e3o de fezes mais macias e redu\u00e7\u00e3o de epis\u00f3dios de constipa\u00e7\u00e3o leve em algumas pessoas. Em outras, o excesso de consumo pode gerar gases ou distens\u00e3o abdominal no in\u00edcio, motivo pelo qual se recomenda introdu\u00e7\u00e3o gradual, com por\u00e7\u00f5es pequenas, observando a resposta do organismo e ajustando a quantidade quando necess\u00e1rio. Se voc\u00ea gosta de ouvir opini\u00e3o de profissionais, separamos esse v\u00eddeo da <a href=\"https:\/\/www.youtube.com\/@NutricionistaPatriciaLeite\" target=\"_blank\" rel=\"noreferrer noopener\">Nutricionista Patricia Leite<\/a> falando dos benef\u00edcios do kefir:<\/p>\n\n\n\n<figure class=\"wp-block-embed is-type-video is-provider-youtube wp-block-embed-youtube wp-embed-aspect-16-9 wp-has-aspect-ratio\"><div class=\"wp-block-embed__wrapper\">\n<div class=\"jeg_video_container jeg_video_content\"><iframe loading=\"lazy\" title=\"8 Benef\u00edcios do Kefir - Para Que Serve, Como Tomar, Fazer e Cuidar [+Receitas]\" width=\"500\" height=\"281\" src=\"https:\/\/www.youtube.com\/embed\/CIV82H9_2Dk?start=1&#038;feature=oembed\" frameborder=\"0\" allow=\"accelerometer; autoplay; clipboard-write; encrypted-media; gyroscope; picture-in-picture; web-share\" referrerpolicy=\"strict-origin-when-cross-origin\" allowfullscreen><\/iframe><\/div>\n<\/div><\/figure>\n\n\n\n<h2 class=\"wp-block-heading\">Como consumir kefir de forma segura e equilibrada<\/h2>\n\n\n\n<p>Na pr\u00e1tica, o kefir pode ser consumido puro ou em prepara\u00e7\u00f5es como vitaminas, molhos frios e misturas com frutas, respeitando prefer\u00eancias e toler\u00e2ncia individual. Por\u00e7\u00f5es di\u00e1rias em torno de 100 a 200 ml s\u00e3o frequentemente usadas como refer\u00eancia em orienta\u00e7\u00f5es nutricionais, sempre adaptadas \u00e0 rotina, objetivos e poss\u00edveis condi\u00e7\u00f5es de sa\u00fade de cada pessoa.<\/p>\n\n\n\n<p>O armazenamento adequado em refrigera\u00e7\u00e3o, em recipientes limpos e bem fechados, \u00e9 fundamental para preservar as caracter\u00edsticas da bebida e reduzir riscos de contamina\u00e7\u00e3o. Para kefir caseiro, higieniza\u00e7\u00e3o dos utens\u00edlios, controle do tempo de fermenta\u00e7\u00e3o e aten\u00e7\u00e3o a altera\u00e7\u00f5es de cheiro, cor ou textura s\u00e3o cuidados essenciais, enquanto vers\u00f5es industrializadas trazem no r\u00f3tulo informa\u00e7\u00f5es sobre cepas e quantidade de microrganismos.<\/p>\n\n\n\n<h2 class=\"wp-block-heading\">Quais s\u00e3o as principais caracter\u00edsticas nutricionais do kefir<\/h2>\n\n\n\n<p>A seguir, apresenta-se um exemplo simplificado de valores aproximados para 100 ml de kefir de leite integral, que podem variar conforme a marca, a composi\u00e7\u00e3o dos gr\u00e3os, o tipo de leite utilizado e o tempo de fermenta\u00e7\u00e3o. Esses n\u00fameros funcionam como refer\u00eancia geral e n\u00e3o substituem a leitura do r\u00f3tulo do produto espec\u00edfico consumido.<\/p>\n\n\n\n<p>Al\u00e9m de energia, prote\u00ednas, carboidratos e gorduras, o kefir costuma fornecer c\u00e1lcio, vitaminas do complexo B e microrganismos vivos em concentra\u00e7\u00f5es relevantes. Em alguns casos, podem ser identificados tamb\u00e9m pept\u00eddeos bioativos e compostos com potencial antioxidante, que est\u00e3o sendo estudados quanto ao seu papel na sa\u00fade metab\u00f3lica e intestinal.<\/p>\n\n\n\n<div style=\"font-family: 'Segoe UI', Tahoma, Geneva, Verdana, sans-serif; max-width: 1000px; margin: 20px auto; border: 2px solid #722f37; border-radius: 30px; overflow: hidden; background-color: #ffffff; box-shadow: 0 4px 15px rgba(114, 47, 55, 0.1);\">\n    <table style=\"width: 100%; border-collapse: collapse; text-align: left; font-size: 14px;\">\n        <thead>\n            <tr style=\"background-color: #722f37;\">\n                <th style=\"padding: 15px; color: #ffffff; border-bottom: 2px solid #f9d8e6; width: 20%;\">Componente<\/th>\n                <th style=\"padding: 15px; color: #ffffff; border-bottom: 2px solid #f9d8e6; width: 30%;\">Quantidade aproximada por 100 ml<\/th>\n                <th style=\"padding: 15px; color: #ffffff; border-bottom: 2px solid #f9d8e6; width: 50%;\">Observa\u00e7\u00f5es<\/th>\n            <\/tr>\n        <\/thead>\n        <tbody>\n            <tr>\n                <td style=\"padding: 12px 15px; border-bottom: 1px solid #ffe3ee; color: #4a4a4a; font-weight: bold;\">Energia<\/td>\n                <td style=\"padding: 12px 15px; border-bottom: 1px solid #ffe3ee; color: #4a4a4a;\">55\u201370 kcal<\/td>\n                <td style=\"padding: 12px 15px; border-bottom: 1px solid #ffe3ee; color: #4a4a4a;\">Depende do teor de gordura do leite<\/td>\n            <\/tr>\n            <tr style=\"background-color: #fffafa;\">\n                <td style=\"padding: 12px 15px; border-bottom: 1px solid #ffe3ee; color: #4a4a4a; font-weight: bold;\">Carboidratos totais<\/td>\n                <td style=\"padding: 12px 15px; border-bottom: 1px solid #ffe3ee; color: #4a4a4a;\">4\u20136 g<\/td>\n                <td style=\"padding: 12px 15px; border-bottom: 1px solid #ffe3ee; color: #4a4a4a;\">Parte da lactose \u00e9 fermentada<\/td>\n            <\/tr>\n            <tr>\n                <td style=\"padding: 12px 15px; border-bottom: 1px solid #ffe3ee; color: #4a4a4a; font-weight: bold;\">Prote\u00ednas<\/td>\n                <td style=\"padding: 12px 15px; border-bottom: 1px solid #ffe3ee; color: #4a4a4a;\">3\u20134 g<\/td>\n                <td style=\"padding: 12px 15px; border-bottom: 1px solid #ffe3ee; color: #4a4a4a;\">Fornece amino\u00e1cidos de boa qualidade<\/td>\n            <\/tr>\n            <tr style=\"background-color: #fffafa;\">\n                <td style=\"padding: 12px 15px; border-bottom: 1px solid #ffe3ee; color: #4a4a4a; font-weight: bold;\">Gorduras totais<\/td>\n                <td style=\"padding: 12px 15px; border-bottom: 1px solid #ffe3ee; color: #4a4a4a;\">2\u20134 g<\/td>\n                <td style=\"padding: 12px 15px; border-bottom: 1px solid #ffe3ee; color: #4a4a4a;\">Varia com o tipo de leite utilizado<\/td>\n            <\/tr>\n            <tr>\n                <td style=\"padding: 12px 15px; border-bottom: 1px solid #ffe3ee; color: #4a4a4a; font-weight: bold;\">C\u00e1lcio<\/td>\n                <td style=\"padding: 12px 15px; border-bottom: 1px solid #ffe3ee; color: #4a4a4a;\">90\u2013120 mg<\/td>\n                <td style=\"padding: 12px 15px; border-bottom: 1px solid #ffe3ee; color: #4a4a4a;\">Importante para ossos e dentes<\/td>\n            <\/tr>\n            <tr style=\"background-color: #fffafa;\">\n                <td style=\"padding: 12px 15px; border-bottom: 1px solid #ffe3ee; color: #4a4a4a; font-weight: bold;\">Vitamina B2 (riboflavina)<\/td>\n                <td style=\"padding: 12px 15px; border-bottom: 1px solid #ffe3ee; color: #4a4a4a;\">0,15\u20130,2 mg<\/td>\n                <td style=\"padding: 12px 15px; border-bottom: 1px solid #ffe3ee; color: #4a4a4a;\">Participa do metabolismo energ\u00e9tico<\/td>\n            <\/tr>\n            <tr>\n                <td style=\"padding: 12px 15px; border-bottom: 1px solid #ffe3ee; color: #4a4a4a; font-weight: bold;\">Vitamina B12<\/td>\n                <td style=\"padding: 12px 15px; border-bottom: 1px solid #ffe3ee; color: #4a4a4a;\">0,3\u20130,5 \u00b5g<\/td>\n                <td style=\"padding: 12px 15px; border-bottom: 1px solid #ffe3ee; color: #4a4a4a;\">Relacionada \u00e0 forma\u00e7\u00e3o de c\u00e9lulas sangu\u00edneas<\/td>\n            <\/tr>\n            <tr style=\"background-color: #fffafa;\">\n                <td style=\"padding: 12px 15px; color: #4a4a4a; font-weight: bold;\">Microrganismos vivos<\/td>\n                <td style=\"padding: 12px 15px; color: #4a4a4a;\">10<sup>7<\/sup>\u201310<sup>9<\/sup> UFC\/ml<\/td>\n                <td style=\"padding: 12px 15px; color: #4a4a4a;\">Varia conforme cepas e condi\u00e7\u00f5es de fermenta\u00e7\u00e3o<\/td>\n            <\/tr>\n        <\/tbody>\n    <\/table>\n<\/div>\n\n\n\n<h2 class=\"wp-block-heading\">Quais cuidados s\u00e3o importantes ao incluir kefir na alimenta\u00e7\u00e3o<\/h2>\n\n\n\n<p>Antes de incorporar o kefir ao card\u00e1pio de forma regular, \u00e9 importante considerar poss\u00edveis alergias, intoler\u00e2ncias e condi\u00e7\u00f5es de sa\u00fade espec\u00edficas. Pessoas com alergia \u00e0 prote\u00edna do leite n\u00e3o devem consumir kefir de leite, e em casos de imunidade bastante comprometida ou doen\u00e7as intestinais espec\u00edficas o uso de probi\u00f3ticos e fermentados precisa ser analisado com cautela e individualiza\u00e7\u00e3o.<\/p>\n\n\n\n<p>Algumas orienta\u00e7\u00f5es pr\u00e1ticas costumam ser destacadas por profissionais para tornar o consumo mais seguro e confort\u00e1vel, especialmente para quem est\u00e1 come\u00e7ando a utilizar o kefir na rotina alimentar:<\/p>\n\n\n\n<ul class=\"wp-block-list\">\n<li>Iniciar com pequenas quantidades e aumentar de forma gradual.<\/li>\n\n\n\n<li>Observar poss\u00edveis desconfortos, como gases ou altera\u00e7\u00f5es intensas no tr\u00e2nsito intestinal.<\/li>\n\n\n\n<li>Utilizar gr\u00e3os de kefir provenientes de fonte confi\u00e1vel.<\/li>\n\n\n\n<li>Manter higiene rigorosa no preparo e armazenamento.<\/li>\n\n\n\n<li>Buscar orienta\u00e7\u00e3o profissional em caso de doen\u00e7as pr\u00e9-existentes ou uso cont\u00ednuo de medicamentos.<\/li>\n<\/ul>\n\n\n\n<p>Com informa\u00e7\u00e3o adequada e acompanhamento quando necess\u00e1rio, o kefir pode ser um aliado interessante para o equil\u00edbrio da flora intestinal e o suporte \u00e0 digest\u00e3o, integrando um padr\u00e3o alimentar variado e rico em frutas, verduras, legumes e outros alimentos in natura.<\/p>\n","protected":false},"excerpt":{"rendered":"<p>O kefir vem ganhando espa\u00e7o na rotina de quem busca melhorar a digest\u00e3o e cuidar da sa\u00fade intestinal de forma simples. Trata-se de uma bebida fermentada, de sabor levemente \u00e1cido, produzida a partir de gr\u00e3os compostos por bact\u00e9rias e leveduras ben\u00e9ficas, que transformam o leite ou solu\u00e7\u00f5es a\u00e7ucaradas em uma bebida rica em compostos bioativos, [&hellip;]<\/p>\n","protected":false},"author":9,"featured_media":178530,"comment_status":"open","ping_status":"open","sticky":false,"template":"","format":"standard","meta":{"_yoast_wpseo_focuskw":"benef\u00edcios do kefir","_yoast_wpseo_title":"","_yoast_wpseo_metadesc":"Uma bebida fermentada que apoia a digest\u00e3o, equilibra a microbiota e pode trazer mais conforto intestinal no dia a dia.","jnews-multi-image_gallery":[],"jnews_single_post":{"format":"standard"},"jnews_primary_category":[],"jnews_social_meta":[],"jnews_override_counter":[],"footnotes":""},"categories":[119,4404],"post_tag":[194,14232,4899,565],"class_list":["post-178333","post","type-post","status-publish","format-standard","has-post-thumbnail","hentry","category-bem-estar","category-saude","tag-beneficios","tag-beneficios-do-kefir","tag-kefir","tag-saude"],"yoast_head":"<!-- This site is optimized with the Yoast SEO plugin v24.6 - https:\/\/yoast.com\/wordpress\/plugins\/seo\/ -->\n<title>A bebida fermentada que alivia desconfortos e pode melhorar o tr\u00e2nsito intestinal - Correio Braziliense - Radar<\/title>\n<meta name=\"description\" content=\"Uma bebida fermentada que apoia a digest\u00e3o, equilibra a microbiota e pode trazer mais conforto intestinal no dia a dia.\" \/>\n<meta name=\"robots\" content=\"index, follow, max-snippet:-1, max-image-preview:large, max-video-preview:-1\" \/>\n<link rel=\"canonical\" href=\"https:\/\/www.correiobraziliense.com.br\/cbradar\/a-bebida-fermentada-que-alivia-desconfortos-e-pode-melhorar-o-transito-intestinal\/\" \/>\n<meta property=\"og:locale\" content=\"pt_BR\" \/>\n<meta property=\"og:type\" content=\"article\" \/>\n<meta property=\"og:title\" content=\"A bebida fermentada que alivia desconfortos e pode melhorar o tr\u00e2nsito intestinal - Correio Braziliense - Radar\" \/>\n<meta property=\"og:description\" content=\"Uma bebida fermentada que apoia a digest\u00e3o, equilibra a microbiota e pode trazer mais conforto intestinal no dia a dia.\" \/>\n<meta property=\"og:url\" content=\"https:\/\/www.correiobraziliense.com.br\/cbradar\/a-bebida-fermentada-que-alivia-desconfortos-e-pode-melhorar-o-transito-intestinal\/\" \/>\n<meta property=\"og:site_name\" content=\"Correio Braziliense - Radar\" \/>\n<meta property=\"article:published_time\" content=\"2026-01-21T22:55:32+00:00\" \/>\n<meta property=\"og:image\" content=\"https:\/\/www.correiobraziliense.com.br\/cbradar\/wp-content\/uploads\/2026\/01\/kefir_1768916006763.jpg\" \/>\n\t<meta property=\"og:image:width\" content=\"1280\" \/>\n\t<meta property=\"og:image:height\" content=\"720\" \/>\n\t<meta property=\"og:image:type\" content=\"image\/jpeg\" \/>\n<meta name=\"author\" content=\"Daniely Cardoso\" \/>\n<meta name=\"twitter:card\" content=\"summary_large_image\" \/>\n<meta name=\"twitter:label1\" content=\"Escrito por\" \/>\n\t<meta name=\"twitter:data1\" content=\"Daniely Cardoso\" \/>\n\t<meta name=\"twitter:label2\" content=\"Est. tempo de leitura\" \/>\n\t<meta name=\"twitter:data2\" content=\"7 minutos\" \/>\n<!-- \/ Yoast SEO plugin. -->","yoast_head_json":{"title":"A bebida fermentada que alivia desconfortos e pode melhorar o tr\u00e2nsito intestinal - Correio Braziliense - Radar","description":"Uma bebida fermentada que apoia a digest\u00e3o, equilibra a microbiota e pode trazer mais conforto intestinal no dia a dia.","robots":{"index":"index","follow":"follow","max-snippet":"max-snippet:-1","max-image-preview":"max-image-preview:large","max-video-preview":"max-video-preview:-1"},"canonical":"https:\/\/www.correiobraziliense.com.br\/cbradar\/a-bebida-fermentada-que-alivia-desconfortos-e-pode-melhorar-o-transito-intestinal\/","og_locale":"pt_BR","og_type":"article","og_title":"A bebida fermentada que alivia desconfortos e pode melhorar o tr\u00e2nsito intestinal - Correio Braziliense - Radar","og_description":"Uma bebida fermentada que apoia a digest\u00e3o, equilibra a microbiota e pode trazer mais conforto intestinal no dia a dia.","og_url":"https:\/\/www.correiobraziliense.com.br\/cbradar\/a-bebida-fermentada-que-alivia-desconfortos-e-pode-melhorar-o-transito-intestinal\/","og_site_name":"Correio Braziliense - Radar","article_published_time":"2026-01-21T22:55:32+00:00","og_image":[{"width":1280,"height":720,"url":"https:\/\/www.correiobraziliense.com.br\/cbradar\/wp-content\/uploads\/2026\/01\/kefir_1768916006763.jpg","type":"image\/jpeg"}],"author":"Daniely Cardoso","twitter_card":"summary_large_image","twitter_misc":{"Escrito por":"Daniely Cardoso","Est. tempo de leitura":"7 minutos"},"schema":{"@context":"https:\/\/schema.org","@graph":[{"@type":"WebPage","@id":"https:\/\/www.correiobraziliense.com.br\/cbradar\/a-bebida-fermentada-que-alivia-desconfortos-e-pode-melhorar-o-transito-intestinal\/","url":"https:\/\/www.correiobraziliense.com.br\/cbradar\/a-bebida-fermentada-que-alivia-desconfortos-e-pode-melhorar-o-transito-intestinal\/","name":"A bebida fermentada que alivia desconfortos e pode melhorar o tr\u00e2nsito intestinal - Correio Braziliense - Radar","isPartOf":{"@id":"https:\/\/www.correiobraziliense.com.br\/cbradar\/#website"},"primaryImageOfPage":{"@id":"https:\/\/www.correiobraziliense.com.br\/cbradar\/a-bebida-fermentada-que-alivia-desconfortos-e-pode-melhorar-o-transito-intestinal\/#primaryimage"},"image":{"@id":"https:\/\/www.correiobraziliense.com.br\/cbradar\/a-bebida-fermentada-que-alivia-desconfortos-e-pode-melhorar-o-transito-intestinal\/#primaryimage"},"thumbnailUrl":"https:\/\/www.correiobraziliense.com.br\/cbradar\/wp-content\/uploads\/2026\/01\/kefir_1768916006763.jpg","datePublished":"2026-01-21T22:55:32+00:00","author":{"@id":"https:\/\/www.correiobraziliense.com.br\/cbradar\/#\/schema\/person\/7356666e12ec0ee53f348ee5db227032"},"description":"Uma bebida fermentada que apoia a digest\u00e3o, equilibra a microbiota e pode trazer mais conforto intestinal no dia a dia.","breadcrumb":{"@id":"https:\/\/www.correiobraziliense.com.br\/cbradar\/a-bebida-fermentada-que-alivia-desconfortos-e-pode-melhorar-o-transito-intestinal\/#breadcrumb"},"inLanguage":"pt-BR","potentialAction":[{"@type":"ReadAction","target":["https:\/\/www.correiobraziliense.com.br\/cbradar\/a-bebida-fermentada-que-alivia-desconfortos-e-pode-melhorar-o-transito-intestinal\/"]}]},{"@type":"ImageObject","inLanguage":"pt-BR","@id":"https:\/\/www.correiobraziliense.com.br\/cbradar\/a-bebida-fermentada-que-alivia-desconfortos-e-pode-melhorar-o-transito-intestinal\/#primaryimage","url":"https:\/\/www.correiobraziliense.com.br\/cbradar\/wp-content\/uploads\/2026\/01\/kefir_1768916006763.jpg","contentUrl":"https:\/\/www.correiobraziliense.com.br\/cbradar\/wp-content\/uploads\/2026\/01\/kefir_1768916006763.jpg","width":1280,"height":720,"caption":"Bebida fermentada rica em bact\u00e9rias e leveduras ben\u00e9ficas - Cr\u00e9ditos: depositphotos.com \/ MadeleineSteinbach"},{"@type":"BreadcrumbList","@id":"https:\/\/www.correiobraziliense.com.br\/cbradar\/a-bebida-fermentada-que-alivia-desconfortos-e-pode-melhorar-o-transito-intestinal\/#breadcrumb","itemListElement":[{"@type":"ListItem","position":1,"name":"In\u00edcio","item":"https:\/\/www.correiobraziliense.com.br\/cbradar\/"},{"@type":"ListItem","position":2,"name":"A bebida fermentada que alivia desconfortos e pode melhorar o tr\u00e2nsito intestinal"}]},{"@type":"WebSite","@id":"https:\/\/www.correiobraziliense.com.br\/cbradar\/#website","url":"https:\/\/www.correiobraziliense.com.br\/cbradar\/","name":"Correio Braziliense - Radar","description":"Acompanhe as \u00faltimas not\u00edcias e fique bem informado sobre tudo o que acontece no Brasil e no mundo.","potentialAction":[{"@type":"SearchAction","target":{"@type":"EntryPoint","urlTemplate":"https:\/\/www.correiobraziliense.com.br\/cbradar\/?s={search_term_string}"},"query-input":{"@type":"PropertyValueSpecification","valueRequired":true,"valueName":"search_term_string"}}],"inLanguage":"pt-BR"},{"@type":"Person","@id":"https:\/\/www.correiobraziliense.com.br\/cbradar\/#\/schema\/person\/7356666e12ec0ee53f348ee5db227032","name":"Daniely Cardoso","image":{"@type":"ImageObject","inLanguage":"pt-BR","@id":"https:\/\/www.correiobraziliense.com.br\/cbradar\/#\/schema\/person\/image\/","url":"https:\/\/secure.gravatar.com\/avatar\/4b80ddbd124d1f071b626d52d62e5dff?s=96&d=mm&r=g","contentUrl":"https:\/\/secure.gravatar.com\/avatar\/4b80ddbd124d1f071b626d52d62e5dff?s=96&d=mm&r=g","caption":"Daniely Cardoso"},"description":"Redatora nos portais CB Radar e EM Foco, formada pela Universidade Federal de Goi\u00e1s, em Goi\u00e2nia. Apaixonada por comunica\u00e7\u00e3o, arte, decora\u00e7\u00e3o e tend\u00eancias, atuo na produ\u00e7\u00e3o de conte\u00fados envolventes sobre curiosidades, moda, beleza e paisagismo, sempre com um olhar atento \u00e0s novidades do momento.","sameAs":["https:\/\/www.correiobraziliense.com.br\/cbradar"],"url":"https:\/\/www.correiobraziliense.com.br\/cbradar\/author\/danielymyth\/"}]}},"_links":{"self":[{"href":"https:\/\/www.correiobraziliense.com.br\/cbradar\/wp-json\/wp\/v2\/posts\/178333","targetHints":{"allow":["GET"]}}],"collection":[{"href":"https:\/\/www.correiobraziliense.com.br\/cbradar\/wp-json\/wp\/v2\/posts"}],"about":[{"href":"https:\/\/www.correiobraziliense.com.br\/cbradar\/wp-json\/wp\/v2\/types\/post"}],"author":[{"embeddable":true,"href":"https:\/\/www.correiobraziliense.com.br\/cbradar\/wp-json\/wp\/v2\/users\/9"}],"replies":[{"embeddable":true,"href":"https:\/\/www.correiobraziliense.com.br\/cbradar\/wp-json\/wp\/v2\/comments?post=178333"}],"version-history":[{"count":2,"href":"https:\/\/www.correiobraziliense.com.br\/cbradar\/wp-json\/wp\/v2\/posts\/178333\/revisions"}],"predecessor-version":[{"id":178445,"href":"https:\/\/www.correiobraziliense.com.br\/cbradar\/wp-json\/wp\/v2\/posts\/178333\/revisions\/178445"}],"wp:featuredmedia":[{"embeddable":true,"href":"https:\/\/www.correiobraziliense.com.br\/cbradar\/wp-json\/wp\/v2\/media\/178530"}],"wp:attachment":[{"href":"https:\/\/www.correiobraziliense.com.br\/cbradar\/wp-json\/wp\/v2\/media?parent=178333"}],"wp:term":[{"taxonomy":"category","embeddable":true,"href":"https:\/\/www.correiobraziliense.com.br\/cbradar\/wp-json\/wp\/v2\/categories?post=178333"},{"taxonomy":"post_tag","embeddable":true,"href":"https:\/\/www.correiobraziliense.com.br\/cbradar\/wp-json\/wp\/v2\/post_tag?post=178333"}],"curies":[{"name":"wp","href":"https:\/\/api.w.org\/{rel}","templated":true}]}}