{"id":178449,"date":"2026-01-21T09:25:07","date_gmt":"2026-01-21T12:25:07","guid":{"rendered":"https:\/\/www.correiobraziliense.com.br\/cbradar\/?p=178449"},"modified":"2026-01-20T10:44:19","modified_gmt":"2026-01-20T13:44:19","slug":"a-fruta-doce-que-da-energia-rapida-e-cresce-bem-em-quintais-ensolarados","status":"publish","type":"post","link":"https:\/\/www.correiobraziliense.com.br\/cbradar\/a-fruta-doce-que-da-energia-rapida-e-cresce-bem-em-quintais-ensolarados\/","title":{"rendered":"A fruta doce que d\u00e1 energia r\u00e1pida e cresce bem em quintais ensolarados"},"content":{"rendered":"\n<p>A <strong>atemoia<\/strong> tem ganhado espa\u00e7o nas feiras e mercados brasileiros e chamando aten\u00e7\u00e3o pelo sabor doce, pelo potencial energ\u00e9tico e pelo bom valor nutricional. Trata-se de uma fruta h\u00edbrida, resultado do cruzamento entre <strong>cherimoia<\/strong> e <strong>pinha<\/strong>, muito utilizada tanto para consumo in natura quanto para sucos, vitaminas, prepara\u00e7\u00f5es funcionais e receitas saud\u00e1veis que buscam reduzir o uso de a\u00e7\u00facar refinado.<\/p>\n\n\n\n<h2 class=\"wp-block-heading\">Quais s\u00e3o os benef\u00edcios energ\u00e9ticos da atemoia para o dia a dia<\/h2>\n\n\n\n<p><strong>Atemoia<\/strong>, costuma ser associada principalmente ao seu potencial energ\u00e9tico, gra\u00e7as \u00e0 boa quantidade de carboidratos naturais presentes na polpa, em especial frutose e glicose. Quando consumida de forma equilibrada, a fruta pode auxiliar em momentos de maior demanda de energia, como antes de atividades f\u00edsicas, rotinas com esfor\u00e7o intenso ou ap\u00f3s treinos, favorecendo a recupera\u00e7\u00e3o.<\/p>\n\n\n<div class=\"wp-block-image\">\n<figure class=\"aligncenter size-large\"><img decoding=\"async\" width=\"1024\" height=\"576\" src=\"https:\/\/www.correiobraziliense.com.br\/cbradar\/wp-content\/uploads\/2025\/11\/atemoia-fruta_1762875770654-1024x576.jpg\" alt=\"\" class=\"wp-image-135847\" srcset=\"https:\/\/www.correiobraziliense.com.br\/cbradar\/wp-content\/uploads\/2025\/11\/atemoia-fruta_1762875770654-1024x576.jpg 1024w, https:\/\/www.correiobraziliense.com.br\/cbradar\/wp-content\/uploads\/2025\/11\/atemoia-fruta_1762875770654-300x169.jpg 300w, https:\/\/www.correiobraziliense.com.br\/cbradar\/wp-content\/uploads\/2025\/11\/atemoia-fruta_1762875770654-768x432.jpg 768w, https:\/\/www.correiobraziliense.com.br\/cbradar\/wp-content\/uploads\/2025\/11\/atemoia-fruta_1762875770654-750x422.jpg 750w, https:\/\/www.correiobraziliense.com.br\/cbradar\/wp-content\/uploads\/2025\/11\/atemoia-fruta_1762875770654-1140x641.jpg 1140w, https:\/\/www.correiobraziliense.com.br\/cbradar\/wp-content\/uploads\/2025\/11\/atemoia-fruta_1762875770654.jpg 1280w\" sizes=\"(max-width: 1024px) 100vw, 1024px\" \/><figcaption class=\"wp-element-caption\">Esta fruta ex\u00f3tica tem prefer\u00eancia por regi\u00f5es de clima tropical &#8211; Cr\u00e9ditos: depositphotos.com \/ Marcotga<\/figcaption><\/figure><\/div>\n\n\n<p>Outro ponto relevante \u00e9 a presen\u00e7a de vitaminas do <strong>complexo B<\/strong>, como B1, B2 e B6, que desempenham papel importante no metabolismo energ\u00e9tico, al\u00e9m da <strong>vitamina C<\/strong>, que contribui para o sistema imunol\u00f3gico e reduz o estresse oxidativo. O teor de pot\u00e1ssio e magn\u00e9sio tamb\u00e9m se destaca, por favorecer o bom funcionamento muscular e a regula\u00e7\u00e3o da press\u00e3o arterial, o que torna a atemoia interessante para quem pratica esportes ou realiza trabalhos ao ar livre.<\/p>\n\n\n\n<ul class=\"wp-block-list\">\n<li><strong>Aux\u00edlio<\/strong> na reposi\u00e7\u00e3o de energia de forma r\u00e1pida e natural;<\/li>\n\n\n\n<li>Contribui\u00e7\u00e3o para o metabolismo de carboidratos, prote\u00ednas e <strong>gorduras<\/strong>;<\/li>\n\n\n\n<li>Suporte \u00e0 imunidade e ao combate ao estresse <strong>oxidativo<\/strong>;<\/li>\n\n\n\n<li>Ajuda na reposi\u00e7\u00e3o de eletr\u00f3litos em dias quentes ou de esfor\u00e7o f\u00edsico.<\/li>\n<\/ul>\n\n\n\n<p>Leia tamb\u00e9m:&nbsp;<a href=\"https:\/\/www.correiobraziliense.com.br\/cbradar\/a-fruta-tropical-com-efeitos-calmantes-que-fortalece-o-sistema-imunologico-e-rica-em-magnesio-e-facil-de-plantar\/\" target=\"_blank\" rel=\"noopener\">A fruta tropical com efeitos calmantes que fortalece o sistema imunol\u00f3gico, \u00e9 rica em magn\u00e9sio e f\u00e1cil de plantar<\/a><\/p>\n\n\n\n<h2 class=\"wp-block-heading\">Como plantar atemoia de forma pr\u00e1tica no pomar<\/h2>\n\n\n\n<p>O plantio de <strong>atemoia<\/strong> pode ser realizado tanto em pomares comerciais quanto em quintais dom\u00e9sticos, desde que sejam observadas algumas condi\u00e7\u00f5es b\u00e1sicas de solo, clima e manejo. A propaga\u00e7\u00e3o mais comum \u00e9 por meio de mudas enxertadas, fornecidas por viveiros especializados, o que permite maior padroniza\u00e7\u00e3o das plantas, redu\u00e7\u00e3o do tempo at\u00e9 a primeira colheita e melhor resist\u00eancia a pragas e doen\u00e7as.<\/p>\n\n\n\n<p>Para quem deseja iniciar o cultivo, alguns cuidados costumam ser recomendados, especialmente no preparo do terreno e na fase de estabelecimento das mudas, garantindo bom enraizamento e desenvolvimento inicial:<\/p>\n\n\n\n<ol class=\"wp-block-list\">\n<li><strong>Escolha<\/strong> das mudas: optar por mudas sadias, com boa forma\u00e7\u00e3o de copa e sistema radicular bem desenvolvido.<\/li>\n\n\n\n<li><strong>Preparo<\/strong> do solo: realizar an\u00e1lise de solo, corre\u00e7\u00e3o de acidez com calc\u00e1rio quando necess\u00e1rio e aduba\u00e7\u00e3o org\u00e2nica de base.<\/li>\n\n\n\n<li><strong>Abertura<\/strong> das covas: cavar covas de cerca de 40 x 40 x 40 cm, misturando terra com composto org\u00e2nico ou esterco curtido.<\/li>\n\n\n\n<li>Plantio: posicionar a muda verticalmente, cobrindo as ra\u00edzes sem enterrar o ponto de enxertia.<\/li>\n\n\n\n<li>Irriga\u00e7\u00e3o inicial: manter o solo \u00famido, sem encharcamento, principalmente nos primeiros meses ap\u00f3s o plantio.<\/li>\n<\/ol>\n\n\n\n<p>Se voc\u00ea gosta de cultivo, separamos esse v\u00eddeo do canal <a href=\"https:\/\/www.youtube.com\/@sandropomarhortaejardim\" target=\"_blank\" rel=\"noreferrer noopener\">Sandro Annonas<\/a> ensinando a plantar atemoia em casa:<\/p>\n\n\n\n<figure class=\"wp-block-embed is-type-video is-provider-youtube wp-block-embed-youtube wp-embed-aspect-16-9 wp-has-aspect-ratio\"><div class=\"wp-block-embed__wrapper\">\n<div class=\"jeg_video_container jeg_video_content\"><iframe loading=\"lazy\" title=\"ATEMOIA no VASO \/ Frutificara pra vaso! #annonas #fruits\" width=\"500\" height=\"281\" src=\"https:\/\/www.youtube.com\/embed\/TtdpE9Bpkp8?feature=oembed\" frameborder=\"0\" allow=\"accelerometer; autoplay; clipboard-write; encrypted-media; gyroscope; picture-in-picture; web-share\" referrerpolicy=\"strict-origin-when-cross-origin\" allowfullscreen><\/iframe><\/div>\n<\/div><\/figure>\n\n\n\n<h2 class=\"wp-block-heading\">Qual \u00e9 o clima ideal para cultivar atemoia<\/h2>\n\n\n\n<p>O clima \u00e9 um dos fatores decisivos para o sucesso do <strong>cultivo<\/strong> de atemoia, que se adapta melhor a regi\u00f5es de clima tropical e subtropical com esta\u00e7\u00f5es bem definidas. Temperaturas muito baixas podem comprometer flores e frutos, enquanto calor excessivo, associado \u00e0 baixa umidade, pode prejudicar o desenvolvimento das plantas, exigindo manejo de irriga\u00e7\u00e3o e sombreamento.<\/p>\n\n\n\n<p>De forma resumida, algumas condi\u00e7\u00f5es costumam ser consideradas favor\u00e1veis para o cultivo, incluindo boa disponibilidade de <strong>luz solar<\/strong> e chuvas bem distribu\u00eddas ou irriga\u00e7\u00e3o suplementar. O quadro a seguir apresenta valores m\u00e9dios geralmente adotados por produtores e t\u00e9cnicos como refer\u00eancia para o cultivo de <strong>atemoia<\/strong>, facilitando o planejamento de novos pomares.<\/p>\n\n\n\n<figure class=\"wp-block-table is-style-stripes\"><table class=\"has-text-color has-link-color has-fixed-layout\" style=\"color:#417161\"><tbody><tr><th>Fator<\/th><th>Faixa recomendada<\/th><th>Observa\u00e7\u00f5es<\/th><\/tr><tr><td><strong>Temperatura<\/strong> m\u00e9dia anual<\/td><td>18 \u00b0C a 28 \u00b0C<\/td><td>Faixa onde a planta tende a se desenvolver melhor.<\/td><\/tr><tr><td>Temperatura m\u00ednima<\/td><td>Acima de 5 \u00b0C<\/td><td>Geadas fortes podem danificar ramos, flores e frutos.<\/td><\/tr><tr><td>\u00cdndice <strong>pluviom\u00e9trico<\/strong><\/td><td>1.000 a 1.500 mm\/ano<\/td><td>Quando as chuvas s\u00e3o irregulares, recomenda-se irriga\u00e7\u00e3o.<\/td><\/tr><tr><td>Umidade relativa do ar<\/td><td>60% a 80%<\/td><td>Extremos de seca podem exigir manejo de irriga\u00e7\u00e3o e sombreamento.<\/td><\/tr><tr><td><strong>Altitude<\/strong><\/td><td>300 a 1.000 m<\/td><td>Varia conforme a regi\u00e3o; altitudes moderadas costumam ser favor\u00e1veis.<\/td><\/tr><\/tbody><\/table><\/figure>\n\n\n\n<p>De modo geral, \u00e1reas com clima semelhante ao de muitas regi\u00f5es do <strong>Sudeste<\/strong>, Centro-Oeste e partes do Sul e Nordeste do Brasil t\u00eam demonstrado bom desempenho para a atemoia, desde que haja manejo adequado de irriga\u00e7\u00e3o, solo e sanidade. Associando as caracter\u00edsticas energ\u00e9ticas da fruta a pr\u00e1ticas bem planejadas de plantio e escolha correta do clima, a <strong>atemoia<\/strong> tende a se manter como op\u00e7\u00e3o atraente tanto para quem produz quanto para quem consome.<\/p>\n","protected":false},"excerpt":{"rendered":"<p>A atemoia tem ganhado espa\u00e7o nas feiras e mercados brasileiros e chamando aten\u00e7\u00e3o pelo sabor doce, pelo potencial energ\u00e9tico e pelo bom valor nutricional. Trata-se de uma fruta h\u00edbrida, resultado do cruzamento entre cherimoia e pinha, muito utilizada tanto para consumo in natura quanto para sucos, vitaminas, prepara\u00e7\u00f5es funcionais e receitas saud\u00e1veis que buscam reduzir [&hellip;]<\/p>\n","protected":false},"author":9,"featured_media":178535,"comment_status":"open","ping_status":"open","sticky":false,"template":"","format":"standard","meta":{"_yoast_wpseo_focuskw":"plantar atemoia em casa","_yoast_wpseo_title":"","_yoast_wpseo_metadesc":"Uma fruta doce e energ\u00e9tica que fortalece o dia a dia e pode ser cultivada com clima quente, solo f\u00e9rtil e irriga\u00e7\u00e3o regular.","jnews-multi-image_gallery":[],"jnews_single_post":{"format":"standard"},"jnews_primary_category":[],"jnews_social_meta":[],"jnews_override_counter":[],"footnotes":""},"categories":[119,136],"post_tag":[11565,14237,12539],"class_list":["post-178449","post","type-post","status-publish","format-standard","has-post-thumbnail","hentry","category-bem-estar","category-jardinagem","tag-atemoia","tag-cultivo-de-atemoia","tag-plantar-atemoia"],"yoast_head":"<!-- This site is optimized with the Yoast SEO plugin v24.6 - https:\/\/yoast.com\/wordpress\/plugins\/seo\/ -->\n<title>A fruta doce que d\u00e1 energia r\u00e1pida e cresce bem em quintais ensolarados - Correio Braziliense - Radar<\/title>\n<meta name=\"description\" content=\"Uma fruta doce e energ\u00e9tica que fortalece o dia a dia e pode ser cultivada com clima quente, solo f\u00e9rtil e irriga\u00e7\u00e3o regular.\" \/>\n<meta name=\"robots\" content=\"index, follow, max-snippet:-1, max-image-preview:large, max-video-preview:-1\" \/>\n<link rel=\"canonical\" href=\"https:\/\/www.correiobraziliense.com.br\/cbradar\/a-fruta-doce-que-da-energia-rapida-e-cresce-bem-em-quintais-ensolarados\/\" \/>\n<meta property=\"og:locale\" content=\"pt_BR\" \/>\n<meta property=\"og:type\" content=\"article\" \/>\n<meta property=\"og:title\" content=\"A fruta doce que d\u00e1 energia r\u00e1pida e cresce bem em quintais ensolarados - Correio Braziliense - Radar\" \/>\n<meta property=\"og:description\" content=\"Uma fruta doce e energ\u00e9tica que fortalece o dia a dia e pode ser cultivada com clima quente, solo f\u00e9rtil e irriga\u00e7\u00e3o regular.\" \/>\n<meta property=\"og:url\" content=\"https:\/\/www.correiobraziliense.com.br\/cbradar\/a-fruta-doce-que-da-energia-rapida-e-cresce-bem-em-quintais-ensolarados\/\" \/>\n<meta property=\"og:site_name\" content=\"Correio Braziliense - Radar\" \/>\n<meta property=\"article:published_time\" content=\"2026-01-21T12:25:07+00:00\" \/>\n<meta property=\"og:image\" content=\"https:\/\/www.correiobraziliense.com.br\/cbradar\/wp-content\/uploads\/2026\/01\/freepik__imagem-realista-da-fruta-doce-atemoia-que-d-energi__91752.jpeg\" \/>\n\t<meta property=\"og:image:width\" content=\"1280\" \/>\n\t<meta property=\"og:image:height\" content=\"720\" \/>\n\t<meta property=\"og:image:type\" content=\"image\/jpeg\" \/>\n<meta name=\"author\" content=\"Daniely Cardoso\" \/>\n<meta name=\"twitter:card\" content=\"summary_large_image\" \/>\n<meta name=\"twitter:label1\" content=\"Escrito por\" \/>\n\t<meta name=\"twitter:data1\" content=\"Daniely Cardoso\" \/>\n\t<meta name=\"twitter:label2\" content=\"Est. tempo de leitura\" \/>\n\t<meta name=\"twitter:data2\" content=\"5 minutos\" \/>\n<!-- \/ Yoast SEO plugin. -->","yoast_head_json":{"title":"A fruta doce que d\u00e1 energia r\u00e1pida e cresce bem em quintais ensolarados - Correio Braziliense - Radar","description":"Uma fruta doce e energ\u00e9tica que fortalece o dia a dia e pode ser cultivada com clima quente, solo f\u00e9rtil e irriga\u00e7\u00e3o regular.","robots":{"index":"index","follow":"follow","max-snippet":"max-snippet:-1","max-image-preview":"max-image-preview:large","max-video-preview":"max-video-preview:-1"},"canonical":"https:\/\/www.correiobraziliense.com.br\/cbradar\/a-fruta-doce-que-da-energia-rapida-e-cresce-bem-em-quintais-ensolarados\/","og_locale":"pt_BR","og_type":"article","og_title":"A fruta doce que d\u00e1 energia r\u00e1pida e cresce bem em quintais ensolarados - Correio Braziliense - Radar","og_description":"Uma fruta doce e energ\u00e9tica que fortalece o dia a dia e pode ser cultivada com clima quente, solo f\u00e9rtil e irriga\u00e7\u00e3o regular.","og_url":"https:\/\/www.correiobraziliense.com.br\/cbradar\/a-fruta-doce-que-da-energia-rapida-e-cresce-bem-em-quintais-ensolarados\/","og_site_name":"Correio Braziliense - Radar","article_published_time":"2026-01-21T12:25:07+00:00","og_image":[{"width":1280,"height":720,"url":"https:\/\/www.correiobraziliense.com.br\/cbradar\/wp-content\/uploads\/2026\/01\/freepik__imagem-realista-da-fruta-doce-atemoia-que-d-energi__91752.jpeg","type":"image\/jpeg"}],"author":"Daniely Cardoso","twitter_card":"summary_large_image","twitter_misc":{"Escrito por":"Daniely Cardoso","Est. tempo de leitura":"5 minutos"},"schema":{"@context":"https:\/\/schema.org","@graph":[{"@type":"WebPage","@id":"https:\/\/www.correiobraziliense.com.br\/cbradar\/a-fruta-doce-que-da-energia-rapida-e-cresce-bem-em-quintais-ensolarados\/","url":"https:\/\/www.correiobraziliense.com.br\/cbradar\/a-fruta-doce-que-da-energia-rapida-e-cresce-bem-em-quintais-ensolarados\/","name":"A fruta doce que d\u00e1 energia r\u00e1pida e cresce bem em quintais ensolarados - Correio Braziliense - Radar","isPartOf":{"@id":"https:\/\/www.correiobraziliense.com.br\/cbradar\/#website"},"primaryImageOfPage":{"@id":"https:\/\/www.correiobraziliense.com.br\/cbradar\/a-fruta-doce-que-da-energia-rapida-e-cresce-bem-em-quintais-ensolarados\/#primaryimage"},"image":{"@id":"https:\/\/www.correiobraziliense.com.br\/cbradar\/a-fruta-doce-que-da-energia-rapida-e-cresce-bem-em-quintais-ensolarados\/#primaryimage"},"thumbnailUrl":"https:\/\/www.correiobraziliense.com.br\/cbradar\/wp-content\/uploads\/2026\/01\/freepik__imagem-realista-da-fruta-doce-atemoia-que-d-energi__91752.jpeg","datePublished":"2026-01-21T12:25:07+00:00","author":{"@id":"https:\/\/www.correiobraziliense.com.br\/cbradar\/#\/schema\/person\/7356666e12ec0ee53f348ee5db227032"},"description":"Uma fruta doce e energ\u00e9tica que fortalece o dia a dia e pode ser cultivada com clima quente, solo f\u00e9rtil e irriga\u00e7\u00e3o regular.","breadcrumb":{"@id":"https:\/\/www.correiobraziliense.com.br\/cbradar\/a-fruta-doce-que-da-energia-rapida-e-cresce-bem-em-quintais-ensolarados\/#breadcrumb"},"inLanguage":"pt-BR","potentialAction":[{"@type":"ReadAction","target":["https:\/\/www.correiobraziliense.com.br\/cbradar\/a-fruta-doce-que-da-energia-rapida-e-cresce-bem-em-quintais-ensolarados\/"]}]},{"@type":"ImageObject","inLanguage":"pt-BR","@id":"https:\/\/www.correiobraziliense.com.br\/cbradar\/a-fruta-doce-que-da-energia-rapida-e-cresce-bem-em-quintais-ensolarados\/#primaryimage","url":"https:\/\/www.correiobraziliense.com.br\/cbradar\/wp-content\/uploads\/2026\/01\/freepik__imagem-realista-da-fruta-doce-atemoia-que-d-energi__91752.jpeg","contentUrl":"https:\/\/www.correiobraziliense.com.br\/cbradar\/wp-content\/uploads\/2026\/01\/freepik__imagem-realista-da-fruta-doce-atemoia-que-d-energi__91752.jpeg","width":1280,"height":720,"caption":"Fruta h\u00edbrida resultante do cruzamento entre cherimoia e pinha"},{"@type":"BreadcrumbList","@id":"https:\/\/www.correiobraziliense.com.br\/cbradar\/a-fruta-doce-que-da-energia-rapida-e-cresce-bem-em-quintais-ensolarados\/#breadcrumb","itemListElement":[{"@type":"ListItem","position":1,"name":"In\u00edcio","item":"https:\/\/www.correiobraziliense.com.br\/cbradar\/"},{"@type":"ListItem","position":2,"name":"A fruta doce que d\u00e1 energia r\u00e1pida e cresce bem em quintais ensolarados"}]},{"@type":"WebSite","@id":"https:\/\/www.correiobraziliense.com.br\/cbradar\/#website","url":"https:\/\/www.correiobraziliense.com.br\/cbradar\/","name":"Correio Braziliense - Radar","description":"Acompanhe as \u00faltimas not\u00edcias e fique bem informado sobre tudo o que acontece no Brasil e no mundo.","potentialAction":[{"@type":"SearchAction","target":{"@type":"EntryPoint","urlTemplate":"https:\/\/www.correiobraziliense.com.br\/cbradar\/?s={search_term_string}"},"query-input":{"@type":"PropertyValueSpecification","valueRequired":true,"valueName":"search_term_string"}}],"inLanguage":"pt-BR"},{"@type":"Person","@id":"https:\/\/www.correiobraziliense.com.br\/cbradar\/#\/schema\/person\/7356666e12ec0ee53f348ee5db227032","name":"Daniely Cardoso","image":{"@type":"ImageObject","inLanguage":"pt-BR","@id":"https:\/\/www.correiobraziliense.com.br\/cbradar\/#\/schema\/person\/image\/","url":"https:\/\/secure.gravatar.com\/avatar\/4b80ddbd124d1f071b626d52d62e5dff?s=96&d=mm&r=g","contentUrl":"https:\/\/secure.gravatar.com\/avatar\/4b80ddbd124d1f071b626d52d62e5dff?s=96&d=mm&r=g","caption":"Daniely Cardoso"},"description":"Redatora nos portais CB Radar e EM Foco, formada pela Universidade Federal de Goi\u00e1s, em Goi\u00e2nia. Apaixonada por comunica\u00e7\u00e3o, arte, decora\u00e7\u00e3o e tend\u00eancias, atuo na produ\u00e7\u00e3o de conte\u00fados envolventes sobre curiosidades, moda, beleza e paisagismo, sempre com um olhar atento \u00e0s novidades do momento.","sameAs":["https:\/\/www.correiobraziliense.com.br\/cbradar"],"url":"https:\/\/www.correiobraziliense.com.br\/cbradar\/author\/danielymyth\/"}]}},"_links":{"self":[{"href":"https:\/\/www.correiobraziliense.com.br\/cbradar\/wp-json\/wp\/v2\/posts\/178449","targetHints":{"allow":["GET"]}}],"collection":[{"href":"https:\/\/www.correiobraziliense.com.br\/cbradar\/wp-json\/wp\/v2\/posts"}],"about":[{"href":"https:\/\/www.correiobraziliense.com.br\/cbradar\/wp-json\/wp\/v2\/types\/post"}],"author":[{"embeddable":true,"href":"https:\/\/www.correiobraziliense.com.br\/cbradar\/wp-json\/wp\/v2\/users\/9"}],"replies":[{"embeddable":true,"href":"https:\/\/www.correiobraziliense.com.br\/cbradar\/wp-json\/wp\/v2\/comments?post=178449"}],"version-history":[{"count":2,"href":"https:\/\/www.correiobraziliense.com.br\/cbradar\/wp-json\/wp\/v2\/posts\/178449\/revisions"}],"predecessor-version":[{"id":178461,"href":"https:\/\/www.correiobraziliense.com.br\/cbradar\/wp-json\/wp\/v2\/posts\/178449\/revisions\/178461"}],"wp:featuredmedia":[{"embeddable":true,"href":"https:\/\/www.correiobraziliense.com.br\/cbradar\/wp-json\/wp\/v2\/media\/178535"}],"wp:attachment":[{"href":"https:\/\/www.correiobraziliense.com.br\/cbradar\/wp-json\/wp\/v2\/media?parent=178449"}],"wp:term":[{"taxonomy":"category","embeddable":true,"href":"https:\/\/www.correiobraziliense.com.br\/cbradar\/wp-json\/wp\/v2\/categories?post=178449"},{"taxonomy":"post_tag","embeddable":true,"href":"https:\/\/www.correiobraziliense.com.br\/cbradar\/wp-json\/wp\/v2\/post_tag?post=178449"}],"curies":[{"name":"wp","href":"https:\/\/api.w.org\/{rel}","templated":true}]}}