{"id":178454,"date":"2026-01-21T16:25:11","date_gmt":"2026-01-21T19:25:11","guid":{"rendered":"https:\/\/www.correiobraziliense.com.br\/cbradar\/?p=178454"},"modified":"2026-01-20T11:00:21","modified_gmt":"2026-01-20T14:00:21","slug":"a-ardencia-leve-que-apoia-glicemia-e-nasce-bem-ate-em-hortas-pequenas","status":"publish","type":"post","link":"https:\/\/www.correiobraziliense.com.br\/cbradar\/a-ardencia-leve-que-apoia-glicemia-e-nasce-bem-ate-em-hortas-pequenas\/","title":{"rendered":"A ard\u00eancia leve que apoia glicemia e nasce bem at\u00e9 em hortas pequenas"},"content":{"rendered":"\n<p>A <strong>pimenta-dedo-de-mo\u00e7a<\/strong> est\u00e1 cada vez mais presente na alimenta\u00e7\u00e3o de quem busca sabor marcante e cuidados com a sa\u00fade metab\u00f3lica. Com pic\u00e2ncia moderada e compostos bioativos como a <strong>capsaicina<\/strong>, ela pode auxiliar discretamente no gasto energ\u00e9tico e na organiza\u00e7\u00e3o do metabolismo, ao mesmo tempo em que \u00e9 uma planta relativamente simples de cultivar em vasos, hortas urbanas ou pequenos quintais.<\/p>\n\n\n\n<h2 class=\"wp-block-heading\">Quais s\u00e3o os principais benef\u00edcios metab\u00f3licos da pimenta-dedo-de-mo\u00e7a<\/h2>\n\n\n\n<p>A pimenta-dedo-de-mo\u00e7a se destaca por seus efeitos metab\u00f3licos associados principalmente \u00e0 capsaicina, respons\u00e1vel pela sensa\u00e7\u00e3o de ard\u00eancia. Estudos indicam que essa subst\u00e2ncia pode estimular levemente a <strong>termog\u00eanese<\/strong>, aumentando discretamente o gasto cal\u00f3rico e contribuindo como apoio em estrat\u00e9gias de controle de peso.<\/p>\n\n\n<div class=\"wp-block-image\">\n<figure class=\"aligncenter size-large\"><img decoding=\"async\" width=\"1024\" height=\"576\" src=\"https:\/\/www.correiobraziliense.com.br\/cbradar\/wp-content\/uploads\/2025\/11\/pimenta-malagueta-plantacao_1763053826359-1024x576.jpg\" alt=\"\" class=\"wp-image-136807\" srcset=\"https:\/\/www.correiobraziliense.com.br\/cbradar\/wp-content\/uploads\/2025\/11\/pimenta-malagueta-plantacao_1763053826359-1024x576.jpg 1024w, https:\/\/www.correiobraziliense.com.br\/cbradar\/wp-content\/uploads\/2025\/11\/pimenta-malagueta-plantacao_1763053826359-300x169.jpg 300w, https:\/\/www.correiobraziliense.com.br\/cbradar\/wp-content\/uploads\/2025\/11\/pimenta-malagueta-plantacao_1763053826359-768x432.jpg 768w, https:\/\/www.correiobraziliense.com.br\/cbradar\/wp-content\/uploads\/2025\/11\/pimenta-malagueta-plantacao_1763053826359-750x422.jpg 750w, https:\/\/www.correiobraziliense.com.br\/cbradar\/wp-content\/uploads\/2025\/11\/pimenta-malagueta-plantacao_1763053826359-1140x641.jpg 1140w, https:\/\/www.correiobraziliense.com.br\/cbradar\/wp-content\/uploads\/2025\/11\/pimenta-malagueta-plantacao_1763053826359.jpg 1280w\" sizes=\"(max-width: 1024px) 100vw, 1024px\" \/><figcaption class=\"wp-element-caption\"> Evitar extremos de temperatura \u00e9 essencial para manter um ambiente prop\u00edcio ao cultivo saud\u00e1vel &#8211; Cr\u00e9ditos: depositphotos.com \/ YK1500<\/figcaption><\/figure><\/div>\n\n\n<p>Leia tamb\u00e9m:&nbsp;<a href=\"https:\/\/www.correiobraziliense.com.br\/cbradar\/a-fruta-tropical-com-efeitos-calmantes-que-fortalece-o-sistema-imunologico-e-rica-em-magnesio-e-facil-de-plantar\/\" target=\"_blank\" rel=\"noopener\">A fruta tropical com efeitos calmantes que fortalece o sistema imunol\u00f3gico, \u00e9 rica em magn\u00e9sio e f\u00e1cil de plantar<\/a><\/p>\n\n\n\n<p>Al\u00e9m disso, o consumo regular e moderado pode favorecer marcadores metab\u00f3licos, especialmente quando inserido em uma alimenta\u00e7\u00e3o equilibrada. Entre os aspectos mais observados est\u00e3o benef\u00edcios sobre <strong>glicemia<\/strong>, perfil lip\u00eddico e prote\u00e7\u00e3o celular por meio de compostos antioxidantes.<\/p>\n\n\n\n<ul class=\"wp-block-list\">\n<li>Aux\u00edlio no controle da <strong>glicemia<\/strong> quando integrada a um padr\u00e3o alimentar equilibrado;<\/li>\n\n\n\n<li>Poss\u00edvel impacto favor\u00e1vel sobre o <strong>perfil lip\u00eddico<\/strong>, como colesterol e triglicer\u00eddeos;<\/li>\n\n\n\n<li>Combate ao <strong>estresse oxidativo<\/strong>, gra\u00e7as a antioxidantes e compostos fen\u00f3licos;<\/li>\n\n\n\n<li>Boa oferta de <strong>vitamina C<\/strong>, que atua na imunidade e na prote\u00e7\u00e3o das c\u00e9lulas.<\/li>\n<\/ul>\n\n\n\n<h2 class=\"wp-block-heading\">Como plantar pimenta-dedo-de-mo\u00e7a em casa de forma pr\u00e1tica<\/h2>\n\n\n\n<p>O plantio de pimenta-dedo-de-mo\u00e7a pode ser feito em vasos, jardineiras ou diretamente no solo, desde que haja boa drenagem e luz adequada. Em ambientes urbanos, o cultivo em vasos \u00e9 bastante comum, principalmente em varandas e \u00e1reas com boa entrada de sol, garantindo acesso f\u00e1cil e fresco ao alimento o ano todo. Se voc\u00ea gosta de cultivo, separamos esse v\u00eddeo do canal <a href=\"https:\/\/www.youtube.com\/@JardineiroAmador\" target=\"_blank\" rel=\"noreferrer noopener\">Jardineiro Amador<\/a><a href=\"https:\/\/www.youtube.com\/@eliasviana55\" target=\"_blank\" rel=\"noreferrer noopener\">\u00a0<\/a>ensinando a plantar em casa:<\/p>\n\n\n\n<figure class=\"wp-block-embed is-type-video is-provider-youtube wp-block-embed-youtube wp-embed-aspect-16-9 wp-has-aspect-ratio\"><div class=\"wp-block-embed__wrapper\">\n<div class=\"jeg_video_container jeg_video_content\"><iframe loading=\"lazy\" title=\"Como plantar pimenta dedo de mo\u00e7a em vaso\" width=\"500\" height=\"281\" src=\"https:\/\/www.youtube.com\/embed\/oobVQJtgcHI?start=1&#038;feature=oembed\" frameborder=\"0\" allow=\"accelerometer; autoplay; clipboard-write; encrypted-media; gyroscope; picture-in-picture; web-share\" referrerpolicy=\"strict-origin-when-cross-origin\" allowfullscreen><\/iframe><\/div>\n<\/div><\/figure>\n\n\n\n<p>Para quem come\u00e7a a partir de sementes, um passo a passo simples ajuda a garantir boa germina\u00e7\u00e3o e desenvolvimento inicial das mudas, permitindo que a planta cres\u00e7a vigorosa e comece a produzir frutos em poucos meses.<\/p>\n\n\n\n<ol class=\"wp-block-list\">\n<li>Selecionar um recipiente com furos de drenagem e camada de pedras ou brita no fundo.<\/li>\n\n\n\n<li>Preencher com <strong>substrato f\u00e9rtil<\/strong>, leve e bem aerado, misturando terra vegetal com composto org\u00e2nico.<\/li>\n\n\n\n<li>Semear as sementes a pouca profundidade, cobrindo levemente com o substrato.<\/li>\n\n\n\n<li>Manter o solo \u00famido, sem encharcar, utilizando <strong>regas<\/strong> frequentes em pequenas quantidades.<\/li>\n\n\n\n<li>Ap\u00f3s a germina\u00e7\u00e3o, quando as mudas estiverem firmes, realizar o desbaste, deixando as mais vigorosas.<\/li>\n<\/ol>\n\n\n\n<h2 class=\"wp-block-heading\">Qual \u00e9 o clima ideal para cultivar pimenta-dedo-de-mo\u00e7a com boa produtividade<\/h2>\n\n\n\n<p>A pimenta-dedo-de-mo\u00e7a apresenta melhor desempenho em <strong>clima quente<\/strong> a ameno, t\u00edpico de regi\u00f5es tropicais e subtropicais. Temperaturas muito baixas reduzem o crescimento, enquanto calor excessivamente seco pode prejudicar a flora\u00e7\u00e3o e a frutifica\u00e7\u00e3o, exigindo aten\u00e7\u00e3o redobrada \u00e0 irriga\u00e7\u00e3o.<\/p>\n\n\n\n<p>De forma geral, a planta se adapta bem a locais com boa incid\u00eancia de sol direto por algumas horas ao dia, combinada com uma <strong>umidade<\/strong> moderada no solo. Em regi\u00f5es de inverno rigoroso, o uso de estufas simples ou o cultivo em vasos que possam ser protegidos de geadas \u00e9 uma alternativa eficiente.<\/p>\n\n\n\n<figure class=\"wp-block-table\"><table class=\"has-vivid-red-color has-text-color has-link-color has-fixed-layout\"><tbody><tr><th>Fator clim\u00e1tico<\/th><th>Faixa recomendada<\/th><th>Observa\u00e7\u00f5es<\/th><\/tr><tr><td>Temperatura ideal<\/td><td><strong>20 \u00b0C a 30 \u00b0C<\/strong><\/td><td>Abaixo de 15 \u00b0C o crescimento tende a reduzir.<\/td><\/tr><tr><td>Exposi\u00e7\u00e3o ao sol<\/td><td>4 a 6 horas\/dia<\/td><td>Sol direto parcial favorece flora\u00e7\u00e3o e frutos.<\/td><\/tr><tr><td>Umidade do solo<\/td><td><strong>Moderada<\/strong><\/td><td>Solo \u00famido, mas sem encharcamento.<\/td><\/tr><tr><td>Regime de chuvas<\/td><td>Bem distribu\u00eddo<\/td><td>Per\u00edodos muito chuvosos exigem drenagem refor\u00e7ada.<\/td><\/tr><\/tbody><\/table><\/figure>\n\n\n\n<h2 class=\"wp-block-heading\">Quais cuidados di\u00e1rios garantem boa colheita da pimenta-dedo-de-mo\u00e7a<\/h2>\n\n\n\n<p>O manejo di\u00e1rio envolve regas ajustadas ao clima, controle de pragas e pequenas podas de limpeza para arejar a planta. Em dias muito quentes, pode ser necess\u00e1ria maior frequ\u00eancia de irriga\u00e7\u00e3o, enquanto em per\u00edodos chuvosos \u00e9 importante reduzir a \u00e1gua para evitar fungos e apodrecimento de ra\u00edzes.<\/p>\n\n\n\n<p>A colheita ocorre quando os frutos atingem cor vermelha intensa e casca firme, geralmente retirados com tesoura ou <strong>faca<\/strong> limpa para n\u00e3o danificar o caule. Ap\u00f3s a colheita, a pimenta pode ser consumida fresca, desidratada, congelada ou usada em molhos, mantendo boa parte das caracter\u00edsticas sensoriais e dos compostos que favorecem o metabolismo e enriquecem a alimenta\u00e7\u00e3o di\u00e1ria.<\/p>\n","protected":false},"excerpt":{"rendered":"<p>A pimenta-dedo-de-mo\u00e7a est\u00e1 cada vez mais presente na alimenta\u00e7\u00e3o de quem busca sabor marcante e cuidados com a sa\u00fade metab\u00f3lica. Com pic\u00e2ncia moderada e compostos bioativos como a capsaicina, ela pode auxiliar discretamente no gasto energ\u00e9tico e na organiza\u00e7\u00e3o do metabolismo, ao mesmo tempo em que \u00e9 uma planta relativamente simples de cultivar em vasos, [&hellip;]<\/p>\n","protected":false},"author":9,"featured_media":178555,"comment_status":"open","ping_status":"open","sticky":false,"template":"","format":"standard","meta":{"_yoast_wpseo_focuskw":"plantar pimenta-dedo-de-mo\u00e7a","_yoast_wpseo_title":"","_yoast_wpseo_metadesc":"Uma op\u00e7\u00e3o picante que apoia o metabolismo e pode ser cultivada com sol, solo drenado e cuidado simples em vasos ou hortas.","jnews-multi-image_gallery":[],"jnews_single_post":{"format":"standard"},"jnews_primary_category":[],"jnews_social_meta":[],"jnews_override_counter":[],"footnotes":""},"categories":[119,136],"tags":[3702,14239,11623],"class_list":["post-178454","post","type-post","status-publish","format-standard","has-post-thumbnail","hentry","category-bem-estar","category-jardinagem","tag-cultivo-de-pimenta","tag-pimenta-dedo-de-moca","tag-plantar-pimenta"],"yoast_head":"<!-- This site is optimized with the Yoast SEO plugin v24.6 - https:\/\/yoast.com\/wordpress\/plugins\/seo\/ -->\n<title>A ard\u00eancia leve que apoia glicemia e nasce bem at\u00e9 em hortas pequenas - Correio Braziliense - Radar<\/title>\n<meta name=\"description\" content=\"Uma op\u00e7\u00e3o picante que apoia o metabolismo e pode ser cultivada com sol, solo drenado e cuidado simples em vasos ou hortas.\" \/>\n<meta name=\"robots\" content=\"index, follow, max-snippet:-1, max-image-preview:large, max-video-preview:-1\" \/>\n<link rel=\"canonical\" href=\"https:\/\/www.correiobraziliense.com.br\/cbradar\/a-ardencia-leve-que-apoia-glicemia-e-nasce-bem-ate-em-hortas-pequenas\/\" \/>\n<meta property=\"og:locale\" content=\"pt_BR\" \/>\n<meta property=\"og:type\" content=\"article\" \/>\n<meta property=\"og:title\" content=\"A ard\u00eancia leve que apoia glicemia e nasce bem at\u00e9 em hortas pequenas - Correio Braziliense - Radar\" \/>\n<meta property=\"og:description\" content=\"Uma op\u00e7\u00e3o picante que apoia o metabolismo e pode ser cultivada com sol, solo drenado e cuidado simples em vasos ou hortas.\" \/>\n<meta property=\"og:url\" content=\"https:\/\/www.correiobraziliense.com.br\/cbradar\/a-ardencia-leve-que-apoia-glicemia-e-nasce-bem-ate-em-hortas-pequenas\/\" \/>\n<meta property=\"og:site_name\" content=\"Correio Braziliense - Radar\" \/>\n<meta property=\"article:published_time\" content=\"2026-01-21T19:25:11+00:00\" \/>\n<meta property=\"og:image\" content=\"https:\/\/www.correiobraziliense.com.br\/cbradar\/wp-content\/uploads\/2026\/01\/freepik__imagem-realista-da-plantao-em-um-vaso-da-pimenta-d__91757.jpeg\" \/>\n\t<meta property=\"og:image:width\" content=\"1280\" \/>\n\t<meta property=\"og:image:height\" content=\"720\" \/>\n\t<meta property=\"og:image:type\" content=\"image\/jpeg\" \/>\n<meta name=\"author\" content=\"Daniely Cardoso\" \/>\n<meta name=\"twitter:card\" content=\"summary_large_image\" \/>\n<meta name=\"twitter:label1\" content=\"Escrito por\" \/>\n\t<meta name=\"twitter:data1\" content=\"Daniely Cardoso\" \/>\n\t<meta name=\"twitter:label2\" content=\"Est. tempo de leitura\" \/>\n\t<meta name=\"twitter:data2\" content=\"5 minutos\" \/>\n<!-- \/ Yoast SEO plugin. -->","yoast_head_json":{"title":"A ard\u00eancia leve que apoia glicemia e nasce bem at\u00e9 em hortas pequenas - Correio Braziliense - Radar","description":"Uma op\u00e7\u00e3o picante que apoia o metabolismo e pode ser cultivada com sol, solo drenado e cuidado simples em vasos ou hortas.","robots":{"index":"index","follow":"follow","max-snippet":"max-snippet:-1","max-image-preview":"max-image-preview:large","max-video-preview":"max-video-preview:-1"},"canonical":"https:\/\/www.correiobraziliense.com.br\/cbradar\/a-ardencia-leve-que-apoia-glicemia-e-nasce-bem-ate-em-hortas-pequenas\/","og_locale":"pt_BR","og_type":"article","og_title":"A ard\u00eancia leve que apoia glicemia e nasce bem at\u00e9 em hortas pequenas - Correio Braziliense - Radar","og_description":"Uma op\u00e7\u00e3o picante que apoia o metabolismo e pode ser cultivada com sol, solo drenado e cuidado simples em vasos ou hortas.","og_url":"https:\/\/www.correiobraziliense.com.br\/cbradar\/a-ardencia-leve-que-apoia-glicemia-e-nasce-bem-ate-em-hortas-pequenas\/","og_site_name":"Correio Braziliense - Radar","article_published_time":"2026-01-21T19:25:11+00:00","og_image":[{"width":1280,"height":720,"url":"https:\/\/www.correiobraziliense.com.br\/cbradar\/wp-content\/uploads\/2026\/01\/freepik__imagem-realista-da-plantao-em-um-vaso-da-pimenta-d__91757.jpeg","type":"image\/jpeg"}],"author":"Daniely Cardoso","twitter_card":"summary_large_image","twitter_misc":{"Escrito por":"Daniely Cardoso","Est. tempo de leitura":"5 minutos"},"schema":{"@context":"https:\/\/schema.org","@graph":[{"@type":"WebPage","@id":"https:\/\/www.correiobraziliense.com.br\/cbradar\/a-ardencia-leve-que-apoia-glicemia-e-nasce-bem-ate-em-hortas-pequenas\/","url":"https:\/\/www.correiobraziliense.com.br\/cbradar\/a-ardencia-leve-que-apoia-glicemia-e-nasce-bem-ate-em-hortas-pequenas\/","name":"A ard\u00eancia leve que apoia glicemia e nasce bem at\u00e9 em hortas pequenas - Correio Braziliense - Radar","isPartOf":{"@id":"https:\/\/www.correiobraziliense.com.br\/cbradar\/#website"},"primaryImageOfPage":{"@id":"https:\/\/www.correiobraziliense.com.br\/cbradar\/a-ardencia-leve-que-apoia-glicemia-e-nasce-bem-ate-em-hortas-pequenas\/#primaryimage"},"image":{"@id":"https:\/\/www.correiobraziliense.com.br\/cbradar\/a-ardencia-leve-que-apoia-glicemia-e-nasce-bem-ate-em-hortas-pequenas\/#primaryimage"},"thumbnailUrl":"https:\/\/www.correiobraziliense.com.br\/cbradar\/wp-content\/uploads\/2026\/01\/freepik__imagem-realista-da-plantao-em-um-vaso-da-pimenta-d__91757.jpeg","datePublished":"2026-01-21T19:25:11+00:00","author":{"@id":"https:\/\/www.correiobraziliense.com.br\/cbradar\/#\/schema\/person\/7356666e12ec0ee53f348ee5db227032"},"description":"Uma op\u00e7\u00e3o picante que apoia o metabolismo e pode ser cultivada com sol, solo drenado e cuidado simples em vasos ou hortas.","breadcrumb":{"@id":"https:\/\/www.correiobraziliense.com.br\/cbradar\/a-ardencia-leve-que-apoia-glicemia-e-nasce-bem-ate-em-hortas-pequenas\/#breadcrumb"},"inLanguage":"pt-BR","potentialAction":[{"@type":"ReadAction","target":["https:\/\/www.correiobraziliense.com.br\/cbradar\/a-ardencia-leve-que-apoia-glicemia-e-nasce-bem-ate-em-hortas-pequenas\/"]}]},{"@type":"ImageObject","inLanguage":"pt-BR","@id":"https:\/\/www.correiobraziliense.com.br\/cbradar\/a-ardencia-leve-que-apoia-glicemia-e-nasce-bem-ate-em-hortas-pequenas\/#primaryimage","url":"https:\/\/www.correiobraziliense.com.br\/cbradar\/wp-content\/uploads\/2026\/01\/freepik__imagem-realista-da-plantao-em-um-vaso-da-pimenta-d__91757.jpeg","contentUrl":"https:\/\/www.correiobraziliense.com.br\/cbradar\/wp-content\/uploads\/2026\/01\/freepik__imagem-realista-da-plantao-em-um-vaso-da-pimenta-d__91757.jpeg","width":1280,"height":720,"caption":"Presen\u00e7a crescente na alimenta\u00e7\u00e3o por unir sabor marcante e benef\u00edcios metab\u00f3licos"},{"@type":"BreadcrumbList","@id":"https:\/\/www.correiobraziliense.com.br\/cbradar\/a-ardencia-leve-que-apoia-glicemia-e-nasce-bem-ate-em-hortas-pequenas\/#breadcrumb","itemListElement":[{"@type":"ListItem","position":1,"name":"In\u00edcio","item":"https:\/\/www.correiobraziliense.com.br\/cbradar\/"},{"@type":"ListItem","position":2,"name":"A ard\u00eancia leve que apoia glicemia e nasce bem at\u00e9 em hortas pequenas"}]},{"@type":"WebSite","@id":"https:\/\/www.correiobraziliense.com.br\/cbradar\/#website","url":"https:\/\/www.correiobraziliense.com.br\/cbradar\/","name":"Correio Braziliense - Radar","description":"Acompanhe as \u00faltimas not\u00edcias e fique bem informado sobre tudo o que acontece no Brasil e no mundo.","potentialAction":[{"@type":"SearchAction","target":{"@type":"EntryPoint","urlTemplate":"https:\/\/www.correiobraziliense.com.br\/cbradar\/?s={search_term_string}"},"query-input":{"@type":"PropertyValueSpecification","valueRequired":true,"valueName":"search_term_string"}}],"inLanguage":"pt-BR"},{"@type":"Person","@id":"https:\/\/www.correiobraziliense.com.br\/cbradar\/#\/schema\/person\/7356666e12ec0ee53f348ee5db227032","name":"Daniely Cardoso","image":{"@type":"ImageObject","inLanguage":"pt-BR","@id":"https:\/\/www.correiobraziliense.com.br\/cbradar\/#\/schema\/person\/image\/","url":"https:\/\/secure.gravatar.com\/avatar\/4b80ddbd124d1f071b626d52d62e5dff?s=96&d=mm&r=g","contentUrl":"https:\/\/secure.gravatar.com\/avatar\/4b80ddbd124d1f071b626d52d62e5dff?s=96&d=mm&r=g","caption":"Daniely Cardoso"},"description":"Redatora nos portais CB Radar e EM Foco, formada pela Universidade Federal de Goi\u00e1s, em Goi\u00e2nia. Apaixonada por comunica\u00e7\u00e3o, arte, decora\u00e7\u00e3o e tend\u00eancias, atuo na produ\u00e7\u00e3o de conte\u00fados envolventes sobre curiosidades, moda, beleza e paisagismo, sempre com um olhar atento \u00e0s novidades do momento.","sameAs":["https:\/\/www.correiobraziliense.com.br\/cbradar"],"url":"https:\/\/www.correiobraziliense.com.br\/cbradar\/author\/danielymyth\/"}]}},"_links":{"self":[{"href":"https:\/\/www.correiobraziliense.com.br\/cbradar\/wp-json\/wp\/v2\/posts\/178454","targetHints":{"allow":["GET"]}}],"collection":[{"href":"https:\/\/www.correiobraziliense.com.br\/cbradar\/wp-json\/wp\/v2\/posts"}],"about":[{"href":"https:\/\/www.correiobraziliense.com.br\/cbradar\/wp-json\/wp\/v2\/types\/post"}],"author":[{"embeddable":true,"href":"https:\/\/www.correiobraziliense.com.br\/cbradar\/wp-json\/wp\/v2\/users\/9"}],"replies":[{"embeddable":true,"href":"https:\/\/www.correiobraziliense.com.br\/cbradar\/wp-json\/wp\/v2\/comments?post=178454"}],"version-history":[{"count":2,"href":"https:\/\/www.correiobraziliense.com.br\/cbradar\/wp-json\/wp\/v2\/posts\/178454\/revisions"}],"predecessor-version":[{"id":178464,"href":"https:\/\/www.correiobraziliense.com.br\/cbradar\/wp-json\/wp\/v2\/posts\/178454\/revisions\/178464"}],"wp:featuredmedia":[{"embeddable":true,"href":"https:\/\/www.correiobraziliense.com.br\/cbradar\/wp-json\/wp\/v2\/media\/178555"}],"wp:attachment":[{"href":"https:\/\/www.correiobraziliense.com.br\/cbradar\/wp-json\/wp\/v2\/media?parent=178454"}],"wp:term":[{"taxonomy":"category","embeddable":true,"href":"https:\/\/www.correiobraziliense.com.br\/cbradar\/wp-json\/wp\/v2\/categories?post=178454"},{"taxonomy":"post_tag","embeddable":true,"href":"https:\/\/www.correiobraziliense.com.br\/cbradar\/wp-json\/wp\/v2\/tags?post=178454"}],"curies":[{"name":"wp","href":"https:\/\/api.w.org\/{rel}","templated":true}]}}