{"id":178455,"date":"2026-01-21T19:45:19","date_gmt":"2026-01-21T22:45:19","guid":{"rendered":"https:\/\/www.correiobraziliense.com.br\/cbradar\/?p=178455"},"modified":"2026-01-20T10:54:25","modified_gmt":"2026-01-20T13:54:25","slug":"o-verde-digestivo-que-virou-queridinho-das-hortas-por-ser-simples-de-plantar","status":"publish","type":"post","link":"https:\/\/www.correiobraziliense.com.br\/cbradar\/o-verde-digestivo-que-virou-queridinho-das-hortas-por-ser-simples-de-plantar\/","title":{"rendered":"O verde digestivo que virou queridinho das hortas por ser simples de plantar"},"content":{"rendered":"\n<p>A <strong>acelga<\/strong>, tamb\u00e9m conhecida como beterraba-couve ou acelga-su\u00e7a, ganhou espa\u00e7o nas hortas dom\u00e9sticas por reunir sabor suave, boa produtividade e propriedades digestivas. Al\u00e9m de ser um vegetal vers\u00e1til na cozinha, chama aten\u00e7\u00e3o pela facilidade de cultivo em espa\u00e7os reduzidos, como canteiros, vasos grandes e hortas suspensas. Em 2026, com o aumento do interesse por alimenta\u00e7\u00e3o mais equilibrada e por alimentos de baixo impacto ambiental, a acelga se tornou presen\u00e7a constante em feiras org\u00e2nicas, mercados locais e projetos de hortas comunit\u00e1rias.<\/p>\n\n\n\n<h2 class=\"wp-block-heading\">Quais s\u00e3o as principais propriedades digestivas e benef\u00edcios da acelga<\/h2>\n\n\n\n<p>As folhas s\u00e3o ricas em fibras alimentares, que auxiliam no funcionamento intestinal, aumentam o volume do bolo fecal e facilitam a passagem pelo intestino. Al\u00e9m de favorecer a regularidade intestinal, a fibra tamb\u00e9m contribui para maior sensa\u00e7\u00e3o de saciedade, ajudando em planejamentos alimentares voltados ao equil\u00edbrio de peso.<\/p>\n\n\n\n<p>Outro ponto relevante \u00e9 a presen\u00e7a de compostos bioativos, como antioxidantes naturais, e de vitaminas do complexo B, <strong>vitamina C<\/strong>, vitamina K, magn\u00e9sio e pot\u00e1ssio. Esses nutrientes participam de processos metab\u00f3licos importantes e se relacionam com um sistema digestivo em bom estado de funcionamento. Quando consumida com regularidade, dentro de uma dieta variada e pouco processada, a hortali\u00e7a auxilia na preven\u00e7\u00e3o de desconfortos gastrointestinais leves, como sensa\u00e7\u00e3o de peso ap\u00f3s as refei\u00e7\u00f5es e epis\u00f3dios ocasionais de constipa\u00e7\u00e3o.<\/p>\n\n\n<div class=\"wp-block-image\">\n<figure class=\"aligncenter size-large\"><img decoding=\"async\" width=\"1024\" height=\"576\" src=\"https:\/\/www.correiobraziliense.com.br\/cbradar\/wp-content\/uploads\/2026\/01\/plantar-acelga_1767285838465-1024x576.jpg\" alt=\"\" class=\"wp-image-166641\" srcset=\"https:\/\/www.correiobraziliense.com.br\/cbradar\/wp-content\/uploads\/2026\/01\/plantar-acelga_1767285838465-1024x576.jpg 1024w, https:\/\/www.correiobraziliense.com.br\/cbradar\/wp-content\/uploads\/2026\/01\/plantar-acelga_1767285838465-300x169.jpg 300w, https:\/\/www.correiobraziliense.com.br\/cbradar\/wp-content\/uploads\/2026\/01\/plantar-acelga_1767285838465-768x432.jpg 768w, https:\/\/www.correiobraziliense.com.br\/cbradar\/wp-content\/uploads\/2026\/01\/plantar-acelga_1767285838465-750x422.jpg 750w, https:\/\/www.correiobraziliense.com.br\/cbradar\/wp-content\/uploads\/2026\/01\/plantar-acelga_1767285838465-1140x641.jpg 1140w, https:\/\/www.correiobraziliense.com.br\/cbradar\/wp-content\/uploads\/2026\/01\/plantar-acelga_1767285838465.jpg 1280w\" sizes=\"(max-width: 1024px) 100vw, 1024px\" \/><figcaption class=\"wp-element-caption\">O solo precisa ser bem drenado, f\u00e9rtil e rico em mat\u00e9ria org\u00e2nica &#8211; Cr\u00e9ditos: depositphotos.com \/ thoughtsofjoyce<\/figcaption><\/figure><\/div>\n\n\n<p>Leia tamb\u00e9m:&nbsp;<a href=\"https:\/\/www.correiobraziliense.com.br\/cbradar\/a-fruta-tropical-com-efeitos-calmantes-que-fortalece-o-sistema-imunologico-e-rica-em-magnesio-e-facil-de-plantar\/\" target=\"_blank\" rel=\"noopener\">A fruta tropical com efeitos calmantes que fortalece o sistema imunol\u00f3gico, \u00e9 rica em magn\u00e9sio e f\u00e1cil de plantar<\/a><\/p>\n\n\n\n<h2 class=\"wp-block-heading\">Como incluir a acelga em refei\u00e7\u00f5es leves e equilibradas<\/h2>\n\n\n\n<p>\u00c9 comum o uso da acelga em prepara\u00e7\u00f5es mais leves \u00e0 noite, exatamente pela sensa\u00e7\u00e3o de refei\u00e7\u00e3o menos pesada. Refogados r\u00e1pidos com pouco \u00f3leo, sopas com outros legumes e saladas com folhas cruas ou levemente branqueadas s\u00e3o formas frequentes de consumo. Em muitos card\u00e1pios, a hortali\u00e7a aparece combinada com fontes de <strong>prote\u00ednas<\/strong> magras, como frango, peixes ou leguminosas, compondo pratos balanceados e de boa digestibilidade.<\/p>\n\n\n\n<p>Na pr\u00e1tica, quem busca variar a rotina pode alternar acelga com outras folhas verdes, como couve e espinafre, aproveitando tamb\u00e9m os talos em cozidos e assados. Receitas como tortas salgadas, panquecas, ensopados e pratos de forno aproveitam bem a textura da hortali\u00e7a. Em saladas, as folhas mais jovens costumam ser preferidas por serem mais macias, enquanto as mais desenvolvidas s\u00e3o ideais para refogados e recheios <strong>nutritivos<\/strong>.<\/p>\n\n\n\n<h2 class=\"wp-block-heading\">Como plantar acelga em casa passo a passo<\/h2>\n\n\n\n<p>O cultivo de acelga pode ser feito tanto em hortas no solo quanto em vasos profundos, sendo uma boa op\u00e7\u00e3o para iniciantes em <strong>jardinagem<\/strong>. O primeiro cuidado importante \u00e9 escolher sementes ou mudas de boa proced\u00eancia, pr\u00f3prias para consumo e, se poss\u00edvel, adaptadas \u00e0 sua regi\u00e3o. Em seguida, \u00e9 necess\u00e1rio preparar o substrato, que precisa ser fofo, f\u00e9rtil e com boa drenagem; misturas com terra vegetal, composto org\u00e2nico e areia lavada costumam funcionar bem.<\/p>\n\n\n\n<p>De forma geral, o plantio segue uma sequ\u00eancia simples:<\/p>\n\n\n\n<ol class=\"wp-block-list\">\n<li>Selecionar um recipiente ou canteiro com pelo menos <strong>25 a 30 cm<\/strong> de profundidade.<\/li>\n\n\n\n<li>Preencher com substrato rico em mat\u00e9ria org\u00e2nica, sem encharcar.<\/li>\n\n\n\n<li>Semeiar a acelga em sulcos rasos, com cerca de 1 a 2 cm de profundidade.<\/li>\n\n\n\n<li>Manter dist\u00e2ncia aproximada de 25 a 30 cm entre plantas para bom desenvolvimento.<\/li>\n\n\n\n<li>Regar de maneira suave, mantendo o solo \u00famido, por\u00e9m sem po\u00e7as.<\/li>\n<\/ol>\n\n\n\n<p>Se voc\u00ea gosta de cultivo, separamos esse v\u00eddeo do canal <a href=\"https:\/\/www.youtube.com\/@HortaOrg%C3%A2nica-t7v\" target=\"_blank\" rel=\"noreferrer noopener\">Horta Org\u00e2nica<\/a> ensinando a plantar acelga em casa:<\/p>\n\n\n\n<figure class=\"wp-block-embed is-type-video is-provider-youtube wp-block-embed-youtube wp-embed-aspect-16-9 wp-has-aspect-ratio\"><div class=\"wp-block-embed__wrapper\">\n<div class=\"jeg_video_container jeg_video_content\"><iframe loading=\"lazy\" title=\"APRENDA PLANTAR ACELGA PASSO A PASSO\" width=\"500\" height=\"281\" src=\"https:\/\/www.youtube.com\/embed\/BNAAyupEvPQ?feature=oembed\" frameborder=\"0\" allow=\"accelerometer; autoplay; clipboard-write; encrypted-media; gyroscope; picture-in-picture; web-share\" referrerpolicy=\"strict-origin-when-cross-origin\" allowfullscreen><\/iframe><\/div>\n<\/div><\/figure>\n\n\n\n<h2 class=\"wp-block-heading\">Como cuidar da acelga ap\u00f3s a germina\u00e7\u00e3o<\/h2>\n\n\n\n<p>Ap\u00f3s a germina\u00e7\u00e3o, \u00e9 comum realizar um <strong>desbaste<\/strong>, retirando as mudas mais fracas para que as restantes cres\u00e7am com mais vigor e tenham boa circula\u00e7\u00e3o de ar. A aduba\u00e7\u00e3o de cobertura, com pequenas doses de composto org\u00e2nico ou h\u00famus de minhoca a cada poucas semanas, ajuda a manter o solo f\u00e9rtil e reduz a necessidade de fertilizantes qu\u00edmicos. Em cultivos dom\u00e9sticos, a aten\u00e7\u00e3o \u00e0s regas e \u00e0 retirada de plantas invasoras tamb\u00e9m favorece um desenvolvimento saud\u00e1vel.<\/p>\n\n\n\n<p>A colheita geralmente come\u00e7a entre 50 e 70 dias ap\u00f3s o plantio, dependendo da variedade e das condi\u00e7\u00f5es de clima, estendendo-se por v\u00e1rios cortes ao longo do ciclo. Muitas pessoas optam por colher folhas externas aos poucos, permitindo que a planta continue emitindo novas folhas por mais tempo. Em vasos ou canteiros pequenos, esse manejo de \u201c<strong>corte<\/strong> e volte a crescer\u201d \u00e9 vantajoso, pois garante oferta constante de folhas frescas para o consumo di\u00e1rio.<\/p>\n\n\n\n<h2 class=\"wp-block-heading\">Qual \u00e9 o clima ideal para cultivar acelga<\/h2>\n\n\n\n<p>O clima \u00e9 um dos fatores que mais influenciam a qualidade das folhas de acelga, especialmente textura e sabor. De maneira geral, a planta prefere <strong>clima ameno<\/strong>, com temperaturas moderadas, entre 10 \u00b0C e 24 \u00b0C. Em ambientes muito quentes, o desenvolvimento tende a ser mais r\u00e1pido, mas as folhas podem ficar menores e a planta pode emitir flores precocemente, fen\u00f4meno conhecido como pendoamento; j\u00e1 em frio excessivo, o crescimento fica lento, embora muitas variedades tolerem baixas temperaturas sem grandes danos.<\/p>\n\n\n\n<figure class=\"wp-block-table\"><table class=\"has-fixed-layout\"><tbody><tr><th>Fator<\/th><th>Condi\u00e7\u00e3o recomendada para <strong>acelga<\/strong><\/th><\/tr><tr><td>Temperatura ideal<\/td><td>Entre 10 \u00b0C e 24 \u00b0C<\/td><\/tr><tr><td>Exposi\u00e7\u00e3o ao sol<\/td><td>Sol pleno ou meia-sombra com boa luminosidade<\/td><\/tr><tr><td>Umidade do solo<\/td><td>Solo sempre \u00famido, por\u00e9m sem encharcamento<\/td><\/tr><tr><td>\u00c9poca mais indicada<\/td><td>Outono e inverno em regi\u00f5es quentes; quase todo o ano em \u00e1reas de clima ameno<\/td><\/tr><tr><td>Toler\u00e2ncia ao frio<\/td><td>Suporta frio moderado; geadas fortes podem prejudicar as folhas<\/td><\/tr><\/tbody><\/table><\/figure>\n\n\n\n<h2 class=\"wp-block-heading\">Como proteger a acelga do sol intenso e do estresse h\u00eddrico<\/h2>\n\n\n\n<p>Em varandas e pequenos espa\u00e7os, a acelga pode ser protegida do sol mais intenso do meio-dia com o uso de sombrites leves ou posicionando vasos em locais com luz filtrada. Essa estrat\u00e9gia ajuda a preservar a textura das folhas, reduz o estresse t\u00e9rmico e diminui a perda de \u00e1gua por evapora\u00e7\u00e3o. Um manejo adequado do clima e da irriga\u00e7\u00e3o tende a resultar em folhas mais tenras, de colora\u00e7\u00e3o intensa e com melhor qualidade para consumo, al\u00e9m de reduzir o risco de <strong>pendoamento<\/strong> precoce.<\/p>\n\n\n\n<p>Alguns cuidados pr\u00e1ticos no dia a dia s\u00e3o especialmente \u00fateis para manter a planta saud\u00e1vel e produtiva ao longo de todo o ciclo de cultivo:<\/p>\n\n\n\n<ul class=\"wp-block-list\">\n<li>Retirar folhas amareladas ou muito danificadas para evitar prolifera\u00e7\u00e3o de fungos.<\/li>\n\n\n\n<li>Observar a presen\u00e7a de insetos nas folhas, como <strong>lagartas<\/strong>, e fazer o controle com m\u00e9todos adequados.<\/li>\n\n\n\n<li>Evitar regas nas horas mais quentes do dia, preferindo in\u00edcio da manh\u00e3 ou fim da tarde.<\/li>\n\n\n\n<li>N\u00e3o utilizar fertilizantes em excesso, para n\u00e3o queimar ra\u00edzes nem alterar o sabor das folhas.<\/li>\n<\/ul>\n","protected":false},"excerpt":{"rendered":"<p>A acelga, tamb\u00e9m conhecida como beterraba-couve ou acelga-su\u00e7a, ganhou espa\u00e7o nas hortas dom\u00e9sticas por reunir sabor suave, boa produtividade e propriedades digestivas. Al\u00e9m de ser um vegetal vers\u00e1til na cozinha, chama aten\u00e7\u00e3o pela facilidade de cultivo em espa\u00e7os reduzidos, como canteiros, vasos grandes e hortas suspensas. Em 2026, com o aumento do interesse por alimenta\u00e7\u00e3o [&hellip;]<\/p>\n","protected":false},"author":9,"featured_media":178532,"comment_status":"open","ping_status":"open","sticky":false,"template":"","format":"standard","meta":{"_yoast_wpseo_focuskw":"plantar acelga","_yoast_wpseo_title":"","_yoast_wpseo_metadesc":"Uma hortali\u00e7a leve e rica em fibras que favorece a digest\u00e3o e cresce bem em solo f\u00e9rtil, regas constantes e clima ameno.","jnews-multi-image_gallery":[],"jnews_single_post":{"format":"standard"},"jnews_primary_category":[],"jnews_social_meta":[],"jnews_override_counter":[],"footnotes":""},"categories":[119,136],"post_tag":[2239,14240],"class_list":["post-178455","post","type-post","status-publish","format-standard","has-post-thumbnail","hentry","category-bem-estar","category-jardinagem","tag-acelga","tag-plantar-acelga-cultivo-de-acelga"],"yoast_head":"<!-- This site is optimized with the Yoast SEO plugin v24.6 - https:\/\/yoast.com\/wordpress\/plugins\/seo\/ -->\n<title>O verde digestivo que virou queridinho das hortas por ser simples de plantar - Correio Braziliense - Radar<\/title>\n<meta name=\"description\" content=\"Uma hortali\u00e7a leve e rica em fibras que favorece a digest\u00e3o e cresce bem em solo f\u00e9rtil, regas constantes e clima ameno.\" \/>\n<meta name=\"robots\" content=\"index, follow, max-snippet:-1, max-image-preview:large, max-video-preview:-1\" \/>\n<link rel=\"canonical\" href=\"https:\/\/www.correiobraziliense.com.br\/cbradar\/o-verde-digestivo-que-virou-queridinho-das-hortas-por-ser-simples-de-plantar\/\" \/>\n<meta property=\"og:locale\" content=\"pt_BR\" \/>\n<meta property=\"og:type\" content=\"article\" \/>\n<meta property=\"og:title\" content=\"O verde digestivo que virou queridinho das hortas por ser simples de plantar - Correio Braziliense - Radar\" \/>\n<meta property=\"og:description\" content=\"Uma hortali\u00e7a leve e rica em fibras que favorece a digest\u00e3o e cresce bem em solo f\u00e9rtil, regas constantes e clima ameno.\" \/>\n<meta property=\"og:url\" content=\"https:\/\/www.correiobraziliense.com.br\/cbradar\/o-verde-digestivo-que-virou-queridinho-das-hortas-por-ser-simples-de-plantar\/\" \/>\n<meta property=\"og:site_name\" content=\"Correio Braziliense - Radar\" \/>\n<meta property=\"article:published_time\" content=\"2026-01-21T22:45:19+00:00\" \/>\n<meta property=\"og:image\" content=\"https:\/\/www.correiobraziliense.com.br\/cbradar\/wp-content\/uploads\/2026\/01\/freepik__imagem-realista-da-acelga-em-um-prato__91742.jpeg\" \/>\n\t<meta property=\"og:image:width\" content=\"1280\" \/>\n\t<meta property=\"og:image:height\" content=\"720\" \/>\n\t<meta property=\"og:image:type\" content=\"image\/jpeg\" \/>\n<meta name=\"author\" content=\"Daniely Cardoso\" \/>\n<meta name=\"twitter:card\" content=\"summary_large_image\" \/>\n<meta name=\"twitter:label1\" content=\"Escrito por\" \/>\n\t<meta name=\"twitter:data1\" content=\"Daniely Cardoso\" \/>\n\t<meta name=\"twitter:label2\" content=\"Est. tempo de leitura\" \/>\n\t<meta name=\"twitter:data2\" content=\"7 minutos\" \/>\n<!-- \/ Yoast SEO plugin. -->","yoast_head_json":{"title":"O verde digestivo que virou queridinho das hortas por ser simples de plantar - Correio Braziliense - Radar","description":"Uma hortali\u00e7a leve e rica em fibras que favorece a digest\u00e3o e cresce bem em solo f\u00e9rtil, regas constantes e clima ameno.","robots":{"index":"index","follow":"follow","max-snippet":"max-snippet:-1","max-image-preview":"max-image-preview:large","max-video-preview":"max-video-preview:-1"},"canonical":"https:\/\/www.correiobraziliense.com.br\/cbradar\/o-verde-digestivo-que-virou-queridinho-das-hortas-por-ser-simples-de-plantar\/","og_locale":"pt_BR","og_type":"article","og_title":"O verde digestivo que virou queridinho das hortas por ser simples de plantar - Correio Braziliense - Radar","og_description":"Uma hortali\u00e7a leve e rica em fibras que favorece a digest\u00e3o e cresce bem em solo f\u00e9rtil, regas constantes e clima ameno.","og_url":"https:\/\/www.correiobraziliense.com.br\/cbradar\/o-verde-digestivo-que-virou-queridinho-das-hortas-por-ser-simples-de-plantar\/","og_site_name":"Correio Braziliense - Radar","article_published_time":"2026-01-21T22:45:19+00:00","og_image":[{"width":1280,"height":720,"url":"https:\/\/www.correiobraziliense.com.br\/cbradar\/wp-content\/uploads\/2026\/01\/freepik__imagem-realista-da-acelga-em-um-prato__91742.jpeg","type":"image\/jpeg"}],"author":"Daniely Cardoso","twitter_card":"summary_large_image","twitter_misc":{"Escrito por":"Daniely Cardoso","Est. tempo de leitura":"7 minutos"},"schema":{"@context":"https:\/\/schema.org","@graph":[{"@type":"WebPage","@id":"https:\/\/www.correiobraziliense.com.br\/cbradar\/o-verde-digestivo-que-virou-queridinho-das-hortas-por-ser-simples-de-plantar\/","url":"https:\/\/www.correiobraziliense.com.br\/cbradar\/o-verde-digestivo-que-virou-queridinho-das-hortas-por-ser-simples-de-plantar\/","name":"O verde digestivo que virou queridinho das hortas por ser simples de plantar - Correio Braziliense - Radar","isPartOf":{"@id":"https:\/\/www.correiobraziliense.com.br\/cbradar\/#website"},"primaryImageOfPage":{"@id":"https:\/\/www.correiobraziliense.com.br\/cbradar\/o-verde-digestivo-que-virou-queridinho-das-hortas-por-ser-simples-de-plantar\/#primaryimage"},"image":{"@id":"https:\/\/www.correiobraziliense.com.br\/cbradar\/o-verde-digestivo-que-virou-queridinho-das-hortas-por-ser-simples-de-plantar\/#primaryimage"},"thumbnailUrl":"https:\/\/www.correiobraziliense.com.br\/cbradar\/wp-content\/uploads\/2026\/01\/freepik__imagem-realista-da-acelga-em-um-prato__91742.jpeg","datePublished":"2026-01-21T22:45:19+00:00","author":{"@id":"https:\/\/www.correiobraziliense.com.br\/cbradar\/#\/schema\/person\/7356666e12ec0ee53f348ee5db227032"},"description":"Uma hortali\u00e7a leve e rica em fibras que favorece a digest\u00e3o e cresce bem em solo f\u00e9rtil, regas constantes e clima ameno.","breadcrumb":{"@id":"https:\/\/www.correiobraziliense.com.br\/cbradar\/o-verde-digestivo-que-virou-queridinho-das-hortas-por-ser-simples-de-plantar\/#breadcrumb"},"inLanguage":"pt-BR","potentialAction":[{"@type":"ReadAction","target":["https:\/\/www.correiobraziliense.com.br\/cbradar\/o-verde-digestivo-que-virou-queridinho-das-hortas-por-ser-simples-de-plantar\/"]}]},{"@type":"ImageObject","inLanguage":"pt-BR","@id":"https:\/\/www.correiobraziliense.com.br\/cbradar\/o-verde-digestivo-que-virou-queridinho-das-hortas-por-ser-simples-de-plantar\/#primaryimage","url":"https:\/\/www.correiobraziliense.com.br\/cbradar\/wp-content\/uploads\/2026\/01\/freepik__imagem-realista-da-acelga-em-um-prato__91742.jpeg","contentUrl":"https:\/\/www.correiobraziliense.com.br\/cbradar\/wp-content\/uploads\/2026\/01\/freepik__imagem-realista-da-acelga-em-um-prato__91742.jpeg","width":1280,"height":720,"caption":"Vegetal de sabor suave amplamente utilizado em receitas leves e refogadas"},{"@type":"BreadcrumbList","@id":"https:\/\/www.correiobraziliense.com.br\/cbradar\/o-verde-digestivo-que-virou-queridinho-das-hortas-por-ser-simples-de-plantar\/#breadcrumb","itemListElement":[{"@type":"ListItem","position":1,"name":"In\u00edcio","item":"https:\/\/www.correiobraziliense.com.br\/cbradar\/"},{"@type":"ListItem","position":2,"name":"O verde digestivo que virou queridinho das hortas por ser simples de plantar"}]},{"@type":"WebSite","@id":"https:\/\/www.correiobraziliense.com.br\/cbradar\/#website","url":"https:\/\/www.correiobraziliense.com.br\/cbradar\/","name":"Correio Braziliense - Radar","description":"Acompanhe as \u00faltimas not\u00edcias e fique bem informado sobre tudo o que acontece no Brasil e no mundo.","potentialAction":[{"@type":"SearchAction","target":{"@type":"EntryPoint","urlTemplate":"https:\/\/www.correiobraziliense.com.br\/cbradar\/?s={search_term_string}"},"query-input":{"@type":"PropertyValueSpecification","valueRequired":true,"valueName":"search_term_string"}}],"inLanguage":"pt-BR"},{"@type":"Person","@id":"https:\/\/www.correiobraziliense.com.br\/cbradar\/#\/schema\/person\/7356666e12ec0ee53f348ee5db227032","name":"Daniely Cardoso","image":{"@type":"ImageObject","inLanguage":"pt-BR","@id":"https:\/\/www.correiobraziliense.com.br\/cbradar\/#\/schema\/person\/image\/","url":"https:\/\/secure.gravatar.com\/avatar\/4b80ddbd124d1f071b626d52d62e5dff?s=96&d=mm&r=g","contentUrl":"https:\/\/secure.gravatar.com\/avatar\/4b80ddbd124d1f071b626d52d62e5dff?s=96&d=mm&r=g","caption":"Daniely Cardoso"},"description":"Redatora nos portais CB Radar e EM Foco, formada pela Universidade Federal de Goi\u00e1s, em Goi\u00e2nia. Apaixonada por comunica\u00e7\u00e3o, arte, decora\u00e7\u00e3o e tend\u00eancias, atuo na produ\u00e7\u00e3o de conte\u00fados envolventes sobre curiosidades, moda, beleza e paisagismo, sempre com um olhar atento \u00e0s novidades do momento.","sameAs":["https:\/\/www.correiobraziliense.com.br\/cbradar"],"url":"https:\/\/www.correiobraziliense.com.br\/cbradar\/author\/danielymyth\/"}]}},"_links":{"self":[{"href":"https:\/\/www.correiobraziliense.com.br\/cbradar\/wp-json\/wp\/v2\/posts\/178455","targetHints":{"allow":["GET"]}}],"collection":[{"href":"https:\/\/www.correiobraziliense.com.br\/cbradar\/wp-json\/wp\/v2\/posts"}],"about":[{"href":"https:\/\/www.correiobraziliense.com.br\/cbradar\/wp-json\/wp\/v2\/types\/post"}],"author":[{"embeddable":true,"href":"https:\/\/www.correiobraziliense.com.br\/cbradar\/wp-json\/wp\/v2\/users\/9"}],"replies":[{"embeddable":true,"href":"https:\/\/www.correiobraziliense.com.br\/cbradar\/wp-json\/wp\/v2\/comments?post=178455"}],"version-history":[{"count":2,"href":"https:\/\/www.correiobraziliense.com.br\/cbradar\/wp-json\/wp\/v2\/posts\/178455\/revisions"}],"predecessor-version":[{"id":178465,"href":"https:\/\/www.correiobraziliense.com.br\/cbradar\/wp-json\/wp\/v2\/posts\/178455\/revisions\/178465"}],"wp:featuredmedia":[{"embeddable":true,"href":"https:\/\/www.correiobraziliense.com.br\/cbradar\/wp-json\/wp\/v2\/media\/178532"}],"wp:attachment":[{"href":"https:\/\/www.correiobraziliense.com.br\/cbradar\/wp-json\/wp\/v2\/media?parent=178455"}],"wp:term":[{"taxonomy":"category","embeddable":true,"href":"https:\/\/www.correiobraziliense.com.br\/cbradar\/wp-json\/wp\/v2\/categories?post=178455"},{"taxonomy":"post_tag","embeddable":true,"href":"https:\/\/www.correiobraziliense.com.br\/cbradar\/wp-json\/wp\/v2\/post_tag?post=178455"}],"curies":[{"name":"wp","href":"https:\/\/api.w.org\/{rel}","templated":true}]}}