{"id":178467,"date":"2026-01-21T08:15:49","date_gmt":"2026-01-21T11:15:49","guid":{"rendered":"https:\/\/www.correiobraziliense.com.br\/cbradar\/?p=178467"},"modified":"2026-01-20T10:43:47","modified_gmt":"2026-01-20T13:43:47","slug":"o-que-significa-aquela-coceira-insistente-nas-maos-que-aparece-do-nada","status":"publish","type":"post","link":"https:\/\/www.correiobraziliense.com.br\/cbradar\/o-que-significa-aquela-coceira-insistente-nas-maos-que-aparece-do-nada\/","title":{"rendered":"O que significa aquela coceira insistente nas m\u00e3os que aparece do nada?"},"content":{"rendered":"\n<p>Quem nunca sentiu aquela coceirinha insistente nas m\u00e3os bem no meio de um dia corrido e ficou se perguntando de onde aquilo veio ou at\u00e9 se poderia ser algum \u201csinal\u201d? Co\u00e7ar a m\u00e3o \u00e9 algo comum no dia a dia e costuma chamar a aten\u00e7\u00e3o por diferentes motivos. Em muitos casos, a coceira nas m\u00e3os est\u00e1 ligada a fatores simples, como&nbsp;<strong>ressecamento<\/strong>&nbsp;da pele, contato com produtos de limpeza ou mudan\u00e7as de temperatura. Ainda assim, a repeti\u00e7\u00e3o desse sintoma pode despertar curiosidade sobre poss\u00edveis significados f\u00edsicos, emocionais ou at\u00e9 culturais, j\u00e1 que o gesto carrega interpreta\u00e7\u00f5es populares muito conhecidas.<\/p>\n\n\n\n<h2 class=\"wp-block-heading\">O que a coceira na m\u00e3o revela na vis\u00e3o da sa\u00fade<\/h2>\n\n\n\n<p>Do ponto de vista da sa\u00fade, entender o que significa co\u00e7ar a m\u00e3o passa por observar a&nbsp;<strong>pele<\/strong>&nbsp;e o sistema de defesa do corpo. A palma e o dorso das m\u00e3os est\u00e3o em contato constante com superf\u00edcies, produtos qu\u00edmicos e altera\u00e7\u00f5es de temperatura, o que facilita irrita\u00e7\u00f5es e sensa\u00e7\u00f5es de inc\u00f4modo.<\/p>\n\n\n\n<p>A coceira, conhecida como prurido, pode ser um sinal de ressecamento intenso, dermatites de contato, alergias a metais ou luvas, doen\u00e7as de pele, como eczema e psor\u00edase, ou at\u00e9 micose e picadas de insetos. Em quadros mais amplos, pode aparecer junto de manchas, incha\u00e7o ou desconforto em outras partes do corpo, exigindo olhar mais atento.<\/p>\n\n\n<div class=\"wp-block-image\">\n<figure class=\"aligncenter size-large\"><img decoding=\"async\" width=\"1024\" height=\"576\" src=\"https:\/\/www.correiobraziliense.com.br\/cbradar\/wp-content\/uploads\/2025\/07\/maos-suadas_1752349166838-1024x576.jpg\" alt=\"\" class=\"wp-image-68596\" srcset=\"https:\/\/www.correiobraziliense.com.br\/cbradar\/wp-content\/uploads\/2025\/07\/maos-suadas_1752349166838-1024x576.jpg 1024w, https:\/\/www.correiobraziliense.com.br\/cbradar\/wp-content\/uploads\/2025\/07\/maos-suadas_1752349166838-300x169.jpg 300w, https:\/\/www.correiobraziliense.com.br\/cbradar\/wp-content\/uploads\/2025\/07\/maos-suadas_1752349166838-768x432.jpg 768w, https:\/\/www.correiobraziliense.com.br\/cbradar\/wp-content\/uploads\/2025\/07\/maos-suadas_1752349166838-750x422.jpg 750w, https:\/\/www.correiobraziliense.com.br\/cbradar\/wp-content\/uploads\/2025\/07\/maos-suadas_1752349166838-1140x641.jpg 1140w, https:\/\/www.correiobraziliense.com.br\/cbradar\/wp-content\/uploads\/2025\/07\/maos-suadas_1752349166838.jpg 1280w\" sizes=\"(max-width: 1024px) 100vw, 1024px\" \/><figcaption class=\"wp-element-caption\">Do ponto de vista da sa\u00fade, entender o que significa co\u00e7ar a m\u00e3o passa por observar a\u00a0pele\u00a0e o sistema de defesa do corpo -Cr\u00e9ditos: depositphotos.com \/ leungchopan<\/figcaption><\/figure><\/div>\n\n\n<p>Leia tamb\u00e9m:\u00a0<a href=\"https:\/\/www.correiobraziliense.com.br\/cbradar\/o-significado-de-ouvir-alguem-chamando-seu-nome-segundo-estudos\/\" target=\"_blank\" rel=\"noreferrer noopener\">O significado de ouvir algu\u00e9m chamando seu nome segundo estudos<\/a><\/p>\n\n\n\n<h2 class=\"wp-block-heading\">Quais s\u00e3o as principais causas de coceira nas m\u00e3os<\/h2>\n\n\n\n<p>A explica\u00e7\u00e3o mais direta para co\u00e7ar a m\u00e3o est\u00e1 ligada a situa\u00e7\u00f5es comuns do dia a dia, como lavar lou\u00e7a, usar produtos de limpeza fortes ou tomar banhos muito quentes. Esses h\u00e1bitos podem irritar a pele, deixar a regi\u00e3o mais sens\u00edvel e desencadear a coceira, \u00e0s vezes logo ap\u00f3s a exposi\u00e7\u00e3o.<\/p>\n\n\n\n<ul class=\"wp-block-list\">\n<li><strong>Ressecamento<\/strong>\u00a0intenso da pele, principalmente em ambientes frios ou com ar-condicionado.<\/li>\n\n\n\n<li>Dermatites de contato causadas por detergentes, sabonetes ou cosm\u00e9ticos.<\/li>\n\n\n\n<li>Alergias a metais, luvas de l\u00e1tex ou subst\u00e2ncias usadas no trabalho dom\u00e9stico e profissional.<\/li>\n\n\n\n<li>Doen\u00e7as de pele, como eczema, psor\u00edase ou micose local.<\/li>\n\n\n\n<li>Picadas de insetos ou pequenas irrita\u00e7\u00f5es mec\u00e2nicas do dia a dia.<\/li>\n<\/ul>\n\n\n\n<h2 class=\"wp-block-heading\">A coceira nas m\u00e3os pode indicar algum problema interno<\/h2>\n\n\n\n<p>Al\u00e9m das causas mais simples, a coceira nas m\u00e3os tamb\u00e9m pode, em alguns casos, estar ligada a condi\u00e7\u00f5es do pr\u00f3prio organismo, como altera\u00e7\u00f5es hormonais ou doen\u00e7as em outros \u00f3rg\u00e3os. Nesses quadros, \u00e9 comum a coceira aparecer junto com outros sinais, como cansa\u00e7o, manchas pelo corpo ou incha\u00e7o persistente.<\/p>\n\n\n\n<p>Problemas hep\u00e1ticos, renais ou metab\u00f3licos podem se manifestar com coceira mais intensa e dif\u00edcil de controlar, inclusive nas m\u00e3os. Quando o inc\u00f4modo \u00e9 forte, n\u00e3o melhora com hidrata\u00e7\u00e3o e vem acompanhado de outros sintomas, vale procurar avalia\u00e7\u00e3o m\u00e9dica para uma investiga\u00e7\u00e3o mais completa.<\/p>\n\n\n\n<h2 class=\"wp-block-heading\">O que significa co\u00e7ar a m\u00e3o direita ou esquerda nas cren\u00e7as populares<\/h2>\n\n\n\n<p>No imagin\u00e1rio popular, o que significa co\u00e7ar a m\u00e3o vai muito al\u00e9m da medicina e mexe com a curiosidade de muita gente. Em diversas regi\u00f5es do Brasil, coceira na m\u00e3o direita \u00e9 vista como sinal de ganho financeiro, chegada de dinheiro ou novidade ligada ao trabalho.<\/p>\n\n\n\n<p>J\u00e1 a m\u00e3o esquerda co\u00e7ando, em muitas tradi\u00e7\u00f5es, seria um ind\u00edcio de sa\u00edda de dinheiro, pagamento de contas ou despesas inesperadas. Essas cren\u00e7as variam conforme a cultura e s\u00e3o transmitidas de gera\u00e7\u00e3o em gera\u00e7\u00e3o, funcionando quase como um \u201crecado\u201d do dia a dia, mesmo sem comprova\u00e7\u00e3o cient\u00edfica. Se voc\u00ea gosta de ouvir cren\u00e7as populares, separamos esse v\u00eddeo do canal <a href=\"https:\/\/www.youtube.com\/@BalbinoChagas\" target=\"_blank\" rel=\"noreferrer noopener\">Balbino Chagas<\/a> falando sobre coceira na m\u00e3o:<\/p>\n\n\n\n<figure class=\"wp-block-embed is-type-video is-provider-youtube wp-block-embed-youtube wp-embed-aspect-16-9 wp-has-aspect-ratio\"><div class=\"wp-block-embed__wrapper\">\n<div class=\"jeg_video_container jeg_video_content\"><iframe loading=\"lazy\" title=\"M\u00c3O DIREITA CO\u00c7ANDO \u00c9 DINHEIRO CHEGANDO? SIGNIFICADO VERDADEIRO DA COCEIRA NA M\u00c3O E O QUE FAZER\" width=\"500\" height=\"281\" src=\"https:\/\/www.youtube.com\/embed\/W05ODkQmta0?feature=oembed\" frameborder=\"0\" allow=\"accelerometer; autoplay; clipboard-write; encrypted-media; gyroscope; picture-in-picture; web-share\" referrerpolicy=\"strict-origin-when-cross-origin\" allowfullscreen><\/iframe><\/div>\n<\/div><\/figure>\n\n\n\n<h2 class=\"wp-block-heading\">A coceira nas m\u00e3os tem algum significado espiritual<\/h2>\n\n\n\n<p>Em certas tradi\u00e7\u00f5es espirituais, a coceira nas m\u00e3os tamb\u00e9m \u00e9 mencionada como poss\u00edvel indicativo de troca de energia ou sensibilidade maior ao ambiente. A ideia \u00e9 que as m\u00e3os, usadas para agir, trabalhar e tocar, seriam uma \u00e1rea \u201cexpressiva\u201d do corpo e poderiam reagir a momentos de mudan\u00e7a.<\/p>\n\n\n\n<p>Nesses contextos, o foco n\u00e3o est\u00e1 em prever o futuro, mas em refor\u00e7ar atitudes de responsabilidade, cuidado com o que se faz com as pr\u00f3prias m\u00e3os e aten\u00e7\u00e3o \u00e0 pr\u00f3pria&nbsp;<strong>rotina<\/strong>. Para algumas pessoas, enxergar a coceira como convite \u00e0 organiza\u00e7\u00e3o, ao equil\u00edbrio financeiro e ao autocuidado traz uma sensa\u00e7\u00e3o de orienta\u00e7\u00e3o e conforto.<\/p>\n\n\n\n<h2 class=\"wp-block-heading\">Quando a coceira nas m\u00e3os merece mais aten\u00e7\u00e3o<\/h2>\n\n\n\n<p>Al\u00e9m da curiosidade sobre o significado simb\u00f3lico, entender o que significa co\u00e7ar a m\u00e3o ajuda a perceber quando algo foge do normal. Se a coceira aparece sempre, dura v\u00e1rios dias ou vem acompanhada de dor ou ardor, \u00e9 um sinal de que talvez n\u00e3o seja apenas algo passageiro.<\/p>\n\n\n\n<p>Vermelhid\u00e3o muito intensa, bolhas, rachaduras, descama\u00e7\u00e3o ou feridas abertas de tanto co\u00e7ar tamb\u00e9m exigem cuidado. Nessas situa\u00e7\u00f5es, procurar um profissional de sa\u00fade \u00e9 importante para identificar poss\u00edveis alergias, dermatites ou outras doen\u00e7as de pele e evitar que o quadro se complique.<\/p>\n","protected":false},"excerpt":{"rendered":"<p>Quem nunca sentiu aquela coceirinha insistente nas m\u00e3os bem no meio de um dia corrido e ficou se perguntando de onde aquilo veio ou at\u00e9 se poderia ser algum \u201csinal\u201d? Co\u00e7ar a m\u00e3o \u00e9 algo comum no dia a dia e costuma chamar a aten\u00e7\u00e3o por diferentes motivos. Em muitos casos, a coceira nas m\u00e3os [&hellip;]<\/p>\n","protected":false},"author":9,"featured_media":178543,"comment_status":"open","ping_status":"open","sticky":false,"template":"","format":"standard","meta":{"_yoast_wpseo_focuskw":"m\u00e3o co\u00e7ando","_yoast_wpseo_title":"","_yoast_wpseo_metadesc":"A coceira nas m\u00e3os pode surgir por irrita\u00e7\u00f5es, alergias ou cren\u00e7as populares, e merece aten\u00e7\u00e3o quando \u00e9 persistente.","jnews-multi-image_gallery":[],"jnews_single_post":{"format":"standard"},"jnews_primary_category":[],"jnews_social_meta":[],"jnews_override_counter":[],"footnotes":""},"categories":[112],"post_tag":[14241,14242,5812],"class_list":["post-178467","post","type-post","status-publish","format-standard","has-post-thumbnail","hentry","category-curiosidades","tag-cocar-a-mao","tag-mao-cocando","tag-significado"],"yoast_head":"<!-- This site is optimized with the Yoast SEO plugin v24.6 - https:\/\/yoast.com\/wordpress\/plugins\/seo\/ -->\n<title>O que significa aquela coceira insistente nas m\u00e3os que aparece do nada? - Correio Braziliense - Radar<\/title>\n<meta name=\"description\" content=\"A coceira nas m\u00e3os pode surgir por irrita\u00e7\u00f5es, alergias ou cren\u00e7as populares, e merece aten\u00e7\u00e3o quando \u00e9 persistente.\" \/>\n<meta name=\"robots\" content=\"index, follow, max-snippet:-1, max-image-preview:large, max-video-preview:-1\" \/>\n<link rel=\"canonical\" href=\"https:\/\/www.correiobraziliense.com.br\/cbradar\/o-que-significa-aquela-coceira-insistente-nas-maos-que-aparece-do-nada\/\" \/>\n<meta property=\"og:locale\" content=\"pt_BR\" \/>\n<meta property=\"og:type\" content=\"article\" \/>\n<meta property=\"og:title\" content=\"O que significa aquela coceira insistente nas m\u00e3os que aparece do nada? - Correio Braziliense - Radar\" \/>\n<meta property=\"og:description\" content=\"A coceira nas m\u00e3os pode surgir por irrita\u00e7\u00f5es, alergias ou cren\u00e7as populares, e merece aten\u00e7\u00e3o quando \u00e9 persistente.\" \/>\n<meta property=\"og:url\" content=\"https:\/\/www.correiobraziliense.com.br\/cbradar\/o-que-significa-aquela-coceira-insistente-nas-maos-que-aparece-do-nada\/\" \/>\n<meta property=\"og:site_name\" content=\"Correio Braziliense - Radar\" \/>\n<meta property=\"article:published_time\" content=\"2026-01-21T11:15:49+00:00\" \/>\n<meta property=\"og:image\" content=\"https:\/\/www.correiobraziliense.com.br\/cbradar\/wp-content\/uploads\/2026\/01\/freepik__imagem-realista-de-uma-pessoa-mos-coando-as-mos__91754.jpeg\" \/>\n\t<meta property=\"og:image:width\" content=\"1280\" \/>\n\t<meta property=\"og:image:height\" content=\"720\" \/>\n\t<meta property=\"og:image:type\" content=\"image\/jpeg\" \/>\n<meta name=\"author\" content=\"Daniely Cardoso\" \/>\n<meta name=\"twitter:card\" content=\"summary_large_image\" \/>\n<meta name=\"twitter:label1\" content=\"Escrito por\" \/>\n\t<meta name=\"twitter:data1\" content=\"Daniely Cardoso\" \/>\n\t<meta name=\"twitter:label2\" content=\"Est. tempo de leitura\" \/>\n\t<meta name=\"twitter:data2\" content=\"5 minutos\" \/>\n<!-- \/ Yoast SEO plugin. -->","yoast_head_json":{"title":"O que significa aquela coceira insistente nas m\u00e3os que aparece do nada? - Correio Braziliense - Radar","description":"A coceira nas m\u00e3os pode surgir por irrita\u00e7\u00f5es, alergias ou cren\u00e7as populares, e merece aten\u00e7\u00e3o quando \u00e9 persistente.","robots":{"index":"index","follow":"follow","max-snippet":"max-snippet:-1","max-image-preview":"max-image-preview:large","max-video-preview":"max-video-preview:-1"},"canonical":"https:\/\/www.correiobraziliense.com.br\/cbradar\/o-que-significa-aquela-coceira-insistente-nas-maos-que-aparece-do-nada\/","og_locale":"pt_BR","og_type":"article","og_title":"O que significa aquela coceira insistente nas m\u00e3os que aparece do nada? - Correio Braziliense - Radar","og_description":"A coceira nas m\u00e3os pode surgir por irrita\u00e7\u00f5es, alergias ou cren\u00e7as populares, e merece aten\u00e7\u00e3o quando \u00e9 persistente.","og_url":"https:\/\/www.correiobraziliense.com.br\/cbradar\/o-que-significa-aquela-coceira-insistente-nas-maos-que-aparece-do-nada\/","og_site_name":"Correio Braziliense - Radar","article_published_time":"2026-01-21T11:15:49+00:00","og_image":[{"width":1280,"height":720,"url":"https:\/\/www.correiobraziliense.com.br\/cbradar\/wp-content\/uploads\/2026\/01\/freepik__imagem-realista-de-uma-pessoa-mos-coando-as-mos__91754.jpeg","type":"image\/jpeg"}],"author":"Daniely Cardoso","twitter_card":"summary_large_image","twitter_misc":{"Escrito por":"Daniely Cardoso","Est. tempo de leitura":"5 minutos"},"schema":{"@context":"https:\/\/schema.org","@graph":[{"@type":"WebPage","@id":"https:\/\/www.correiobraziliense.com.br\/cbradar\/o-que-significa-aquela-coceira-insistente-nas-maos-que-aparece-do-nada\/","url":"https:\/\/www.correiobraziliense.com.br\/cbradar\/o-que-significa-aquela-coceira-insistente-nas-maos-que-aparece-do-nada\/","name":"O que significa aquela coceira insistente nas m\u00e3os que aparece do nada? - Correio Braziliense - Radar","isPartOf":{"@id":"https:\/\/www.correiobraziliense.com.br\/cbradar\/#website"},"primaryImageOfPage":{"@id":"https:\/\/www.correiobraziliense.com.br\/cbradar\/o-que-significa-aquela-coceira-insistente-nas-maos-que-aparece-do-nada\/#primaryimage"},"image":{"@id":"https:\/\/www.correiobraziliense.com.br\/cbradar\/o-que-significa-aquela-coceira-insistente-nas-maos-que-aparece-do-nada\/#primaryimage"},"thumbnailUrl":"https:\/\/www.correiobraziliense.com.br\/cbradar\/wp-content\/uploads\/2026\/01\/freepik__imagem-realista-de-uma-pessoa-mos-coando-as-mos__91754.jpeg","datePublished":"2026-01-21T11:15:49+00:00","author":{"@id":"https:\/\/www.correiobraziliense.com.br\/cbradar\/#\/schema\/person\/7356666e12ec0ee53f348ee5db227032"},"description":"A coceira nas m\u00e3os pode surgir por irrita\u00e7\u00f5es, alergias ou cren\u00e7as populares, e merece aten\u00e7\u00e3o quando \u00e9 persistente.","breadcrumb":{"@id":"https:\/\/www.correiobraziliense.com.br\/cbradar\/o-que-significa-aquela-coceira-insistente-nas-maos-que-aparece-do-nada\/#breadcrumb"},"inLanguage":"pt-BR","potentialAction":[{"@type":"ReadAction","target":["https:\/\/www.correiobraziliense.com.br\/cbradar\/o-que-significa-aquela-coceira-insistente-nas-maos-que-aparece-do-nada\/"]}]},{"@type":"ImageObject","inLanguage":"pt-BR","@id":"https:\/\/www.correiobraziliense.com.br\/cbradar\/o-que-significa-aquela-coceira-insistente-nas-maos-que-aparece-do-nada\/#primaryimage","url":"https:\/\/www.correiobraziliense.com.br\/cbradar\/wp-content\/uploads\/2026\/01\/freepik__imagem-realista-de-uma-pessoa-mos-coando-as-mos__91754.jpeg","contentUrl":"https:\/\/www.correiobraziliense.com.br\/cbradar\/wp-content\/uploads\/2026\/01\/freepik__imagem-realista-de-uma-pessoa-mos-coando-as-mos__91754.jpeg","width":1280,"height":720,"caption":"A coceira nas m\u00e3os \u00e9 frequentemente causada por ressecamento da pele ou contato com subst\u00e2ncias irritantes"},{"@type":"BreadcrumbList","@id":"https:\/\/www.correiobraziliense.com.br\/cbradar\/o-que-significa-aquela-coceira-insistente-nas-maos-que-aparece-do-nada\/#breadcrumb","itemListElement":[{"@type":"ListItem","position":1,"name":"In\u00edcio","item":"https:\/\/www.correiobraziliense.com.br\/cbradar\/"},{"@type":"ListItem","position":2,"name":"O que significa aquela coceira insistente nas m\u00e3os que aparece do nada?"}]},{"@type":"WebSite","@id":"https:\/\/www.correiobraziliense.com.br\/cbradar\/#website","url":"https:\/\/www.correiobraziliense.com.br\/cbradar\/","name":"Correio Braziliense - Radar","description":"Acompanhe as \u00faltimas not\u00edcias e fique bem informado sobre tudo o que acontece no Brasil e no mundo.","potentialAction":[{"@type":"SearchAction","target":{"@type":"EntryPoint","urlTemplate":"https:\/\/www.correiobraziliense.com.br\/cbradar\/?s={search_term_string}"},"query-input":{"@type":"PropertyValueSpecification","valueRequired":true,"valueName":"search_term_string"}}],"inLanguage":"pt-BR"},{"@type":"Person","@id":"https:\/\/www.correiobraziliense.com.br\/cbradar\/#\/schema\/person\/7356666e12ec0ee53f348ee5db227032","name":"Daniely Cardoso","image":{"@type":"ImageObject","inLanguage":"pt-BR","@id":"https:\/\/www.correiobraziliense.com.br\/cbradar\/#\/schema\/person\/image\/","url":"https:\/\/secure.gravatar.com\/avatar\/4b80ddbd124d1f071b626d52d62e5dff?s=96&d=mm&r=g","contentUrl":"https:\/\/secure.gravatar.com\/avatar\/4b80ddbd124d1f071b626d52d62e5dff?s=96&d=mm&r=g","caption":"Daniely Cardoso"},"description":"Redatora nos portais CB Radar e EM Foco, formada pela Universidade Federal de Goi\u00e1s, em Goi\u00e2nia. Apaixonada por comunica\u00e7\u00e3o, arte, decora\u00e7\u00e3o e tend\u00eancias, atuo na produ\u00e7\u00e3o de conte\u00fados envolventes sobre curiosidades, moda, beleza e paisagismo, sempre com um olhar atento \u00e0s novidades do momento.","sameAs":["https:\/\/www.correiobraziliense.com.br\/cbradar"],"url":"https:\/\/www.correiobraziliense.com.br\/cbradar\/author\/danielymyth\/"}]}},"_links":{"self":[{"href":"https:\/\/www.correiobraziliense.com.br\/cbradar\/wp-json\/wp\/v2\/posts\/178467","targetHints":{"allow":["GET"]}}],"collection":[{"href":"https:\/\/www.correiobraziliense.com.br\/cbradar\/wp-json\/wp\/v2\/posts"}],"about":[{"href":"https:\/\/www.correiobraziliense.com.br\/cbradar\/wp-json\/wp\/v2\/types\/post"}],"author":[{"embeddable":true,"href":"https:\/\/www.correiobraziliense.com.br\/cbradar\/wp-json\/wp\/v2\/users\/9"}],"replies":[{"embeddable":true,"href":"https:\/\/www.correiobraziliense.com.br\/cbradar\/wp-json\/wp\/v2\/comments?post=178467"}],"version-history":[{"count":2,"href":"https:\/\/www.correiobraziliense.com.br\/cbradar\/wp-json\/wp\/v2\/posts\/178467\/revisions"}],"predecessor-version":[{"id":178475,"href":"https:\/\/www.correiobraziliense.com.br\/cbradar\/wp-json\/wp\/v2\/posts\/178467\/revisions\/178475"}],"wp:featuredmedia":[{"embeddable":true,"href":"https:\/\/www.correiobraziliense.com.br\/cbradar\/wp-json\/wp\/v2\/media\/178543"}],"wp:attachment":[{"href":"https:\/\/www.correiobraziliense.com.br\/cbradar\/wp-json\/wp\/v2\/media?parent=178467"}],"wp:term":[{"taxonomy":"category","embeddable":true,"href":"https:\/\/www.correiobraziliense.com.br\/cbradar\/wp-json\/wp\/v2\/categories?post=178467"},{"taxonomy":"post_tag","embeddable":true,"href":"https:\/\/www.correiobraziliense.com.br\/cbradar\/wp-json\/wp\/v2\/post_tag?post=178467"}],"curies":[{"name":"wp","href":"https:\/\/api.w.org\/{rel}","templated":true}]}}