{"id":178481,"date":"2026-01-24T06:45:00","date_gmt":"2026-01-24T09:45:00","guid":{"rendered":"https:\/\/www.correiobraziliense.com.br\/cbradar\/?p=178481"},"modified":"2026-01-23T10:33:21","modified_gmt":"2026-01-23T13:33:21","slug":"nomes-judaicos-que-serao-tendencia-em-2026","status":"publish","type":"post","link":"https:\/\/www.correiobraziliense.com.br\/cbradar\/nomes-judaicos-que-serao-tendencia-em-2026\/","title":{"rendered":"Nomes judaicos que ser\u00e3o tend\u00eancia em 2026"},"content":{"rendered":"\n<p>Entre paisagens multiculturais e hist\u00f3rias milenares, a escolha de <strong>nomes judaicos para beb\u00eas em 2026<\/strong> vem ganhando destaque em diferentes pa\u00edses. Pais e m\u00e3es buscam n\u00e3o apenas sonoridade agrad\u00e1vel, mas tamb\u00e9m <strong>significados profundos<\/strong>, conex\u00f5es b\u00edblicas e v\u00ednculos com a tradi\u00e7\u00e3o, em sintonia com tend\u00eancias globais que valorizam <strong>ancestralidade, espiritualidade<\/strong> e identidade cultural.<\/p>\n\n\n\n<h2 class=\"wp-block-heading\">Quais s\u00e3o os nomes judaicos mais procurados para 2026<\/h2>\n\n\n\n<p>Entre os <strong>nomes judaicos femininos<\/strong> que v\u00eam ganhando espa\u00e7o est\u00e1 <strong>Eliana<\/strong>, de origem hebraica, associado \u00e0 ideia de que \u201cDeus respondeu\u201d ou \u201cDeus escutou\u201d. O nome se destaca por oferecer um apelo religioso e, ao mesmo tempo, uma sonoridade atual em diferentes idiomas, favorecendo abrevia\u00e7\u00f5es modernas como <strong>Eli<\/strong> ou <strong>Ellie<\/strong> em pa\u00edses de l\u00edngua inglesa.<\/p>\n\n\n\n<p>No campo dos nomes associados \u00e0 <strong>mem\u00f3ria recente<\/strong>, o nome <strong>Nova<\/strong> passou a ser adotado por algumas fam\u00edlias em refer\u00eancia a eventos marcantes ocorridos em Israel em 2023. Embora n\u00e3o seja estritamente judaico, o nome se conecta a um epis\u00f3dio que mobilizou a comunidade internacional, tornando-se um s\u00edmbolo de lembran\u00e7a ao lado de op\u00e7\u00f5es tradicionais como <strong>Elizabeth<\/strong>, vers\u00e3o inglesa de <strong>Elisheva<\/strong>, e suas variantes regionais, como <strong>Isabel<\/strong> e <strong>Elisabetta<\/strong>, preservando o sentido de compromisso com o divino.<\/p>\n\n\n<div class=\"wp-block-image\">\n<figure class=\"aligncenter size-large\"><img decoding=\"async\" width=\"1024\" height=\"576\" src=\"https:\/\/www.correiobraziliense.com.br\/cbradar\/wp-content\/uploads\/2026\/01\/\u2705-BANNER-MYTH-120-1024x576.png\" alt=\"Nomes judaicos que ser\u00e3o tend\u00eancia em 2026\" class=\"wp-image-178483\" srcset=\"https:\/\/www.correiobraziliense.com.br\/cbradar\/wp-content\/uploads\/2026\/01\/\u2705-BANNER-MYTH-120-1024x576.png 1024w, https:\/\/www.correiobraziliense.com.br\/cbradar\/wp-content\/uploads\/2026\/01\/\u2705-BANNER-MYTH-120-300x169.png 300w, https:\/\/www.correiobraziliense.com.br\/cbradar\/wp-content\/uploads\/2026\/01\/\u2705-BANNER-MYTH-120-768x432.png 768w, https:\/\/www.correiobraziliense.com.br\/cbradar\/wp-content\/uploads\/2026\/01\/\u2705-BANNER-MYTH-120-750x422.png 750w, https:\/\/www.correiobraziliense.com.br\/cbradar\/wp-content\/uploads\/2026\/01\/\u2705-BANNER-MYTH-120-1140x641.png 1140w, https:\/\/www.correiobraziliense.com.br\/cbradar\/wp-content\/uploads\/2026\/01\/\u2705-BANNER-MYTH-120.png 1280w\" sizes=\"(max-width: 1024px) 100vw, 1024px\" \/><figcaption class=\"wp-element-caption\">Descubra nomes judaicos que conectam gera\u00e7\u00f5es, como Efraim (&#8220;frut\u00edfero&#8221;), inspirando espiritualidade e identidade cultural em 2026 para o seu beb\u00ea<\/figcaption><\/figure><\/div>\n\n\n<h2 class=\"wp-block-heading\">Quais nomes judaicos femininos est\u00e3o em ascens\u00e3o<\/h2>\n\n\n\n<p>A lista de <strong>nomes judaicos para meninas em 2026<\/strong> \u00e9 ampla e diversificada, combinando tradi\u00e7\u00e3o e modernidade. Al\u00e9m de <strong>Eliana<\/strong>, aparecem com frequ\u00eancia <strong>Tamar<\/strong>, <strong>Libby<\/strong>, <strong>Seraphina<\/strong> e <strong>Adira<\/strong>, associados \u00e0 natureza, \u00e0 for\u00e7a e a caracter\u00edsticas de personalidade valorizadas em textos religiosos, bem como o cl\u00e1ssico <strong>Naomi<\/strong> (Noem\u00ed, em espanhol), ligado \u00e0 ideia de do\u00e7ura.<\/p>\n\n\n\n<p>Nomes modernos de origem hebraica tamb\u00e9m ganham espa\u00e7o, como <strong>Ayla<\/strong>, relacionado a termos que podem remeter a \u00e1rvore robusta ou a animais \u00e1geis, dependendo da interpreta\u00e7\u00e3o. Em listas atuais surgem ainda <strong>Judith<\/strong>, <strong>Oriel<\/strong> e <strong>Romi<\/strong>, que combinam ra\u00edzes judaicas com uma sonoridade contempor\u00e2nea, permitindo homenagens a personagens b\u00edblicas em vers\u00f5es acess\u00edveis em diferentes idiomas.<\/p>\n\n\n\n<ul class=\"wp-block-list\">\n<li><strong>Op\u00e7\u00f5es mais tradicionais:<\/strong> Naomi, Tamar, Judith.<\/li>\n\n\n\n<li><strong>Varia\u00e7\u00f5es difundidas globalmente:<\/strong> Elizabeth, Isabella, Ellie.<\/li>\n\n\n\n<li><strong>Nomes com forte carga simb\u00f3lica recente:<\/strong> Nova, Shiri, Ariel.<\/li>\n<\/ul>\n\n\n\n<h2 class=\"wp-block-heading\">Quais nomes judaicos masculinos se destacam em 2026<\/h2>\n\n\n\n<p>Entre os meninos, alguns <strong>nomes judaicos masculinos<\/strong> v\u00eam se consolidando nas estat\u00edsticas de 2025 e tendem a permanecer em alta em 2026. Al\u00e9m de <strong>Noah<\/strong>, figuram em posi\u00e7\u00f5es de destaque <strong>Levi<\/strong>, associado a uma das tribos de Israel, <strong>Ezra<\/strong>, frequentemente ligado \u00e0 sabedoria e lideran\u00e7a espiritual, e <strong>Asher<\/strong>, conectado \u00e0 ideia de prosperidade em contextos religiosos e seculares.<\/p>\n\n\n\n<p>Em regi\u00f5es de l\u00edngua espanhola e portuguesa, ganham relev\u00e2ncia nomes como <strong>Mateo<\/strong>, derivado de <strong>Matityahu<\/strong> e relacionado a \u201cpresente de Deus\u201d, e <strong>Benjam\u00edn<\/strong>, muito recorrente em pa\u00edses como Argentina e Espanha. O nome <strong>Dov<\/strong>, que significa \u201curso\u201d, \u00e9 apontado por especialistas como op\u00e7\u00e3o unissex em alguns contextos, mostrando como certas palavras hebraicas transitam entre g\u00eaneros sem perder o v\u00ednculo cultural.<\/p>\n\n\n\n<ol class=\"wp-block-list\">\n<li><strong>Noah \/ No\u00e9<\/strong> \u2013 refer\u00eancia b\u00edblica amplamente reconhecida.<\/li>\n\n\n\n<li><strong>Elijah<\/strong> \u2013 ligado ao profeta Elias, comum em pa\u00edses angl\u00f3fonos.<\/li>\n\n\n\n<li><strong>Levi<\/strong> \u2013 nome de tribo, simples de pronunciar em v\u00e1rios idiomas.<\/li>\n\n\n\n<li><strong>Ezra<\/strong> e <strong>Asher<\/strong> \u2013 associados a lideran\u00e7a e bem-estar.<\/li>\n\n\n\n<li><strong>Mateo<\/strong> e <strong>Benjam\u00edn<\/strong> \u2013 adapta\u00e7\u00f5es muito utilizadas na Am\u00e9rica Latina.<\/li>\n<\/ol>\n\n\n\n<p>Para trazer mais op\u00e7\u00f5es, trouxemos o v\u00eddeo do perfil @beleza.harmonia:<\/p>\n\n\n\n<blockquote class=\"tiktok-embed\" cite=\"https:\/\/www.tiktok.com\/@beleza.harmomia\/video\/7405419466181332230\" data-video-id=\"7405419466181332230\" style=\"max-width: 605px;min-width: 325px;\" > <section> <a target=\"_blank\" title=\"@beleza.harmomia\" href=\"https:\/\/www.tiktok.com\/@beleza.harmomia?refer=embed\">@beleza.harmomia<\/a> Nomes Judaicos Masculinos \u2721\ufe0f  Os nomes mais lindos e ex\u00f3ticos voc\u00ea s\u00f3 encontra aqui! Qual gostou mais ?  <a title=\"judeus\" target=\"_blank\" href=\"https:\/\/www.tiktok.com\/tag\/judeus?refer=embed\">#judeus<\/a> <a title=\"nomesdebebes\" target=\"_blank\" href=\"https:\/\/www.tiktok.com\/tag\/nomesdebebes?refer=embed\">#nomesdebebes<\/a> <a title=\"hebraico\" target=\"_blank\" href=\"https:\/\/www.tiktok.com\/tag\/hebraico?refer=embed\">#hebraico<\/a> <a title=\"maternidade\" target=\"_blank\" href=\"https:\/\/www.tiktok.com\/tag\/maternidade?refer=embed\">#maternidade<\/a> <a title=\"filhosb\u00ean\u00e7\u00e3odosenhor\" target=\"_blank\" href=\"https:\/\/www.tiktok.com\/tag\/filhosb%C3%AAn%C3%A7%C3%A3odosenhor?refer=embed\">#filhosb\u00ean\u00e7\u00e3odosenhor<\/a> <a title=\"filhos\" target=\"_blank\" href=\"https:\/\/www.tiktok.com\/tag\/filhos?refer=embed\">#filhos<\/a> <a target=\"_blank\" title=\"\u266c Over the Rainbow - christmastiktoksss\" href=\"https:\/\/www.tiktok.com\/music\/Over-the-Rainbow-6752620817764436741?refer=embed\">\u266c Over the Rainbow &#8211; christmastiktoksss<\/a> <\/section> <\/blockquote> <script async src=\"https:\/\/www.tiktok.com\/embed.js\"><\/script>\n\n\n\n<h2 class=\"wp-block-heading\">Quais nomes judaicos raros est\u00e3o sendo resgatados para 2026<\/h2>\n\n\n\n<p>Al\u00e9m dos nomes mais conhecidos, especialistas em tend\u00eancias apontam um movimento de resgate de <strong>nomes judaicos pouco usuais<\/strong>, frequentemente escolhidos para refor\u00e7ar identidade e originalidade. Entre as meninas, aparecem <strong>Dara<\/strong>, relacionado \u00e0 ideia de sabedoria, e <strong>Kezia<\/strong> (ou Keziah), ligada a elementos naturais e mencionada em passagens b\u00edblicas, assim como <strong>Tova<\/strong> e <strong>Aviva<\/strong>, que evocam bem e renova\u00e7\u00e3o.<\/p>\n\n\n\n<p>Para meninos, surgem sugest\u00f5es como <strong>Ido<\/strong>, bastante comum em Israel, e nomes menos difundidos globalmente, como <strong>Zuriel<\/strong>, <strong>Hiram<\/strong> e <strong>Enoch<\/strong>, frequentemente associados a figuras de destaque na tradi\u00e7\u00e3o judaica. Em conjunto, essas escolhas mostram que a busca por <strong>nomes judaicos em 2026<\/strong> n\u00e3o se limita aos primeiros lugares dos rankings, mas inclui um esfor\u00e7o de reconex\u00e3o com personagens, significados menos evidentes e heran\u00e7as familiares transmitidas entre gera\u00e7\u00f5es.<\/p>\n","protected":false},"excerpt":{"rendered":"<p>Nomes judeus para beb\u00eas 2026: descubra significados hebraicos profundos, tend\u00eancias modernas e nomes judaicos raros para meninos e meninas.<\/p>\n","protected":false},"author":3,"featured_media":180062,"comment_status":"open","ping_status":"open","sticky":false,"template":"","format":"standard","meta":{"_yoast_wpseo_focuskw":"nomes judaicos","_yoast_wpseo_title":"%%title%%","_yoast_wpseo_metadesc":"Nomes judeus para beb\u00eas 2026: descubra significados hebraicos profundos, tend\u00eancias modernas e nomes judaicos raros para meninos e meninas.","jnews-multi-image_gallery":[],"jnews_single_post":{"format":"standard"},"jnews_primary_category":[],"jnews_social_meta":[],"jnews_override_counter":[],"footnotes":""},"categories":[112],"tags":[144,14249,5202,11783,14248],"class_list":["post-178481","post","type-post","status-publish","format-standard","has-post-thumbnail","hentry","category-curiosidades","tag-curiosidades","tag-judeus","tag-nomes","tag-nomes-de-bebes","tag-nomes-judaicos"],"yoast_head":"<!-- This site is optimized with the Yoast SEO plugin v24.6 - https:\/\/yoast.com\/wordpress\/plugins\/seo\/ -->\n<title>Nomes judaicos que ser\u00e3o tend\u00eancia em 2026<\/title>\n<meta name=\"description\" content=\"Nomes judeus para beb\u00eas 2026: descubra significados hebraicos profundos, tend\u00eancias modernas e nomes judaicos raros para meninos e meninas.\" \/>\n<meta name=\"robots\" content=\"index, follow, max-snippet:-1, max-image-preview:large, max-video-preview:-1\" \/>\n<link rel=\"canonical\" href=\"https:\/\/www.correiobraziliense.com.br\/cbradar\/nomes-judaicos-que-serao-tendencia-em-2026\/\" \/>\n<meta property=\"og:locale\" content=\"pt_BR\" \/>\n<meta property=\"og:type\" content=\"article\" \/>\n<meta property=\"og:title\" content=\"Nomes judaicos que ser\u00e3o tend\u00eancia em 2026\" \/>\n<meta property=\"og:description\" content=\"Nomes judeus para beb\u00eas 2026: descubra significados hebraicos profundos, tend\u00eancias modernas e nomes judaicos raros para meninos e meninas.\" \/>\n<meta property=\"og:url\" content=\"https:\/\/www.correiobraziliense.com.br\/cbradar\/nomes-judaicos-que-serao-tendencia-em-2026\/\" \/>\n<meta property=\"og:site_name\" content=\"Correio Braziliense - Radar\" \/>\n<meta property=\"article:published_time\" content=\"2026-01-24T09:45:00+00:00\" \/>\n<meta property=\"og:image\" content=\"https:\/\/www.correiobraziliense.com.br\/cbradar\/wp-content\/uploads\/2026\/01\/freepik__imagem-realista-de-uma-criana-judaica__22648.jpeg\" \/>\n\t<meta property=\"og:image:width\" content=\"1280\" \/>\n\t<meta property=\"og:image:height\" content=\"720\" \/>\n\t<meta property=\"og:image:type\" content=\"image\/jpeg\" \/>\n<meta name=\"author\" content=\"Larissa Carvalho\" \/>\n<meta name=\"twitter:card\" content=\"summary_large_image\" \/>\n<meta name=\"twitter:label1\" content=\"Escrito por\" \/>\n\t<meta name=\"twitter:data1\" content=\"Larissa Carvalho\" \/>\n\t<meta name=\"twitter:label2\" content=\"Est. tempo de leitura\" \/>\n\t<meta name=\"twitter:data2\" content=\"5 minutos\" \/>\n<!-- \/ Yoast SEO plugin. -->","yoast_head_json":{"title":"Nomes judaicos que ser\u00e3o tend\u00eancia em 2026","description":"Nomes judeus para beb\u00eas 2026: descubra significados hebraicos profundos, tend\u00eancias modernas e nomes judaicos raros para meninos e meninas.","robots":{"index":"index","follow":"follow","max-snippet":"max-snippet:-1","max-image-preview":"max-image-preview:large","max-video-preview":"max-video-preview:-1"},"canonical":"https:\/\/www.correiobraziliense.com.br\/cbradar\/nomes-judaicos-que-serao-tendencia-em-2026\/","og_locale":"pt_BR","og_type":"article","og_title":"Nomes judaicos que ser\u00e3o tend\u00eancia em 2026","og_description":"Nomes judeus para beb\u00eas 2026: descubra significados hebraicos profundos, tend\u00eancias modernas e nomes judaicos raros para meninos e meninas.","og_url":"https:\/\/www.correiobraziliense.com.br\/cbradar\/nomes-judaicos-que-serao-tendencia-em-2026\/","og_site_name":"Correio Braziliense - Radar","article_published_time":"2026-01-24T09:45:00+00:00","og_image":[{"width":1280,"height":720,"url":"https:\/\/www.correiobraziliense.com.br\/cbradar\/wp-content\/uploads\/2026\/01\/freepik__imagem-realista-de-uma-criana-judaica__22648.jpeg","type":"image\/jpeg"}],"author":"Larissa Carvalho","twitter_card":"summary_large_image","twitter_misc":{"Escrito por":"Larissa Carvalho","Est. tempo de leitura":"5 minutos"},"schema":{"@context":"https:\/\/schema.org","@graph":[{"@type":"WebPage","@id":"https:\/\/www.correiobraziliense.com.br\/cbradar\/nomes-judaicos-que-serao-tendencia-em-2026\/","url":"https:\/\/www.correiobraziliense.com.br\/cbradar\/nomes-judaicos-que-serao-tendencia-em-2026\/","name":"Nomes judaicos que ser\u00e3o tend\u00eancia em 2026","isPartOf":{"@id":"https:\/\/www.correiobraziliense.com.br\/cbradar\/#website"},"primaryImageOfPage":{"@id":"https:\/\/www.correiobraziliense.com.br\/cbradar\/nomes-judaicos-que-serao-tendencia-em-2026\/#primaryimage"},"image":{"@id":"https:\/\/www.correiobraziliense.com.br\/cbradar\/nomes-judaicos-que-serao-tendencia-em-2026\/#primaryimage"},"thumbnailUrl":"https:\/\/www.correiobraziliense.com.br\/cbradar\/wp-content\/uploads\/2026\/01\/freepik__imagem-realista-de-uma-criana-judaica__22648.jpeg","datePublished":"2026-01-24T09:45:00+00:00","author":{"@id":"https:\/\/www.correiobraziliense.com.br\/cbradar\/#\/schema\/person\/58422787644df994b53a19d3e56c1513"},"description":"Nomes judeus para beb\u00eas 2026: descubra significados hebraicos profundos, tend\u00eancias modernas e nomes judaicos raros para meninos e meninas.","breadcrumb":{"@id":"https:\/\/www.correiobraziliense.com.br\/cbradar\/nomes-judaicos-que-serao-tendencia-em-2026\/#breadcrumb"},"inLanguage":"pt-BR","potentialAction":[{"@type":"ReadAction","target":["https:\/\/www.correiobraziliense.com.br\/cbradar\/nomes-judaicos-que-serao-tendencia-em-2026\/"]}]},{"@type":"ImageObject","inLanguage":"pt-BR","@id":"https:\/\/www.correiobraziliense.com.br\/cbradar\/nomes-judaicos-que-serao-tendencia-em-2026\/#primaryimage","url":"https:\/\/www.correiobraziliense.com.br\/cbradar\/wp-content\/uploads\/2026\/01\/freepik__imagem-realista-de-uma-criana-judaica__22648.jpeg","contentUrl":"https:\/\/www.correiobraziliense.com.br\/cbradar\/wp-content\/uploads\/2026\/01\/freepik__imagem-realista-de-uma-criana-judaica__22648.jpeg","width":1280,"height":720,"caption":"Tend\u00eancia crescente de nomes judaicos com significados b\u00edblicos"},{"@type":"BreadcrumbList","@id":"https:\/\/www.correiobraziliense.com.br\/cbradar\/nomes-judaicos-que-serao-tendencia-em-2026\/#breadcrumb","itemListElement":[{"@type":"ListItem","position":1,"name":"In\u00edcio","item":"https:\/\/www.correiobraziliense.com.br\/cbradar\/"},{"@type":"ListItem","position":2,"name":"Nomes judaicos que ser\u00e3o tend\u00eancia em 2026"}]},{"@type":"WebSite","@id":"https:\/\/www.correiobraziliense.com.br\/cbradar\/#website","url":"https:\/\/www.correiobraziliense.com.br\/cbradar\/","name":"Correio Braziliense - Radar","description":"Acompanhe as \u00faltimas not\u00edcias e fique bem informado sobre tudo o que acontece no Brasil e no mundo.","potentialAction":[{"@type":"SearchAction","target":{"@type":"EntryPoint","urlTemplate":"https:\/\/www.correiobraziliense.com.br\/cbradar\/?s={search_term_string}"},"query-input":{"@type":"PropertyValueSpecification","valueRequired":true,"valueName":"search_term_string"}}],"inLanguage":"pt-BR"},{"@type":"Person","@id":"https:\/\/www.correiobraziliense.com.br\/cbradar\/#\/schema\/person\/58422787644df994b53a19d3e56c1513","name":"Larissa Carvalho","image":{"@type":"ImageObject","inLanguage":"pt-BR","@id":"https:\/\/www.correiobraziliense.com.br\/cbradar\/#\/schema\/person\/image\/","url":"https:\/\/secure.gravatar.com\/avatar\/fe4f91a0de32b52a838d0d612abdc1aa?s=96&d=mm&r=g","contentUrl":"https:\/\/secure.gravatar.com\/avatar\/fe4f91a0de32b52a838d0d612abdc1aa?s=96&d=mm&r=g","caption":"Larissa Carvalho"},"url":"https:\/\/www.correiobraziliense.com.br\/cbradar\/author\/larissamyth\/"}]}},"_links":{"self":[{"href":"https:\/\/www.correiobraziliense.com.br\/cbradar\/wp-json\/wp\/v2\/posts\/178481","targetHints":{"allow":["GET"]}}],"collection":[{"href":"https:\/\/www.correiobraziliense.com.br\/cbradar\/wp-json\/wp\/v2\/posts"}],"about":[{"href":"https:\/\/www.correiobraziliense.com.br\/cbradar\/wp-json\/wp\/v2\/types\/post"}],"author":[{"embeddable":true,"href":"https:\/\/www.correiobraziliense.com.br\/cbradar\/wp-json\/wp\/v2\/users\/3"}],"replies":[{"embeddable":true,"href":"https:\/\/www.correiobraziliense.com.br\/cbradar\/wp-json\/wp\/v2\/comments?post=178481"}],"version-history":[{"count":3,"href":"https:\/\/www.correiobraziliense.com.br\/cbradar\/wp-json\/wp\/v2\/posts\/178481\/revisions"}],"predecessor-version":[{"id":180094,"href":"https:\/\/www.correiobraziliense.com.br\/cbradar\/wp-json\/wp\/v2\/posts\/178481\/revisions\/180094"}],"wp:featuredmedia":[{"embeddable":true,"href":"https:\/\/www.correiobraziliense.com.br\/cbradar\/wp-json\/wp\/v2\/media\/180062"}],"wp:attachment":[{"href":"https:\/\/www.correiobraziliense.com.br\/cbradar\/wp-json\/wp\/v2\/media?parent=178481"}],"wp:term":[{"taxonomy":"category","embeddable":true,"href":"https:\/\/www.correiobraziliense.com.br\/cbradar\/wp-json\/wp\/v2\/categories?post=178481"},{"taxonomy":"post_tag","embeddable":true,"href":"https:\/\/www.correiobraziliense.com.br\/cbradar\/wp-json\/wp\/v2\/tags?post=178481"}],"curies":[{"name":"wp","href":"https:\/\/api.w.org\/{rel}","templated":true}]}}