{"id":178485,"date":"2026-01-24T12:05:00","date_gmt":"2026-01-24T15:05:00","guid":{"rendered":"https:\/\/www.correiobraziliense.com.br\/cbradar\/?p=178485"},"modified":"2026-01-23T10:36:30","modified_gmt":"2026-01-23T13:36:30","slug":"o-nome-masculino-que-saiu-de-moda-e-poucos-usam-hoje","status":"publish","type":"post","link":"https:\/\/www.correiobraziliense.com.br\/cbradar\/o-nome-masculino-que-saiu-de-moda-e-poucos-usam-hoje\/","title":{"rendered":"O nome masculino que saiu de moda e poucos usam hoje"},"content":{"rendered":"\n<p>O <strong>nome pr\u00f3prio<\/strong> tamb\u00e9m segue modas, ciclos e mudan\u00e7as culturais. Um dos exemplos mais claros \u00e9 o caso de <strong>Antoni<\/strong>, que j\u00e1 foi um dos nomes masculinos mais comuns em determinadas regi\u00f5es da Espanha, especialmente na Catalunha, e hoje aparece com muito menos frequ\u00eancia nos registros de nascimentos. A hist\u00f3ria desse nome ajuda a entender como a escolha de nomes reflete gera\u00e7\u00f5es, identidades regionais, transforma\u00e7\u00f5es sociais e at\u00e9 debates atuais sobre <strong>diversidade lingu\u00edstica<\/strong> e <strong>preserva\u00e7\u00e3o cultural<\/strong>.<\/p>\n\n\n\n<h2 class=\"wp-block-heading\">Por que o nome Antoni perdeu espa\u00e7o entre os rec\u00e9m-nascidos<\/h2>\n\n\n\n<p>O decl\u00ednio do <strong>nome Antoni<\/strong> est\u00e1 ligado ao chamado <strong>ciclo natural dos nomes<\/strong>. Durante boa parte do s\u00e9culo XX, certos nomes mantinham a popularidade por gera\u00e7\u00f5es, atravessando longos per\u00edodos quase sem varia\u00e7\u00e3o, mas a partir do final desse s\u00e9culo esse ciclo ficou muito mais curto.<\/p>\n\n\n\n<p>Quando um nome fica fortemente associado \u00e0 gera\u00e7\u00e3o dos av\u00f3s ou dos pais, muitas fam\u00edlias deixam de escolh\u00ea-lo para os filhos, buscando diferenciar a nova gera\u00e7\u00e3o com nomes percebidos como mais <strong>modernos<\/strong> ou <strong>internacionais<\/strong>. Em pesquisas recentes sobre tend\u00eancias de nomes na Catalunha, Antoni \u00e9 frequentemente citado como exemplo de nome \u201ct\u00edpico de meia-idade\u201d.<\/p>\n\n\n\n<h2 class=\"wp-block-heading\">Como a idade m\u00e9dia dos chamados Antoni revela sua associa\u00e7\u00e3o geracional<\/h2>\n\n\n\n<p>No caso de <strong>Antoni<\/strong>, essa associa\u00e7\u00e3o geracional \u00e9 evidente: a idade m\u00e9dia das pessoas chamadas assim \u00e9 de cerca de cinquenta anos, o que indica um uso intenso em meados do s\u00e9culo passado. Em registros recentes de nascimentos, o n\u00famero de beb\u00eas batizados com esse nome \u00e9 baixo, refor\u00e7ando a ideia de que, no momento, ele \u00e9 visto mais como um nome \u201cantigo\u201d.<\/p>\n\n\n\n<p>Dem\u00f3grafos que analisam dados de registros civis apontam que nomes como Antoni tendem a permanecer est\u00e1veis por um per\u00edodo e, em seguida, entram em forte decl\u00ednio \u00e0 medida que novos nomes curtos, neutros em g\u00eanero ou de influ\u00eancia angl\u00f3fona ganham destaque entre os pais mais jovens.<\/p>\n\n\n<div class=\"wp-block-image\">\n<figure class=\"aligncenter size-large\"><img decoding=\"async\" width=\"1024\" height=\"576\" src=\"https:\/\/www.correiobraziliense.com.br\/cbradar\/wp-content\/uploads\/2026\/01\/\u2705-BANNER-MYTH-1-21-1024x576.png\" alt=\"O nome masculino que saiu de moda e poucos usam hoje\" class=\"wp-image-178487\" srcset=\"https:\/\/www.correiobraziliense.com.br\/cbradar\/wp-content\/uploads\/2026\/01\/\u2705-BANNER-MYTH-1-21-1024x576.png 1024w, https:\/\/www.correiobraziliense.com.br\/cbradar\/wp-content\/uploads\/2026\/01\/\u2705-BANNER-MYTH-1-21-300x169.png 300w, https:\/\/www.correiobraziliense.com.br\/cbradar\/wp-content\/uploads\/2026\/01\/\u2705-BANNER-MYTH-1-21-768x432.png 768w, https:\/\/www.correiobraziliense.com.br\/cbradar\/wp-content\/uploads\/2026\/01\/\u2705-BANNER-MYTH-1-21-750x422.png 750w, https:\/\/www.correiobraziliense.com.br\/cbradar\/wp-content\/uploads\/2026\/01\/\u2705-BANNER-MYTH-1-21-1140x641.png 1140w, https:\/\/www.correiobraziliense.com.br\/cbradar\/wp-content\/uploads\/2026\/01\/\u2705-BANNER-MYTH-1-21.png 1280w\" sizes=\"(max-width: 1024px) 100vw, 1024px\" \/><figcaption class=\"wp-element-caption\">Forma catal\u00e3 de Antonius (latim), variante de Ant\u00f4nio. Ligado a Gaud\u00ed; frequ\u00eancia alta em nascimentos catal\u00e3es passados, baixa atual.<\/figcaption><\/figure><\/div>\n\n\n<h2 class=\"wp-block-heading\">Como Antoni, Antonio e outras varia\u00e7\u00f5es se relacionam entre si<\/h2>\n\n\n\n<p>Embora <strong>Antoni<\/strong> esteja em queda, a forma castelhana <strong>Antonio<\/strong> continua sendo muito comum em toda a Espanha e tamb\u00e9m em pa\u00edses de l\u00edngua portuguesa, onde aparece como <strong>Ant\u00f4nio<\/strong>. Em algumas regi\u00f5es catal\u00e3s, muitos homens registrados oficialmente como Antonio adotam informalmente uma pron\u00fancia intermedi\u00e1ria, como \u201cAntoniu\u201d.<\/p>\n\n\n\n<p>Al\u00e9m disso, o nome apresenta diversas varia\u00e7\u00f5es e diminutivos, que ajudam a manter viva a sua presen\u00e7a no dia a dia e revelam como a <strong>afetuosidade familiar<\/strong> e as <strong>identidades locais<\/strong> se expressam na linguagem cotidiana.<\/p>\n\n\n\n<ul class=\"wp-block-list\">\n<li><strong>Toni<\/strong>, forma curta, muito usada em contextos informais e entre amigos;<\/li>\n\n\n\n<li><strong>Anton<\/strong>, variante que tamb\u00e9m aparece como nome independente em regi\u00f5es rurais;<\/li>\n\n\n\n<li>Compostos como <strong>Jos\u00e9 Antonio<\/strong>, <strong>Juan Antonio<\/strong>, <strong>Marco Antonio<\/strong> ou <strong>Antonio Jos\u00e9<\/strong>, muito frequentes em diferentes regi\u00f5es;<\/li>\n\n\n\n<li>Na Catalunha, a combina\u00e7\u00e3o <strong>Josep Antoni<\/strong> refor\u00e7a simultaneamente a identidade catal\u00e3 e a tradi\u00e7\u00e3o crist\u00e3.<\/li>\n<\/ul>\n\n\n\n<h2 class=\"wp-block-heading\">Onde o nome Antoni \u00e9 mais frequente na atualidade<\/h2>\n\n\n\n<p>A distribui\u00e7\u00e3o geogr\u00e1fica de <strong>Antoni<\/strong> n\u00e3o \u00e9 uniforme e mostra uma forte rela\u00e7\u00e3o entre o nome e determinados contextos regionais. Em prov\u00edncias do interior da Catalunha, especialmente na demarca\u00e7\u00e3o de Lleida, a propor\u00e7\u00e3o de homens chamados Antoni \u00e9 mais elevada em compara\u00e7\u00e3o com outras zonas.<\/p>\n\n\n\n<p>Nas comarcas de <strong>Urgell<\/strong> e <strong>Solson\u00e8s<\/strong>, por exemplo, o nome ainda aparece com destaque, enquanto as Ilhas Baleares registram uma presen\u00e7a relativamente alta ligada \u00e0 l\u00edngua catal\u00e3. Em contraste, na \u00e1rea de Girona, Antoni tende a ser menos vis\u00edvel, substitu\u00eddo por outras escolhas mais recentes como nomes internacionais ou catal\u00e3es de nova gera\u00e7\u00e3o.<\/p>\n\n\n\n<h2 class=\"wp-block-heading\">Como Antonio em castelhano se distribui em outras regi\u00f5es<\/h2>\n\n\n\n<p>J\u00e1 a forma <strong>Antonio<\/strong>, em castelhano, mostra maior concentra\u00e7\u00e3o em comunidades aut\u00f4nomas como <strong>Andaluzia<\/strong>, <strong>Extremadura<\/strong> e <strong>Castilla-La Mancha<\/strong>. Nesses territ\u00f3rios, o nome se consolidou ao longo do s\u00e9culo XX e ainda hoje figura entre os mais presentes na popula\u00e7\u00e3o adulta masculina.<\/p>\n\n\n\n<p>Mesmo nessas regi\u00f5es, no entanto, observa-se uma renova\u00e7\u00e3o de tend\u00eancias entre as gera\u00e7\u00f5es mais novas, que passam a optar por nomes como Daniel, Hugo ou Mart\u00edn. Assim, Antonio continua forte na estat\u00edstica total da popula\u00e7\u00e3o, mas perde espa\u00e7o entre os rec\u00e9m-nascidos, fen\u00f4meno semelhante ao que ocorre com Antoni na Catalunha.<\/p>\n\n\n\n<h2 class=\"wp-block-heading\">Qual \u00e9 a origem e o significado hist\u00f3rico de Antoni<\/h2>\n\n\n\n<p>O nome <strong>Antoni<\/strong> tem origem latina, derivando de <em>Antonius<\/em>, usado na Roma antiga como nome de fam\u00edlia e associado \u00e0 influente <strong>gens Antonia<\/strong>. Ao longo dos s\u00e9culos, essa raiz se espalhou por diversas l\u00ednguas europeias, dando origem a formas como <strong>Antonio<\/strong> (espanhol), <strong>Ant\u00f4nio<\/strong> (portugu\u00eas), <strong>Antonio<\/strong> (italiano) e <strong>Antoine<\/strong> (franc\u00eas).<\/p>\n\n\n\n<p>Em catal\u00e3o, a forma tradicional \u00e9 <strong>Antoni<\/strong>, com forte presen\u00e7a em documentos hist\u00f3ricos, registros paroquiais e tradi\u00e7\u00f5es populares. O nome tamb\u00e9m \u00e9 frequentemente interpretado como ligado a ideias de <strong>valentia<\/strong>, <strong>dignidade<\/strong> e <strong>nobreza de esp\u00edrito<\/strong>, ainda que esse significado seja constru\u00eddo mais pela tradi\u00e7\u00e3o do que pela etimologia estrita.<\/p>\n\n\n\n<p>Para aprofundarmos no tema, trouxemos o v\u00eddeo do perfil @nomesesignificados:<\/p>\n\n\n\n<blockquote class=\"tiktok-embed\" cite=\"https:\/\/www.tiktok.com\/@nomesesiginificados\/video\/7368238726335548677\" data-video-id=\"7368238726335548677\" style=\"max-width: 605px;min-width: 325px;\" > <section> <a target=\"_blank\" title=\"@nomesesiginificados\" href=\"https:\/\/www.tiktok.com\/@nomesesiginificados?refer=embed\">@nomesesiginificados<\/a> Respondendo a @andreiarosariadas <a title=\"antony\" target=\"_blank\" href=\"https:\/\/www.tiktok.com\/tag\/antony?refer=embed\">#antony<\/a> <a title=\"bebe\" target=\"_blank\" href=\"https:\/\/www.tiktok.com\/tag\/bebe?refer=embed\">#bebe<\/a> <a title=\"mae\" target=\"_blank\" href=\"https:\/\/www.tiktok.com\/tag\/mae?refer=embed\">#mae<\/a> <a title=\"nomes\" target=\"_blank\" href=\"https:\/\/www.tiktok.com\/tag\/nomes?refer=embed\">#nomes<\/a> <a title=\"nomedemenino\" target=\"_blank\" href=\"https:\/\/www.tiktok.com\/tag\/nomedemenino?refer=embed\">#nomedemenino<\/a> <a title=\"maedemenino\" target=\"_blank\" href=\"https:\/\/www.tiktok.com\/tag\/maedemenino?refer=embed\">#maedemenino<\/a> <a title=\"gravidez\" target=\"_blank\" href=\"https:\/\/www.tiktok.com\/tag\/gravidez?refer=embed\">#gravidez<\/a> <a title=\"fyp\" target=\"_blank\" href=\"https:\/\/www.tiktok.com\/tag\/fyp?refer=embed\">#fyp<\/a> <a title=\"fyp\u30b7\" target=\"_blank\" href=\"https:\/\/www.tiktok.com\/tag\/fyp%E3%82%B7?refer=embed\">#fyp\u30b7<\/a> <a title=\"foryou\" target=\"_blank\" href=\"https:\/\/www.tiktok.com\/tag\/foryou?refer=embed\">#foryou<\/a> <a title=\"capcut\" target=\"_blank\" href=\"https:\/\/www.tiktok.com\/tag\/capcut?refer=embed\">#capcut<\/a> <a title=\"viral\" target=\"_blank\" href=\"https:\/\/www.tiktok.com\/tag\/viral?refer=embed\">#viral<\/a> @TikTok <a target=\"_blank\" title=\"\u266c Piano Adorando - Jonatas oliveira\" href=\"https:\/\/www.tiktok.com\/music\/Piano-Adorando-7052047253082474498?refer=embed\">\u266c Piano Adorando &#8211; Jonatas oliveira<\/a> <\/section> <\/blockquote> <script async src=\"https:\/\/www.tiktok.com\/embed.js\"><\/script>\n\n\n\n<h2 class=\"wp-block-heading\">Como os santos associados a Antoni influenciaram sua popularidade<\/h2>\n\n\n\n<p>A popularidade hist\u00f3rica do nome est\u00e1 relacionada a figuras religiosas de grande devo\u00e7\u00e3o popular. Dois santos se destacam: <strong>Santo Ant\u00f4nio de P\u00e1dua<\/strong>, celebrado em 13 de junho, e <strong>Santo Ant\u00f4nio Abade<\/strong>, lembrado em 17 de janeiro, ambos com festas amplamente difundidas no mundo cat\u00f3lico.<\/p>\n\n\n\n<p>Essas datas influenciaram registros de batismo ao longo de s\u00e9culos, sobretudo em regi\u00f5es de forte tradi\u00e7\u00e3o cat\u00f3lica, contribuindo para que o nome se mantivesse muito comum at\u00e9 o final do s\u00e9culo passado. Em muitas fam\u00edlias, colocar o nome Antoni ou Antonio em um filho era visto como forma de pedir prote\u00e7\u00e3o ou honrar promessas religiosas.<\/p>\n\n\n\n<h2 class=\"wp-block-heading\">Como est\u00e1 a forma feminina Ant\u00f2nia entre as gera\u00e7\u00f5es atuais<\/h2>\n\n\n\n<p>A vers\u00e3o feminina, <strong>Ant\u00f2nia<\/strong> em catal\u00e3o (Antonia em espanhol), segue um padr\u00e3o semelhante ao da forma masculina: foi muito escolhida em gera\u00e7\u00f5es anteriores e hoje aparece mais entre mulheres idosas ou de idade avan\u00e7ada. A idade m\u00e9dia das pessoas com esse nome \u00e9 significativamente alta, indicando um auge de popularidade anterior aos anos 1980.<\/p>\n\n\n\n<p>Entre as mulheres, <strong>Ant\u00f2nia<\/strong> tamb\u00e9m deu origem a diminutivos e variantes informais, como \u201c<strong>T\u00f2nia<\/strong>\u201d ou \u201c<strong>To\u00f1i<\/strong>\u201d, bastante ouvidos em ambientes familiares. Apesar do uso atual reduzido entre rec\u00e9m-nascidas, o nome permanece em festas patronais, em registros civis antigos e na mem\u00f3ria coletiva de localidades menores, onde a tradi\u00e7\u00e3o nominal se preserva por mais tempo.<\/p>\n\n\n\n<h2 class=\"wp-block-heading\">O futuro do nome Antoni pode mudar com novas gera\u00e7\u00f5es<\/h2>\n\n\n\n<p>Especialistas em <strong>onom\u00e1stica<\/strong> observam que nomes \u201cde av\u00f4\u201d costumam sair de moda por alguns anos ou d\u00e9cadas, mas podem ser retomados no futuro por novas gera\u00e7\u00f5es. O nome <strong>Antoni<\/strong> encaixa-se nesse padr\u00e3o: hoje \u00e9 visto como t\u00edpico de uma faixa et\u00e1ria espec\u00edfica, mas tende a ganhar charme \u201ccl\u00e1ssico\u201d com o passar do tempo.<\/p>\n\n\n\n<p><strong>Antoni<\/strong> ilustra como um simples nome pr\u00f3prio carrega informa\u00e7\u00f5es sobre \u00e9poca, territ\u00f3rio, religi\u00e3o e l\u00edngua. A sua trajet\u00f3ria, do auge na d\u00e9cada de 1960 \u00e0 queda entre os nascidos ap\u00f3s 2020, mostra que, assim como a moda e a m\u00fasica, os nomes acompanham as transforma\u00e7\u00f5es sociais e podem ressurgir quando as fam\u00edlias buscam resgatar a <strong>mem\u00f3ria afetiva<\/strong> e as <strong>ra\u00edzes regionais<\/strong>.<\/p>\n","protected":false},"excerpt":{"rendered":"<p>Antoni: origem, significado e popularidade do nome em decl\u00ednio na Catalunha, compara\u00e7\u00e3o com Antonio e variantes tradicionais ao longo das d\u00e9cadas.<\/p>\n","protected":false},"author":3,"featured_media":180063,"comment_status":"open","ping_status":"open","sticky":false,"template":"","format":"standard","meta":{"_yoast_wpseo_focuskw":"nome masculino saiu de moda","_yoast_wpseo_title":"%%title%%","_yoast_wpseo_metadesc":"Antoni: origem, significado e popularidade do nome em decl\u00ednio na Catalunha, compara\u00e7\u00e3o com Antonio e variantes tradicionais ao longo das d\u00e9cadas.","jnews-multi-image_gallery":[],"jnews_single_post":{"format":"standard"},"jnews_primary_category":[],"jnews_social_meta":[],"jnews_override_counter":[],"footnotes":""},"categories":[112],"tags":[144,5202,11783,11119],"class_list":["post-178485","post","type-post","status-publish","format-standard","has-post-thumbnail","hentry","category-curiosidades","tag-curiosidades","tag-nomes","tag-nomes-de-bebes","tag-nomes-de-meninos"],"yoast_head":"<!-- This site is optimized with the Yoast SEO plugin v24.6 - https:\/\/yoast.com\/wordpress\/plugins\/seo\/ -->\n<title>O nome masculino que saiu de moda e poucos usam hoje<\/title>\n<meta name=\"description\" content=\"Antoni: origem, significado e popularidade do nome em decl\u00ednio na Catalunha, compara\u00e7\u00e3o com Antonio e variantes tradicionais ao longo das d\u00e9cadas.\" \/>\n<meta name=\"robots\" content=\"index, follow, max-snippet:-1, max-image-preview:large, max-video-preview:-1\" \/>\n<link rel=\"canonical\" href=\"https:\/\/www.correiobraziliense.com.br\/cbradar\/o-nome-masculino-que-saiu-de-moda-e-poucos-usam-hoje\/\" \/>\n<meta property=\"og:locale\" content=\"pt_BR\" \/>\n<meta property=\"og:type\" content=\"article\" \/>\n<meta property=\"og:title\" content=\"O nome masculino que saiu de moda e poucos usam hoje\" \/>\n<meta property=\"og:description\" content=\"Antoni: origem, significado e popularidade do nome em decl\u00ednio na Catalunha, compara\u00e7\u00e3o com Antonio e variantes tradicionais ao longo das d\u00e9cadas.\" \/>\n<meta property=\"og:url\" content=\"https:\/\/www.correiobraziliense.com.br\/cbradar\/o-nome-masculino-que-saiu-de-moda-e-poucos-usam-hoje\/\" \/>\n<meta property=\"og:site_name\" content=\"Correio Braziliense - Radar\" \/>\n<meta property=\"article:published_time\" content=\"2026-01-24T15:05:00+00:00\" \/>\n<meta property=\"og:image\" content=\"https:\/\/www.correiobraziliense.com.br\/cbradar\/wp-content\/uploads\/2026\/01\/freepik__imagem-realista-de-uma-criana-menino-em-um-ambient__22654.jpeg\" \/>\n\t<meta property=\"og:image:width\" content=\"1280\" \/>\n\t<meta property=\"og:image:height\" content=\"720\" \/>\n\t<meta property=\"og:image:type\" content=\"image\/jpeg\" \/>\n<meta name=\"author\" content=\"Larissa Carvalho\" \/>\n<meta name=\"twitter:card\" content=\"summary_large_image\" \/>\n<meta name=\"twitter:label1\" content=\"Escrito por\" \/>\n\t<meta name=\"twitter:data1\" content=\"Larissa Carvalho\" \/>\n\t<meta name=\"twitter:label2\" content=\"Est. tempo de leitura\" \/>\n\t<meta name=\"twitter:data2\" content=\"7 minutos\" \/>\n<!-- \/ Yoast SEO plugin. -->","yoast_head_json":{"title":"O nome masculino que saiu de moda e poucos usam hoje","description":"Antoni: origem, significado e popularidade do nome em decl\u00ednio na Catalunha, compara\u00e7\u00e3o com Antonio e variantes tradicionais ao longo das d\u00e9cadas.","robots":{"index":"index","follow":"follow","max-snippet":"max-snippet:-1","max-image-preview":"max-image-preview:large","max-video-preview":"max-video-preview:-1"},"canonical":"https:\/\/www.correiobraziliense.com.br\/cbradar\/o-nome-masculino-que-saiu-de-moda-e-poucos-usam-hoje\/","og_locale":"pt_BR","og_type":"article","og_title":"O nome masculino que saiu de moda e poucos usam hoje","og_description":"Antoni: origem, significado e popularidade do nome em decl\u00ednio na Catalunha, compara\u00e7\u00e3o com Antonio e variantes tradicionais ao longo das d\u00e9cadas.","og_url":"https:\/\/www.correiobraziliense.com.br\/cbradar\/o-nome-masculino-que-saiu-de-moda-e-poucos-usam-hoje\/","og_site_name":"Correio Braziliense - Radar","article_published_time":"2026-01-24T15:05:00+00:00","og_image":[{"width":1280,"height":720,"url":"https:\/\/www.correiobraziliense.com.br\/cbradar\/wp-content\/uploads\/2026\/01\/freepik__imagem-realista-de-uma-criana-menino-em-um-ambient__22654.jpeg","type":"image\/jpeg"}],"author":"Larissa Carvalho","twitter_card":"summary_large_image","twitter_misc":{"Escrito por":"Larissa Carvalho","Est. tempo de leitura":"7 minutos"},"schema":{"@context":"https:\/\/schema.org","@graph":[{"@type":"WebPage","@id":"https:\/\/www.correiobraziliense.com.br\/cbradar\/o-nome-masculino-que-saiu-de-moda-e-poucos-usam-hoje\/","url":"https:\/\/www.correiobraziliense.com.br\/cbradar\/o-nome-masculino-que-saiu-de-moda-e-poucos-usam-hoje\/","name":"O nome masculino que saiu de moda e poucos usam hoje","isPartOf":{"@id":"https:\/\/www.correiobraziliense.com.br\/cbradar\/#website"},"primaryImageOfPage":{"@id":"https:\/\/www.correiobraziliense.com.br\/cbradar\/o-nome-masculino-que-saiu-de-moda-e-poucos-usam-hoje\/#primaryimage"},"image":{"@id":"https:\/\/www.correiobraziliense.com.br\/cbradar\/o-nome-masculino-que-saiu-de-moda-e-poucos-usam-hoje\/#primaryimage"},"thumbnailUrl":"https:\/\/www.correiobraziliense.com.br\/cbradar\/wp-content\/uploads\/2026\/01\/freepik__imagem-realista-de-uma-criana-menino-em-um-ambient__22654.jpeg","datePublished":"2026-01-24T15:05:00+00:00","author":{"@id":"https:\/\/www.correiobraziliense.com.br\/cbradar\/#\/schema\/person\/58422787644df994b53a19d3e56c1513"},"description":"Antoni: origem, significado e popularidade do nome em decl\u00ednio na Catalunha, compara\u00e7\u00e3o com Antonio e variantes tradicionais ao longo das d\u00e9cadas.","breadcrumb":{"@id":"https:\/\/www.correiobraziliense.com.br\/cbradar\/o-nome-masculino-que-saiu-de-moda-e-poucos-usam-hoje\/#breadcrumb"},"inLanguage":"pt-BR","potentialAction":[{"@type":"ReadAction","target":["https:\/\/www.correiobraziliense.com.br\/cbradar\/o-nome-masculino-que-saiu-de-moda-e-poucos-usam-hoje\/"]}]},{"@type":"ImageObject","inLanguage":"pt-BR","@id":"https:\/\/www.correiobraziliense.com.br\/cbradar\/o-nome-masculino-que-saiu-de-moda-e-poucos-usam-hoje\/#primaryimage","url":"https:\/\/www.correiobraziliense.com.br\/cbradar\/wp-content\/uploads\/2026\/01\/freepik__imagem-realista-de-uma-criana-menino-em-um-ambient__22654.jpeg","contentUrl":"https:\/\/www.correiobraziliense.com.br\/cbradar\/wp-content\/uploads\/2026\/01\/freepik__imagem-realista-de-uma-criana-menino-em-um-ambient__22654.jpeg","width":1280,"height":720,"caption":"Nomes pr\u00f3prios refletem tend\u00eancias culturais e sociais"},{"@type":"BreadcrumbList","@id":"https:\/\/www.correiobraziliense.com.br\/cbradar\/o-nome-masculino-que-saiu-de-moda-e-poucos-usam-hoje\/#breadcrumb","itemListElement":[{"@type":"ListItem","position":1,"name":"In\u00edcio","item":"https:\/\/www.correiobraziliense.com.br\/cbradar\/"},{"@type":"ListItem","position":2,"name":"O nome masculino que saiu de moda e poucos usam hoje"}]},{"@type":"WebSite","@id":"https:\/\/www.correiobraziliense.com.br\/cbradar\/#website","url":"https:\/\/www.correiobraziliense.com.br\/cbradar\/","name":"Correio Braziliense - Radar","description":"Acompanhe as \u00faltimas not\u00edcias e fique bem informado sobre tudo o que acontece no Brasil e no mundo.","potentialAction":[{"@type":"SearchAction","target":{"@type":"EntryPoint","urlTemplate":"https:\/\/www.correiobraziliense.com.br\/cbradar\/?s={search_term_string}"},"query-input":{"@type":"PropertyValueSpecification","valueRequired":true,"valueName":"search_term_string"}}],"inLanguage":"pt-BR"},{"@type":"Person","@id":"https:\/\/www.correiobraziliense.com.br\/cbradar\/#\/schema\/person\/58422787644df994b53a19d3e56c1513","name":"Larissa Carvalho","image":{"@type":"ImageObject","inLanguage":"pt-BR","@id":"https:\/\/www.correiobraziliense.com.br\/cbradar\/#\/schema\/person\/image\/","url":"https:\/\/secure.gravatar.com\/avatar\/fe4f91a0de32b52a838d0d612abdc1aa?s=96&d=mm&r=g","contentUrl":"https:\/\/secure.gravatar.com\/avatar\/fe4f91a0de32b52a838d0d612abdc1aa?s=96&d=mm&r=g","caption":"Larissa Carvalho"},"url":"https:\/\/www.correiobraziliense.com.br\/cbradar\/author\/larissamyth\/"}]}},"_links":{"self":[{"href":"https:\/\/www.correiobraziliense.com.br\/cbradar\/wp-json\/wp\/v2\/posts\/178485","targetHints":{"allow":["GET"]}}],"collection":[{"href":"https:\/\/www.correiobraziliense.com.br\/cbradar\/wp-json\/wp\/v2\/posts"}],"about":[{"href":"https:\/\/www.correiobraziliense.com.br\/cbradar\/wp-json\/wp\/v2\/types\/post"}],"author":[{"embeddable":true,"href":"https:\/\/www.correiobraziliense.com.br\/cbradar\/wp-json\/wp\/v2\/users\/3"}],"replies":[{"embeddable":true,"href":"https:\/\/www.correiobraziliense.com.br\/cbradar\/wp-json\/wp\/v2\/comments?post=178485"}],"version-history":[{"count":3,"href":"https:\/\/www.correiobraziliense.com.br\/cbradar\/wp-json\/wp\/v2\/posts\/178485\/revisions"}],"predecessor-version":[{"id":180101,"href":"https:\/\/www.correiobraziliense.com.br\/cbradar\/wp-json\/wp\/v2\/posts\/178485\/revisions\/180101"}],"wp:featuredmedia":[{"embeddable":true,"href":"https:\/\/www.correiobraziliense.com.br\/cbradar\/wp-json\/wp\/v2\/media\/180063"}],"wp:attachment":[{"href":"https:\/\/www.correiobraziliense.com.br\/cbradar\/wp-json\/wp\/v2\/media?parent=178485"}],"wp:term":[{"taxonomy":"category","embeddable":true,"href":"https:\/\/www.correiobraziliense.com.br\/cbradar\/wp-json\/wp\/v2\/categories?post=178485"},{"taxonomy":"post_tag","embeddable":true,"href":"https:\/\/www.correiobraziliense.com.br\/cbradar\/wp-json\/wp\/v2\/tags?post=178485"}],"curies":[{"name":"wp","href":"https:\/\/api.w.org\/{rel}","templated":true}]}}