{"id":178489,"date":"2026-01-24T12:35:00","date_gmt":"2026-01-24T15:35:00","guid":{"rendered":"https:\/\/www.correiobraziliense.com.br\/cbradar\/?p=178489"},"modified":"2026-01-23T10:42:54","modified_gmt":"2026-01-23T13:42:54","slug":"o-nome-catalao-de-apenas-3-letras-que-poucos-usam-e-serve-para-meninas-e-meninos","status":"publish","type":"post","link":"https:\/\/www.correiobraziliense.com.br\/cbradar\/o-nome-catalao-de-apenas-3-letras-que-poucos-usam-e-serve-para-meninas-e-meninos\/","title":{"rendered":"O nome catal\u00e3o de apenas 3 letras que poucos usam e serve para meninas e meninos"},"content":{"rendered":"\n<p>Escolher como chamar um rec\u00e9m-nascido costuma ser uma das decis\u00f5es que mais ocupa as fam\u00edlias durante a gravidez. Entre listas intermin\u00e1veis e debates em casa, cresce o interesse por um tipo de op\u00e7\u00e3o muito espec\u00edfico: o <strong>nome catal\u00e3o curto e unissex<\/strong>, que funcione tanto para menino quanto para menina e, ao mesmo tempo, seja raro o suficiente para garantir originalidade em um cen\u00e1rio cada vez mais globalizado.<\/p>\n\n\n\n<h2 class=\"wp-block-heading\">Por que um nome catal\u00e3o curto para beb\u00ea chama tanta aten\u00e7\u00e3o<\/h2>\n\n\n\n<p>A combina\u00e7\u00e3o entre brevidade, sonoridade suave e ra\u00edzes hist\u00f3ricas faz com que essas escolhas se destaquem em um cen\u00e1rio em que muitos pais querem fugir dos nomes mais repetidos e buscar algo realmente singular.<\/p>\n\n\n\n<p>Um nome de apenas tr\u00eas letras facilita a escrita, a memoriza\u00e7\u00e3o e at\u00e9 a adapta\u00e7\u00e3o em outros idiomas. Em fam\u00edlias multil\u00edngues, a prefer\u00eancia recai sobre nomes que soem bem em <strong>catal\u00e3o, espanhol e ingl\u00eas<\/strong>, sem perder o v\u00ednculo com a tradi\u00e7\u00e3o local.<\/p>\n\n\n\n<h2 class=\"wp-block-heading\">O que torna um nome catal\u00e3o unissex uma escolha t\u00e3o diferente<\/h2>\n\n\n\n<p>Entre as caracter\u00edsticas mais comentadas em rela\u00e7\u00e3o a um <strong>nome catal\u00e3o unissex<\/strong> est\u00e1 a versatilidade. Em fam\u00edlias que preferem n\u00e3o revelar o sexo do beb\u00ea at\u00e9 o nascimento, um nome v\u00e1lido para menino e menina funciona como esp\u00e9cie de \u201ccarta coringa\u201d e reduz indecis\u00f5es na reta final da gesta\u00e7\u00e3o.<\/p>\n\n\n\n<p>Os nomes curtos de origem catal\u00e3 que podem ser usados por ambos os sexos costumam ter algumas particularidades que ajudam na aceita\u00e7\u00e3o social e na facilidade de uso no dia a dia, tanto em contexto escolar quanto profissional:<\/p>\n\n\n\n<ul class=\"wp-block-list\">\n<li><strong>Grafia simples<\/strong>, com poucas letras e poucas varia\u00e7\u00f5es poss\u00edveis.<\/li>\n\n\n\n<li><strong>Pron\u00fancia clara<\/strong> em espanhol, catal\u00e3o e outros idiomas europeus.<\/li>\n\n\n\n<li><strong>Origem antiga<\/strong>, frequentemente conectada ao <em>hebraico<\/em> ou \u00e0 tradi\u00e7\u00e3o <strong>judeocrist\u00e3<\/strong>.<\/li>\n\n\n\n<li><strong>Significado simb\u00f3lico<\/strong> associado a lugar sagrado, prote\u00e7\u00e3o ou comunidade.<\/li>\n<\/ul>\n\n\n\n<p>Na Catalunha, h\u00e1 casos de nomes com apenas tr\u00eas letras que aparecem em registros de menos de uma centena de pessoas em toda a Espanha. Estudos de onom\u00e1stica e bases de dados especializadas destacam a forma catal\u00e3 <strong>Si\u00f3<\/strong>, relacionada ao nome b\u00edblico Sion\/Zion, como exemplo emblem\u00e1tico dessa combina\u00e7\u00e3o entre raridade, neutralidade de g\u00eanero e forte carga hist\u00f3rica.<\/p>\n\n\n<div class=\"wp-block-image\">\n<figure class=\"aligncenter size-large\"><img decoding=\"async\" width=\"1024\" height=\"576\" src=\"https:\/\/www.correiobraziliense.com.br\/cbradar\/wp-content\/uploads\/2026\/01\/\u2705-BANNER-MYTH-2-20-1024x576.png\" alt=\"O nome catal\u00e3o de apenas 3 letras que poucos usam e serve para meninas e meninos\" class=\"wp-image-178491\" srcset=\"https:\/\/www.correiobraziliense.com.br\/cbradar\/wp-content\/uploads\/2026\/01\/\u2705-BANNER-MYTH-2-20-1024x576.png 1024w, https:\/\/www.correiobraziliense.com.br\/cbradar\/wp-content\/uploads\/2026\/01\/\u2705-BANNER-MYTH-2-20-300x169.png 300w, https:\/\/www.correiobraziliense.com.br\/cbradar\/wp-content\/uploads\/2026\/01\/\u2705-BANNER-MYTH-2-20-768x432.png 768w, https:\/\/www.correiobraziliense.com.br\/cbradar\/wp-content\/uploads\/2026\/01\/\u2705-BANNER-MYTH-2-20-750x422.png 750w, https:\/\/www.correiobraziliense.com.br\/cbradar\/wp-content\/uploads\/2026\/01\/\u2705-BANNER-MYTH-2-20-1140x641.png 1140w, https:\/\/www.correiobraziliense.com.br\/cbradar\/wp-content\/uploads\/2026\/01\/\u2705-BANNER-MYTH-2-20.png 1280w\" sizes=\"(max-width: 1024px) 100vw, 1024px\" \/><figcaption class=\"wp-element-caption\">Nomes catal\u00e3es curtos e unissex como Pau e Mar oferecem originalidade para beb\u00eas, ideais para fam\u00edlias em busca de identidade regional rara<\/figcaption><\/figure><\/div>\n\n\n<h2 class=\"wp-block-heading\">Qual \u00e9 a origem e o significado desse nome catal\u00e3o raro de 3 letras<\/h2>\n\n\n\n<p>Quando se fala em <strong>nome catal\u00e3o de 3 letras<\/strong> ligado \u00e0 tradi\u00e7\u00e3o b\u00edblica, estudiosos apontam para uma raiz comum: o termo hebraico <strong>\u201cTsiyyon\u201d (\u05e6\u05d9\u05d5\u05df)<\/strong>, que deu origem \u00e0s formas Sion, Zion e, em catal\u00e3o, <strong>Si\u00f3<\/strong>. Originalmente, o termo se referia a uma fortaleza localizada em uma colina de Jerusal\u00e9m, um ponto estrat\u00e9gico que mais tarde se tornaria s\u00edmbolo de cidade protegida e de territ\u00f3rio prometido.<\/p>\n\n\n\n<p>Com o passar dos s\u00e9culos, o nome deixou de indicar apenas um espa\u00e7o f\u00edsico e passou a representar diferentes dimens\u00f5es espirituais e culturais, citadas em textos religiosos, liter\u00e1rios e musicais de v\u00e1rias tradi\u00e7\u00f5es.<\/p>\n\n\n\n<ol class=\"wp-block-list\">\n<li>A cidade de Jerusal\u00e9m como conjunto simb\u00f3lico.<\/li>\n\n\n\n<li>A chamada Terra Prometida, em diversas leituras religiosas.<\/li>\n\n\n\n<li>O povo de Israel e sua identidade espiritual.<\/li>\n\n\n\n<li>Um ideal de ref\u00fagio, paz e pertencimento em textos teol\u00f3gicos e liter\u00e1rios.<\/li>\n<\/ol>\n\n\n\n<p>Em estudos de nomes pr\u00f3prios publicados por bibliotecas e plataformas especializadas em onom\u00e1stica, esse nome aparece associado a conceitos como <strong>\u201clugar de santidade\u201d<\/strong>, \u201clar espiritual\u201d e \u201creino de justi\u00e7a\u201d. Em contextos crist\u00e3os, a palavra \u00e9 frequentemente relacionada \u00e0 ideia de \u201cJerusal\u00e9m celestial\u201d, presente em serm\u00f5es, hinos religiosos e composi\u00e7\u00f5es musicais que evocam um espa\u00e7o de paz definitiva.<\/p>\n\n\n\n<h2 class=\"wp-block-heading\">Como esse tipo de nome catal\u00e3o aparece hoje em registros e tend\u00eancias<\/h2>\n\n\n\n<p>Relat\u00f3rios recentes de distribui\u00e7\u00e3o de nomes na Espanha indicam que o uso de <strong>nomes catal\u00e3es curtos<\/strong> continua concentrado em determinadas regi\u00f5es, mas j\u00e1 se espalha por outras \u00e1reas do pa\u00eds. Em alguns casos, as estat\u00edsticas mencionam cerca de 15 a 80 pessoas registradas com um mesmo nome espec\u00edfico de tr\u00eas letras associado \u00e0 forma catal\u00e3 de Sion.<\/p>\n\n\n\n<ul class=\"wp-block-list\">\n<li>Cresce a procura por nomes originais, por\u00e9m com <strong>hist\u00f3ria consistente<\/strong> por tr\u00e1s.<\/li>\n\n\n\n<li>Aumentam as escolhas de nomes unissex, principalmente entre casais jovens.<\/li>\n\n\n\n<li>H\u00e1 maior interesse por nomes ligados a <em>lugares b\u00edblicos<\/em> ou conceitos espirituais, independentemente de pr\u00e1tica religiosa ativa.<\/li>\n\n\n\n<li><strong>Nomes curtos<\/strong> ganham for\u00e7a por se adaptarem melhor a documentos, redes sociais e interc\u00e2mbio internacional.<\/li>\n<\/ul>\n\n\n\n<p>Fontes especializadas tamb\u00e9m apontam que o nome Sion, em suas diferentes grafias (Zion, Ziona, Siona, <strong>Si\u00f3<\/strong>), aparece com mais frequ\u00eancia em pa\u00edses como Reino Unido, Fran\u00e7a, It\u00e1lia, Estados Unidos e Espanha. Nos registros p\u00fablicos, contudo, ainda se observa uma presen\u00e7a discreta, sem grandes concentra\u00e7\u00f5es regionais fora dos territ\u00f3rios de influ\u00eancia catal\u00e3.<\/p>\n\n\n\n<p>Para trazer outras op\u00e7\u00f5es, trouxemos o v\u00eddeo do perfil @alicialancis:<\/p>\n\n\n\n<blockquote class=\"tiktok-embed\" cite=\"https:\/\/www.tiktok.com\/@alicialancis\/video\/7574434775843212566\" data-video-id=\"7574434775843212566\" style=\"max-width: 605px;min-width: 325px;\" > <section> <a target=\"_blank\" title=\"@alicialancis\" href=\"https:\/\/www.tiktok.com\/@alicialancis?refer=embed\">@alicialancis<\/a> Nombres catalanes\u2728 \u00bfLos conoc\u00edas? <a title=\"nombrescatalanes\" target=\"_blank\" href=\"https:\/\/www.tiktok.com\/tag\/nombrescatalanes?refer=embed\">#nombrescatalanes<\/a> <a title=\"nombresoriginales\" target=\"_blank\" href=\"https:\/\/www.tiktok.com\/tag\/nombresoriginales?refer=embed\">#nombresoriginales<\/a> <a title=\"catalunya\" target=\"_blank\" href=\"https:\/\/www.tiktok.com\/tag\/catalunya?refer=embed\">#catalunya<\/a> <a title=\"catalu\u00f1a\" target=\"_blank\" href=\"https:\/\/www.tiktok.com\/tag\/catalu%C3%B1a?refer=embed\">#catalu\u00f1a<\/a> <a title=\"nombres\" target=\"_blank\" href=\"https:\/\/www.tiktok.com\/tag\/nombres?refer=embed\">#nombres<\/a> <a target=\"_blank\" title=\"\u266c sonido original - \ud83c\udf38ALICIA LANCIS\ud83c\udf38\" href=\"https:\/\/www.tiktok.com\/music\/sonido-original-7574434802051042070?refer=embed\">\u266c sonido original &#8211; \ud83c\udf38ALICIA LANCIS\ud83c\udf38<\/a> <\/section> <\/blockquote> <script async src=\"https:\/\/www.tiktok.com\/embed.js\"><\/script>\n\n\n\n<h2 class=\"wp-block-heading\">O que fam\u00edlias costumam considerar ao escolher um nome catal\u00e3o de 3 letras<\/h2>\n\n\n\n<p>Ao analisar relatos e levantamentos sobre a escolha de <strong>nomes catal\u00e3es para beb\u00ea<\/strong>, alguns fatores costumam ser mencionados com mais frequ\u00eancia. Muitos pais avaliam n\u00e3o s\u00f3 o som do nome, mas tamb\u00e9m o impacto que ele pode ter na identidade da crian\u00e7a ao longo da vida.<\/p>\n\n\n\n<ol class=\"wp-block-list\">\n<li><strong>Pron\u00fancia:<\/strong> se o nome soa bem em diferentes l\u00ednguas faladas pela fam\u00edlia.<\/li>\n\n\n\n<li><strong>Ortografia:<\/strong> facilidade de escrita por parte da crian\u00e7a e de terceiros.<\/li>\n\n\n\n<li><strong>Significado:<\/strong> conex\u00e3o com valores, hist\u00f3ria familiar ou refer\u00eancias culturais.<\/li>\n\n\n\n<li><strong>Originalidade:<\/strong> n\u00famero estimado de pessoas com o mesmo nome em registros oficiais.<\/li>\n\n\n\n<li><strong>Neutralidade:<\/strong> possibilidade de uso como nome unissex, quando desejado.<\/li>\n<\/ol>\n\n\n\n<p>Um nome catal\u00e3o raro de tr\u00eas letras, como a forma <strong>Si\u00f3<\/strong>, encaixa-se nesse cen\u00e1rio ao combinar tradi\u00e7\u00e3o b\u00edblica, simplicidade gr\u00e1fica e forte carga simb\u00f3lica. Em um contexto em que muitas fam\u00edlias buscam algo diferente sem abrir m\u00e3o de um fundo hist\u00f3rico s\u00f3lido, nomes desse tipo se mant\u00eam presentes nas conversas sobre tend\u00eancias de batismo e registro em 2025.<\/p>\n","protected":false},"excerpt":{"rendered":"<p>Nome catal\u00e3o unissex de 3 letras: descubra o significado profundo de Si\u00f3, inspirado em Sion, um nome raro, b\u00edblico e cheio de simbolismo.<\/p>\n","protected":false},"author":3,"featured_media":180059,"comment_status":"open","ping_status":"open","sticky":false,"template":"","format":"standard","meta":{"_yoast_wpseo_focuskw":"nome catal\u00e3o","_yoast_wpseo_title":"%%title%%","_yoast_wpseo_metadesc":"Nome catal\u00e3o unissex de 3 letras: descubra o significado profundo de Si\u00f3, inspirado em Sion, um nome raro, b\u00edblico e cheio de simbolismo.","jnews-multi-image_gallery":[],"jnews_single_post":{"format":"standard"},"jnews_primary_category":[],"jnews_social_meta":[],"jnews_override_counter":[],"footnotes":""},"categories":[112],"tags":[144,1084,5202,14250,11783],"class_list":["post-178489","post","type-post","status-publish","format-standard","has-post-thumbnail","hentry","category-curiosidades","tag-curiosidades","tag-espanha","tag-nomes","tag-nomes-catalaes","tag-nomes-de-bebes"],"yoast_head":"<!-- This site is optimized with the Yoast SEO plugin v24.6 - https:\/\/yoast.com\/wordpress\/plugins\/seo\/ -->\n<title>O nome catal\u00e3o de apenas 3 letras que poucos usam e serve para meninas e meninos<\/title>\n<meta name=\"description\" content=\"Nome catal\u00e3o unissex de 3 letras: descubra o significado profundo de Si\u00f3, inspirado em Sion, um nome raro, b\u00edblico e cheio de simbolismo.\" \/>\n<meta name=\"robots\" content=\"index, follow, max-snippet:-1, max-image-preview:large, max-video-preview:-1\" \/>\n<link rel=\"canonical\" href=\"https:\/\/www.correiobraziliense.com.br\/cbradar\/o-nome-catalao-de-apenas-3-letras-que-poucos-usam-e-serve-para-meninas-e-meninos\/\" \/>\n<meta property=\"og:locale\" content=\"pt_BR\" \/>\n<meta property=\"og:type\" content=\"article\" \/>\n<meta property=\"og:title\" content=\"O nome catal\u00e3o de apenas 3 letras que poucos usam e serve para meninas e meninos\" \/>\n<meta property=\"og:description\" content=\"Nome catal\u00e3o unissex de 3 letras: descubra o significado profundo de Si\u00f3, inspirado em Sion, um nome raro, b\u00edblico e cheio de simbolismo.\" \/>\n<meta property=\"og:url\" content=\"https:\/\/www.correiobraziliense.com.br\/cbradar\/o-nome-catalao-de-apenas-3-letras-que-poucos-usam-e-serve-para-meninas-e-meninos\/\" \/>\n<meta property=\"og:site_name\" content=\"Correio Braziliense - Radar\" \/>\n<meta property=\"article:published_time\" content=\"2026-01-24T15:35:00+00:00\" \/>\n<meta property=\"og:image\" content=\"https:\/\/www.correiobraziliense.com.br\/cbradar\/wp-content\/uploads\/2026\/01\/freepik__imagem-realista-de-trs-crianas-na-catalunha__22655.jpeg\" \/>\n\t<meta property=\"og:image:width\" content=\"1280\" \/>\n\t<meta property=\"og:image:height\" content=\"720\" \/>\n\t<meta property=\"og:image:type\" content=\"image\/jpeg\" \/>\n<meta name=\"author\" content=\"Larissa Carvalho\" \/>\n<meta name=\"twitter:card\" content=\"summary_large_image\" \/>\n<meta name=\"twitter:label1\" content=\"Escrito por\" \/>\n\t<meta name=\"twitter:data1\" content=\"Larissa Carvalho\" \/>\n\t<meta name=\"twitter:label2\" content=\"Est. tempo de leitura\" \/>\n\t<meta name=\"twitter:data2\" content=\"6 minutos\" \/>\n<!-- \/ Yoast SEO plugin. -->","yoast_head_json":{"title":"O nome catal\u00e3o de apenas 3 letras que poucos usam e serve para meninas e meninos","description":"Nome catal\u00e3o unissex de 3 letras: descubra o significado profundo de Si\u00f3, inspirado em Sion, um nome raro, b\u00edblico e cheio de simbolismo.","robots":{"index":"index","follow":"follow","max-snippet":"max-snippet:-1","max-image-preview":"max-image-preview:large","max-video-preview":"max-video-preview:-1"},"canonical":"https:\/\/www.correiobraziliense.com.br\/cbradar\/o-nome-catalao-de-apenas-3-letras-que-poucos-usam-e-serve-para-meninas-e-meninos\/","og_locale":"pt_BR","og_type":"article","og_title":"O nome catal\u00e3o de apenas 3 letras que poucos usam e serve para meninas e meninos","og_description":"Nome catal\u00e3o unissex de 3 letras: descubra o significado profundo de Si\u00f3, inspirado em Sion, um nome raro, b\u00edblico e cheio de simbolismo.","og_url":"https:\/\/www.correiobraziliense.com.br\/cbradar\/o-nome-catalao-de-apenas-3-letras-que-poucos-usam-e-serve-para-meninas-e-meninos\/","og_site_name":"Correio Braziliense - Radar","article_published_time":"2026-01-24T15:35:00+00:00","og_image":[{"width":1280,"height":720,"url":"https:\/\/www.correiobraziliense.com.br\/cbradar\/wp-content\/uploads\/2026\/01\/freepik__imagem-realista-de-trs-crianas-na-catalunha__22655.jpeg","type":"image\/jpeg"}],"author":"Larissa Carvalho","twitter_card":"summary_large_image","twitter_misc":{"Escrito por":"Larissa Carvalho","Est. tempo de leitura":"6 minutos"},"schema":{"@context":"https:\/\/schema.org","@graph":[{"@type":"WebPage","@id":"https:\/\/www.correiobraziliense.com.br\/cbradar\/o-nome-catalao-de-apenas-3-letras-que-poucos-usam-e-serve-para-meninas-e-meninos\/","url":"https:\/\/www.correiobraziliense.com.br\/cbradar\/o-nome-catalao-de-apenas-3-letras-que-poucos-usam-e-serve-para-meninas-e-meninos\/","name":"O nome catal\u00e3o de apenas 3 letras que poucos usam e serve para meninas e meninos","isPartOf":{"@id":"https:\/\/www.correiobraziliense.com.br\/cbradar\/#website"},"primaryImageOfPage":{"@id":"https:\/\/www.correiobraziliense.com.br\/cbradar\/o-nome-catalao-de-apenas-3-letras-que-poucos-usam-e-serve-para-meninas-e-meninos\/#primaryimage"},"image":{"@id":"https:\/\/www.correiobraziliense.com.br\/cbradar\/o-nome-catalao-de-apenas-3-letras-que-poucos-usam-e-serve-para-meninas-e-meninos\/#primaryimage"},"thumbnailUrl":"https:\/\/www.correiobraziliense.com.br\/cbradar\/wp-content\/uploads\/2026\/01\/freepik__imagem-realista-de-trs-crianas-na-catalunha__22655.jpeg","datePublished":"2026-01-24T15:35:00+00:00","author":{"@id":"https:\/\/www.correiobraziliense.com.br\/cbradar\/#\/schema\/person\/58422787644df994b53a19d3e56c1513"},"description":"Nome catal\u00e3o unissex de 3 letras: descubra o significado profundo de Si\u00f3, inspirado em Sion, um nome raro, b\u00edblico e cheio de simbolismo.","breadcrumb":{"@id":"https:\/\/www.correiobraziliense.com.br\/cbradar\/o-nome-catalao-de-apenas-3-letras-que-poucos-usam-e-serve-para-meninas-e-meninos\/#breadcrumb"},"inLanguage":"pt-BR","potentialAction":[{"@type":"ReadAction","target":["https:\/\/www.correiobraziliense.com.br\/cbradar\/o-nome-catalao-de-apenas-3-letras-que-poucos-usam-e-serve-para-meninas-e-meninos\/"]}]},{"@type":"ImageObject","inLanguage":"pt-BR","@id":"https:\/\/www.correiobraziliense.com.br\/cbradar\/o-nome-catalao-de-apenas-3-letras-que-poucos-usam-e-serve-para-meninas-e-meninos\/#primaryimage","url":"https:\/\/www.correiobraziliense.com.br\/cbradar\/wp-content\/uploads\/2026\/01\/freepik__imagem-realista-de-trs-crianas-na-catalunha__22655.jpeg","contentUrl":"https:\/\/www.correiobraziliense.com.br\/cbradar\/wp-content\/uploads\/2026\/01\/freepik__imagem-realista-de-trs-crianas-na-catalunha__22655.jpeg","width":1280,"height":720,"caption":"Nomes catal\u00e3es curtos costumam ter sonoridade f\u00e1cil e marcante"},{"@type":"BreadcrumbList","@id":"https:\/\/www.correiobraziliense.com.br\/cbradar\/o-nome-catalao-de-apenas-3-letras-que-poucos-usam-e-serve-para-meninas-e-meninos\/#breadcrumb","itemListElement":[{"@type":"ListItem","position":1,"name":"In\u00edcio","item":"https:\/\/www.correiobraziliense.com.br\/cbradar\/"},{"@type":"ListItem","position":2,"name":"O nome catal\u00e3o de apenas 3 letras que poucos usam e serve para meninas e meninos"}]},{"@type":"WebSite","@id":"https:\/\/www.correiobraziliense.com.br\/cbradar\/#website","url":"https:\/\/www.correiobraziliense.com.br\/cbradar\/","name":"Correio Braziliense - Radar","description":"Acompanhe as \u00faltimas not\u00edcias e fique bem informado sobre tudo o que acontece no Brasil e no mundo.","potentialAction":[{"@type":"SearchAction","target":{"@type":"EntryPoint","urlTemplate":"https:\/\/www.correiobraziliense.com.br\/cbradar\/?s={search_term_string}"},"query-input":{"@type":"PropertyValueSpecification","valueRequired":true,"valueName":"search_term_string"}}],"inLanguage":"pt-BR"},{"@type":"Person","@id":"https:\/\/www.correiobraziliense.com.br\/cbradar\/#\/schema\/person\/58422787644df994b53a19d3e56c1513","name":"Larissa Carvalho","image":{"@type":"ImageObject","inLanguage":"pt-BR","@id":"https:\/\/www.correiobraziliense.com.br\/cbradar\/#\/schema\/person\/image\/","url":"https:\/\/secure.gravatar.com\/avatar\/fe4f91a0de32b52a838d0d612abdc1aa?s=96&d=mm&r=g","contentUrl":"https:\/\/secure.gravatar.com\/avatar\/fe4f91a0de32b52a838d0d612abdc1aa?s=96&d=mm&r=g","caption":"Larissa Carvalho"},"url":"https:\/\/www.correiobraziliense.com.br\/cbradar\/author\/larissamyth\/"}]}},"_links":{"self":[{"href":"https:\/\/www.correiobraziliense.com.br\/cbradar\/wp-json\/wp\/v2\/posts\/178489","targetHints":{"allow":["GET"]}}],"collection":[{"href":"https:\/\/www.correiobraziliense.com.br\/cbradar\/wp-json\/wp\/v2\/posts"}],"about":[{"href":"https:\/\/www.correiobraziliense.com.br\/cbradar\/wp-json\/wp\/v2\/types\/post"}],"author":[{"embeddable":true,"href":"https:\/\/www.correiobraziliense.com.br\/cbradar\/wp-json\/wp\/v2\/users\/3"}],"replies":[{"embeddable":true,"href":"https:\/\/www.correiobraziliense.com.br\/cbradar\/wp-json\/wp\/v2\/comments?post=178489"}],"version-history":[{"count":3,"href":"https:\/\/www.correiobraziliense.com.br\/cbradar\/wp-json\/wp\/v2\/posts\/178489\/revisions"}],"predecessor-version":[{"id":180121,"href":"https:\/\/www.correiobraziliense.com.br\/cbradar\/wp-json\/wp\/v2\/posts\/178489\/revisions\/180121"}],"wp:featuredmedia":[{"embeddable":true,"href":"https:\/\/www.correiobraziliense.com.br\/cbradar\/wp-json\/wp\/v2\/media\/180059"}],"wp:attachment":[{"href":"https:\/\/www.correiobraziliense.com.br\/cbradar\/wp-json\/wp\/v2\/media?parent=178489"}],"wp:term":[{"taxonomy":"category","embeddable":true,"href":"https:\/\/www.correiobraziliense.com.br\/cbradar\/wp-json\/wp\/v2\/categories?post=178489"},{"taxonomy":"post_tag","embeddable":true,"href":"https:\/\/www.correiobraziliense.com.br\/cbradar\/wp-json\/wp\/v2\/tags?post=178489"}],"curies":[{"name":"wp","href":"https:\/\/api.w.org\/{rel}","templated":true}]}}