{"id":178509,"date":"2026-01-24T22:25:00","date_gmt":"2026-01-25T01:25:00","guid":{"rendered":"https:\/\/www.correiobraziliense.com.br\/cbradar\/?p=178509"},"modified":"2026-01-23T11:44:55","modified_gmt":"2026-01-23T14:44:55","slug":"o-habito-simples-melhora-a-qualidade-do-ar-da-sua-casa-em-5-minutos","status":"publish","type":"post","link":"https:\/\/www.correiobraziliense.com.br\/cbradar\/o-habito-simples-melhora-a-qualidade-do-ar-da-sua-casa-em-5-minutos\/","title":{"rendered":"O h\u00e1bito simples melhora a qualidade do ar da sua casa em 5 minutos"},"content":{"rendered":"\n<p>Em per\u00edodos de <strong>frio intenso<\/strong>, muitas fam\u00edlias mant\u00eam a casa completamente fechada para preservar o calor. Essa pr\u00e1tica \u00e9 comum, mas pode trazer efeitos pouco vis\u00edveis no dia a dia, sobretudo na <strong>qualidade do ar interno<\/strong>. Mesmo em pleno inverno, uma breve renova\u00e7\u00e3o do ar, com as janelas abertas por alguns minutos, passa a ter um papel importante para manter a casa mais saud\u00e1vel, equilibrada e com menor risco de <strong>mofo, cheiros fortes e mal-estar<\/strong>.<\/p>\n\n\n\n<h2 class=\"wp-block-heading\">Por que abrir janelas no inverno faz diferen\u00e7a na qualidade do ar<\/h2>\n\n\n\n<p>Quando uma resid\u00eancia permanece fechada por muitas horas, sobretudo \u00e0 noite, o <strong>ar interno se degrada aos poucos<\/strong>. A respira\u00e7\u00e3o das pessoas, o uso de aquecedores e a falta de circula\u00e7\u00e3o de ar elevam o n\u00edvel de <strong>di\u00f3xido de carbono (CO2)<\/strong>, associado a cansa\u00e7o, dificuldade de concentra\u00e7\u00e3o, dores de cabe\u00e7a e sensa\u00e7\u00e3o de ar pesado.<\/p>\n\n\n\n<p>Ao <strong>abrir janelas no inverno<\/strong> por alguns minutos, esse g\u00e1s \u00e9 dilu\u00eddo e substitu\u00eddo por ar externo, reduzindo a concentra\u00e7\u00e3o de CO2. O resultado \u00e9 um ambiente menos carregado e mais adequado para atividades di\u00e1rias, estudo e descanso, sem comprometer totalmente o aquecimento interno quando a ventila\u00e7\u00e3o \u00e9 r\u00e1pida e bem planejada.<\/p>\n\n\n\n<p>Para aprofundarmos no tema, trouxemos o v\u00eddeo do perfil @marceloteus:<\/p>\n\n\n\n<blockquote class=\"tiktok-embed\" cite=\"https:\/\/www.tiktok.com\/@marceloteus\/video\/7249080958257810694\" data-video-id=\"7249080958257810694\" style=\"max-width: 605px;min-width: 325px;\" > <section> <a target=\"_blank\" title=\"@marceloteus\" href=\"https:\/\/www.tiktok.com\/@marceloteus?refer=embed\">@marceloteus<\/a> DESABAFO: ABRAM AS JANELAS! No inverno, o ar tamb\u00e9m precisa circular para evitar a prolifera\u00e7\u00e3o de v\u00edrus respirat\u00f3rios! <a title=\"saude\" target=\"_blank\" href=\"https:\/\/www.tiktok.com\/tag\/saude?refer=embed\">#saude<\/a> <a title=\"ciencia\" target=\"_blank\" href=\"https:\/\/www.tiktok.com\/tag\/ciencia?refer=embed\">#ciencia<\/a> <a title=\"dicasdesaude\" target=\"_blank\" href=\"https:\/\/www.tiktok.com\/tag\/dicasdesaude?refer=embed\">#dicasdesaude<\/a> <a title=\"inverno\" target=\"_blank\" href=\"https:\/\/www.tiktok.com\/tag\/inverno?refer=embed\">#inverno<\/a> <a title=\"frio\" target=\"_blank\" href=\"https:\/\/www.tiktok.com\/tag\/frio?refer=embed\">#frio<\/a> <a title=\"gripe\" target=\"_blank\" href=\"https:\/\/www.tiktok.com\/tag\/gripe?refer=embed\">#gripe<\/a> <a target=\"_blank\" title=\"\u266c som original - Marcelo Mateus\" href=\"https:\/\/www.tiktok.com\/music\/som-original-7249081064986053382?refer=embed\">\u266c som original &#8211; Marcelo Mateus<\/a> <\/section> <\/blockquote> <script async src=\"https:\/\/www.tiktok.com\/embed.js\"><\/script>\n\n\n\n<h2 class=\"wp-block-heading\">Quais s\u00e3o os benef\u00edcios de abrir janelas no inverno para a sa\u00fade<\/h2>\n\n\n\n<p>Al\u00e9m do CO2, h\u00e1 outros fatores que explicam por que abrir janelas no inverno \u00e9 relevante para a sa\u00fade. Em ambientes totalmente fechados, \u00e9 comum a acumula\u00e7\u00e3o de <strong>compostos org\u00e2nicos vol\u00e1teis (COVs)<\/strong>, presentes em produtos de limpeza, aromatizadores, tintas, m\u00f3veis novos e diversos qu\u00edmicos de uso dom\u00e9stico.<\/p>\n\n\n\n<p>O ar parado tamb\u00e9m concentra cheiros de cozinha, res\u00edduos de fritura, fuma\u00e7a, odores de animais de estima\u00e7\u00e3o e part\u00edculas de poeira, favorecendo irrita\u00e7\u00f5es respirat\u00f3rias. Para tornar esse cuidado mais completo, a ventila\u00e7\u00e3o pode ser combinada com outras medidas simples e de baixo custo no dia a dia:<\/p>\n\n\n\n<ul class=\"wp-block-list\">\n<li>Dispersar odores persistentes de alimentos e frituras com ventila\u00e7\u00e3o r\u00e1pida ap\u00f3s cozinhar;<\/li>\n\n\n\n<li>Diminuir a concentra\u00e7\u00e3o de COVs e outros <strong>poluentes internos<\/strong> abrindo janelas em hor\u00e1rios estrat\u00e9gicos;<\/li>\n\n\n\n<li>Reduzir part\u00edculas suspensas, como poeira fina, aliando ventila\u00e7\u00e3o \u00e0 <strong>limpeza frequente<\/strong> das superf\u00edcies;<\/li>\n\n\n\n<li>Renovar o ar em quartos, salas e cozinhas ap\u00f3s longos per\u00edodos fechados ou presen\u00e7a de muitas pessoas.<\/li>\n<\/ul>\n\n\n\n<p>Nesse contexto, a simples rotina de abrir janelas no inverno passa a ser uma estrat\u00e9gia complementar \u00e0 limpeza regular, ao uso moderado de produtos qu\u00edmicos e, quando poss\u00edvel, \u00e0 utiliza\u00e7\u00e3o de <strong>exaustores em cozinhas e banheiros<\/strong> para melhorar ainda mais a qualidade do ar.<\/p>\n\n\n\n<h2 class=\"wp-block-heading\">Como abrir janelas no inverno pode ajudar a controlar a umidade<\/h2>\n\n\n\n<p>Outro ponto frequentemente destacado por especialistas \u00e9 a rela\u00e7\u00e3o entre ventila\u00e7\u00e3o e <strong>umidade interna<\/strong>. No inverno, a diferen\u00e7a de temperatura entre o interior aquecido e o exterior frio favorece a forma\u00e7\u00e3o de condensa\u00e7\u00e3o em vidros, paredes e esquadrias, criando um ambiente ideal para <strong>mofo, bolor e manchas escuras<\/strong> em cantos pouco ventilados.<\/p>\n\n\n\n<p>Abrir janelas no inverno, ainda que por curtos intervalos, permite que o ar \u00famido de dentro da casa seja substitu\u00eddo por ar mais seco do lado de fora, em muitos casos. Essa troca reduz a forma\u00e7\u00e3o de got\u00edculas nas superf\u00edcies frias e, combinada com outros cuidados simples, tende a ser mais eficiente para controlar a umidade e proteger a estrutura da casa.<\/p>\n\n\n\n<ul class=\"wp-block-list\">\n<li>Evitar secar grandes quantidades de roupa dentro de c\u00f4modos fechados e sem exaust\u00e3o;<\/li>\n\n\n\n<li>Usar exaustores ou ventilar bem banheiros ap\u00f3s o banho quente para reduzir vapor acumulado;<\/li>\n\n\n\n<li>Manter m\u00f3veis ligeiramente afastados de paredes frias para permitir circula\u00e7\u00e3o de ar;<\/li>\n\n\n\n<li>Colocar recipientes com <strong>sal<\/strong> pr\u00f3ximo \u00e0s janelas para ajudar a absorver a umidade excessiva, como um desumidificador caseiro.<\/li>\n<\/ul>\n\n\n\n<p>O <strong>sal funciona como um desumidificador<\/strong>: em contato com o ar \u00famido, tende a absorver parte da \u00e1gua, formando grumos. Essa medida n\u00e3o substitui a ventila\u00e7\u00e3o adequada, mas pode complementar o controle de umidade em dias de frio mais intenso, quando a abertura das janelas precisa ser ainda mais r\u00e1pida.<\/p>\n\n\n<div class=\"wp-block-image\">\n<figure class=\"aligncenter size-large\"><img decoding=\"async\" width=\"1024\" height=\"576\" src=\"https:\/\/www.correiobraziliense.com.br\/cbradar\/wp-content\/uploads\/2026\/01\/pessoa-abrindo-janela_1769179425444-1024x576.jpg\" alt=\"\" class=\"wp-image-180175\" srcset=\"https:\/\/www.correiobraziliense.com.br\/cbradar\/wp-content\/uploads\/2026\/01\/pessoa-abrindo-janela_1769179425444-1024x576.jpg 1024w, https:\/\/www.correiobraziliense.com.br\/cbradar\/wp-content\/uploads\/2026\/01\/pessoa-abrindo-janela_1769179425444-300x169.jpg 300w, https:\/\/www.correiobraziliense.com.br\/cbradar\/wp-content\/uploads\/2026\/01\/pessoa-abrindo-janela_1769179425444-768x432.jpg 768w, https:\/\/www.correiobraziliense.com.br\/cbradar\/wp-content\/uploads\/2026\/01\/pessoa-abrindo-janela_1769179425444-750x422.jpg 750w, https:\/\/www.correiobraziliense.com.br\/cbradar\/wp-content\/uploads\/2026\/01\/pessoa-abrindo-janela_1769179425444-1140x641.jpg 1140w, https:\/\/www.correiobraziliense.com.br\/cbradar\/wp-content\/uploads\/2026\/01\/pessoa-abrindo-janela_1769179425444.jpg 1280w\" sizes=\"(max-width: 1024px) 100vw, 1024px\" \/><figcaption class=\"wp-element-caption\">Abra janelas 5-10 min\/dia no inverno para renovar o ar interno, suavizar CO2, poeira e umidade excessiva em casas fechadas &#8211; Cr\u00e9ditos: depositphotos.com \/ HayDmitriy<\/figcaption><\/figure><\/div>\n\n\n<h2 class=\"wp-block-heading\">Como e quando abrir janelas no inverno de forma segura<\/h2>\n\n\n\n<p>A recomenda\u00e7\u00e3o de especialistas costuma ser a de ventilar a casa duas vezes ao dia, em janelas de tempo curtas. Em muitas resid\u00eancias, algo entre <strong>cinco e dez minutos<\/strong> j\u00e1 pode ser suficiente para renovar o ar, especialmente se houver corrente de vento, escolhendo hor\u00e1rios como in\u00edcio da manh\u00e3 e fim da tarde, conforme a intensidade do frio.<\/p>\n\n\n\n<p>Alguns cuidados pr\u00e1ticos ajudam a tornar esse h\u00e1bito mais eficiente e a manter o equil\u00edbrio entre conforto t\u00e9rmico e sa\u00fade. Planejar a abertura das janelas e observar as condi\u00e7\u00f5es externas fazem diferen\u00e7a na preserva\u00e7\u00e3o do aquecimento e na qualidade do ar.<\/p>\n\n\n\n<ol class=\"wp-block-list\">\n<li><strong>Definir janelas estrat\u00e9gicas<\/strong>: priorizar as que permitem corrente de ar entre c\u00f4modos opostos.<\/li>\n\n\n\n<li><strong>Observar a temperatura externa<\/strong>: em dias de frio extremo, reduzir o tempo de abertura para evitar perda excessiva de calor.<\/li>\n\n\n\n<li><strong>Fechar portas internas<\/strong>: limitar \u00e1reas de troca de ar para preservar o aquecimento em quartos espec\u00edficos.<\/li>\n\n\n\n<li><strong>Ventilar ap\u00f3s atividades cr\u00edticas<\/strong>: como cozinhar, tomar banho quente ou receber muitas pessoas em um mesmo ambiente.<\/li>\n<\/ol>\n\n\n\n<p>A rotina de <strong>abrir janelas no inverno<\/strong>, aliada a pequenos ajustes no uso do aquecimento e ao controle da umidade, tende a tornar o ambiente interno mais confort\u00e1vel, respir\u00e1vel e saud\u00e1vel. Trata-se de um h\u00e1bito simples, de baixo custo, que contribui para a qualidade do ar e para o cuidado di\u00e1rio com a casa em regi\u00f5es de clima frio.<\/p>\n","protected":false},"excerpt":{"rendered":"<p>Abrir janelas no inverno melhora a qualidade do ar, reduz CO\u2082 e humidade, prevenindo mofo e doen\u00e7as respirat\u00f3rias em ambientes fechados.<\/p>\n","protected":false},"author":3,"featured_media":180076,"comment_status":"open","ping_status":"open","sticky":false,"template":"","format":"standard","meta":{"_yoast_wpseo_focuskw":"abrir janelas qualidade do ar","_yoast_wpseo_title":"%%title%%","_yoast_wpseo_metadesc":"Abrir janelas no inverno melhora a qualidade do ar, reduz CO\u2082 e humidade, prevenindo mofo e doen\u00e7as respirat\u00f3rias em ambientes fechados.","jnews-multi-image_gallery":[],"jnews_single_post":{"format":"standard"},"jnews_primary_category":[],"jnews_social_meta":[],"jnews_override_counter":[],"footnotes":""},"categories":[112],"post_tag":[14253,144,6906,8540,9848],"class_list":["post-178509","post","type-post","status-publish","format-standard","has-post-thumbnail","hentry","category-curiosidades","tag-abrir-janelas","tag-curiosidades","tag-janelas","tag-poucos-sabem","tag-qualidade-do-ar"],"yoast_head":"<!-- This site is optimized with the Yoast SEO plugin v24.6 - https:\/\/yoast.com\/wordpress\/plugins\/seo\/ -->\n<title>O h\u00e1bito simples melhora a qualidade do ar da sua casa em 5 minutos<\/title>\n<meta name=\"description\" content=\"Abrir janelas no inverno melhora a qualidade do ar, reduz CO\u2082 e humidade, prevenindo mofo e doen\u00e7as respirat\u00f3rias em ambientes fechados.\" \/>\n<meta name=\"robots\" content=\"index, follow, max-snippet:-1, max-image-preview:large, max-video-preview:-1\" \/>\n<link rel=\"canonical\" href=\"https:\/\/www.correiobraziliense.com.br\/cbradar\/o-habito-simples-melhora-a-qualidade-do-ar-da-sua-casa-em-5-minutos\/\" \/>\n<meta property=\"og:locale\" content=\"pt_BR\" \/>\n<meta property=\"og:type\" content=\"article\" \/>\n<meta property=\"og:title\" content=\"O h\u00e1bito simples melhora a qualidade do ar da sua casa em 5 minutos\" \/>\n<meta property=\"og:description\" content=\"Abrir janelas no inverno melhora a qualidade do ar, reduz CO\u2082 e humidade, prevenindo mofo e doen\u00e7as respirat\u00f3rias em ambientes fechados.\" \/>\n<meta property=\"og:url\" content=\"https:\/\/www.correiobraziliense.com.br\/cbradar\/o-habito-simples-melhora-a-qualidade-do-ar-da-sua-casa-em-5-minutos\/\" \/>\n<meta property=\"og:site_name\" content=\"Correio Braziliense - Radar\" \/>\n<meta property=\"article:published_time\" content=\"2026-01-25T01:25:00+00:00\" \/>\n<meta property=\"og:image\" content=\"https:\/\/www.correiobraziliense.com.br\/cbradar\/wp-content\/uploads\/2026\/01\/freepik__imagem-realista-do-interior-de-uma-casa-com-ar-lev__22665.jpeg\" \/>\n\t<meta property=\"og:image:width\" content=\"1280\" \/>\n\t<meta property=\"og:image:height\" content=\"720\" \/>\n\t<meta property=\"og:image:type\" content=\"image\/jpeg\" \/>\n<meta name=\"author\" content=\"Larissa Carvalho\" \/>\n<meta name=\"twitter:card\" content=\"summary_large_image\" \/>\n<meta name=\"twitter:label1\" content=\"Escrito por\" \/>\n\t<meta name=\"twitter:data1\" content=\"Larissa Carvalho\" \/>\n\t<meta name=\"twitter:label2\" content=\"Est. tempo de leitura\" \/>\n\t<meta name=\"twitter:data2\" content=\"6 minutos\" \/>\n<!-- \/ Yoast SEO plugin. -->","yoast_head_json":{"title":"O h\u00e1bito simples melhora a qualidade do ar da sua casa em 5 minutos","description":"Abrir janelas no inverno melhora a qualidade do ar, reduz CO\u2082 e humidade, prevenindo mofo e doen\u00e7as respirat\u00f3rias em ambientes fechados.","robots":{"index":"index","follow":"follow","max-snippet":"max-snippet:-1","max-image-preview":"max-image-preview:large","max-video-preview":"max-video-preview:-1"},"canonical":"https:\/\/www.correiobraziliense.com.br\/cbradar\/o-habito-simples-melhora-a-qualidade-do-ar-da-sua-casa-em-5-minutos\/","og_locale":"pt_BR","og_type":"article","og_title":"O h\u00e1bito simples melhora a qualidade do ar da sua casa em 5 minutos","og_description":"Abrir janelas no inverno melhora a qualidade do ar, reduz CO\u2082 e humidade, prevenindo mofo e doen\u00e7as respirat\u00f3rias em ambientes fechados.","og_url":"https:\/\/www.correiobraziliense.com.br\/cbradar\/o-habito-simples-melhora-a-qualidade-do-ar-da-sua-casa-em-5-minutos\/","og_site_name":"Correio Braziliense - Radar","article_published_time":"2026-01-25T01:25:00+00:00","og_image":[{"width":1280,"height":720,"url":"https:\/\/www.correiobraziliense.com.br\/cbradar\/wp-content\/uploads\/2026\/01\/freepik__imagem-realista-do-interior-de-uma-casa-com-ar-lev__22665.jpeg","type":"image\/jpeg"}],"author":"Larissa Carvalho","twitter_card":"summary_large_image","twitter_misc":{"Escrito por":"Larissa Carvalho","Est. tempo de leitura":"6 minutos"},"schema":{"@context":"https:\/\/schema.org","@graph":[{"@type":"WebPage","@id":"https:\/\/www.correiobraziliense.com.br\/cbradar\/o-habito-simples-melhora-a-qualidade-do-ar-da-sua-casa-em-5-minutos\/","url":"https:\/\/www.correiobraziliense.com.br\/cbradar\/o-habito-simples-melhora-a-qualidade-do-ar-da-sua-casa-em-5-minutos\/","name":"O h\u00e1bito simples melhora a qualidade do ar da sua casa em 5 minutos","isPartOf":{"@id":"https:\/\/www.correiobraziliense.com.br\/cbradar\/#website"},"primaryImageOfPage":{"@id":"https:\/\/www.correiobraziliense.com.br\/cbradar\/o-habito-simples-melhora-a-qualidade-do-ar-da-sua-casa-em-5-minutos\/#primaryimage"},"image":{"@id":"https:\/\/www.correiobraziliense.com.br\/cbradar\/o-habito-simples-melhora-a-qualidade-do-ar-da-sua-casa-em-5-minutos\/#primaryimage"},"thumbnailUrl":"https:\/\/www.correiobraziliense.com.br\/cbradar\/wp-content\/uploads\/2026\/01\/freepik__imagem-realista-do-interior-de-uma-casa-com-ar-lev__22665.jpeg","datePublished":"2026-01-25T01:25:00+00:00","author":{"@id":"https:\/\/www.correiobraziliense.com.br\/cbradar\/#\/schema\/person\/58422787644df994b53a19d3e56c1513"},"description":"Abrir janelas no inverno melhora a qualidade do ar, reduz CO\u2082 e humidade, prevenindo mofo e doen\u00e7as respirat\u00f3rias em ambientes fechados.","breadcrumb":{"@id":"https:\/\/www.correiobraziliense.com.br\/cbradar\/o-habito-simples-melhora-a-qualidade-do-ar-da-sua-casa-em-5-minutos\/#breadcrumb"},"inLanguage":"pt-BR","potentialAction":[{"@type":"ReadAction","target":["https:\/\/www.correiobraziliense.com.br\/cbradar\/o-habito-simples-melhora-a-qualidade-do-ar-da-sua-casa-em-5-minutos\/"]}]},{"@type":"ImageObject","inLanguage":"pt-BR","@id":"https:\/\/www.correiobraziliense.com.br\/cbradar\/o-habito-simples-melhora-a-qualidade-do-ar-da-sua-casa-em-5-minutos\/#primaryimage","url":"https:\/\/www.correiobraziliense.com.br\/cbradar\/wp-content\/uploads\/2026\/01\/freepik__imagem-realista-do-interior-de-uma-casa-com-ar-lev__22665.jpeg","contentUrl":"https:\/\/www.correiobraziliense.com.br\/cbradar\/wp-content\/uploads\/2026\/01\/freepik__imagem-realista-do-interior-de-uma-casa-com-ar-lev__22665.jpeg","width":1280,"height":720,"caption":"A renova\u00e7\u00e3o do ar ajuda a reduzir a concentra\u00e7\u00e3o de poluentes internos"},{"@type":"BreadcrumbList","@id":"https:\/\/www.correiobraziliense.com.br\/cbradar\/o-habito-simples-melhora-a-qualidade-do-ar-da-sua-casa-em-5-minutos\/#breadcrumb","itemListElement":[{"@type":"ListItem","position":1,"name":"In\u00edcio","item":"https:\/\/www.correiobraziliense.com.br\/cbradar\/"},{"@type":"ListItem","position":2,"name":"O h\u00e1bito simples melhora a qualidade do ar da sua casa em 5 minutos"}]},{"@type":"WebSite","@id":"https:\/\/www.correiobraziliense.com.br\/cbradar\/#website","url":"https:\/\/www.correiobraziliense.com.br\/cbradar\/","name":"Correio Braziliense - Radar","description":"Acompanhe as \u00faltimas not\u00edcias e fique bem informado sobre tudo o que acontece no Brasil e no mundo.","potentialAction":[{"@type":"SearchAction","target":{"@type":"EntryPoint","urlTemplate":"https:\/\/www.correiobraziliense.com.br\/cbradar\/?s={search_term_string}"},"query-input":{"@type":"PropertyValueSpecification","valueRequired":true,"valueName":"search_term_string"}}],"inLanguage":"pt-BR"},{"@type":"Person","@id":"https:\/\/www.correiobraziliense.com.br\/cbradar\/#\/schema\/person\/58422787644df994b53a19d3e56c1513","name":"Larissa Carvalho","image":{"@type":"ImageObject","inLanguage":"pt-BR","@id":"https:\/\/www.correiobraziliense.com.br\/cbradar\/#\/schema\/person\/image\/","url":"https:\/\/secure.gravatar.com\/avatar\/fe4f91a0de32b52a838d0d612abdc1aa?s=96&d=mm&r=g","contentUrl":"https:\/\/secure.gravatar.com\/avatar\/fe4f91a0de32b52a838d0d612abdc1aa?s=96&d=mm&r=g","caption":"Larissa Carvalho"},"url":"https:\/\/www.correiobraziliense.com.br\/cbradar\/author\/larissamyth\/"}]}},"_links":{"self":[{"href":"https:\/\/www.correiobraziliense.com.br\/cbradar\/wp-json\/wp\/v2\/posts\/178509","targetHints":{"allow":["GET"]}}],"collection":[{"href":"https:\/\/www.correiobraziliense.com.br\/cbradar\/wp-json\/wp\/v2\/posts"}],"about":[{"href":"https:\/\/www.correiobraziliense.com.br\/cbradar\/wp-json\/wp\/v2\/types\/post"}],"author":[{"embeddable":true,"href":"https:\/\/www.correiobraziliense.com.br\/cbradar\/wp-json\/wp\/v2\/users\/3"}],"replies":[{"embeddable":true,"href":"https:\/\/www.correiobraziliense.com.br\/cbradar\/wp-json\/wp\/v2\/comments?post=178509"}],"version-history":[{"count":3,"href":"https:\/\/www.correiobraziliense.com.br\/cbradar\/wp-json\/wp\/v2\/posts\/178509\/revisions"}],"predecessor-version":[{"id":180176,"href":"https:\/\/www.correiobraziliense.com.br\/cbradar\/wp-json\/wp\/v2\/posts\/178509\/revisions\/180176"}],"wp:featuredmedia":[{"embeddable":true,"href":"https:\/\/www.correiobraziliense.com.br\/cbradar\/wp-json\/wp\/v2\/media\/180076"}],"wp:attachment":[{"href":"https:\/\/www.correiobraziliense.com.br\/cbradar\/wp-json\/wp\/v2\/media?parent=178509"}],"wp:term":[{"taxonomy":"category","embeddable":true,"href":"https:\/\/www.correiobraziliense.com.br\/cbradar\/wp-json\/wp\/v2\/categories?post=178509"},{"taxonomy":"post_tag","embeddable":true,"href":"https:\/\/www.correiobraziliense.com.br\/cbradar\/wp-json\/wp\/v2\/post_tag?post=178509"}],"curies":[{"name":"wp","href":"https:\/\/api.w.org\/{rel}","templated":true}]}}