{"id":178514,"date":"2026-01-21T09:35:00","date_gmt":"2026-01-21T12:35:00","guid":{"rendered":"https:\/\/www.correiobraziliense.com.br\/cbradar\/?p=178514"},"modified":"2026-01-20T10:41:08","modified_gmt":"2026-01-20T13:41:08","slug":"poucos-conhecem-o-poder-hidratante-natural-do-umbu","status":"publish","type":"post","link":"https:\/\/www.correiobraziliense.com.br\/cbradar\/poucos-conhecem-o-poder-hidratante-natural-do-umbu\/","title":{"rendered":"Poucos conhecem o poder hidratante natural do umbu"},"content":{"rendered":"\n<p>O <strong>Umbu <\/strong>desponta como uma alternativa refrescante e natural para hidrata\u00e7\u00e3o, especialmente apreciado no sert\u00e3o brasileiro, onde temperaturas elevadas s\u00e3o frequentes. Este fruto \u00e9 n\u00e3o apenas uma parte da tradi\u00e7\u00e3o local, mas tamb\u00e9m uma solu\u00e7\u00e3o eficaz para reposi\u00e7\u00e3o de l\u00edquidos e eletr\u00f3litos, essenciais em climas quentes.<\/p>\n\n\n\n<p>A popularidade do umbu se deve \u00e0 sua rica composi\u00e7\u00e3o, onde a \u00e1gua \u00e9 o componente predominante, proporcionando al\u00edvio imediato \u00e0 sede. Al\u00e9m disso, o fruto cont\u00e9m eletr\u00f3litos como pot\u00e1ssio e s\u00f3dio, ajudando a suprir as perdas destes minerais que ocorrem com a transpira\u00e7\u00e3o excessiva.<\/p>\n\n\n\n<h2 class=\"wp-block-heading\">Por que escolher o umbu para hidrata\u00e7\u00e3o?<\/h2>\n\n\n\n<p>A composi\u00e7\u00e3o do umbu o torna ideal para quem busca uma forma de hidrata\u00e7\u00e3o natural e efetiva. A \u00e1gua presente na polpa do umbu, combinada com eletr\u00f3litos como pot\u00e1ssio, contribui significativamente para o balanceamento dos fluidos corporais. O pot\u00e1ssio, em particular, desempenha um papel vital na fun\u00e7\u00e3o muscular e na regula\u00e7\u00e3o da press\u00e3o arterial.<\/p>\n\n\n<div class=\"wp-block-image\">\n<figure class=\"aligncenter size-large\"><img decoding=\"async\" width=\"1024\" height=\"576\" src=\"https:\/\/www.correiobraziliense.com.br\/cbradar\/wp-content\/uploads\/2026\/01\/umbu_1768914777932-1024x576.jpg\" alt=\"\" class=\"wp-image-178528\" srcset=\"https:\/\/www.correiobraziliense.com.br\/cbradar\/wp-content\/uploads\/2026\/01\/umbu_1768914777932-1024x576.jpg 1024w, https:\/\/www.correiobraziliense.com.br\/cbradar\/wp-content\/uploads\/2026\/01\/umbu_1768914777932-300x169.jpg 300w, https:\/\/www.correiobraziliense.com.br\/cbradar\/wp-content\/uploads\/2026\/01\/umbu_1768914777932-768x432.jpg 768w, https:\/\/www.correiobraziliense.com.br\/cbradar\/wp-content\/uploads\/2026\/01\/umbu_1768914777932-750x422.jpg 750w, https:\/\/www.correiobraziliense.com.br\/cbradar\/wp-content\/uploads\/2026\/01\/umbu_1768914777932-1140x641.jpg 1140w, https:\/\/www.correiobraziliense.com.br\/cbradar\/wp-content\/uploads\/2026\/01\/umbu_1768914777932.jpg 1280w\" sizes=\"(max-width: 1024px) 100vw, 1024px\" \/><figcaption class=\"wp-element-caption\">Umbu &#8211; Cr\u00e9ditos: depositphotos.com \/ PauloPJ<\/figcaption><\/figure><\/div>\n\n\n<p>O fruto tamb\u00e9m proporciona uma fonte r\u00e1pida de energia por meio dos carboidratos simples e uma dose de vitamina C, que apoia o sistema imunol\u00f3gico e fun\u00e7\u00f5es antioxidantes. Esse conjunto faz do umbu uma escolha pr\u00e1tica e nutritiva para o dia a dia, especialmente em regi\u00f5es onde o calor \u00e9 predominante.<\/p>\n\n\n\n<h2 class=\"wp-block-heading\">Como o umbu auxilia na hidrata\u00e7\u00e3o natural?<\/h2>\n\n\n\n<p>Para muitos, o umbu vai al\u00e9m de simplesmente matar a sede. A presen\u00e7a de eletr\u00f3litos como o pot\u00e1ssio est\u00e1 diretamente ligada \u00e0 regula\u00e7\u00e3o do sistema muscular, afetando a contra\u00e7\u00e3o e relaxamento dos m\u00fasculos, o que \u00e9 crucial durante atividades f\u00edsicas. Quanto ao teor de s\u00f3dio, embora ele seja menor do que o encontrado em bebidas esportivas, o umbu ainda oferece uma quantidade suficiente para suportar o equil\u00edbrio h\u00eddrico.<\/p>\n\n\n\n<p>A combina\u00e7\u00e3o de \u00e1gua, pot\u00e1ssio, s\u00f3dio e carboidratos torna o consumo do suco de umbu uma pr\u00e1tica ben\u00e9fica e barata, principalmente para aqueles que vivem em regi\u00f5es produtoras. O suco pode ser uma alternativa valiosa para as bebidas comercializadas, que frequentemente cont\u00eam conservantes e a\u00e7\u00facares adicionados.<\/p>\n\n\n\n<h2 class=\"wp-block-heading\">Quais s\u00e3o os nutrientes essenciais do umbu?<\/h2>\n\n\n\n<p>O umbu \u00e9 caracterizado pela sua leveza e riqueza em minerais essenciais. Em m\u00e9dia, por cada 100 g do fruto, apresenta-se o seguinte perfil nutricional:<\/p>\n\n\n\n<ul class=\"wp-block-list\">\n<li>Energia: 40\u201355 kcal<\/li>\n\n\n\n<li>\u00c1gua: cerca de 80\u201385 g<\/li>\n\n\n\n<li>Carboidratos totais: 10\u201313 g<\/li>\n\n\n\n<li>Prote\u00ednas: 0,5\u20131,0 g<\/li>\n\n\n\n<li>Fibras: 1,0\u20132,0 g<\/li>\n\n\n\n<li>Vitamina C: 8\u201320 mg<\/li>\n\n\n\n<li>Pot\u00e1ssio: 150\u2013250 mg<\/li>\n\n\n\n<li>S\u00f3dio: 1\u20135 mg<\/li>\n<\/ul>\n\n\n\n<p>Esses nutrientes conferem ao umbu um papel relevante nas estrat\u00e9gias de hidrata\u00e7\u00e3o mais naturais, destacando sua import\u00e2ncia em regi\u00f5es de temperaturas elevadas e sua contribui\u00e7\u00e3o para a sa\u00fade.<\/p>\n\n\n\n<h2 class=\"wp-block-heading\">Como incorporar o umbu na dieta di\u00e1ria?<\/h2>\n\n\n\n<p>Incluir o umbu na rotina alimentar \u00e9 uma tarefa simples e ben\u00e9fica. A forma mais comum de consumo \u00e9 atrav\u00e9s do suco ou refresco, frequentemente preparado com polpa congelada misturada a \u00e1gua gelada. Este m\u00e9todo potencializa o sabor da fruta e oferece uma bebida refrescante.<\/p>\n\n\n\n<p>Adicionar pequenas quantidades de a\u00e7\u00facar ou sal ajusta o sabor e aumenta a reten\u00e7\u00e3o de eletr\u00f3litos, criando uma bebida parecida com soro caseiro. Em contextos esportivos, o umbu pode servir como uma bebida pr\u00e9 ou p\u00f3s-atividade, mas para atividades de alta intensidade, um acompanhamento profissional \u00e9 recomendado.<\/p>\n\n\n<a href=\"https:\/\/www.instagram.com\/dra.annaluisabf\/\" target=\"_blank\" rel=\"noopener\" style=\"text-decoration: none; color: inherit;\">\n    <span style=\"display: inline-block; border: 1px solid #ccc; border-radius: 10px; padding: 15px; max-width: 550px; font-family: sans-serif; box-shadow: 0 2px 5px rgba(0,0,0,0.1); width: 100%;\">\n\n      <!-- T\u00edtulo -->\n      <span style=\"display: block; margin: 0 0 15px 0; font-weight: bold; color: #2c3e50; text-align: center;\">\n        Entre em contato:\n      <\/span>\n\n      <!-- Linha do perfil -->\n      <span style=\"display: flex; align-items: center; gap: 15px;\">\n        <img decoding=\"async\"\n          src=\"https:\/\/www.correiobraziliense.com.br\/cbradar\/wp-content\/uploads\/2025\/08\/dra_anna_luisa.jpeg\"\n          alt=\"Foto da Dra. Anna Lu\u00edsa\"\n          style=\"border-radius: 50%; width: 80px; height: 80px; object-fit: cover;\"\n        \/>\n        <span style=\"display: flex; flex-direction: column;\">\n          <span style=\"font-size: 18px; font-weight: 700; color: #2c3e50;\">Dra. Anna Lu\u00edsa Barbosa Fernandes<\/span>\n          <span style=\"color: #555;\">CRM-GO 33.271<\/span>\n        <\/span>\n      <\/span>\n\n      <!-- Redes -->\n      <span style=\"display: flex; align-items: center; gap: 10px; margin-top: 12px;\">\n        <img decoding=\"async\" src=\"https:\/\/cdn-icons-png.flaticon.com\/24\/1384\/1384063.png\" alt=\"Instagram\" width=\"24\" height=\"24\" \/>\n        <span style=\"text-decoration: underline; color: #2c3e50;\">@dra.annaluisabf<\/span>\n      <\/span>\n\n    <\/span>\n  <\/a>","protected":false},"excerpt":{"rendered":"<p>O Umbu desponta como uma alternativa refrescante e natural para hidrata\u00e7\u00e3o, especialmente apreciado no sert\u00e3o brasileiro, onde temperaturas elevadas s\u00e3o frequentes. Este fruto \u00e9 n\u00e3o apenas uma parte da tradi\u00e7\u00e3o local, mas tamb\u00e9m uma solu\u00e7\u00e3o eficaz para reposi\u00e7\u00e3o de l\u00edquidos e eletr\u00f3litos, essenciais em climas quentes. A popularidade do umbu se deve \u00e0 sua rica [&hellip;]<\/p>\n","protected":false},"author":14,"featured_media":178516,"comment_status":"open","ping_status":"open","sticky":false,"template":"","format":"standard","meta":{"_yoast_wpseo_focuskw":"Umbu","_yoast_wpseo_title":"","_yoast_wpseo_metadesc":"O umbu \u00e9 rico em \u00e1gua e minerais e pode ser uma op\u00e7\u00e3o natural para hidrata\u00e7\u00e3o e reposi\u00e7\u00e3o de eletr\u00f3litos em dias quentes.","jnews-multi-image_gallery":[],"jnews_single_post":{"format":"standard"},"jnews_primary_category":[],"jnews_social_meta":[],"jnews_override_counter":[],"footnotes":""},"categories":[4404],"tags":[120,247,1318],"class_list":["post-178514","post","type-post","status-publish","format-standard","has-post-thumbnail","hentry","category-saude","tag-bem-estar","tag-qualidade-de-vida","tag-saude-2"],"yoast_head":"<!-- This site is optimized with the Yoast SEO plugin v24.6 - https:\/\/yoast.com\/wordpress\/plugins\/seo\/ -->\n<title>Poucos conhecem o poder hidratante natural do umbu - Correio Braziliense - Radar<\/title>\n<meta name=\"description\" content=\"O umbu \u00e9 rico em \u00e1gua e minerais e pode ser uma op\u00e7\u00e3o natural para hidrata\u00e7\u00e3o e reposi\u00e7\u00e3o de eletr\u00f3litos em dias quentes.\" \/>\n<meta name=\"robots\" content=\"index, follow, max-snippet:-1, max-image-preview:large, max-video-preview:-1\" \/>\n<link rel=\"canonical\" href=\"https:\/\/www.correiobraziliense.com.br\/cbradar\/poucos-conhecem-o-poder-hidratante-natural-do-umbu\/\" \/>\n<meta property=\"og:locale\" content=\"pt_BR\" \/>\n<meta property=\"og:type\" content=\"article\" \/>\n<meta property=\"og:title\" content=\"Poucos conhecem o poder hidratante natural do umbu - Correio Braziliense - Radar\" \/>\n<meta property=\"og:description\" content=\"O umbu \u00e9 rico em \u00e1gua e minerais e pode ser uma op\u00e7\u00e3o natural para hidrata\u00e7\u00e3o e reposi\u00e7\u00e3o de eletr\u00f3litos em dias quentes.\" \/>\n<meta property=\"og:url\" content=\"https:\/\/www.correiobraziliense.com.br\/cbradar\/poucos-conhecem-o-poder-hidratante-natural-do-umbu\/\" \/>\n<meta property=\"og:site_name\" content=\"Correio Braziliense - Radar\" \/>\n<meta property=\"article:published_time\" content=\"2026-01-21T12:35:00+00:00\" \/>\n<meta property=\"og:image\" content=\"https:\/\/www.correiobraziliense.com.br\/cbradar\/wp-content\/uploads\/2026\/01\/umbu_1768914756241.jpg\" \/>\n\t<meta property=\"og:image:width\" content=\"1280\" \/>\n\t<meta property=\"og:image:height\" content=\"720\" \/>\n\t<meta property=\"og:image:type\" content=\"image\/jpeg\" \/>\n<meta name=\"author\" content=\"guilherme_saude\" \/>\n<meta name=\"twitter:card\" content=\"summary_large_image\" \/>\n<meta name=\"twitter:label1\" content=\"Escrito por\" \/>\n\t<meta name=\"twitter:data1\" content=\"guilherme_saude\" \/>\n\t<meta name=\"twitter:label2\" content=\"Est. tempo de leitura\" \/>\n\t<meta name=\"twitter:data2\" content=\"4 minutos\" \/>\n<!-- \/ Yoast SEO plugin. -->","yoast_head_json":{"title":"Poucos conhecem o poder hidratante natural do umbu - Correio Braziliense - Radar","description":"O umbu \u00e9 rico em \u00e1gua e minerais e pode ser uma op\u00e7\u00e3o natural para hidrata\u00e7\u00e3o e reposi\u00e7\u00e3o de eletr\u00f3litos em dias quentes.","robots":{"index":"index","follow":"follow","max-snippet":"max-snippet:-1","max-image-preview":"max-image-preview:large","max-video-preview":"max-video-preview:-1"},"canonical":"https:\/\/www.correiobraziliense.com.br\/cbradar\/poucos-conhecem-o-poder-hidratante-natural-do-umbu\/","og_locale":"pt_BR","og_type":"article","og_title":"Poucos conhecem o poder hidratante natural do umbu - Correio Braziliense - Radar","og_description":"O umbu \u00e9 rico em \u00e1gua e minerais e pode ser uma op\u00e7\u00e3o natural para hidrata\u00e7\u00e3o e reposi\u00e7\u00e3o de eletr\u00f3litos em dias quentes.","og_url":"https:\/\/www.correiobraziliense.com.br\/cbradar\/poucos-conhecem-o-poder-hidratante-natural-do-umbu\/","og_site_name":"Correio Braziliense - Radar","article_published_time":"2026-01-21T12:35:00+00:00","og_image":[{"width":1280,"height":720,"url":"https:\/\/www.correiobraziliense.com.br\/cbradar\/wp-content\/uploads\/2026\/01\/umbu_1768914756241.jpg","type":"image\/jpeg"}],"author":"guilherme_saude","twitter_card":"summary_large_image","twitter_misc":{"Escrito por":"guilherme_saude","Est. tempo de leitura":"4 minutos"},"schema":{"@context":"https:\/\/schema.org","@graph":[{"@type":"WebPage","@id":"https:\/\/www.correiobraziliense.com.br\/cbradar\/poucos-conhecem-o-poder-hidratante-natural-do-umbu\/","url":"https:\/\/www.correiobraziliense.com.br\/cbradar\/poucos-conhecem-o-poder-hidratante-natural-do-umbu\/","name":"Poucos conhecem o poder hidratante natural do umbu - Correio Braziliense - Radar","isPartOf":{"@id":"https:\/\/www.correiobraziliense.com.br\/cbradar\/#website"},"primaryImageOfPage":{"@id":"https:\/\/www.correiobraziliense.com.br\/cbradar\/poucos-conhecem-o-poder-hidratante-natural-do-umbu\/#primaryimage"},"image":{"@id":"https:\/\/www.correiobraziliense.com.br\/cbradar\/poucos-conhecem-o-poder-hidratante-natural-do-umbu\/#primaryimage"},"thumbnailUrl":"https:\/\/www.correiobraziliense.com.br\/cbradar\/wp-content\/uploads\/2026\/01\/umbu_1768914756241.jpg","datePublished":"2026-01-21T12:35:00+00:00","author":{"@id":"https:\/\/www.correiobraziliense.com.br\/cbradar\/#\/schema\/person\/5aa4bf3c8fa699c267933611de12978b"},"description":"O umbu \u00e9 rico em \u00e1gua e minerais e pode ser uma op\u00e7\u00e3o natural para hidrata\u00e7\u00e3o e reposi\u00e7\u00e3o de eletr\u00f3litos em dias quentes.","breadcrumb":{"@id":"https:\/\/www.correiobraziliense.com.br\/cbradar\/poucos-conhecem-o-poder-hidratante-natural-do-umbu\/#breadcrumb"},"inLanguage":"pt-BR","potentialAction":[{"@type":"ReadAction","target":["https:\/\/www.correiobraziliense.com.br\/cbradar\/poucos-conhecem-o-poder-hidratante-natural-do-umbu\/"]}]},{"@type":"ImageObject","inLanguage":"pt-BR","@id":"https:\/\/www.correiobraziliense.com.br\/cbradar\/poucos-conhecem-o-poder-hidratante-natural-do-umbu\/#primaryimage","url":"https:\/\/www.correiobraziliense.com.br\/cbradar\/wp-content\/uploads\/2026\/01\/umbu_1768914756241.jpg","contentUrl":"https:\/\/www.correiobraziliense.com.br\/cbradar\/wp-content\/uploads\/2026\/01\/umbu_1768914756241.jpg","width":1280,"height":720,"caption":"Umbu - Cr\u00e9ditos: depositphotos.com \/ Marcotga"},{"@type":"BreadcrumbList","@id":"https:\/\/www.correiobraziliense.com.br\/cbradar\/poucos-conhecem-o-poder-hidratante-natural-do-umbu\/#breadcrumb","itemListElement":[{"@type":"ListItem","position":1,"name":"In\u00edcio","item":"https:\/\/www.correiobraziliense.com.br\/cbradar\/"},{"@type":"ListItem","position":2,"name":"Poucos conhecem o poder hidratante natural do umbu"}]},{"@type":"WebSite","@id":"https:\/\/www.correiobraziliense.com.br\/cbradar\/#website","url":"https:\/\/www.correiobraziliense.com.br\/cbradar\/","name":"Correio Braziliense - Radar","description":"Acompanhe as \u00faltimas not\u00edcias e fique bem informado sobre tudo o que acontece no Brasil e no mundo.","potentialAction":[{"@type":"SearchAction","target":{"@type":"EntryPoint","urlTemplate":"https:\/\/www.correiobraziliense.com.br\/cbradar\/?s={search_term_string}"},"query-input":{"@type":"PropertyValueSpecification","valueRequired":true,"valueName":"search_term_string"}}],"inLanguage":"pt-BR"},{"@type":"Person","@id":"https:\/\/www.correiobraziliense.com.br\/cbradar\/#\/schema\/person\/5aa4bf3c8fa699c267933611de12978b","name":"guilherme_saude","image":{"@type":"ImageObject","inLanguage":"pt-BR","@id":"https:\/\/www.correiobraziliense.com.br\/cbradar\/#\/schema\/person\/image\/","url":"https:\/\/secure.gravatar.com\/avatar\/df9adfb835d344bc0af109d41756253f?s=96&d=mm&r=g","contentUrl":"https:\/\/secure.gravatar.com\/avatar\/df9adfb835d344bc0af109d41756253f?s=96&d=mm&r=g","caption":"guilherme_saude"},"url":"https:\/\/www.correiobraziliense.com.br\/cbradar\/author\/guilherme_saude\/"}]}},"_links":{"self":[{"href":"https:\/\/www.correiobraziliense.com.br\/cbradar\/wp-json\/wp\/v2\/posts\/178514","targetHints":{"allow":["GET"]}}],"collection":[{"href":"https:\/\/www.correiobraziliense.com.br\/cbradar\/wp-json\/wp\/v2\/posts"}],"about":[{"href":"https:\/\/www.correiobraziliense.com.br\/cbradar\/wp-json\/wp\/v2\/types\/post"}],"author":[{"embeddable":true,"href":"https:\/\/www.correiobraziliense.com.br\/cbradar\/wp-json\/wp\/v2\/users\/14"}],"replies":[{"embeddable":true,"href":"https:\/\/www.correiobraziliense.com.br\/cbradar\/wp-json\/wp\/v2\/comments?post=178514"}],"version-history":[{"count":1,"href":"https:\/\/www.correiobraziliense.com.br\/cbradar\/wp-json\/wp\/v2\/posts\/178514\/revisions"}],"predecessor-version":[{"id":178542,"href":"https:\/\/www.correiobraziliense.com.br\/cbradar\/wp-json\/wp\/v2\/posts\/178514\/revisions\/178542"}],"wp:featuredmedia":[{"embeddable":true,"href":"https:\/\/www.correiobraziliense.com.br\/cbradar\/wp-json\/wp\/v2\/media\/178516"}],"wp:attachment":[{"href":"https:\/\/www.correiobraziliense.com.br\/cbradar\/wp-json\/wp\/v2\/media?parent=178514"}],"wp:term":[{"taxonomy":"category","embeddable":true,"href":"https:\/\/www.correiobraziliense.com.br\/cbradar\/wp-json\/wp\/v2\/categories?post=178514"},{"taxonomy":"post_tag","embeddable":true,"href":"https:\/\/www.correiobraziliense.com.br\/cbradar\/wp-json\/wp\/v2\/tags?post=178514"}],"curies":[{"name":"wp","href":"https:\/\/api.w.org\/{rel}","templated":true}]}}