{"id":178549,"date":"2026-01-22T21:35:00","date_gmt":"2026-01-23T00:35:00","guid":{"rendered":"https:\/\/www.correiobraziliense.com.br\/cbradar\/?p=178549"},"modified":"2026-01-20T11:39:05","modified_gmt":"2026-01-20T14:39:05","slug":"esse-alimento-simples-pode-acabar-com-a-fome-constante","status":"publish","type":"post","link":"https:\/\/www.correiobraziliense.com.br\/cbradar\/esse-alimento-simples-pode-acabar-com-a-fome-constante\/","title":{"rendered":"Esse alimento simples pode acabar com a fome constante"},"content":{"rendered":"\n<p>Em meio a um cen\u00e1rio onde dietas e superalimentos ganham destaque, a <strong>Quinoa <\/strong>continua a ser uma escolha popular para aqueles que buscam saciedade e nutri\u00e7\u00e3o duradoura. Com uma hist\u00f3ria rica que remonta a civiliza\u00e7\u00f5es antigas da Am\u00e9rica do Sul, esta semente \u00e9 frequentemente confundida com gr\u00e3os, mas oferece benef\u00edcios nutricionais \u00fanicos que se destacam no mundo moderno de 2025. Muitos a escolhem para evitar a sensa\u00e7\u00e3o de fome que persiste at\u00e9 mesmo ap\u00f3s as refei\u00e7\u00f5es.<\/p>\n\n\n\n<h2 class=\"wp-block-heading\">Benef\u00edcios Nutricionais da Quinoa<\/h2>\n\n\n\n<p>A quinoa \u00e9 frequentemente associada a termossatisfa\u00e7\u00e3o e nutri\u00e7\u00e3o. Esta semente \u00e9 uma fonte rica de prote\u00ednas completas, contendo todos os amino\u00e1cidos essenciais que o corpo humano necessita. Al\u00e9m disso, sua elevada quantidade de fibras contribui para uma digest\u00e3o mais lenta, o que amplia a sensa\u00e7\u00e3o de saciedade. Em compara\u00e7\u00e3o com cereais refinados, a quinoa oferece um \u00edndice glic\u00eamico moderado, promovendo uma libera\u00e7\u00e3o mais est\u00e1vel de energia.<\/p>\n\n\n\n<h2 class=\"wp-block-heading\">Como a Quinoa Promove a Saciedade?<\/h2>\n\n\n\n<p>A ci\u00eancia dos alimentos explica que a combina\u00e7\u00e3o de prote\u00ednas de alto valor biol\u00f3gico com fibras sol\u00faveis \u00e9 o que torna a quinoa t\u00e3o eficaz em promover a saciedade. As fibras n\u00e3o apenas retardam o esvaziamento g\u00e1strico, mas tamb\u00e9m formam um gel no trato digestivo que prolonga a digest\u00e3o. Este processo auxiliar \u00e9 potencializado quando a quinoa \u00e9 combinada com outros alimentos ricos em nutrientes como hortali\u00e7as e gorduras saud\u00e1veis.<\/p>\n\n\n\n<h2 class=\"wp-block-heading\">Principais Nutrientes e Seu Impacto em 2025<\/h2>\n\n\n<div class=\"wp-block-image\">\n<figure class=\"aligncenter size-large\"><img decoding=\"async\" width=\"1024\" height=\"576\" src=\"https:\/\/www.correiobraziliense.com.br\/cbradar\/wp-content\/uploads\/2026\/01\/quinoa_1768499311550-1024x576.jpg\" alt=\"\" class=\"wp-image-175568\" srcset=\"https:\/\/www.correiobraziliense.com.br\/cbradar\/wp-content\/uploads\/2026\/01\/quinoa_1768499311550-1024x576.jpg 1024w, https:\/\/www.correiobraziliense.com.br\/cbradar\/wp-content\/uploads\/2026\/01\/quinoa_1768499311550-300x169.jpg 300w, https:\/\/www.correiobraziliense.com.br\/cbradar\/wp-content\/uploads\/2026\/01\/quinoa_1768499311550-768x432.jpg 768w, https:\/\/www.correiobraziliense.com.br\/cbradar\/wp-content\/uploads\/2026\/01\/quinoa_1768499311550-750x422.jpg 750w, https:\/\/www.correiobraziliense.com.br\/cbradar\/wp-content\/uploads\/2026\/01\/quinoa_1768499311550-1140x641.jpg 1140w, https:\/\/www.correiobraziliense.com.br\/cbradar\/wp-content\/uploads\/2026\/01\/quinoa_1768499311550.jpg 1280w\" sizes=\"(max-width: 1024px) 100vw, 1024px\" \/><figcaption class=\"wp-element-caption\">quinoa &#8211; Cr\u00e9ditos: depositphotos.com \/ charlotteLake<\/figcaption><\/figure><\/div>\n\n\n<ul class=\"wp-block-list\">\n<li><strong>Prote\u00ednas:<\/strong>\u00a0Aproximadamente 4g em 100g de quinoa cozida, essenciais para a repara\u00e7\u00e3o muscular e <a href=\"https:\/\/www.correiobraziliense.com.br\/cbradar\/cabeca-achatada-em-bebes-merece-atencao\/\" target=\"_blank\" rel=\"noreferrer noopener\">sa\u00fade <\/a>global.<\/li>\n\n\n\n<li><strong>Fibras:<\/strong>\u00a0Cerca de 2,5g por por\u00e7\u00e3o, promovendo uma digest\u00e3o mais est\u00e1vel.<\/li>\n\n\n\n<li><strong>Minerais:<\/strong>\u00a0Fonte de ferro, magn\u00e9sio e zinco, que s\u00e3o cruciais para o metabolismo e imunidade.<\/li>\n<\/ul>\n\n\n\n<p>Al\u00e9m disso, estes nutrientes se conjugam para fazer da quinoa uma op\u00e7\u00e3o vi\u00e1vel para reeduca\u00e7\u00e3o alimentar em um mundo cada vez mais consciente dos benef\u00edcios de uma dieta equilibrada.<\/p>\n\n\n\n<h2 class=\"wp-block-heading\">Incorporando a Quinoa na Refei\u00e7\u00e3o Di\u00e1ria<\/h2>\n\n\n\n<p>Introduzir a quinoa na alimenta\u00e7\u00e3o di\u00e1ria n\u00e3o precisa ser complicado. O processo de cozimento \u00e9 similar ao do arroz, simplificando a sua incorpora\u00e7\u00e3o em pratos rotineiros. Para quem busca praticidade e versatilidade, a quinoa pode servir como substituto ou complemento de guarni\u00e7\u00f5es tradicionais.<\/p>\n\n\n\n<ol class=\"wp-block-list\">\n<li>Misturar quinoa e arroz para uma refei\u00e7\u00e3o mais nutritiva.<\/li>\n\n\n\n<li>Adicionar em saladas frias juntamente com legumes variados.<\/li>\n\n\n\n<li>Base para bowls nutritivos com leguminosas e verduras.<\/li>\n\n\n\n<li>Utilizar flocos de quinoa em iogurtes ou frutas para um caf\u00e9 da manh\u00e3 refor\u00e7ado.<\/li>\n<\/ol>\n\n\n\n<p>Com a popularidade crescente e seus benef\u00edcios comprovados, a quinoa se consolida como um aliado indispens\u00e1vel para aqueles que almejam uma dieta saud\u00e1vel e equilibrada em 2025. Experimentar com diferentes aplica\u00e7\u00f5es pode revelar novos sabores e texturas, incentivando uma alimenta\u00e7\u00e3o mais rica e diversificada. A orienta\u00e7\u00e3o nutricional profissional pode otimizar ainda mais os resultados positivos dessa incorpora\u00e7\u00e3o diet\u00e9tica.<\/p>\n\n\n<a href=\"https:\/\/www.instagram.com\/dra.annaluisabf\/\" target=\"_blank\" rel=\"noopener\" style=\"text-decoration: none; color: inherit;\">\n    <span style=\"display: inline-block; border: 1px solid #ccc; border-radius: 10px; padding: 15px; max-width: 550px; font-family: sans-serif; box-shadow: 0 2px 5px rgba(0,0,0,0.1); width: 100%;\">\n\n      <!-- T\u00edtulo -->\n      <span style=\"display: block; margin: 0 0 15px 0; font-weight: bold; color: #2c3e50; text-align: center;\">\n        Entre em contato:\n      <\/span>\n\n      <!-- Linha do perfil -->\n      <span style=\"display: flex; align-items: center; gap: 15px;\">\n        <img decoding=\"async\"\n          src=\"https:\/\/www.correiobraziliense.com.br\/cbradar\/wp-content\/uploads\/2025\/08\/dra_anna_luisa.jpeg\"\n          alt=\"Foto da Dra. Anna Lu\u00edsa\"\n          style=\"border-radius: 50%; width: 80px; height: 80px; object-fit: cover;\"\n        \/>\n        <span style=\"display: flex; flex-direction: column;\">\n          <span style=\"font-size: 18px; font-weight: 700; color: #2c3e50;\">Dra. Anna Lu\u00edsa Barbosa Fernandes<\/span>\n          <span style=\"color: #555;\">CRM-GO 33.271<\/span>\n        <\/span>\n      <\/span>\n\n      <!-- Redes -->\n      <span style=\"display: flex; align-items: center; gap: 10px; margin-top: 12px;\">\n        <img decoding=\"async\" src=\"https:\/\/cdn-icons-png.flaticon.com\/24\/1384\/1384063.png\" alt=\"Instagram\" width=\"24\" height=\"24\" \/>\n        <span style=\"text-decoration: underline; color: #2c3e50;\">@dra.annaluisabf<\/span>\n      <\/span>\n\n    <\/span>\n  <\/a>","protected":false},"excerpt":{"rendered":"<p>Em meio a um cen\u00e1rio onde dietas e superalimentos ganham destaque, a Quinoa continua a ser uma escolha popular para aqueles que buscam saciedade e nutri\u00e7\u00e3o duradoura. Com uma hist\u00f3ria rica que remonta a civiliza\u00e7\u00f5es antigas da Am\u00e9rica do Sul, esta semente \u00e9 frequentemente confundida com gr\u00e3os, mas oferece benef\u00edcios nutricionais \u00fanicos que se destacam [&hellip;]<\/p>\n","protected":false},"author":14,"featured_media":77419,"comment_status":"open","ping_status":"open","sticky":false,"template":"","format":"standard","meta":{"_yoast_wpseo_focuskw":"Quinoa","_yoast_wpseo_title":"","_yoast_wpseo_metadesc":"A quinoa se destaca por promover saciedade prolongada e fornecer nutrientes essenciais para uma dieta equilibrada.","jnews-multi-image_gallery":[],"jnews_single_post":{"format":"standard"},"jnews_primary_category":[],"jnews_social_meta":[],"jnews_override_counter":[],"footnotes":""},"categories":[4404],"tags":[281,120,144,565],"class_list":["post-178549","post","type-post","status-publish","format-standard","has-post-thumbnail","hentry","category-saude","tag-alimentacao","tag-bem-estar","tag-curiosidades","tag-saude"],"yoast_head":"<!-- This site is optimized with the Yoast SEO plugin v24.6 - https:\/\/yoast.com\/wordpress\/plugins\/seo\/ -->\n<title>Esse alimento simples pode acabar com a fome constante - Correio Braziliense - Radar<\/title>\n<meta name=\"description\" content=\"A quinoa se destaca por promover saciedade prolongada e fornecer nutrientes essenciais para uma dieta equilibrada.\" \/>\n<meta name=\"robots\" content=\"index, follow, max-snippet:-1, max-image-preview:large, max-video-preview:-1\" \/>\n<link rel=\"canonical\" href=\"https:\/\/www.correiobraziliense.com.br\/cbradar\/esse-alimento-simples-pode-acabar-com-a-fome-constante\/\" \/>\n<meta property=\"og:locale\" content=\"pt_BR\" \/>\n<meta property=\"og:type\" content=\"article\" \/>\n<meta property=\"og:title\" content=\"Esse alimento simples pode acabar com a fome constante - Correio Braziliense - Radar\" \/>\n<meta property=\"og:description\" content=\"A quinoa se destaca por promover saciedade prolongada e fornecer nutrientes essenciais para uma dieta equilibrada.\" \/>\n<meta property=\"og:url\" content=\"https:\/\/www.correiobraziliense.com.br\/cbradar\/esse-alimento-simples-pode-acabar-com-a-fome-constante\/\" \/>\n<meta property=\"og:site_name\" content=\"Correio Braziliense - Radar\" \/>\n<meta property=\"article:published_time\" content=\"2026-01-23T00:35:00+00:00\" \/>\n<meta property=\"og:image\" content=\"https:\/\/www.correiobraziliense.com.br\/cbradar\/wp-content\/uploads\/2025\/07\/quinoa_1753803404811.jpg\" \/>\n\t<meta property=\"og:image:width\" content=\"1280\" \/>\n\t<meta property=\"og:image:height\" content=\"720\" \/>\n\t<meta property=\"og:image:type\" content=\"image\/jpeg\" \/>\n<meta name=\"author\" content=\"guilherme_saude\" \/>\n<meta name=\"twitter:card\" content=\"summary_large_image\" \/>\n<meta name=\"twitter:label1\" content=\"Escrito por\" \/>\n\t<meta name=\"twitter:data1\" content=\"guilherme_saude\" \/>\n\t<meta name=\"twitter:label2\" content=\"Est. tempo de leitura\" \/>\n\t<meta name=\"twitter:data2\" content=\"4 minutos\" \/>\n<!-- \/ Yoast SEO plugin. -->","yoast_head_json":{"title":"Esse alimento simples pode acabar com a fome constante - Correio Braziliense - Radar","description":"A quinoa se destaca por promover saciedade prolongada e fornecer nutrientes essenciais para uma dieta equilibrada.","robots":{"index":"index","follow":"follow","max-snippet":"max-snippet:-1","max-image-preview":"max-image-preview:large","max-video-preview":"max-video-preview:-1"},"canonical":"https:\/\/www.correiobraziliense.com.br\/cbradar\/esse-alimento-simples-pode-acabar-com-a-fome-constante\/","og_locale":"pt_BR","og_type":"article","og_title":"Esse alimento simples pode acabar com a fome constante - Correio Braziliense - Radar","og_description":"A quinoa se destaca por promover saciedade prolongada e fornecer nutrientes essenciais para uma dieta equilibrada.","og_url":"https:\/\/www.correiobraziliense.com.br\/cbradar\/esse-alimento-simples-pode-acabar-com-a-fome-constante\/","og_site_name":"Correio Braziliense - Radar","article_published_time":"2026-01-23T00:35:00+00:00","og_image":[{"width":1280,"height":720,"url":"https:\/\/www.correiobraziliense.com.br\/cbradar\/wp-content\/uploads\/2025\/07\/quinoa_1753803404811.jpg","type":"image\/jpeg"}],"author":"guilherme_saude","twitter_card":"summary_large_image","twitter_misc":{"Escrito por":"guilherme_saude","Est. tempo de leitura":"4 minutos"},"schema":{"@context":"https:\/\/schema.org","@graph":[{"@type":"WebPage","@id":"https:\/\/www.correiobraziliense.com.br\/cbradar\/esse-alimento-simples-pode-acabar-com-a-fome-constante\/","url":"https:\/\/www.correiobraziliense.com.br\/cbradar\/esse-alimento-simples-pode-acabar-com-a-fome-constante\/","name":"Esse alimento simples pode acabar com a fome constante - Correio Braziliense - Radar","isPartOf":{"@id":"https:\/\/www.correiobraziliense.com.br\/cbradar\/#website"},"primaryImageOfPage":{"@id":"https:\/\/www.correiobraziliense.com.br\/cbradar\/esse-alimento-simples-pode-acabar-com-a-fome-constante\/#primaryimage"},"image":{"@id":"https:\/\/www.correiobraziliense.com.br\/cbradar\/esse-alimento-simples-pode-acabar-com-a-fome-constante\/#primaryimage"},"thumbnailUrl":"https:\/\/www.correiobraziliense.com.br\/cbradar\/wp-content\/uploads\/2025\/07\/quinoa_1753803404811.jpg","datePublished":"2026-01-23T00:35:00+00:00","author":{"@id":"https:\/\/www.correiobraziliense.com.br\/cbradar\/#\/schema\/person\/5aa4bf3c8fa699c267933611de12978b"},"description":"A quinoa se destaca por promover saciedade prolongada e fornecer nutrientes essenciais para uma dieta equilibrada.","breadcrumb":{"@id":"https:\/\/www.correiobraziliense.com.br\/cbradar\/esse-alimento-simples-pode-acabar-com-a-fome-constante\/#breadcrumb"},"inLanguage":"pt-BR","potentialAction":[{"@type":"ReadAction","target":["https:\/\/www.correiobraziliense.com.br\/cbradar\/esse-alimento-simples-pode-acabar-com-a-fome-constante\/"]}]},{"@type":"ImageObject","inLanguage":"pt-BR","@id":"https:\/\/www.correiobraziliense.com.br\/cbradar\/esse-alimento-simples-pode-acabar-com-a-fome-constante\/#primaryimage","url":"https:\/\/www.correiobraziliense.com.br\/cbradar\/wp-content\/uploads\/2025\/07\/quinoa_1753803404811.jpg","contentUrl":"https:\/\/www.correiobraziliense.com.br\/cbradar\/wp-content\/uploads\/2025\/07\/quinoa_1753803404811.jpg","width":1280,"height":720,"caption":"Quinoa - Cr\u00e9ditos: depositphotos.com \/ joannawnuk"},{"@type":"BreadcrumbList","@id":"https:\/\/www.correiobraziliense.com.br\/cbradar\/esse-alimento-simples-pode-acabar-com-a-fome-constante\/#breadcrumb","itemListElement":[{"@type":"ListItem","position":1,"name":"In\u00edcio","item":"https:\/\/www.correiobraziliense.com.br\/cbradar\/"},{"@type":"ListItem","position":2,"name":"Esse alimento simples pode acabar com a fome constante"}]},{"@type":"WebSite","@id":"https:\/\/www.correiobraziliense.com.br\/cbradar\/#website","url":"https:\/\/www.correiobraziliense.com.br\/cbradar\/","name":"Correio Braziliense - Radar","description":"Acompanhe as \u00faltimas not\u00edcias e fique bem informado sobre tudo o que acontece no Brasil e no mundo.","potentialAction":[{"@type":"SearchAction","target":{"@type":"EntryPoint","urlTemplate":"https:\/\/www.correiobraziliense.com.br\/cbradar\/?s={search_term_string}"},"query-input":{"@type":"PropertyValueSpecification","valueRequired":true,"valueName":"search_term_string"}}],"inLanguage":"pt-BR"},{"@type":"Person","@id":"https:\/\/www.correiobraziliense.com.br\/cbradar\/#\/schema\/person\/5aa4bf3c8fa699c267933611de12978b","name":"guilherme_saude","image":{"@type":"ImageObject","inLanguage":"pt-BR","@id":"https:\/\/www.correiobraziliense.com.br\/cbradar\/#\/schema\/person\/image\/","url":"https:\/\/secure.gravatar.com\/avatar\/df9adfb835d344bc0af109d41756253f?s=96&d=mm&r=g","contentUrl":"https:\/\/secure.gravatar.com\/avatar\/df9adfb835d344bc0af109d41756253f?s=96&d=mm&r=g","caption":"guilherme_saude"},"url":"https:\/\/www.correiobraziliense.com.br\/cbradar\/author\/guilherme_saude\/"}]}},"_links":{"self":[{"href":"https:\/\/www.correiobraziliense.com.br\/cbradar\/wp-json\/wp\/v2\/posts\/178549","targetHints":{"allow":["GET"]}}],"collection":[{"href":"https:\/\/www.correiobraziliense.com.br\/cbradar\/wp-json\/wp\/v2\/posts"}],"about":[{"href":"https:\/\/www.correiobraziliense.com.br\/cbradar\/wp-json\/wp\/v2\/types\/post"}],"author":[{"embeddable":true,"href":"https:\/\/www.correiobraziliense.com.br\/cbradar\/wp-json\/wp\/v2\/users\/14"}],"replies":[{"embeddable":true,"href":"https:\/\/www.correiobraziliense.com.br\/cbradar\/wp-json\/wp\/v2\/comments?post=178549"}],"version-history":[{"count":1,"href":"https:\/\/www.correiobraziliense.com.br\/cbradar\/wp-json\/wp\/v2\/posts\/178549\/revisions"}],"predecessor-version":[{"id":178551,"href":"https:\/\/www.correiobraziliense.com.br\/cbradar\/wp-json\/wp\/v2\/posts\/178549\/revisions\/178551"}],"wp:featuredmedia":[{"embeddable":true,"href":"https:\/\/www.correiobraziliense.com.br\/cbradar\/wp-json\/wp\/v2\/media\/77419"}],"wp:attachment":[{"href":"https:\/\/www.correiobraziliense.com.br\/cbradar\/wp-json\/wp\/v2\/media?parent=178549"}],"wp:term":[{"taxonomy":"category","embeddable":true,"href":"https:\/\/www.correiobraziliense.com.br\/cbradar\/wp-json\/wp\/v2\/categories?post=178549"},{"taxonomy":"post_tag","embeddable":true,"href":"https:\/\/www.correiobraziliense.com.br\/cbradar\/wp-json\/wp\/v2\/tags?post=178549"}],"curies":[{"name":"wp","href":"https:\/\/api.w.org\/{rel}","templated":true}]}}