{"id":178559,"date":"2026-01-21T15:55:00","date_gmt":"2026-01-21T18:55:00","guid":{"rendered":"https:\/\/www.correiobraziliense.com.br\/cbradar\/?p=178559"},"modified":"2026-01-20T11:10:44","modified_gmt":"2026-01-20T14:10:44","slug":"poucos-sabem-como-a-urtiga-pode-ajudar-o-figado","status":"publish","type":"post","link":"https:\/\/www.correiobraziliense.com.br\/cbradar\/poucos-sabem-como-a-urtiga-pode-ajudar-o-figado\/","title":{"rendered":"Poucos sabem como a urtiga pode ajudar o f\u00edgado"},"content":{"rendered":"\n<p>Ao longo dos anos, a <strong>Urtiga <\/strong>tem sido uma aliada das pr\u00e1ticas de sa\u00fade integrativa, especialmente em 2025, onde pesquisas destacam seus benef\u00edcios no equil\u00edbrio do organismo. Com propriedades conhecidas na medicina tradicional por s\u00e9culos, a planta tem ganhado aten\u00e7\u00e3o pelas suas potencialidades em processos de desintoxica\u00e7\u00e3o, ref\u00fagio para um f\u00edgado mais saud\u00e1vel e digest\u00e3o facilitada. Em v\u00e1rias regi\u00f5es do Brasil, a urtiga \u00e9 abundante, configurando-se como um recurso facilmente acess\u00edvel para o bem-estar.<\/p>\n\n\n\n<p>O f\u00edgado realiza fun\u00e7\u00f5es essenciais como a filtragem de toxinas do corpo. A urtiga surge como um \u00f3timo suporte nesse processo, sendo frequentemente associada a pr\u00e1ticas de desintoxica\u00e7\u00e3o. Seus componentes bioativos, como flavonoides e minerais, podem auxiliar nas fun\u00e7\u00f5es hep\u00e1ticas. Essa planta \u00e9 conhecida por seu leve efeito diur\u00e9tico e por estimular a circula\u00e7\u00e3o de l\u00edquidos no corpo, favorecendo a elimina\u00e7\u00e3o de res\u00edduos por meio da urina. Dietas que incluem a urtiga, combinadas com um estilo de vida saud\u00e1vel, podem refor\u00e7ar o equil\u00edbrio metab\u00f3lico di\u00e1rio e a prote\u00e7\u00e3o hep\u00e1tica.<\/p>\n\n\n\n<h2 class=\"wp-block-heading\">Quais s\u00e3o os benef\u00edcios da urtiga para a digest\u00e3o?<\/h2>\n\n\n\n<p>No universo da digest\u00e3o, a urtiga \u00e9 lembrada por proporcionar conforto gastrointestinal, especialmente ap\u00f3s refei\u00e7\u00f5es mais pesadas. As folhas e ra\u00edzes dessa planta cont\u00eam subst\u00e2ncias que podem estimular a produ\u00e7\u00e3o de enzimas e sucos g\u00e1stricos, auxiliando a quebra de prote\u00ednas e gorduras. Isso contribui para uma sensa\u00e7\u00e3o menos pesada no est\u00f4mago. Al\u00e9m disso, a presen\u00e7a de fibras e compostos na urtiga \u00e9 ben\u00e9fica para manter um ritmo intestinal regular, muitas vezes inclu\u00edda em ch\u00e1s para minimizar desconfortos como gases e estufamento.<\/p>\n\n\n<div class=\"wp-block-image\">\n<figure class=\"aligncenter size-large\"><img decoding=\"async\" width=\"1024\" height=\"576\" src=\"https:\/\/www.correiobraziliense.com.br\/cbradar\/wp-content\/uploads\/2025\/12\/Urtiga_1766577796870-1024x576.jpg\" alt=\"\" class=\"wp-image-162177\" srcset=\"https:\/\/www.correiobraziliense.com.br\/cbradar\/wp-content\/uploads\/2025\/12\/Urtiga_1766577796870-1024x576.jpg 1024w, https:\/\/www.correiobraziliense.com.br\/cbradar\/wp-content\/uploads\/2025\/12\/Urtiga_1766577796870-300x169.jpg 300w, https:\/\/www.correiobraziliense.com.br\/cbradar\/wp-content\/uploads\/2025\/12\/Urtiga_1766577796870-768x432.jpg 768w, https:\/\/www.correiobraziliense.com.br\/cbradar\/wp-content\/uploads\/2025\/12\/Urtiga_1766577796870-750x422.jpg 750w, https:\/\/www.correiobraziliense.com.br\/cbradar\/wp-content\/uploads\/2025\/12\/Urtiga_1766577796870-1140x641.jpg 1140w, https:\/\/www.correiobraziliense.com.br\/cbradar\/wp-content\/uploads\/2025\/12\/Urtiga_1766577796870.jpg 1280w\" sizes=\"(max-width: 1024px) 100vw, 1024px\" \/><figcaption class=\"wp-element-caption\">Urtiga &#8211; Cr\u00e9ditos: depositphotos.com \/ photooiasson<\/figcaption><\/figure><\/div>\n\n\n<h2 class=\"wp-block-heading\">A urtiga realmente ajuda a reduzir a azia?<\/h2>\n\n\n\n<p>A azia \u00e9 um desconforto comum, resultante do retorno do conte\u00fado \u00e1cido estomacal para o es\u00f4fago. A urtiga pode ser um elemento complementar no al\u00edvio dessa sensa\u00e7\u00e3o, possivelmente por possuir leve potencial anti-inflamat\u00f3rio que protege a mucosa gastrointestinal. Combina\u00e7\u00f5es de urtiga com camomila ou erva-doce em ch\u00e1s s\u00e3o populares para aliviar a queima\u00e7\u00e3o. Contudo, \u00e9 sempre recomend\u00e1vel procurar avalia\u00e7\u00e3o m\u00e9dica para azias frequentes, j\u00e1 que a planta atua apenas como um apoio, e n\u00e3o uma solu\u00e7\u00e3o definitiva.<\/p>\n\n\n\n<h2 class=\"wp-block-heading\">Quais cuidados s\u00e3o necess\u00e1rios ao consumir urtiga?<\/h2>\n\n\n\n<p>Os efeitos ben\u00e9ficos da urtiga ainda dependem da forma de consumo e da qualidade da planta. Para favorecer o detox do f\u00edgado, a digest\u00e3o e a redu\u00e7\u00e3o da azia, esta planta pode ser consumida na forma de ch\u00e1, c\u00e1psulas, tinturas ou at\u00e9 mesmo em prepara\u00e7\u00f5es culin\u00e1rias quando corretamente manuseada. No entanto, prud\u00eancia \u00e9 essencial, sobretudo para pessoas com condi\u00e7\u00f5es renais, gr\u00e1vidas ou lactantes, visto que a urtiga pode influenciar o metabolismo e o sistema diur\u00e9tico. Sempre que houver rea\u00e7\u00f5es adversas, a interrup\u00e7\u00e3o imediata do uso e a consulta com um profissional de <a href=\"https:\/\/www.correiobraziliense.com.br\/cbradar\/cabeca-achatada-em-bebes-merece-atencao\/\" target=\"_blank\" rel=\"noreferrer noopener\">sa\u00fade <\/a>s\u00e3o recomendadas.<\/p>\n\n\n\n<p>A urtiga, quando inserida de maneira respons\u00e1vel e segura em rotinas di\u00e1rias, com a orienta\u00e7\u00e3o de especialistas e integrando h\u00e1bitos saud\u00e1veis, pode se mostrar valiosa em regimes de sa\u00fade que visam refor\u00e7ar o suporte ao f\u00edgado, a digest\u00e3o e o al\u00edvio de azia. \u00c9 importante adquirir a planta de fornecedores confi\u00e1veis e seguir as dosagens indicadas, garantindo uma experi\u00eancia mais segura e eficaz ao longo do tempo.<\/p>\n\n\n<a href=\"https:\/\/www.instagram.com\/dra.annaluisabf\/\" target=\"_blank\" rel=\"noopener\" style=\"text-decoration: none; color: inherit;\">\n    <span style=\"display: inline-block; border: 1px solid #ccc; border-radius: 10px; padding: 15px; max-width: 550px; font-family: sans-serif; box-shadow: 0 2px 5px rgba(0,0,0,0.1); width: 100%;\">\n\n      <!-- T\u00edtulo -->\n      <span style=\"display: block; margin: 0 0 15px 0; font-weight: bold; color: #2c3e50; text-align: center;\">\n        Entre em contato:\n      <\/span>\n\n      <!-- Linha do perfil -->\n      <span style=\"display: flex; align-items: center; gap: 15px;\">\n        <img decoding=\"async\"\n          src=\"https:\/\/www.correiobraziliense.com.br\/cbradar\/wp-content\/uploads\/2025\/08\/dra_anna_luisa.jpeg\"\n          alt=\"Foto da Dra. Anna Lu\u00edsa\"\n          style=\"border-radius: 50%; width: 80px; height: 80px; object-fit: cover;\"\n        \/>\n        <span style=\"display: flex; flex-direction: column;\">\n          <span style=\"font-size: 18px; font-weight: 700; color: #2c3e50;\">Dra. Anna Lu\u00edsa Barbosa Fernandes<\/span>\n          <span style=\"color: #555;\">CRM-GO 33.271<\/span>\n        <\/span>\n      <\/span>\n\n      <!-- Redes -->\n      <span style=\"display: flex; align-items: center; gap: 10px; margin-top: 12px;\">\n        <img decoding=\"async\" src=\"https:\/\/cdn-icons-png.flaticon.com\/24\/1384\/1384063.png\" alt=\"Instagram\" width=\"24\" height=\"24\" \/>\n        <span style=\"text-decoration: underline; color: #2c3e50;\">@dra.annaluisabf<\/span>\n      <\/span>\n\n    <\/span>\n  <\/a>","protected":false},"excerpt":{"rendered":"<p>Ao longo dos anos, a Urtiga tem sido uma aliada das pr\u00e1ticas de sa\u00fade integrativa, especialmente em 2025, onde pesquisas destacam seus benef\u00edcios no equil\u00edbrio do organismo. Com propriedades conhecidas na medicina tradicional por s\u00e9culos, a planta tem ganhado aten\u00e7\u00e3o pelas suas potencialidades em processos de desintoxica\u00e7\u00e3o, ref\u00fagio para um f\u00edgado mais saud\u00e1vel e digest\u00e3o [&hellip;]<\/p>\n","protected":false},"author":14,"featured_media":93788,"comment_status":"open","ping_status":"open","sticky":false,"template":"","format":"standard","meta":{"_yoast_wpseo_focuskw":"Urtiga","_yoast_wpseo_title":"","_yoast_wpseo_metadesc":"A urtiga vem ganhando destaque por apoiar o f\u00edgado, a digest\u00e3o e aliviar desconfortos como azia de forma natural.","jnews-multi-image_gallery":[],"jnews_single_post":{"format":"standard"},"jnews_primary_category":[],"jnews_social_meta":[],"jnews_override_counter":[],"footnotes":""},"categories":[4404],"tags":[120,247,1318],"class_list":["post-178559","post","type-post","status-publish","format-standard","has-post-thumbnail","hentry","category-saude","tag-bem-estar","tag-qualidade-de-vida","tag-saude-2"],"yoast_head":"<!-- This site is optimized with the Yoast SEO plugin v24.6 - https:\/\/yoast.com\/wordpress\/plugins\/seo\/ -->\n<title>Poucos sabem como a urtiga pode ajudar o f\u00edgado - Correio Braziliense - Radar<\/title>\n<meta name=\"description\" content=\"A urtiga vem ganhando destaque por apoiar o f\u00edgado, a digest\u00e3o e aliviar desconfortos como azia de forma natural.\" \/>\n<meta name=\"robots\" content=\"index, follow, max-snippet:-1, max-image-preview:large, max-video-preview:-1\" \/>\n<link rel=\"canonical\" href=\"https:\/\/www.correiobraziliense.com.br\/cbradar\/poucos-sabem-como-a-urtiga-pode-ajudar-o-figado\/\" \/>\n<meta property=\"og:locale\" content=\"pt_BR\" \/>\n<meta property=\"og:type\" content=\"article\" \/>\n<meta property=\"og:title\" content=\"Poucos sabem como a urtiga pode ajudar o f\u00edgado - Correio Braziliense - Radar\" \/>\n<meta property=\"og:description\" content=\"A urtiga vem ganhando destaque por apoiar o f\u00edgado, a digest\u00e3o e aliviar desconfortos como azia de forma natural.\" \/>\n<meta property=\"og:url\" content=\"https:\/\/www.correiobraziliense.com.br\/cbradar\/poucos-sabem-como-a-urtiga-pode-ajudar-o-figado\/\" \/>\n<meta property=\"og:site_name\" content=\"Correio Braziliense - Radar\" \/>\n<meta property=\"article:published_time\" content=\"2026-01-21T18:55:00+00:00\" \/>\n<meta property=\"og:image\" content=\"https:\/\/www.correiobraziliense.com.br\/cbradar\/wp-content\/uploads\/2025\/08\/urtiga_1756244890042.jpg\" \/>\n\t<meta property=\"og:image:width\" content=\"1280\" \/>\n\t<meta property=\"og:image:height\" content=\"720\" \/>\n\t<meta property=\"og:image:type\" content=\"image\/jpeg\" \/>\n<meta name=\"author\" content=\"guilherme_saude\" \/>\n<meta name=\"twitter:card\" content=\"summary_large_image\" \/>\n<meta name=\"twitter:label1\" content=\"Escrito por\" \/>\n\t<meta name=\"twitter:data1\" content=\"guilherme_saude\" \/>\n\t<meta name=\"twitter:label2\" content=\"Est. tempo de leitura\" \/>\n\t<meta name=\"twitter:data2\" content=\"4 minutos\" \/>\n<!-- \/ Yoast SEO plugin. -->","yoast_head_json":{"title":"Poucos sabem como a urtiga pode ajudar o f\u00edgado - Correio Braziliense - Radar","description":"A urtiga vem ganhando destaque por apoiar o f\u00edgado, a digest\u00e3o e aliviar desconfortos como azia de forma natural.","robots":{"index":"index","follow":"follow","max-snippet":"max-snippet:-1","max-image-preview":"max-image-preview:large","max-video-preview":"max-video-preview:-1"},"canonical":"https:\/\/www.correiobraziliense.com.br\/cbradar\/poucos-sabem-como-a-urtiga-pode-ajudar-o-figado\/","og_locale":"pt_BR","og_type":"article","og_title":"Poucos sabem como a urtiga pode ajudar o f\u00edgado - Correio Braziliense - Radar","og_description":"A urtiga vem ganhando destaque por apoiar o f\u00edgado, a digest\u00e3o e aliviar desconfortos como azia de forma natural.","og_url":"https:\/\/www.correiobraziliense.com.br\/cbradar\/poucos-sabem-como-a-urtiga-pode-ajudar-o-figado\/","og_site_name":"Correio Braziliense - Radar","article_published_time":"2026-01-21T18:55:00+00:00","og_image":[{"width":1280,"height":720,"url":"https:\/\/www.correiobraziliense.com.br\/cbradar\/wp-content\/uploads\/2025\/08\/urtiga_1756244890042.jpg","type":"image\/jpeg"}],"author":"guilherme_saude","twitter_card":"summary_large_image","twitter_misc":{"Escrito por":"guilherme_saude","Est. tempo de leitura":"4 minutos"},"schema":{"@context":"https:\/\/schema.org","@graph":[{"@type":"WebPage","@id":"https:\/\/www.correiobraziliense.com.br\/cbradar\/poucos-sabem-como-a-urtiga-pode-ajudar-o-figado\/","url":"https:\/\/www.correiobraziliense.com.br\/cbradar\/poucos-sabem-como-a-urtiga-pode-ajudar-o-figado\/","name":"Poucos sabem como a urtiga pode ajudar o f\u00edgado - Correio Braziliense - Radar","isPartOf":{"@id":"https:\/\/www.correiobraziliense.com.br\/cbradar\/#website"},"primaryImageOfPage":{"@id":"https:\/\/www.correiobraziliense.com.br\/cbradar\/poucos-sabem-como-a-urtiga-pode-ajudar-o-figado\/#primaryimage"},"image":{"@id":"https:\/\/www.correiobraziliense.com.br\/cbradar\/poucos-sabem-como-a-urtiga-pode-ajudar-o-figado\/#primaryimage"},"thumbnailUrl":"https:\/\/www.correiobraziliense.com.br\/cbradar\/wp-content\/uploads\/2025\/08\/urtiga_1756244890042.jpg","datePublished":"2026-01-21T18:55:00+00:00","author":{"@id":"https:\/\/www.correiobraziliense.com.br\/cbradar\/#\/schema\/person\/5aa4bf3c8fa699c267933611de12978b"},"description":"A urtiga vem ganhando destaque por apoiar o f\u00edgado, a digest\u00e3o e aliviar desconfortos como azia de forma natural.","breadcrumb":{"@id":"https:\/\/www.correiobraziliense.com.br\/cbradar\/poucos-sabem-como-a-urtiga-pode-ajudar-o-figado\/#breadcrumb"},"inLanguage":"pt-BR","potentialAction":[{"@type":"ReadAction","target":["https:\/\/www.correiobraziliense.com.br\/cbradar\/poucos-sabem-como-a-urtiga-pode-ajudar-o-figado\/"]}]},{"@type":"ImageObject","inLanguage":"pt-BR","@id":"https:\/\/www.correiobraziliense.com.br\/cbradar\/poucos-sabem-como-a-urtiga-pode-ajudar-o-figado\/#primaryimage","url":"https:\/\/www.correiobraziliense.com.br\/cbradar\/wp-content\/uploads\/2025\/08\/urtiga_1756244890042.jpg","contentUrl":"https:\/\/www.correiobraziliense.com.br\/cbradar\/wp-content\/uploads\/2025\/08\/urtiga_1756244890042.jpg","width":1280,"height":720,"caption":"Urtiga - Cr\u00e9ditos: depositphotos.com \/ KostyaKlimenko"},{"@type":"BreadcrumbList","@id":"https:\/\/www.correiobraziliense.com.br\/cbradar\/poucos-sabem-como-a-urtiga-pode-ajudar-o-figado\/#breadcrumb","itemListElement":[{"@type":"ListItem","position":1,"name":"In\u00edcio","item":"https:\/\/www.correiobraziliense.com.br\/cbradar\/"},{"@type":"ListItem","position":2,"name":"Poucos sabem como a urtiga pode ajudar o f\u00edgado"}]},{"@type":"WebSite","@id":"https:\/\/www.correiobraziliense.com.br\/cbradar\/#website","url":"https:\/\/www.correiobraziliense.com.br\/cbradar\/","name":"Correio Braziliense - Radar","description":"Acompanhe as \u00faltimas not\u00edcias e fique bem informado sobre tudo o que acontece no Brasil e no mundo.","potentialAction":[{"@type":"SearchAction","target":{"@type":"EntryPoint","urlTemplate":"https:\/\/www.correiobraziliense.com.br\/cbradar\/?s={search_term_string}"},"query-input":{"@type":"PropertyValueSpecification","valueRequired":true,"valueName":"search_term_string"}}],"inLanguage":"pt-BR"},{"@type":"Person","@id":"https:\/\/www.correiobraziliense.com.br\/cbradar\/#\/schema\/person\/5aa4bf3c8fa699c267933611de12978b","name":"guilherme_saude","image":{"@type":"ImageObject","inLanguage":"pt-BR","@id":"https:\/\/www.correiobraziliense.com.br\/cbradar\/#\/schema\/person\/image\/","url":"https:\/\/secure.gravatar.com\/avatar\/df9adfb835d344bc0af109d41756253f?s=96&d=mm&r=g","contentUrl":"https:\/\/secure.gravatar.com\/avatar\/df9adfb835d344bc0af109d41756253f?s=96&d=mm&r=g","caption":"guilherme_saude"},"url":"https:\/\/www.correiobraziliense.com.br\/cbradar\/author\/guilherme_saude\/"}]}},"_links":{"self":[{"href":"https:\/\/www.correiobraziliense.com.br\/cbradar\/wp-json\/wp\/v2\/posts\/178559","targetHints":{"allow":["GET"]}}],"collection":[{"href":"https:\/\/www.correiobraziliense.com.br\/cbradar\/wp-json\/wp\/v2\/posts"}],"about":[{"href":"https:\/\/www.correiobraziliense.com.br\/cbradar\/wp-json\/wp\/v2\/types\/post"}],"author":[{"embeddable":true,"href":"https:\/\/www.correiobraziliense.com.br\/cbradar\/wp-json\/wp\/v2\/users\/14"}],"replies":[{"embeddable":true,"href":"https:\/\/www.correiobraziliense.com.br\/cbradar\/wp-json\/wp\/v2\/comments?post=178559"}],"version-history":[{"count":1,"href":"https:\/\/www.correiobraziliense.com.br\/cbradar\/wp-json\/wp\/v2\/posts\/178559\/revisions"}],"predecessor-version":[{"id":178569,"href":"https:\/\/www.correiobraziliense.com.br\/cbradar\/wp-json\/wp\/v2\/posts\/178559\/revisions\/178569"}],"wp:featuredmedia":[{"embeddable":true,"href":"https:\/\/www.correiobraziliense.com.br\/cbradar\/wp-json\/wp\/v2\/media\/93788"}],"wp:attachment":[{"href":"https:\/\/www.correiobraziliense.com.br\/cbradar\/wp-json\/wp\/v2\/media?parent=178559"}],"wp:term":[{"taxonomy":"category","embeddable":true,"href":"https:\/\/www.correiobraziliense.com.br\/cbradar\/wp-json\/wp\/v2\/categories?post=178559"},{"taxonomy":"post_tag","embeddable":true,"href":"https:\/\/www.correiobraziliense.com.br\/cbradar\/wp-json\/wp\/v2\/tags?post=178559"}],"curies":[{"name":"wp","href":"https:\/\/api.w.org\/{rel}","templated":true}]}}