{"id":178571,"date":"2026-01-21T17:15:00","date_gmt":"2026-01-21T20:15:00","guid":{"rendered":"https:\/\/www.correiobraziliense.com.br\/cbradar\/?p=178571"},"modified":"2026-01-20T11:27:16","modified_gmt":"2026-01-20T14:27:16","slug":"essa-planta-comum-pode-reduzir-inchaco-e-retencao","status":"publish","type":"post","link":"https:\/\/www.correiobraziliense.com.br\/cbradar\/essa-planta-comum-pode-reduzir-inchaco-e-retencao\/","title":{"rendered":"Essa planta comum pode reduzir incha\u00e7o e reten\u00e7\u00e3o"},"content":{"rendered":"\n<p>O <strong>Dente-de-Le\u00e3o<\/strong>, ou\u00a0<em>Taraxacum officinale<\/em>, \u00e9 uma planta amplamente disseminada e muitas vezes subestimada, considerada um mero mato em ambientes urbanos e rurais. No entanto, essa herb\u00e1cea det\u00e9m um papel significativo em pr\u00e1ticas de medicina tradicional, voltadas para a sa\u00fade do f\u00edgado, dos rins e do sistema linf\u00e1tico. Sua crescente popularidade deve-se ao potencial de promover a drenagem de l\u00edquidos e desintoxica\u00e7\u00e3o, fazendo com que tanto a ci\u00eancia quanto adeptos da sa\u00fade natural voltem sua aten\u00e7\u00e3o para essa esp\u00e9cie milenar.<\/p>\n\n\n\n<p>A rela\u00e7\u00e3o do dente-de-le\u00e3o com a drenagem linf\u00e1tica est\u00e1 em seu papel de aux\u00edlio na reten\u00e7\u00e3o de l\u00edquidos e edema leve. O sistema linf\u00e1tico, crucial para transporte de fluidos e elimina\u00e7\u00e3o de subst\u00e2ncias do corpo, sofre quando seu fluxo \u00e9 comprometido, levando \u00e0 sensa\u00e7\u00e3o de incha\u00e7o e maior susceptibilidade a infec\u00e7\u00f5es. O dente-de-le\u00e3o estimula tanto a produ\u00e7\u00e3o de urina quanto o funcionalismo do f\u00edgado, \u00f3rg\u00e3os chave no processo de aumentar a circula\u00e7\u00e3o e remover o excesso de fluidos.<\/p>\n\n\n<div class=\"wp-block-image\">\n<figure class=\"aligncenter size-large\"><img decoding=\"async\" width=\"1024\" height=\"576\" src=\"https:\/\/www.correiobraziliense.com.br\/cbradar\/wp-content\/uploads\/2025\/10\/Dente-de-Leao_1760186540651-1024x576.jpg\" alt=\"\" class=\"wp-image-117507\" srcset=\"https:\/\/www.correiobraziliense.com.br\/cbradar\/wp-content\/uploads\/2025\/10\/Dente-de-Leao_1760186540651-1024x576.jpg 1024w, https:\/\/www.correiobraziliense.com.br\/cbradar\/wp-content\/uploads\/2025\/10\/Dente-de-Leao_1760186540651-300x169.jpg 300w, https:\/\/www.correiobraziliense.com.br\/cbradar\/wp-content\/uploads\/2025\/10\/Dente-de-Leao_1760186540651-768x432.jpg 768w, https:\/\/www.correiobraziliense.com.br\/cbradar\/wp-content\/uploads\/2025\/10\/Dente-de-Leao_1760186540651-750x422.jpg 750w, https:\/\/www.correiobraziliense.com.br\/cbradar\/wp-content\/uploads\/2025\/10\/Dente-de-Leao_1760186540651-1140x641.jpg 1140w, https:\/\/www.correiobraziliense.com.br\/cbradar\/wp-content\/uploads\/2025\/10\/Dente-de-Leao_1760186540651.jpg 1280w\" sizes=\"(max-width: 1024px) 100vw, 1024px\" \/><figcaption class=\"wp-element-caption\">Dente-de-Le\u00e3o &#8211; Cr\u00e9ditos: depositphotos.com \/ skyfotostock1<\/figcaption><\/figure><\/div>\n\n\n<h2 class=\"wp-block-heading\">Como o dente-de-le\u00e3o contribui para a drenagem linf\u00e1tica?<\/h2>\n\n\n\n<p>Devido \u00e0s suas propriedades diur\u00e9ticas, o dente-de-le\u00e3o facilita a elimina\u00e7\u00e3o de \u00e1gua e sais minerais, aliviando o volume de l\u00edquido nos tecidos corporais. Al\u00e9m disso, seus compostos bioativos, como flavonoides e lactonas sesquiterp\u00eanicas, t\u00eam um impacto ben\u00e9fico sobre o f\u00edgado. Este efeito combinado promove um sistema linf\u00e1tico mais eficiente, essencial para a preven\u00e7\u00e3o de edemas e na manuten\u00e7\u00e3o de um organismo saud\u00e1vel.<\/p>\n\n\n\n<h2 class=\"wp-block-heading\">Quais s\u00e3o os mecanismos de desintoxica\u00e7\u00e3o do dente-de-le\u00e3o?<\/h2>\n\n\n\n<p>As capacidades desintoxicantes do dente-de-le\u00e3o se manifestam principalmente atrav\u00e9s do est\u00edmulo \u00e0 produ\u00e7\u00e3o de bile, fundamental na digest\u00e3o de gorduras e na excre\u00e7\u00e3o de toxinas. Seus componentes amargos, encontrados na raiz e nas folhas, incrementam a efici\u00eancia do f\u00edgado e, simultaneamente, aumentam a diurese. Este processo \u00e9 vitally importante para a remo\u00e7\u00e3o de metab\u00f3litos e subst\u00e2ncias dissolvidas em \u00e1gua atrav\u00e9s dos rins.<\/p>\n\n\n\n<h2 class=\"wp-block-heading\">De que forma o dente-de-le\u00e3o pode ser consumido para apoiar a drenagem linf\u00e1tica?<\/h2>\n\n\n\n<p>O dente-de-le\u00e3o pode ser consumido de diversas maneiras: em ch\u00e1s com folhas secas, ra\u00edzes desidratadas, c\u00e1psulas, extratos l\u00edquidos e at\u00e9 como parte de saladas com folhas jovens. Cada forma apresenta diferentes concentra\u00e7\u00f5es de compostos ativos, e a orienta\u00e7\u00e3o profissional \u00e9 essencial para determinar o uso apropriado. A utiliza\u00e7\u00e3o em forma de ch\u00e1 ou extrato \u00e9 especialmente recomendada para suporte \u00e0 drenagem linf\u00e1tica e deve ser ajustada conforme as condi\u00e7\u00f5es individuais do consumidor.<\/p>\n\n\n\n<h2 class=\"wp-block-heading\">Quais as precau\u00e7\u00f5es ao usar dente-de-le\u00e3o?<\/h2>\n\n\n\n<p>Embora ben\u00e9fico, o uso do dente-de-le\u00e3o exige algumas precau\u00e7\u00f5es. Indiv\u00edduos com doen\u00e7as renais ou hep\u00e1ticas devem buscar orienta\u00e7\u00e3o m\u00e9dica antes de inclu\u00ed-lo na dieta. Intera\u00e7\u00f5es com medicamentos, como diur\u00e9ticos e anti-hipertensivos, tamb\u00e9m devem ser consideradas. Al\u00e9m de observar sinais de sensibilidade, optar por produtos de origem confi\u00e1vel \u00e9 vital para assegurar a identifica\u00e7\u00e3o correta da esp\u00e9cie bot\u00e2nica.<\/p>\n\n\n\n<p>Em pleno 2025, o dente-de-le\u00e3o segue como um recurso popular para drenagem linf\u00e1tica e desintoxica\u00e7\u00e3o. Seu uso informado e com acompanhamento profissional representa um passo para integrar essa planta em um estilo de vida balanceado, complementando dietas saud\u00e1veis, exerc\u00edcios regulares e t\u00e9cnicas de drenagem eficazes. Cada vez mais, essa herb\u00e1cea ganha espa\u00e7o nas prateleiras e na lista de cuidados naturais de quem busca bem-estar e <a href=\"https:\/\/www.correiobraziliense.com.br\/cbradar\/cabeca-achatada-em-bebes-merece-atencao\/\" target=\"_blank\" rel=\"noreferrer noopener\">sa\u00fade <\/a>renovada.<\/p>\n\n\n<a href=\"https:\/\/www.instagram.com\/dra.annaluisabf\/\" target=\"_blank\" rel=\"noopener\" style=\"text-decoration: none; color: inherit;\">\n    <span style=\"display: inline-block; border: 1px solid #ccc; border-radius: 10px; padding: 15px; max-width: 550px; font-family: sans-serif; box-shadow: 0 2px 5px rgba(0,0,0,0.1); width: 100%;\">\n\n      <!-- T\u00edtulo -->\n      <span style=\"display: block; margin: 0 0 15px 0; font-weight: bold; color: #2c3e50; text-align: center;\">\n        Entre em contato:\n      <\/span>\n\n      <!-- Linha do perfil -->\n      <span style=\"display: flex; align-items: center; gap: 15px;\">\n        <img decoding=\"async\"\n          src=\"https:\/\/www.correiobraziliense.com.br\/cbradar\/wp-content\/uploads\/2025\/08\/dra_anna_luisa.jpeg\"\n          alt=\"Foto da Dra. Anna Lu\u00edsa\"\n          style=\"border-radius: 50%; width: 80px; height: 80px; object-fit: cover;\"\n        \/>\n        <span style=\"display: flex; flex-direction: column;\">\n          <span style=\"font-size: 18px; font-weight: 700; color: #2c3e50;\">Dra. Anna Lu\u00edsa Barbosa Fernandes<\/span>\n          <span style=\"color: #555;\">CRM-GO 33.271<\/span>\n        <\/span>\n      <\/span>\n\n      <!-- Redes -->\n      <span style=\"display: flex; align-items: center; gap: 10px; margin-top: 12px;\">\n        <img decoding=\"async\" src=\"https:\/\/cdn-icons-png.flaticon.com\/24\/1384\/1384063.png\" alt=\"Instagram\" width=\"24\" height=\"24\" \/>\n        <span style=\"text-decoration: underline; color: #2c3e50;\">@dra.annaluisabf<\/span>\n      <\/span>\n\n    <\/span>\n  <\/a>","protected":false},"excerpt":{"rendered":"<p>O Dente-de-Le\u00e3o, ou\u00a0Taraxacum officinale, \u00e9 uma planta amplamente disseminada e muitas vezes subestimada, considerada um mero mato em ambientes urbanos e rurais. No entanto, essa herb\u00e1cea det\u00e9m um papel significativo em pr\u00e1ticas de medicina tradicional, voltadas para a sa\u00fade do f\u00edgado, dos rins e do sistema linf\u00e1tico. Sua crescente popularidade deve-se ao potencial de promover [&hellip;]<\/p>\n","protected":false},"author":14,"featured_media":117506,"comment_status":"open","ping_status":"open","sticky":false,"template":"","format":"standard","meta":{"_yoast_wpseo_focuskw":"Dente-de-Le\u00e3o","_yoast_wpseo_title":"","_yoast_wpseo_metadesc":"","jnews-multi-image_gallery":[],"jnews_single_post":{"format":"standard"},"jnews_primary_category":[],"jnews_social_meta":[],"jnews_override_counter":[],"footnotes":""},"categories":[4404],"tags":[120,247,1318],"class_list":["post-178571","post","type-post","status-publish","format-standard","has-post-thumbnail","hentry","category-saude","tag-bem-estar","tag-qualidade-de-vida","tag-saude-2"],"yoast_head":"<!-- This site is optimized with the Yoast SEO plugin v24.6 - https:\/\/yoast.com\/wordpress\/plugins\/seo\/ -->\n<title>Essa planta comum pode reduzir incha\u00e7o e reten\u00e7\u00e3o - Correio Braziliense - Radar<\/title>\n<meta name=\"robots\" content=\"index, follow, max-snippet:-1, max-image-preview:large, max-video-preview:-1\" \/>\n<link rel=\"canonical\" href=\"https:\/\/www.correiobraziliense.com.br\/cbradar\/essa-planta-comum-pode-reduzir-inchaco-e-retencao\/\" \/>\n<meta property=\"og:locale\" content=\"pt_BR\" \/>\n<meta property=\"og:type\" content=\"article\" \/>\n<meta property=\"og:title\" content=\"Essa planta comum pode reduzir incha\u00e7o e reten\u00e7\u00e3o - Correio Braziliense - Radar\" \/>\n<meta property=\"og:description\" content=\"O Dente-de-Le\u00e3o, ou\u00a0Taraxacum officinale, \u00e9 uma planta amplamente disseminada e muitas vezes subestimada, considerada um mero mato em ambientes urbanos e rurais. No entanto, essa herb\u00e1cea det\u00e9m um papel significativo em pr\u00e1ticas de medicina tradicional, voltadas para a sa\u00fade do f\u00edgado, dos rins e do sistema linf\u00e1tico. Sua crescente popularidade deve-se ao potencial de promover [&hellip;]\" \/>\n<meta property=\"og:url\" content=\"https:\/\/www.correiobraziliense.com.br\/cbradar\/essa-planta-comum-pode-reduzir-inchaco-e-retencao\/\" \/>\n<meta property=\"og:site_name\" content=\"Correio Braziliense - Radar\" \/>\n<meta property=\"article:published_time\" content=\"2026-01-21T20:15:00+00:00\" \/>\n<meta property=\"og:image\" content=\"https:\/\/www.correiobraziliense.com.br\/cbradar\/wp-content\/uploads\/2025\/10\/Dente-de-Leao_1760186518212.jpg\" \/>\n\t<meta property=\"og:image:width\" content=\"1280\" \/>\n\t<meta property=\"og:image:height\" content=\"720\" \/>\n\t<meta property=\"og:image:type\" content=\"image\/jpeg\" \/>\n<meta name=\"author\" content=\"guilherme_saude\" \/>\n<meta name=\"twitter:card\" content=\"summary_large_image\" \/>\n<meta name=\"twitter:label1\" content=\"Escrito por\" \/>\n\t<meta name=\"twitter:data1\" content=\"guilherme_saude\" \/>\n\t<meta name=\"twitter:label2\" content=\"Est. tempo de leitura\" \/>\n\t<meta name=\"twitter:data2\" content=\"4 minutos\" \/>\n<!-- \/ Yoast SEO plugin. -->","yoast_head_json":{"title":"Essa planta comum pode reduzir incha\u00e7o e reten\u00e7\u00e3o - Correio Braziliense - Radar","robots":{"index":"index","follow":"follow","max-snippet":"max-snippet:-1","max-image-preview":"max-image-preview:large","max-video-preview":"max-video-preview:-1"},"canonical":"https:\/\/www.correiobraziliense.com.br\/cbradar\/essa-planta-comum-pode-reduzir-inchaco-e-retencao\/","og_locale":"pt_BR","og_type":"article","og_title":"Essa planta comum pode reduzir incha\u00e7o e reten\u00e7\u00e3o - Correio Braziliense - Radar","og_description":"O Dente-de-Le\u00e3o, ou\u00a0Taraxacum officinale, \u00e9 uma planta amplamente disseminada e muitas vezes subestimada, considerada um mero mato em ambientes urbanos e rurais. No entanto, essa herb\u00e1cea det\u00e9m um papel significativo em pr\u00e1ticas de medicina tradicional, voltadas para a sa\u00fade do f\u00edgado, dos rins e do sistema linf\u00e1tico. Sua crescente popularidade deve-se ao potencial de promover [&hellip;]","og_url":"https:\/\/www.correiobraziliense.com.br\/cbradar\/essa-planta-comum-pode-reduzir-inchaco-e-retencao\/","og_site_name":"Correio Braziliense - Radar","article_published_time":"2026-01-21T20:15:00+00:00","og_image":[{"width":1280,"height":720,"url":"https:\/\/www.correiobraziliense.com.br\/cbradar\/wp-content\/uploads\/2025\/10\/Dente-de-Leao_1760186518212.jpg","type":"image\/jpeg"}],"author":"guilherme_saude","twitter_card":"summary_large_image","twitter_misc":{"Escrito por":"guilherme_saude","Est. tempo de leitura":"4 minutos"},"schema":{"@context":"https:\/\/schema.org","@graph":[{"@type":"WebPage","@id":"https:\/\/www.correiobraziliense.com.br\/cbradar\/essa-planta-comum-pode-reduzir-inchaco-e-retencao\/","url":"https:\/\/www.correiobraziliense.com.br\/cbradar\/essa-planta-comum-pode-reduzir-inchaco-e-retencao\/","name":"Essa planta comum pode reduzir incha\u00e7o e reten\u00e7\u00e3o - Correio Braziliense - Radar","isPartOf":{"@id":"https:\/\/www.correiobraziliense.com.br\/cbradar\/#website"},"primaryImageOfPage":{"@id":"https:\/\/www.correiobraziliense.com.br\/cbradar\/essa-planta-comum-pode-reduzir-inchaco-e-retencao\/#primaryimage"},"image":{"@id":"https:\/\/www.correiobraziliense.com.br\/cbradar\/essa-planta-comum-pode-reduzir-inchaco-e-retencao\/#primaryimage"},"thumbnailUrl":"https:\/\/www.correiobraziliense.com.br\/cbradar\/wp-content\/uploads\/2025\/10\/Dente-de-Leao_1760186518212.jpg","datePublished":"2026-01-21T20:15:00+00:00","author":{"@id":"https:\/\/www.correiobraziliense.com.br\/cbradar\/#\/schema\/person\/5aa4bf3c8fa699c267933611de12978b"},"breadcrumb":{"@id":"https:\/\/www.correiobraziliense.com.br\/cbradar\/essa-planta-comum-pode-reduzir-inchaco-e-retencao\/#breadcrumb"},"inLanguage":"pt-BR","potentialAction":[{"@type":"ReadAction","target":["https:\/\/www.correiobraziliense.com.br\/cbradar\/essa-planta-comum-pode-reduzir-inchaco-e-retencao\/"]}]},{"@type":"ImageObject","inLanguage":"pt-BR","@id":"https:\/\/www.correiobraziliense.com.br\/cbradar\/essa-planta-comum-pode-reduzir-inchaco-e-retencao\/#primaryimage","url":"https:\/\/www.correiobraziliense.com.br\/cbradar\/wp-content\/uploads\/2025\/10\/Dente-de-Leao_1760186518212.jpg","contentUrl":"https:\/\/www.correiobraziliense.com.br\/cbradar\/wp-content\/uploads\/2025\/10\/Dente-de-Leao_1760186518212.jpg","width":1280,"height":720,"caption":"Dente-de-Le\u00e3o - Cr\u00e9ditos: depositphotos.com \/ Hriana"},{"@type":"BreadcrumbList","@id":"https:\/\/www.correiobraziliense.com.br\/cbradar\/essa-planta-comum-pode-reduzir-inchaco-e-retencao\/#breadcrumb","itemListElement":[{"@type":"ListItem","position":1,"name":"In\u00edcio","item":"https:\/\/www.correiobraziliense.com.br\/cbradar\/"},{"@type":"ListItem","position":2,"name":"Essa planta comum pode reduzir incha\u00e7o e reten\u00e7\u00e3o"}]},{"@type":"WebSite","@id":"https:\/\/www.correiobraziliense.com.br\/cbradar\/#website","url":"https:\/\/www.correiobraziliense.com.br\/cbradar\/","name":"Correio Braziliense - Radar","description":"Acompanhe as \u00faltimas not\u00edcias e fique bem informado sobre tudo o que acontece no Brasil e no mundo.","potentialAction":[{"@type":"SearchAction","target":{"@type":"EntryPoint","urlTemplate":"https:\/\/www.correiobraziliense.com.br\/cbradar\/?s={search_term_string}"},"query-input":{"@type":"PropertyValueSpecification","valueRequired":true,"valueName":"search_term_string"}}],"inLanguage":"pt-BR"},{"@type":"Person","@id":"https:\/\/www.correiobraziliense.com.br\/cbradar\/#\/schema\/person\/5aa4bf3c8fa699c267933611de12978b","name":"guilherme_saude","image":{"@type":"ImageObject","inLanguage":"pt-BR","@id":"https:\/\/www.correiobraziliense.com.br\/cbradar\/#\/schema\/person\/image\/","url":"https:\/\/secure.gravatar.com\/avatar\/df9adfb835d344bc0af109d41756253f?s=96&d=mm&r=g","contentUrl":"https:\/\/secure.gravatar.com\/avatar\/df9adfb835d344bc0af109d41756253f?s=96&d=mm&r=g","caption":"guilherme_saude"},"url":"https:\/\/www.correiobraziliense.com.br\/cbradar\/author\/guilherme_saude\/"}]}},"_links":{"self":[{"href":"https:\/\/www.correiobraziliense.com.br\/cbradar\/wp-json\/wp\/v2\/posts\/178571","targetHints":{"allow":["GET"]}}],"collection":[{"href":"https:\/\/www.correiobraziliense.com.br\/cbradar\/wp-json\/wp\/v2\/posts"}],"about":[{"href":"https:\/\/www.correiobraziliense.com.br\/cbradar\/wp-json\/wp\/v2\/types\/post"}],"author":[{"embeddable":true,"href":"https:\/\/www.correiobraziliense.com.br\/cbradar\/wp-json\/wp\/v2\/users\/14"}],"replies":[{"embeddable":true,"href":"https:\/\/www.correiobraziliense.com.br\/cbradar\/wp-json\/wp\/v2\/comments?post=178571"}],"version-history":[{"count":1,"href":"https:\/\/www.correiobraziliense.com.br\/cbradar\/wp-json\/wp\/v2\/posts\/178571\/revisions"}],"predecessor-version":[{"id":178578,"href":"https:\/\/www.correiobraziliense.com.br\/cbradar\/wp-json\/wp\/v2\/posts\/178571\/revisions\/178578"}],"wp:featuredmedia":[{"embeddable":true,"href":"https:\/\/www.correiobraziliense.com.br\/cbradar\/wp-json\/wp\/v2\/media\/117506"}],"wp:attachment":[{"href":"https:\/\/www.correiobraziliense.com.br\/cbradar\/wp-json\/wp\/v2\/media?parent=178571"}],"wp:term":[{"taxonomy":"category","embeddable":true,"href":"https:\/\/www.correiobraziliense.com.br\/cbradar\/wp-json\/wp\/v2\/categories?post=178571"},{"taxonomy":"post_tag","embeddable":true,"href":"https:\/\/www.correiobraziliense.com.br\/cbradar\/wp-json\/wp\/v2\/tags?post=178571"}],"curies":[{"name":"wp","href":"https:\/\/api.w.org\/{rel}","templated":true}]}}