{"id":178581,"date":"2026-01-21T18:25:00","date_gmt":"2026-01-21T21:25:00","guid":{"rendered":"https:\/\/www.correiobraziliense.com.br\/cbradar\/?p=178581"},"modified":"2026-01-20T11:29:46","modified_gmt":"2026-01-20T14:29:46","slug":"essa-fruta-tropical-pode-transformar-sua-digestao","status":"publish","type":"post","link":"https:\/\/www.correiobraziliense.com.br\/cbradar\/essa-fruta-tropical-pode-transformar-sua-digestao\/","title":{"rendered":"Essa fruta tropical pode transformar sua digest\u00e3o"},"content":{"rendered":"\n<p>O <strong>Caj\u00e1-Manga<\/strong>, uma fruta tropical popular no Brasil, tem conquistado espa\u00e7o em hortas e pomares pela sua versatilidade e benef\u00edcios \u00e0 sa\u00fade. Al\u00e9m de ser usada em sucos e sorvetes, \u00e9 conhecida por suas propriedades digestivas devido ao alto teor de fibras. Essa fruta desperta interesse em quem busca alternativas naturais para uma alimenta\u00e7\u00e3o saud\u00e1vel, enquanto seu plantio atrai aqueles que desejam cultiv\u00e1-la em casa ou no s\u00edtio.<\/p>\n\n\n\n<p>O cultivo do Caj\u00e1-Manga pode se iniciar a partir de sementes ou mudas compradas em viveiros. Embora o uso de mudas seja mais frequente em \u00e1reas urbanas, devido \u00e0 sua rapidez no desenvolvimento, em \u00e1reas rurais, semear diretamente no solo ainda \u00e9 uma pr\u00e1tica comum. Estas escolhas est\u00e3o relacionadas ao espa\u00e7o dispon\u00edvel e \u00e0 necessidade de adapta\u00e7\u00e3o das plantas ao ambiente local. Para o sucesso no cultivo, \u00e9 crucial que a sele\u00e7\u00e3o das mudas e o controle de plantas daninhas sejam eficazes.<\/p>\n\n\n\n<h2 class=\"wp-block-heading\">Quais s\u00e3o as condi\u00e7\u00f5es ideais de crescimento?<\/h2>\n\n\n\n<p>Para prosperar, o cajazeiro-manga necessita de um ambiente quente e \u00famido, livre de geadas, com ao menos quatro a seis horas de luz solar ao dia. O solo preferido por essa planta \u00e9 bem drenado e f\u00e9rtil, enriquecido com mat\u00e9ria org\u00e2nica regular. Al\u00e9m disso, um espa\u00e7amento adequado permite que a copa da \u00e1rvore seja bem manejada, facilitando pr\u00e1ticas como podas e colheitas, essenciais para sua boa manuten\u00e7\u00e3o.<\/p>\n\n\n<div class=\"wp-block-image\">\n<figure class=\"aligncenter size-large\"><img decoding=\"async\" width=\"1024\" height=\"576\" src=\"https:\/\/www.correiobraziliense.com.br\/cbradar\/wp-content\/uploads\/2025\/07\/ambarella_1751893307820-1024x576.jpg\" alt=\"\" class=\"wp-image-65936\" srcset=\"https:\/\/www.correiobraziliense.com.br\/cbradar\/wp-content\/uploads\/2025\/07\/ambarella_1751893307820-1024x576.jpg 1024w, https:\/\/www.correiobraziliense.com.br\/cbradar\/wp-content\/uploads\/2025\/07\/ambarella_1751893307820-300x169.jpg 300w, https:\/\/www.correiobraziliense.com.br\/cbradar\/wp-content\/uploads\/2025\/07\/ambarella_1751893307820-768x432.jpg 768w, https:\/\/www.correiobraziliense.com.br\/cbradar\/wp-content\/uploads\/2025\/07\/ambarella_1751893307820-750x422.jpg 750w, https:\/\/www.correiobraziliense.com.br\/cbradar\/wp-content\/uploads\/2025\/07\/ambarella_1751893307820-1140x641.jpg 1140w, https:\/\/www.correiobraziliense.com.br\/cbradar\/wp-content\/uploads\/2025\/07\/ambarella_1751893307820.jpg 1280w\" sizes=\"(max-width: 1024px) 100vw, 1024px\" \/><figcaption class=\"wp-element-caption\">Caj\u00e1 &#8211; Cr\u00e9ditos: depositphotos.com \/ aungmyintmyat<\/figcaption><\/figure><\/div>\n\n\n<h2 class=\"wp-block-heading\">Como plantar caj\u00e1-manga de forma eficaz?<\/h2>\n\n\n\n<p>O plantio do caj\u00e1-manga requer algumas etapas essenciais para garantir um desenvolvimento saud\u00e1vel da \u00e1rvore. Primeiro, \u00e9 recomendado escavar uma cova de 40 a 50 cm de largura e profundidade. A terra removida deve ser misturada com mat\u00e9ria org\u00e2nica antes de ser recolocada na cova junto \u00e0 muda. Ap\u00f3s o plantio, a rega \u00e9 essencial para estabilizar a planta. Este processo se mant\u00e9m frequente nos primeiros meses, especialmente em per\u00edodos de seca, para evitar estresse h\u00eddrico. Eventualmente, a \u00e1rvore desenvolver\u00e1 resist\u00eancia a curtos per\u00edodos sem chuva, desde que a umidade do solo seja moderada durante a flora\u00e7\u00e3o e frutifica\u00e7\u00e3o.<\/p>\n\n\n\n<h2 class=\"wp-block-heading\">Quais s\u00e3o os benef\u00edcios digestivos do caj\u00e1-manga?<\/h2>\n\n\n\n<p>O caj\u00e1-manga destaca-se por suas propriedades digestivas, principalmente pelo conte\u00fado de fibras presente na polpa. As fibras ajudam a regular o tr\u00e2nsito intestinal, enquanto compostos como a vitamina C e antioxidantes desempenham pap\u00e9is importantes no metabolismo e na prote\u00e7\u00e3o celular. Estes elementos contribuem para a sensa\u00e7\u00e3o de bem-estar digestivo, especialmente quando o fruto \u00e9 consumido de formas tradicionais, como em sucos, refrescos e geleias.<\/p>\n\n\n\n<ul class=\"wp-block-list\">\n<li><strong>Fibras sol\u00faveis e insol\u00faveis:<\/strong>\u00a0Auxiliam na fun\u00e7\u00e3o intestinal.<\/li>\n\n\n\n<li><strong>Vitamina C:<\/strong>\u00a0Participa de processos metab\u00f3licos e protege as c\u00e9lulas.<\/li>\n\n\n\n<li><strong>Compostos antioxidantes:<\/strong>\u00a0Associados \u00e0 prote\u00e7\u00e3o contra danos oxidativos.<\/li>\n\n\n\n<li><strong>\u00c1gua e carboidratos naturais:<\/strong>\u00a0Contribuem para a hidrata\u00e7\u00e3o e fornecimento de energia.<\/li>\n<\/ul>\n\n\n\n<h2 class=\"wp-block-heading\">Como incluir o caj\u00e1-manga na dieta di\u00e1ria?<\/h2>\n\n\n\n<p>A fruta pode ser incorporada \u00e0 alimenta\u00e7\u00e3o de v\u00e1rias formas. O caj\u00e1-manga \u00e9 frequentemente consumido em sucos naturais, sendo tamb\u00e9m uma base excelente para smoothies e molhos. Outra op\u00e7\u00e3o inclui sobremesas caseiras como sorvetes e mousses, que preservam seus valores nutritivos quando preparadas com baixo teor de a\u00e7\u00facar. Aproveitar o caj\u00e1-manga em vers\u00f5es menos processadas garante o consumo das fibras e compostos bioativos mais efetivamente, beneficiando a <a href=\"https:\/\/www.correiobraziliense.com.br\/cbradar\/cabeca-achatada-em-bebes-merece-atencao\/\" target=\"_blank\" rel=\"noreferrer noopener\">sa\u00fade <\/a>digestiva de quem o consome regularmente.<\/p>\n\n\n<a href=\"https:\/\/www.instagram.com\/dra.annaluisabf\/\" target=\"_blank\" rel=\"noopener\" style=\"text-decoration: none; color: inherit;\">\n    <span style=\"display: inline-block; border: 1px solid #ccc; border-radius: 10px; padding: 15px; max-width: 550px; font-family: sans-serif; box-shadow: 0 2px 5px rgba(0,0,0,0.1); width: 100%;\">\n\n      <!-- T\u00edtulo -->\n      <span style=\"display: block; margin: 0 0 15px 0; font-weight: bold; color: #2c3e50; text-align: center;\">\n        Entre em contato:\n      <\/span>\n\n      <!-- Linha do perfil -->\n      <span style=\"display: flex; align-items: center; gap: 15px;\">\n        <img decoding=\"async\"\n          src=\"https:\/\/www.correiobraziliense.com.br\/cbradar\/wp-content\/uploads\/2025\/08\/dra_anna_luisa.jpeg\"\n          alt=\"Foto da Dra. Anna Lu\u00edsa\"\n          style=\"border-radius: 50%; width: 80px; height: 80px; object-fit: cover;\"\n        \/>\n        <span style=\"display: flex; flex-direction: column;\">\n          <span style=\"font-size: 18px; font-weight: 700; color: #2c3e50;\">Dra. Anna Lu\u00edsa Barbosa Fernandes<\/span>\n          <span style=\"color: #555;\">CRM-GO 33.271<\/span>\n        <\/span>\n      <\/span>\n\n      <!-- Redes -->\n      <span style=\"display: flex; align-items: center; gap: 10px; margin-top: 12px;\">\n        <img decoding=\"async\" src=\"https:\/\/cdn-icons-png.flaticon.com\/24\/1384\/1384063.png\" alt=\"Instagram\" width=\"24\" height=\"24\" \/>\n        <span style=\"text-decoration: underline; color: #2c3e50;\">@dra.annaluisabf<\/span>\n      <\/span>\n\n    <\/span>\n  <\/a>\n\n\n<p><\/p>\n","protected":false},"excerpt":{"rendered":"<p>O Caj\u00e1-Manga, uma fruta tropical popular no Brasil, tem conquistado espa\u00e7o em hortas e pomares pela sua versatilidade e benef\u00edcios \u00e0 sa\u00fade. Al\u00e9m de ser usada em sucos e sorvetes, \u00e9 conhecida por suas propriedades digestivas devido ao alto teor de fibras. Essa fruta desperta interesse em quem busca alternativas naturais para uma alimenta\u00e7\u00e3o saud\u00e1vel, [&hellip;]<\/p>\n","protected":false},"author":14,"featured_media":65937,"comment_status":"open","ping_status":"open","sticky":false,"template":"","format":"standard","meta":{"_yoast_wpseo_focuskw":"Caj\u00e1-Manga","_yoast_wpseo_title":"","_yoast_wpseo_metadesc":"O caj\u00e1-manga \u00e9 rico em fibras e antioxidantes e pode ajudar na digest\u00e3o e no bem-estar quando inclu\u00eddo na alimenta\u00e7\u00e3o.","jnews-multi-image_gallery":[],"jnews_single_post":{"format":"standard"},"jnews_primary_category":[],"jnews_social_meta":[],"jnews_override_counter":[],"footnotes":""},"categories":[4404],"tags":[120,247,1318],"class_list":["post-178581","post","type-post","status-publish","format-standard","has-post-thumbnail","hentry","category-saude","tag-bem-estar","tag-qualidade-de-vida","tag-saude-2"],"yoast_head":"<!-- This site is optimized with the Yoast SEO plugin v24.6 - https:\/\/yoast.com\/wordpress\/plugins\/seo\/ -->\n<title>Essa fruta tropical pode transformar sua digest\u00e3o - Correio Braziliense - Radar<\/title>\n<meta name=\"description\" content=\"O caj\u00e1-manga \u00e9 rico em fibras e antioxidantes e pode ajudar na digest\u00e3o e no bem-estar quando inclu\u00eddo na alimenta\u00e7\u00e3o.\" \/>\n<meta name=\"robots\" content=\"index, follow, max-snippet:-1, max-image-preview:large, max-video-preview:-1\" \/>\n<link rel=\"canonical\" href=\"https:\/\/www.correiobraziliense.com.br\/cbradar\/essa-fruta-tropical-pode-transformar-sua-digestao\/\" \/>\n<meta property=\"og:locale\" content=\"pt_BR\" \/>\n<meta property=\"og:type\" content=\"article\" \/>\n<meta property=\"og:title\" content=\"Essa fruta tropical pode transformar sua digest\u00e3o - Correio Braziliense - Radar\" \/>\n<meta property=\"og:description\" content=\"O caj\u00e1-manga \u00e9 rico em fibras e antioxidantes e pode ajudar na digest\u00e3o e no bem-estar quando inclu\u00eddo na alimenta\u00e7\u00e3o.\" \/>\n<meta property=\"og:url\" content=\"https:\/\/www.correiobraziliense.com.br\/cbradar\/essa-fruta-tropical-pode-transformar-sua-digestao\/\" \/>\n<meta property=\"og:site_name\" content=\"Correio Braziliense - Radar\" \/>\n<meta property=\"article:published_time\" content=\"2026-01-21T21:25:00+00:00\" \/>\n<meta property=\"og:image\" content=\"https:\/\/www.correiobraziliense.com.br\/cbradar\/wp-content\/uploads\/2025\/07\/ambarella_1751893337837.jpg\" \/>\n\t<meta property=\"og:image:width\" content=\"1280\" \/>\n\t<meta property=\"og:image:height\" content=\"720\" \/>\n\t<meta property=\"og:image:type\" content=\"image\/jpeg\" \/>\n<meta name=\"author\" content=\"guilherme_saude\" \/>\n<meta name=\"twitter:card\" content=\"summary_large_image\" \/>\n<meta name=\"twitter:label1\" content=\"Escrito por\" \/>\n\t<meta name=\"twitter:data1\" content=\"guilherme_saude\" \/>\n\t<meta name=\"twitter:label2\" content=\"Est. tempo de leitura\" \/>\n\t<meta name=\"twitter:data2\" content=\"4 minutos\" \/>\n<!-- \/ Yoast SEO plugin. -->","yoast_head_json":{"title":"Essa fruta tropical pode transformar sua digest\u00e3o - Correio Braziliense - Radar","description":"O caj\u00e1-manga \u00e9 rico em fibras e antioxidantes e pode ajudar na digest\u00e3o e no bem-estar quando inclu\u00eddo na alimenta\u00e7\u00e3o.","robots":{"index":"index","follow":"follow","max-snippet":"max-snippet:-1","max-image-preview":"max-image-preview:large","max-video-preview":"max-video-preview:-1"},"canonical":"https:\/\/www.correiobraziliense.com.br\/cbradar\/essa-fruta-tropical-pode-transformar-sua-digestao\/","og_locale":"pt_BR","og_type":"article","og_title":"Essa fruta tropical pode transformar sua digest\u00e3o - Correio Braziliense - Radar","og_description":"O caj\u00e1-manga \u00e9 rico em fibras e antioxidantes e pode ajudar na digest\u00e3o e no bem-estar quando inclu\u00eddo na alimenta\u00e7\u00e3o.","og_url":"https:\/\/www.correiobraziliense.com.br\/cbradar\/essa-fruta-tropical-pode-transformar-sua-digestao\/","og_site_name":"Correio Braziliense - Radar","article_published_time":"2026-01-21T21:25:00+00:00","og_image":[{"width":1280,"height":720,"url":"https:\/\/www.correiobraziliense.com.br\/cbradar\/wp-content\/uploads\/2025\/07\/ambarella_1751893337837.jpg","type":"image\/jpeg"}],"author":"guilherme_saude","twitter_card":"summary_large_image","twitter_misc":{"Escrito por":"guilherme_saude","Est. tempo de leitura":"4 minutos"},"schema":{"@context":"https:\/\/schema.org","@graph":[{"@type":"WebPage","@id":"https:\/\/www.correiobraziliense.com.br\/cbradar\/essa-fruta-tropical-pode-transformar-sua-digestao\/","url":"https:\/\/www.correiobraziliense.com.br\/cbradar\/essa-fruta-tropical-pode-transformar-sua-digestao\/","name":"Essa fruta tropical pode transformar sua digest\u00e3o - Correio Braziliense - Radar","isPartOf":{"@id":"https:\/\/www.correiobraziliense.com.br\/cbradar\/#website"},"primaryImageOfPage":{"@id":"https:\/\/www.correiobraziliense.com.br\/cbradar\/essa-fruta-tropical-pode-transformar-sua-digestao\/#primaryimage"},"image":{"@id":"https:\/\/www.correiobraziliense.com.br\/cbradar\/essa-fruta-tropical-pode-transformar-sua-digestao\/#primaryimage"},"thumbnailUrl":"https:\/\/www.correiobraziliense.com.br\/cbradar\/wp-content\/uploads\/2025\/07\/ambarella_1751893337837.jpg","datePublished":"2026-01-21T21:25:00+00:00","author":{"@id":"https:\/\/www.correiobraziliense.com.br\/cbradar\/#\/schema\/person\/5aa4bf3c8fa699c267933611de12978b"},"description":"O caj\u00e1-manga \u00e9 rico em fibras e antioxidantes e pode ajudar na digest\u00e3o e no bem-estar quando inclu\u00eddo na alimenta\u00e7\u00e3o.","breadcrumb":{"@id":"https:\/\/www.correiobraziliense.com.br\/cbradar\/essa-fruta-tropical-pode-transformar-sua-digestao\/#breadcrumb"},"inLanguage":"pt-BR","potentialAction":[{"@type":"ReadAction","target":["https:\/\/www.correiobraziliense.com.br\/cbradar\/essa-fruta-tropical-pode-transformar-sua-digestao\/"]}]},{"@type":"ImageObject","inLanguage":"pt-BR","@id":"https:\/\/www.correiobraziliense.com.br\/cbradar\/essa-fruta-tropical-pode-transformar-sua-digestao\/#primaryimage","url":"https:\/\/www.correiobraziliense.com.br\/cbradar\/wp-content\/uploads\/2025\/07\/ambarella_1751893337837.jpg","contentUrl":"https:\/\/www.correiobraziliense.com.br\/cbradar\/wp-content\/uploads\/2025\/07\/ambarella_1751893337837.jpg","width":1280,"height":720,"caption":"Caj\u00e1-Manga - Cr\u00e9ditos: depositphotos.com \/ softkrafts.live.com"},{"@type":"BreadcrumbList","@id":"https:\/\/www.correiobraziliense.com.br\/cbradar\/essa-fruta-tropical-pode-transformar-sua-digestao\/#breadcrumb","itemListElement":[{"@type":"ListItem","position":1,"name":"In\u00edcio","item":"https:\/\/www.correiobraziliense.com.br\/cbradar\/"},{"@type":"ListItem","position":2,"name":"Essa fruta tropical pode transformar sua digest\u00e3o"}]},{"@type":"WebSite","@id":"https:\/\/www.correiobraziliense.com.br\/cbradar\/#website","url":"https:\/\/www.correiobraziliense.com.br\/cbradar\/","name":"Correio Braziliense - Radar","description":"Acompanhe as \u00faltimas not\u00edcias e fique bem informado sobre tudo o que acontece no Brasil e no mundo.","potentialAction":[{"@type":"SearchAction","target":{"@type":"EntryPoint","urlTemplate":"https:\/\/www.correiobraziliense.com.br\/cbradar\/?s={search_term_string}"},"query-input":{"@type":"PropertyValueSpecification","valueRequired":true,"valueName":"search_term_string"}}],"inLanguage":"pt-BR"},{"@type":"Person","@id":"https:\/\/www.correiobraziliense.com.br\/cbradar\/#\/schema\/person\/5aa4bf3c8fa699c267933611de12978b","name":"guilherme_saude","image":{"@type":"ImageObject","inLanguage":"pt-BR","@id":"https:\/\/www.correiobraziliense.com.br\/cbradar\/#\/schema\/person\/image\/","url":"https:\/\/secure.gravatar.com\/avatar\/df9adfb835d344bc0af109d41756253f?s=96&d=mm&r=g","contentUrl":"https:\/\/secure.gravatar.com\/avatar\/df9adfb835d344bc0af109d41756253f?s=96&d=mm&r=g","caption":"guilherme_saude"},"url":"https:\/\/www.correiobraziliense.com.br\/cbradar\/author\/guilherme_saude\/"}]}},"_links":{"self":[{"href":"https:\/\/www.correiobraziliense.com.br\/cbradar\/wp-json\/wp\/v2\/posts\/178581","targetHints":{"allow":["GET"]}}],"collection":[{"href":"https:\/\/www.correiobraziliense.com.br\/cbradar\/wp-json\/wp\/v2\/posts"}],"about":[{"href":"https:\/\/www.correiobraziliense.com.br\/cbradar\/wp-json\/wp\/v2\/types\/post"}],"author":[{"embeddable":true,"href":"https:\/\/www.correiobraziliense.com.br\/cbradar\/wp-json\/wp\/v2\/users\/14"}],"replies":[{"embeddable":true,"href":"https:\/\/www.correiobraziliense.com.br\/cbradar\/wp-json\/wp\/v2\/comments?post=178581"}],"version-history":[{"count":1,"href":"https:\/\/www.correiobraziliense.com.br\/cbradar\/wp-json\/wp\/v2\/posts\/178581\/revisions"}],"predecessor-version":[{"id":178604,"href":"https:\/\/www.correiobraziliense.com.br\/cbradar\/wp-json\/wp\/v2\/posts\/178581\/revisions\/178604"}],"wp:featuredmedia":[{"embeddable":true,"href":"https:\/\/www.correiobraziliense.com.br\/cbradar\/wp-json\/wp\/v2\/media\/65937"}],"wp:attachment":[{"href":"https:\/\/www.correiobraziliense.com.br\/cbradar\/wp-json\/wp\/v2\/media?parent=178581"}],"wp:term":[{"taxonomy":"category","embeddable":true,"href":"https:\/\/www.correiobraziliense.com.br\/cbradar\/wp-json\/wp\/v2\/categories?post=178581"},{"taxonomy":"post_tag","embeddable":true,"href":"https:\/\/www.correiobraziliense.com.br\/cbradar\/wp-json\/wp\/v2\/tags?post=178581"}],"curies":[{"name":"wp","href":"https:\/\/api.w.org\/{rel}","templated":true}]}}