{"id":178606,"date":"2026-01-22T06:05:00","date_gmt":"2026-01-22T09:05:00","guid":{"rendered":"https:\/\/www.correiobraziliense.com.br\/cbradar\/?p=178606"},"modified":"2026-01-20T11:32:25","modified_gmt":"2026-01-20T14:32:25","slug":"essa-planta-simples-pode-ajudar-inflamacao-e-metabolismo","status":"publish","type":"post","link":"https:\/\/www.correiobraziliense.com.br\/cbradar\/essa-planta-simples-pode-ajudar-inflamacao-e-metabolismo\/","title":{"rendered":"Essa planta simples pode ajudar inflama\u00e7\u00e3o e metabolismo"},"content":{"rendered":"\n<p>A <strong>Urtiga<\/strong>, ou\u00a0<em>Urtica dioica<\/em>, tem ganhado destaque na pr\u00e1tica medicinal ao longo dos tempos, devido \u00e0s suas not\u00e1veis propriedades ben\u00e9ficas. Esta planta \u00e9 rica em compostos nutritivos que desempenham um papel vital no cuidado com a sa\u00fade, sendo especialmente valorizada por suas capacidades anti-inflamat\u00f3rias, metab\u00f3licas e diur\u00e9ticas. Ainda que muitas vezes considerada uma planta inc\u00f4moda, suas folhas e ra\u00edzes cont\u00eam elementos de grande valor terap\u00eautico.<\/p>\n\n\n\n<p>Recentemente, pesquisas modernas t\u00eam refor\u00e7ado o que j\u00e1 era conhecido das pr\u00e1ticas tradicionais. A utiliza\u00e7\u00e3o de Urtiga como complemento de tratamentos m\u00e9dicos convencionais tornou-se popular, comprovando sua efic\u00e1cia em uma variedade de condi\u00e7\u00f5es, desde inflama\u00e7\u00f5es at\u00e9 desordens urin\u00e1rias.<\/p>\n\n\n\n<h2 class=\"wp-block-heading\">Quais s\u00e3o os benef\u00edcios anti-inflamat\u00f3rios da Urtiga?<\/h2>\n\n\n\n<p>Os compostos ativos da Urtiga, especialmente os \u00e1cidos fen\u00f3licos, s\u00e3o conhecidos por sua habilidade de interagir positivamente no sistema imunol\u00f3gico. Eles ajudam a inibir a s\u00edntese de subst\u00e2ncias inflamat\u00f3rias, como as prostaglandinas e citocinas, que s\u00e3o frequentemente respons\u00e1veis por dores e incha\u00e7os. Assim, a Urtiga \u00e9 bastante utilizada em terapias que visam aliviar os sintomas de males inflamat\u00f3rios cr\u00f4nicos, como artrite e reumatismo.<\/p>\n\n\n\n<p>Para aqueles que buscam uma abordagem mais natural no tratamento da dor e inflama\u00e7\u00e3o, a Urtiga oferece uma alternativa que \u00e9 amplamente considerada segura, evitando os efeitos adversos comumente associados a medicamentos anti-inflamat\u00f3rios tradicionais.<\/p>\n\n\n\n<h2 class=\"wp-block-heading\">Como a Urtiga pode influenciar no controle glic\u00eamico?<\/h2>\n\n\n\n<p>No campo do controle metab\u00f3lico, a Urtiga auxilia na regula\u00e7\u00e3o dos n\u00edveis de a\u00e7\u00facar no sangue. Os antioxidantes e polissacar\u00eddeos presentes na planta s\u00e3o fundamentais para aumentar a sensibilidade \u00e0 insulina, permitindo uma melhor gest\u00e3o dos n\u00edveis de glicose no corpo. Esta caracter\u00edstica torna a Urtiga um suporte valioso para pessoas enfrentando resist\u00eancia \u00e0 insulina ou que vivem com diabetes tipo 2.<\/p>\n\n\n\n<p>Pessoas que integram a Urtiga em sua rotina alimentar tendem a experimentar uma melhora significativa no controle glic\u00eamico, evidenciando o potencial dessa planta como um coadjuvante em tratamentos diet\u00e9ticos e metab\u00f3licos tradicionais.<\/p>\n\n\n<div class=\"wp-block-image\">\n<figure class=\"aligncenter size-large\"><img decoding=\"async\" width=\"1024\" height=\"576\" src=\"https:\/\/www.correiobraziliense.com.br\/cbradar\/wp-content\/uploads\/2025\/08\/Urtiga_1755278555764-1024x576.jpg\" alt=\"\" class=\"wp-image-87124\" srcset=\"https:\/\/www.correiobraziliense.com.br\/cbradar\/wp-content\/uploads\/2025\/08\/Urtiga_1755278555764-1024x576.jpg 1024w, https:\/\/www.correiobraziliense.com.br\/cbradar\/wp-content\/uploads\/2025\/08\/Urtiga_1755278555764-300x169.jpg 300w, https:\/\/www.correiobraziliense.com.br\/cbradar\/wp-content\/uploads\/2025\/08\/Urtiga_1755278555764-768x432.jpg 768w, https:\/\/www.correiobraziliense.com.br\/cbradar\/wp-content\/uploads\/2025\/08\/Urtiga_1755278555764-750x422.jpg 750w, https:\/\/www.correiobraziliense.com.br\/cbradar\/wp-content\/uploads\/2025\/08\/Urtiga_1755278555764-1140x641.jpg 1140w, https:\/\/www.correiobraziliense.com.br\/cbradar\/wp-content\/uploads\/2025\/08\/Urtiga_1755278555764.jpg 1280w\" sizes=\"(max-width: 1024px) 100vw, 1024px\" \/><figcaption class=\"wp-element-caption\">Urtiga &#8211; Cr\u00e9ditos: depositphotos.com \/ AntonMatyukha<\/figcaption><\/figure><\/div>\n\n\n<h2 class=\"wp-block-heading\">Qual o impacto da Urtiga no trato urin\u00e1rio?<\/h2>\n\n\n\n<p>A Urtiga desempenha um papel not\u00e1vel na sa\u00fade do sistema urin\u00e1rio. Devido a seus fitoqu\u00edmicos \u00fanicos, ela atua relaxando a musculatura da bexiga e modulando aspectos hormonais, fundamentais para a manuten\u00e7\u00e3o de um fluxo urin\u00e1rio saud\u00e1vel. Isso \u00e9 especialmente relevante em casos de hiperplasia prost\u00e1tica benigna, onde a planta tem mostrado efic\u00e1cia em aliviar sintomas do trato urin\u00e1rio inferior.<\/p>\n\n\n\n<p>A utiliza\u00e7\u00e3o da Urtiga como suplemento pode proporcionar conforto a indiv\u00edduos que sofrem de problemas urin\u00e1rios cr\u00f4nicos, promovendo uma significativa melhora na qualidade de vida e no bem-estar geral.<\/p>\n\n\n\n<p>De forma abrangente, a Urtiga se posiciona como uma pe\u00e7a chave nos cuidados com a sa\u00fade, oferecendo m\u00faltiplos benef\u00edcios que s\u00e3o suportados por dados cient\u00edficos promissores. Sua presen\u00e7a em dietas como suplementos ou infus\u00f5es refor\u00e7a a abordagem hol\u00edstica da medicina natural, que visa criar um equil\u00edbrio no corpo e contribuir para um estilo de vida saud\u00e1vel.<\/p>\n\n\n<a href=\"https:\/\/www.instagram.com\/dra.annaluisabf\/\" target=\"_blank\" rel=\"noopener\" style=\"text-decoration: none; color: inherit;\">\n    <span style=\"display: inline-block; border: 1px solid #ccc; border-radius: 10px; padding: 15px; max-width: 550px; font-family: sans-serif; box-shadow: 0 2px 5px rgba(0,0,0,0.1); width: 100%;\">\n\n      <!-- T\u00edtulo -->\n      <span style=\"display: block; margin: 0 0 15px 0; font-weight: bold; color: #2c3e50; text-align: center;\">\n        Entre em contato:\n      <\/span>\n\n      <!-- Linha do perfil -->\n      <span style=\"display: flex; align-items: center; gap: 15px;\">\n        <img decoding=\"async\"\n          src=\"https:\/\/www.correiobraziliense.com.br\/cbradar\/wp-content\/uploads\/2025\/08\/dra_anna_luisa.jpeg\"\n          alt=\"Foto da Dra. Anna Lu\u00edsa\"\n          style=\"border-radius: 50%; width: 80px; height: 80px; object-fit: cover;\"\n        \/>\n        <span style=\"display: flex; flex-direction: column;\">\n          <span style=\"font-size: 18px; font-weight: 700; color: #2c3e50;\">Dra. Anna Lu\u00edsa Barbosa Fernandes<\/span>\n          <span style=\"color: #555;\">CRM-GO 33.271<\/span>\n        <\/span>\n      <\/span>\n\n      <!-- Redes -->\n      <span style=\"display: flex; align-items: center; gap: 10px; margin-top: 12px;\">\n        <img decoding=\"async\" src=\"https:\/\/cdn-icons-png.flaticon.com\/24\/1384\/1384063.png\" alt=\"Instagram\" width=\"24\" height=\"24\" \/>\n        <span style=\"text-decoration: underline; color: #2c3e50;\">@dra.annaluisabf<\/span>\n      <\/span>\n\n    <\/span>\n  <\/a>","protected":false},"excerpt":{"rendered":"<p>A Urtiga, ou\u00a0Urtica dioica, tem ganhado destaque na pr\u00e1tica medicinal ao longo dos tempos, devido \u00e0s suas not\u00e1veis propriedades ben\u00e9ficas. Esta planta \u00e9 rica em compostos nutritivos que desempenham um papel vital no cuidado com a sa\u00fade, sendo especialmente valorizada por suas capacidades anti-inflamat\u00f3rias, metab\u00f3licas e diur\u00e9ticas. Ainda que muitas vezes considerada uma planta inc\u00f4moda, [&hellip;]<\/p>\n","protected":false},"author":14,"featured_media":178609,"comment_status":"open","ping_status":"open","sticky":false,"template":"","format":"standard","meta":{"_yoast_wpseo_focuskw":"Urtiga","_yoast_wpseo_title":"","_yoast_wpseo_metadesc":"A urtiga re\u00fane propriedades anti-inflamat\u00f3rias, metab\u00f3licas e urin\u00e1rias que chamam aten\u00e7\u00e3o da medicina natural.","jnews-multi-image_gallery":[],"jnews_single_post":{"format":"standard"},"jnews_primary_category":[],"jnews_social_meta":[],"jnews_override_counter":[],"footnotes":""},"categories":[4404],"tags":[120,247,1318],"class_list":["post-178606","post","type-post","status-publish","format-standard","has-post-thumbnail","hentry","category-saude","tag-bem-estar","tag-qualidade-de-vida","tag-saude-2"],"yoast_head":"<!-- This site is optimized with the Yoast SEO plugin v24.6 - https:\/\/yoast.com\/wordpress\/plugins\/seo\/ -->\n<title>Essa planta simples pode ajudar inflama\u00e7\u00e3o e metabolismo - Correio Braziliense - Radar<\/title>\n<meta name=\"description\" content=\"A urtiga re\u00fane propriedades anti-inflamat\u00f3rias, metab\u00f3licas e urin\u00e1rias que chamam aten\u00e7\u00e3o da medicina natural.\" \/>\n<meta name=\"robots\" content=\"index, follow, max-snippet:-1, max-image-preview:large, max-video-preview:-1\" \/>\n<link rel=\"canonical\" href=\"https:\/\/www.correiobraziliense.com.br\/cbradar\/essa-planta-simples-pode-ajudar-inflamacao-e-metabolismo\/\" \/>\n<meta property=\"og:locale\" content=\"pt_BR\" \/>\n<meta property=\"og:type\" content=\"article\" \/>\n<meta property=\"og:title\" content=\"Essa planta simples pode ajudar inflama\u00e7\u00e3o e metabolismo - Correio Braziliense - Radar\" \/>\n<meta property=\"og:description\" content=\"A urtiga re\u00fane propriedades anti-inflamat\u00f3rias, metab\u00f3licas e urin\u00e1rias que chamam aten\u00e7\u00e3o da medicina natural.\" \/>\n<meta property=\"og:url\" content=\"https:\/\/www.correiobraziliense.com.br\/cbradar\/essa-planta-simples-pode-ajudar-inflamacao-e-metabolismo\/\" \/>\n<meta property=\"og:site_name\" content=\"Correio Braziliense - Radar\" \/>\n<meta property=\"article:published_time\" content=\"2026-01-22T09:05:00+00:00\" \/>\n<meta property=\"og:image\" content=\"https:\/\/www.correiobraziliense.com.br\/cbradar\/wp-content\/uploads\/2026\/01\/urtiga_1768919503492.jpg\" \/>\n\t<meta property=\"og:image:width\" content=\"1280\" \/>\n\t<meta property=\"og:image:height\" content=\"720\" \/>\n\t<meta property=\"og:image:type\" content=\"image\/jpeg\" \/>\n<meta name=\"author\" content=\"guilherme_saude\" \/>\n<meta name=\"twitter:card\" content=\"summary_large_image\" \/>\n<meta name=\"twitter:label1\" content=\"Escrito por\" \/>\n\t<meta name=\"twitter:data1\" content=\"guilherme_saude\" \/>\n\t<meta name=\"twitter:label2\" content=\"Est. tempo de leitura\" \/>\n\t<meta name=\"twitter:data2\" content=\"4 minutos\" \/>\n<!-- \/ Yoast SEO plugin. -->","yoast_head_json":{"title":"Essa planta simples pode ajudar inflama\u00e7\u00e3o e metabolismo - Correio Braziliense - Radar","description":"A urtiga re\u00fane propriedades anti-inflamat\u00f3rias, metab\u00f3licas e urin\u00e1rias que chamam aten\u00e7\u00e3o da medicina natural.","robots":{"index":"index","follow":"follow","max-snippet":"max-snippet:-1","max-image-preview":"max-image-preview:large","max-video-preview":"max-video-preview:-1"},"canonical":"https:\/\/www.correiobraziliense.com.br\/cbradar\/essa-planta-simples-pode-ajudar-inflamacao-e-metabolismo\/","og_locale":"pt_BR","og_type":"article","og_title":"Essa planta simples pode ajudar inflama\u00e7\u00e3o e metabolismo - Correio Braziliense - Radar","og_description":"A urtiga re\u00fane propriedades anti-inflamat\u00f3rias, metab\u00f3licas e urin\u00e1rias que chamam aten\u00e7\u00e3o da medicina natural.","og_url":"https:\/\/www.correiobraziliense.com.br\/cbradar\/essa-planta-simples-pode-ajudar-inflamacao-e-metabolismo\/","og_site_name":"Correio Braziliense - Radar","article_published_time":"2026-01-22T09:05:00+00:00","og_image":[{"width":1280,"height":720,"url":"https:\/\/www.correiobraziliense.com.br\/cbradar\/wp-content\/uploads\/2026\/01\/urtiga_1768919503492.jpg","type":"image\/jpeg"}],"author":"guilherme_saude","twitter_card":"summary_large_image","twitter_misc":{"Escrito por":"guilherme_saude","Est. tempo de leitura":"4 minutos"},"schema":{"@context":"https:\/\/schema.org","@graph":[{"@type":"WebPage","@id":"https:\/\/www.correiobraziliense.com.br\/cbradar\/essa-planta-simples-pode-ajudar-inflamacao-e-metabolismo\/","url":"https:\/\/www.correiobraziliense.com.br\/cbradar\/essa-planta-simples-pode-ajudar-inflamacao-e-metabolismo\/","name":"Essa planta simples pode ajudar inflama\u00e7\u00e3o e metabolismo - Correio Braziliense - Radar","isPartOf":{"@id":"https:\/\/www.correiobraziliense.com.br\/cbradar\/#website"},"primaryImageOfPage":{"@id":"https:\/\/www.correiobraziliense.com.br\/cbradar\/essa-planta-simples-pode-ajudar-inflamacao-e-metabolismo\/#primaryimage"},"image":{"@id":"https:\/\/www.correiobraziliense.com.br\/cbradar\/essa-planta-simples-pode-ajudar-inflamacao-e-metabolismo\/#primaryimage"},"thumbnailUrl":"https:\/\/www.correiobraziliense.com.br\/cbradar\/wp-content\/uploads\/2026\/01\/urtiga_1768919503492.jpg","datePublished":"2026-01-22T09:05:00+00:00","author":{"@id":"https:\/\/www.correiobraziliense.com.br\/cbradar\/#\/schema\/person\/5aa4bf3c8fa699c267933611de12978b"},"description":"A urtiga re\u00fane propriedades anti-inflamat\u00f3rias, metab\u00f3licas e urin\u00e1rias que chamam aten\u00e7\u00e3o da medicina natural.","breadcrumb":{"@id":"https:\/\/www.correiobraziliense.com.br\/cbradar\/essa-planta-simples-pode-ajudar-inflamacao-e-metabolismo\/#breadcrumb"},"inLanguage":"pt-BR","potentialAction":[{"@type":"ReadAction","target":["https:\/\/www.correiobraziliense.com.br\/cbradar\/essa-planta-simples-pode-ajudar-inflamacao-e-metabolismo\/"]}]},{"@type":"ImageObject","inLanguage":"pt-BR","@id":"https:\/\/www.correiobraziliense.com.br\/cbradar\/essa-planta-simples-pode-ajudar-inflamacao-e-metabolismo\/#primaryimage","url":"https:\/\/www.correiobraziliense.com.br\/cbradar\/wp-content\/uploads\/2026\/01\/urtiga_1768919503492.jpg","contentUrl":"https:\/\/www.correiobraziliense.com.br\/cbradar\/wp-content\/uploads\/2026\/01\/urtiga_1768919503492.jpg","width":1280,"height":720,"caption":"Urtiga ajuda a controlar glicemia e reduzir inflama\u00e7\u00e3o nas articula\u00e7\u00f5es - Cr\u00e9ditos: depositphotos.com \/ Papincourt"},{"@type":"BreadcrumbList","@id":"https:\/\/www.correiobraziliense.com.br\/cbradar\/essa-planta-simples-pode-ajudar-inflamacao-e-metabolismo\/#breadcrumb","itemListElement":[{"@type":"ListItem","position":1,"name":"In\u00edcio","item":"https:\/\/www.correiobraziliense.com.br\/cbradar\/"},{"@type":"ListItem","position":2,"name":"Essa planta simples pode ajudar inflama\u00e7\u00e3o e metabolismo"}]},{"@type":"WebSite","@id":"https:\/\/www.correiobraziliense.com.br\/cbradar\/#website","url":"https:\/\/www.correiobraziliense.com.br\/cbradar\/","name":"Correio Braziliense - Radar","description":"Acompanhe as \u00faltimas not\u00edcias e fique bem informado sobre tudo o que acontece no Brasil e no mundo.","potentialAction":[{"@type":"SearchAction","target":{"@type":"EntryPoint","urlTemplate":"https:\/\/www.correiobraziliense.com.br\/cbradar\/?s={search_term_string}"},"query-input":{"@type":"PropertyValueSpecification","valueRequired":true,"valueName":"search_term_string"}}],"inLanguage":"pt-BR"},{"@type":"Person","@id":"https:\/\/www.correiobraziliense.com.br\/cbradar\/#\/schema\/person\/5aa4bf3c8fa699c267933611de12978b","name":"guilherme_saude","image":{"@type":"ImageObject","inLanguage":"pt-BR","@id":"https:\/\/www.correiobraziliense.com.br\/cbradar\/#\/schema\/person\/image\/","url":"https:\/\/secure.gravatar.com\/avatar\/df9adfb835d344bc0af109d41756253f?s=96&d=mm&r=g","contentUrl":"https:\/\/secure.gravatar.com\/avatar\/df9adfb835d344bc0af109d41756253f?s=96&d=mm&r=g","caption":"guilherme_saude"},"url":"https:\/\/www.correiobraziliense.com.br\/cbradar\/author\/guilherme_saude\/"}]}},"_links":{"self":[{"href":"https:\/\/www.correiobraziliense.com.br\/cbradar\/wp-json\/wp\/v2\/posts\/178606","targetHints":{"allow":["GET"]}}],"collection":[{"href":"https:\/\/www.correiobraziliense.com.br\/cbradar\/wp-json\/wp\/v2\/posts"}],"about":[{"href":"https:\/\/www.correiobraziliense.com.br\/cbradar\/wp-json\/wp\/v2\/types\/post"}],"author":[{"embeddable":true,"href":"https:\/\/www.correiobraziliense.com.br\/cbradar\/wp-json\/wp\/v2\/users\/14"}],"replies":[{"embeddable":true,"href":"https:\/\/www.correiobraziliense.com.br\/cbradar\/wp-json\/wp\/v2\/comments?post=178606"}],"version-history":[{"count":1,"href":"https:\/\/www.correiobraziliense.com.br\/cbradar\/wp-json\/wp\/v2\/posts\/178606\/revisions"}],"predecessor-version":[{"id":178611,"href":"https:\/\/www.correiobraziliense.com.br\/cbradar\/wp-json\/wp\/v2\/posts\/178606\/revisions\/178611"}],"wp:featuredmedia":[{"embeddable":true,"href":"https:\/\/www.correiobraziliense.com.br\/cbradar\/wp-json\/wp\/v2\/media\/178609"}],"wp:attachment":[{"href":"https:\/\/www.correiobraziliense.com.br\/cbradar\/wp-json\/wp\/v2\/media?parent=178606"}],"wp:term":[{"taxonomy":"category","embeddable":true,"href":"https:\/\/www.correiobraziliense.com.br\/cbradar\/wp-json\/wp\/v2\/categories?post=178606"},{"taxonomy":"post_tag","embeddable":true,"href":"https:\/\/www.correiobraziliense.com.br\/cbradar\/wp-json\/wp\/v2\/tags?post=178606"}],"curies":[{"name":"wp","href":"https:\/\/api.w.org\/{rel}","templated":true}]}}