{"id":178613,"date":"2026-01-21T20:25:00","date_gmt":"2026-01-21T23:25:00","guid":{"rendered":"https:\/\/www.correiobraziliense.com.br\/cbradar\/?p=178613"},"modified":"2026-01-20T11:34:42","modified_gmt":"2026-01-20T14:34:42","slug":"poucos-cuidam-do-joelho-hoje-e-sofrem-na-terceira-idade","status":"publish","type":"post","link":"https:\/\/www.correiobraziliense.com.br\/cbradar\/poucos-cuidam-do-joelho-hoje-e-sofrem-na-terceira-idade\/","title":{"rendered":"Poucos cuidam do joelho hoje e sofrem na terceira idade"},"content":{"rendered":"\n<p>Manter a sa\u00fade do <strong>Joelho <\/strong>ao longo da vida \u00e9 crucial para preservar a mobilidade durante a terceira idade. A aten\u00e7\u00e3o a esta importante articula\u00e7\u00e3o envolve h\u00e1bitos di\u00e1rios e, em alguns casos, acompanhamento m\u00e9dico, conforme a trajet\u00f3ria individual de sa\u00fade. Iniciar esses cuidados precocemente pode prolongar a funcionalidade do joelho, permitindo uma melhor qualidade de vida com o passar dos anos.<\/p>\n\n\n\n<p>A articula\u00e7\u00e3o do joelho \u00e9 uma das mais exigidas do corpo humano, suportando grande parte do peso corporal e facilitando movimentos essenciais como caminhar, correr e agachar. Dessa forma, adotar pr\u00e1ticas como a manuten\u00e7\u00e3o de um peso saud\u00e1vel, a pr\u00e1tica de exerc\u00edcios f\u00edsicos adequados e o monitoramento de dores persistentes pode ajudar a prevenir problemas futuros de mobilidade.<\/p>\n\n\n\n<h2 class=\"wp-block-heading\">Quais s\u00e3o os riscos para o joelho ao longo da vida?<\/h2>\n\n\n\n<p>Os problemas no joelho que surgem na terceira idade frequentemente s\u00e3o conseq\u00fc\u00eancias de fatores acumulados ao longo dos anos. Entre os agentes envolvidos est\u00e3o o desgaste da cartilagem, les\u00f5es nos ligamentos e meniscos, o sobrepeso e a inatividade muscular. Os danos s\u00e3o frequentemente cumulativos, refletindo h\u00e1bitos inadequados persistentes que sobrecarregam a articula\u00e7\u00e3o.<\/p>\n\n\n\n<p>Uma s\u00e9rie de pr\u00e1ticas nocivas pode acelerar esse desgaste. Permanecer em posi\u00e7\u00f5es for\u00e7adas por longos per\u00edodos, carregar pesos excessivos e praticar esportes de impacto sem o preparo f\u00edsico necess\u00e1rio s\u00e3o not\u00e1veis culpados. Al\u00e9m disso, condi\u00e7\u00f5es heredit\u00e1rias, alinhamento inadequado das pernas e doen\u00e7as como a artrite reumatoide podem aumentar os riscos de limita\u00e7\u00e3o de movimento \u00e0 medida que se envelhece.<\/p>\n\n\n\n<h2 class=\"wp-block-heading\">Como prevenir problemas no joelho na terceira idade?<\/h2>\n\n\n\n<p>A palavra-chave quando se pensa em preservar a <a href=\"https:\/\/www.correiobraziliense.com.br\/cbradar\/cabeca-achatada-em-bebes-merece-atencao\/\" target=\"_blank\" rel=\"noreferrer noopener\">sa\u00fade <\/a>do joelho \u00e9\u00a0<strong>preven\u00e7\u00e3o<\/strong>. A ado\u00e7\u00e3o de medidas simples pode fazer uma diferen\u00e7a significativa na manuten\u00e7\u00e3o das fun\u00e7\u00f5es b\u00e1sicas da articula\u00e7\u00e3o ao longo do tempo. Um aspecto cr\u00edtico \u00e9 o controle do peso corporal, uma vez que o excesso de peso pode amplificar o desgaste da cartilagem.<\/p>\n\n\n\n<ul class=\"wp-block-list\">\n<li><strong>Fortalecimento muscular:<\/strong>\u00a0M\u00fasculos fortes, principalmente nas coxas e quadris, ajudam a estabilizar o joelho e distribuir a press\u00e3o de maneira uniforme.<\/li>\n\n\n\n<li><strong>Alongamentos regulares:<\/strong>\u00a0Manter a flexibilidade de m\u00fasculos e tend\u00f5es \u00e9 essencial para reduzir a tens\u00e3o sobre as articula\u00e7\u00f5es.<\/li>\n\n\n\n<li><strong>Escolha de cal\u00e7ados:<\/strong>\u00a0Cal\u00e7ados confort\u00e1veis e bem amortecidos podem reduzir impactos e prevenir tor\u00e7\u00f5es.<\/li>\n\n\n\n<li><strong>Aten\u00e7\u00e3o \u00e0s dores:<\/strong>\u00a0N\u00e3o normalizar dores recorrentes pode prevenir complica\u00e7\u00f5es; buscar avalia\u00e7\u00e3o m\u00e9dica \u00e9 recomendado.<\/li>\n<\/ul>\n\n\n\n<h2 class=\"wp-block-heading\">Quais exerc\u00edcios s\u00e3o recomendados para preservar o joelho?<\/h2>\n\n\n\n<p>As atividades f\u00edsicas de baixo impacto s\u00e3o fundamentais na preven\u00e7\u00e3o de problemas no joelho, pois fortalecem e estabilizam a articula\u00e7\u00e3o. Modalidades como a caminhada em terrenos planos, nata\u00e7\u00e3o e hidrogin\u00e1stica s\u00e3o altamente recomend\u00e1veis devido ao menor estresse colocado sobre as articula\u00e7\u00f5es.<\/p>\n\n\n<div class=\"wp-block-image\">\n<figure class=\"aligncenter size-large\"><img decoding=\"async\" width=\"1024\" height=\"576\" src=\"https:\/\/www.correiobraziliense.com.br\/cbradar\/wp-content\/uploads\/2025\/11\/Artrose-no-Joelho_1764427227131-1024x576.jpg\" alt=\"\" class=\"wp-image-146989\" srcset=\"https:\/\/www.correiobraziliense.com.br\/cbradar\/wp-content\/uploads\/2025\/11\/Artrose-no-Joelho_1764427227131-1024x576.jpg 1024w, https:\/\/www.correiobraziliense.com.br\/cbradar\/wp-content\/uploads\/2025\/11\/Artrose-no-Joelho_1764427227131-300x169.jpg 300w, https:\/\/www.correiobraziliense.com.br\/cbradar\/wp-content\/uploads\/2025\/11\/Artrose-no-Joelho_1764427227131-768x432.jpg 768w, https:\/\/www.correiobraziliense.com.br\/cbradar\/wp-content\/uploads\/2025\/11\/Artrose-no-Joelho_1764427227131-750x422.jpg 750w, https:\/\/www.correiobraziliense.com.br\/cbradar\/wp-content\/uploads\/2025\/11\/Artrose-no-Joelho_1764427227131-1140x641.jpg 1140w, https:\/\/www.correiobraziliense.com.br\/cbradar\/wp-content\/uploads\/2025\/11\/Artrose-no-Joelho_1764427227131.jpg 1280w\" sizes=\"(max-width: 1024px) 100vw, 1024px\" \/><figcaption class=\"wp-element-caption\">Artrose no Joelho &#8211; Cr\u00e9ditos: depositphotos.com \/ pryzmat<\/figcaption><\/figure><\/div>\n\n\n<ol class=\"wp-block-list\">\n<li>Caminhada em superf\u00edcies sem declive, que mant\u00e9m o condicionamento f\u00edsico com impacto moderado.<\/li>\n\n\n\n<li>Exerc\u00edcios aqu\u00e1ticos, que reduzem o peso sobre as articula\u00e7\u00f5es enquanto trabalham intensamente os m\u00fasculos.<\/li>\n\n\n\n<li>Ciclismo leve, que promove o fortalecimento das pernas com menor impacto.<\/li>\n\n\n\n<li>Treinamento de for\u00e7a, atrav\u00e9s de exerc\u00edcios que utilizam o peso corporal ou cargas moderadas, orientados por um profissional.<\/li>\n\n\n\n<li>Exerc\u00edcios de equil\u00edbrio, como pilates, que ajudam a prevenir quedas e les\u00f5es na terceira idade.<\/li>\n<\/ol>\n\n\n\n<p>Para pessoas j\u00e1 com desconforto nos joelhos, ajustar a intensidade e a frequ\u00eancia das atividades f\u00edsicas \u00e9 crucial. Evitar superf\u00edcies duras e movimentos bruscos pode ajudar a proteger a articul\u00e7\u00e3o.<\/p>\n\n\n\n<h2 class=\"wp-block-heading\">Quais h\u00e1bitos di\u00e1rios ajudam na preserva\u00e7\u00e3o do joelho?<\/h2>\n\n\n\n<p>Al\u00e9m da pr\u00e1tica de exerc\u00edcios, atitudes simples do dia a dia influenciam diretamente na sa\u00fade do joelho. Atividades como alternar posturas frequentemente e manter uma boa postura ao sentar e caminhar, bem como evitar agachamentos excessivos, s\u00e3o estrat\u00e9gias eficazes para reduzir a sobrecarga sobre a articula\u00e7\u00e3o.<\/p>\n\n\n\n<p>Atender a sinais precoces como estalos e sensa\u00e7\u00e3o de instabilidade ou dor pode prevenir danos mais severos. Com a expectativa de vida cada vez maior, \u00e9 essencial adotar cuidados permanentes que garantam uma mobilidade eficiente ao envelhecer. Assim, \u00e9 poss\u00edvel manter a autonomia nas atividades cotidianas, prolongando a qualidade de vida sem precisar recorrer a interven\u00e7\u00f5es cir\u00fargicas.<\/p>\n\n\n<a href=\"https:\/\/www.instagram.com\/dra.annaluisabf\/\" target=\"_blank\" rel=\"noopener\" style=\"text-decoration: none; color: inherit;\">\n    <span style=\"display: inline-block; border: 1px solid #ccc; border-radius: 10px; padding: 15px; max-width: 550px; font-family: sans-serif; box-shadow: 0 2px 5px rgba(0,0,0,0.1); width: 100%;\">\n\n      <!-- T\u00edtulo -->\n      <span style=\"display: block; margin: 0 0 15px 0; font-weight: bold; color: #2c3e50; text-align: center;\">\n        Entre em contato:\n      <\/span>\n\n      <!-- Linha do perfil -->\n      <span style=\"display: flex; align-items: center; gap: 15px;\">\n        <img decoding=\"async\"\n          src=\"https:\/\/www.correiobraziliense.com.br\/cbradar\/wp-content\/uploads\/2025\/08\/dra_anna_luisa.jpeg\"\n          alt=\"Foto da Dra. Anna Lu\u00edsa\"\n          style=\"border-radius: 50%; width: 80px; height: 80px; object-fit: cover;\"\n        \/>\n        <span style=\"display: flex; flex-direction: column;\">\n          <span style=\"font-size: 18px; font-weight: 700; color: #2c3e50;\">Dra. Anna Lu\u00edsa Barbosa Fernandes<\/span>\n          <span style=\"color: #555;\">CRM-GO 33.271<\/span>\n        <\/span>\n      <\/span>\n\n      <!-- Redes -->\n      <span style=\"display: flex; align-items: center; gap: 10px; margin-top: 12px;\">\n        <img decoding=\"async\" src=\"https:\/\/cdn-icons-png.flaticon.com\/24\/1384\/1384063.png\" alt=\"Instagram\" width=\"24\" height=\"24\" \/>\n        <span style=\"text-decoration: underline; color: #2c3e50;\">@dra.annaluisabf<\/span>\n      <\/span>\n\n    <\/span>\n  <\/a>","protected":false},"excerpt":{"rendered":"<p>Manter a sa\u00fade do Joelho ao longo da vida \u00e9 crucial para preservar a mobilidade durante a terceira idade. A aten\u00e7\u00e3o a esta importante articula\u00e7\u00e3o envolve h\u00e1bitos di\u00e1rios e, em alguns casos, acompanhamento m\u00e9dico, conforme a trajet\u00f3ria individual de sa\u00fade. Iniciar esses cuidados precocemente pode prolongar a funcionalidade do joelho, permitindo uma melhor qualidade de [&hellip;]<\/p>\n","protected":false},"author":14,"featured_media":146987,"comment_status":"open","ping_status":"open","sticky":false,"template":"","format":"standard","meta":{"_yoast_wpseo_focuskw":"Joelho","_yoast_wpseo_title":"","_yoast_wpseo_metadesc":"A sa\u00fade do joelho depende de h\u00e1bitos adotados ao longo da vida e pequenas atitudes hoje fazem grande diferen\u00e7a no futuro.","jnews-multi-image_gallery":[],"jnews_single_post":{"format":"standard"},"jnews_primary_category":[],"jnews_social_meta":[],"jnews_override_counter":[],"footnotes":""},"categories":[4404],"tags":[120,247,1318],"class_list":["post-178613","post","type-post","status-publish","format-standard","has-post-thumbnail","hentry","category-saude","tag-bem-estar","tag-qualidade-de-vida","tag-saude-2"],"yoast_head":"<!-- This site is optimized with the Yoast SEO plugin v24.6 - https:\/\/yoast.com\/wordpress\/plugins\/seo\/ -->\n<title>Poucos cuidam do joelho hoje e sofrem na terceira idade - Correio Braziliense - Radar<\/title>\n<meta name=\"description\" content=\"A sa\u00fade do joelho depende de h\u00e1bitos adotados ao longo da vida e pequenas atitudes hoje fazem grande diferen\u00e7a no futuro.\" \/>\n<meta name=\"robots\" content=\"index, follow, max-snippet:-1, max-image-preview:large, max-video-preview:-1\" \/>\n<link rel=\"canonical\" href=\"https:\/\/www.correiobraziliense.com.br\/cbradar\/poucos-cuidam-do-joelho-hoje-e-sofrem-na-terceira-idade\/\" \/>\n<meta property=\"og:locale\" content=\"pt_BR\" \/>\n<meta property=\"og:type\" content=\"article\" \/>\n<meta property=\"og:title\" content=\"Poucos cuidam do joelho hoje e sofrem na terceira idade - Correio Braziliense - Radar\" \/>\n<meta property=\"og:description\" content=\"A sa\u00fade do joelho depende de h\u00e1bitos adotados ao longo da vida e pequenas atitudes hoje fazem grande diferen\u00e7a no futuro.\" \/>\n<meta property=\"og:url\" content=\"https:\/\/www.correiobraziliense.com.br\/cbradar\/poucos-cuidam-do-joelho-hoje-e-sofrem-na-terceira-idade\/\" \/>\n<meta property=\"og:site_name\" content=\"Correio Braziliense - Radar\" \/>\n<meta property=\"article:published_time\" content=\"2026-01-21T23:25:00+00:00\" \/>\n<meta property=\"og:image\" content=\"https:\/\/www.correiobraziliense.com.br\/cbradar\/wp-content\/uploads\/2025\/11\/Artrose-no-Joelho_1764427198952.jpg\" \/>\n\t<meta property=\"og:image:width\" content=\"1280\" \/>\n\t<meta property=\"og:image:height\" content=\"720\" \/>\n\t<meta property=\"og:image:type\" content=\"image\/jpeg\" \/>\n<meta name=\"author\" content=\"guilherme_saude\" \/>\n<meta name=\"twitter:card\" content=\"summary_large_image\" \/>\n<meta name=\"twitter:label1\" content=\"Escrito por\" \/>\n\t<meta name=\"twitter:data1\" content=\"guilherme_saude\" \/>\n\t<meta name=\"twitter:label2\" content=\"Est. tempo de leitura\" \/>\n\t<meta name=\"twitter:data2\" content=\"5 minutos\" \/>\n<!-- \/ Yoast SEO plugin. -->","yoast_head_json":{"title":"Poucos cuidam do joelho hoje e sofrem na terceira idade - Correio Braziliense - Radar","description":"A sa\u00fade do joelho depende de h\u00e1bitos adotados ao longo da vida e pequenas atitudes hoje fazem grande diferen\u00e7a no futuro.","robots":{"index":"index","follow":"follow","max-snippet":"max-snippet:-1","max-image-preview":"max-image-preview:large","max-video-preview":"max-video-preview:-1"},"canonical":"https:\/\/www.correiobraziliense.com.br\/cbradar\/poucos-cuidam-do-joelho-hoje-e-sofrem-na-terceira-idade\/","og_locale":"pt_BR","og_type":"article","og_title":"Poucos cuidam do joelho hoje e sofrem na terceira idade - Correio Braziliense - Radar","og_description":"A sa\u00fade do joelho depende de h\u00e1bitos adotados ao longo da vida e pequenas atitudes hoje fazem grande diferen\u00e7a no futuro.","og_url":"https:\/\/www.correiobraziliense.com.br\/cbradar\/poucos-cuidam-do-joelho-hoje-e-sofrem-na-terceira-idade\/","og_site_name":"Correio Braziliense - Radar","article_published_time":"2026-01-21T23:25:00+00:00","og_image":[{"width":1280,"height":720,"url":"https:\/\/www.correiobraziliense.com.br\/cbradar\/wp-content\/uploads\/2025\/11\/Artrose-no-Joelho_1764427198952.jpg","type":"image\/jpeg"}],"author":"guilherme_saude","twitter_card":"summary_large_image","twitter_misc":{"Escrito por":"guilherme_saude","Est. tempo de leitura":"5 minutos"},"schema":{"@context":"https:\/\/schema.org","@graph":[{"@type":"WebPage","@id":"https:\/\/www.correiobraziliense.com.br\/cbradar\/poucos-cuidam-do-joelho-hoje-e-sofrem-na-terceira-idade\/","url":"https:\/\/www.correiobraziliense.com.br\/cbradar\/poucos-cuidam-do-joelho-hoje-e-sofrem-na-terceira-idade\/","name":"Poucos cuidam do joelho hoje e sofrem na terceira idade - Correio Braziliense - Radar","isPartOf":{"@id":"https:\/\/www.correiobraziliense.com.br\/cbradar\/#website"},"primaryImageOfPage":{"@id":"https:\/\/www.correiobraziliense.com.br\/cbradar\/poucos-cuidam-do-joelho-hoje-e-sofrem-na-terceira-idade\/#primaryimage"},"image":{"@id":"https:\/\/www.correiobraziliense.com.br\/cbradar\/poucos-cuidam-do-joelho-hoje-e-sofrem-na-terceira-idade\/#primaryimage"},"thumbnailUrl":"https:\/\/www.correiobraziliense.com.br\/cbradar\/wp-content\/uploads\/2025\/11\/Artrose-no-Joelho_1764427198952.jpg","datePublished":"2026-01-21T23:25:00+00:00","author":{"@id":"https:\/\/www.correiobraziliense.com.br\/cbradar\/#\/schema\/person\/5aa4bf3c8fa699c267933611de12978b"},"description":"A sa\u00fade do joelho depende de h\u00e1bitos adotados ao longo da vida e pequenas atitudes hoje fazem grande diferen\u00e7a no futuro.","breadcrumb":{"@id":"https:\/\/www.correiobraziliense.com.br\/cbradar\/poucos-cuidam-do-joelho-hoje-e-sofrem-na-terceira-idade\/#breadcrumb"},"inLanguage":"pt-BR","potentialAction":[{"@type":"ReadAction","target":["https:\/\/www.correiobraziliense.com.br\/cbradar\/poucos-cuidam-do-joelho-hoje-e-sofrem-na-terceira-idade\/"]}]},{"@type":"ImageObject","inLanguage":"pt-BR","@id":"https:\/\/www.correiobraziliense.com.br\/cbradar\/poucos-cuidam-do-joelho-hoje-e-sofrem-na-terceira-idade\/#primaryimage","url":"https:\/\/www.correiobraziliense.com.br\/cbradar\/wp-content\/uploads\/2025\/11\/Artrose-no-Joelho_1764427198952.jpg","contentUrl":"https:\/\/www.correiobraziliense.com.br\/cbradar\/wp-content\/uploads\/2025\/11\/Artrose-no-Joelho_1764427198952.jpg","width":1280,"height":720,"caption":"Artrose no Joelho - Cr\u00e9ditos: depositphotos.com \/ Iherphoto"},{"@type":"BreadcrumbList","@id":"https:\/\/www.correiobraziliense.com.br\/cbradar\/poucos-cuidam-do-joelho-hoje-e-sofrem-na-terceira-idade\/#breadcrumb","itemListElement":[{"@type":"ListItem","position":1,"name":"In\u00edcio","item":"https:\/\/www.correiobraziliense.com.br\/cbradar\/"},{"@type":"ListItem","position":2,"name":"Poucos cuidam do joelho hoje e sofrem na terceira idade"}]},{"@type":"WebSite","@id":"https:\/\/www.correiobraziliense.com.br\/cbradar\/#website","url":"https:\/\/www.correiobraziliense.com.br\/cbradar\/","name":"Correio Braziliense - Radar","description":"Acompanhe as \u00faltimas not\u00edcias e fique bem informado sobre tudo o que acontece no Brasil e no mundo.","potentialAction":[{"@type":"SearchAction","target":{"@type":"EntryPoint","urlTemplate":"https:\/\/www.correiobraziliense.com.br\/cbradar\/?s={search_term_string}"},"query-input":{"@type":"PropertyValueSpecification","valueRequired":true,"valueName":"search_term_string"}}],"inLanguage":"pt-BR"},{"@type":"Person","@id":"https:\/\/www.correiobraziliense.com.br\/cbradar\/#\/schema\/person\/5aa4bf3c8fa699c267933611de12978b","name":"guilherme_saude","image":{"@type":"ImageObject","inLanguage":"pt-BR","@id":"https:\/\/www.correiobraziliense.com.br\/cbradar\/#\/schema\/person\/image\/","url":"https:\/\/secure.gravatar.com\/avatar\/df9adfb835d344bc0af109d41756253f?s=96&d=mm&r=g","contentUrl":"https:\/\/secure.gravatar.com\/avatar\/df9adfb835d344bc0af109d41756253f?s=96&d=mm&r=g","caption":"guilherme_saude"},"url":"https:\/\/www.correiobraziliense.com.br\/cbradar\/author\/guilherme_saude\/"}]}},"_links":{"self":[{"href":"https:\/\/www.correiobraziliense.com.br\/cbradar\/wp-json\/wp\/v2\/posts\/178613","targetHints":{"allow":["GET"]}}],"collection":[{"href":"https:\/\/www.correiobraziliense.com.br\/cbradar\/wp-json\/wp\/v2\/posts"}],"about":[{"href":"https:\/\/www.correiobraziliense.com.br\/cbradar\/wp-json\/wp\/v2\/types\/post"}],"author":[{"embeddable":true,"href":"https:\/\/www.correiobraziliense.com.br\/cbradar\/wp-json\/wp\/v2\/users\/14"}],"replies":[{"embeddable":true,"href":"https:\/\/www.correiobraziliense.com.br\/cbradar\/wp-json\/wp\/v2\/comments?post=178613"}],"version-history":[{"count":1,"href":"https:\/\/www.correiobraziliense.com.br\/cbradar\/wp-json\/wp\/v2\/posts\/178613\/revisions"}],"predecessor-version":[{"id":178617,"href":"https:\/\/www.correiobraziliense.com.br\/cbradar\/wp-json\/wp\/v2\/posts\/178613\/revisions\/178617"}],"wp:featuredmedia":[{"embeddable":true,"href":"https:\/\/www.correiobraziliense.com.br\/cbradar\/wp-json\/wp\/v2\/media\/146987"}],"wp:attachment":[{"href":"https:\/\/www.correiobraziliense.com.br\/cbradar\/wp-json\/wp\/v2\/media?parent=178613"}],"wp:term":[{"taxonomy":"category","embeddable":true,"href":"https:\/\/www.correiobraziliense.com.br\/cbradar\/wp-json\/wp\/v2\/categories?post=178613"},{"taxonomy":"post_tag","embeddable":true,"href":"https:\/\/www.correiobraziliense.com.br\/cbradar\/wp-json\/wp\/v2\/tags?post=178613"}],"curies":[{"name":"wp","href":"https:\/\/api.w.org\/{rel}","templated":true}]}}