{"id":178619,"date":"2026-01-21T21:35:00","date_gmt":"2026-01-22T00:35:00","guid":{"rendered":"https:\/\/www.correiobraziliense.com.br\/cbradar\/?p=178619"},"modified":"2026-01-20T11:37:05","modified_gmt":"2026-01-20T14:37:05","slug":"poucos-percebem-os-sinais-silenciosos-da-falta-de-vitamina-c","status":"publish","type":"post","link":"https:\/\/www.correiobraziliense.com.br\/cbradar\/poucos-percebem-os-sinais-silenciosos-da-falta-de-vitamina-c\/","title":{"rendered":"Poucos percebem os sinais silenciosos da falta de vitamina C"},"content":{"rendered":"\n<p>A <strong>Vitamina C<\/strong> \u00e9 um componente essencial da dieta humana, conhecido por suas diversas fun\u00e7\u00f5es ben\u00e9ficas, incluindo a prote\u00e7\u00e3o antioxidante e a integra\u00e7\u00e3o do sistema imunol\u00f3gico. Este nutriente, que se dissolve na \u00e1gua, n\u00e3o \u00e9 armazenado pelo corpo, exigindo um consumo regular atrav\u00e9s de alimentos como frutas e legumes frescos para garantir o bem-estar geral.<\/p>\n\n\n\n<p>Uma ingest\u00e3o insuficiente de vitamina C pode levar a uma s\u00e9rie de problemas de sa\u00fade, variando de dist\u00farbios leves a condi\u00e7\u00f5es mais cr\u00edticas. Entre os sintomas iniciais e mais leves da defici\u00eancia desse nutriente est\u00e3o a fadiga, uma redu\u00e7\u00e3o na resposta imunol\u00f3gica, uma cicatriza\u00e7\u00e3o mais lenta de feridas e sangramento nas gengivas. Tais sinais indicam a necessidade de avalia\u00e7\u00e3o e ajuste na dieta para evitar complica\u00e7\u00f5es mais severas.<\/p>\n\n\n\n<h2 class=\"wp-block-heading\">Por que a vitamina C \u00e9 indispens\u00e1vel?<\/h2>\n\n\n\n<p>O papel da vitamina C na forma\u00e7\u00e3o de col\u00e1geno, uma prote\u00edna crucial para a estrutura dos tecidos, a torna indispens\u00e1vel. Essa vitamina tamb\u00e9m melhora a absor\u00e7\u00e3o de ferro de origem vegetal e contribui para a manuten\u00e7\u00e3o de um sistema imunol\u00f3gico forte. Sua a\u00e7\u00e3o antioxidante ajuda a neutralizar radicais livres, prevenindo danos celulares e retardando o processo de envelhecimento celular.<\/p>\n\n\n\n<p>Esta vitamina \u00e9 vital para muitas fun\u00e7\u00f5es corporais, inclusive a produ\u00e7\u00e3o de neurotransmissores e o metabolismo de prote\u00ednas. A falta de vitamina C pode tamb\u00e9m afetar a sa\u00fade mental, contribuindo para sentimentos de fadiga e baixa concentra\u00e7\u00e3o. Portanto, garantir o consumo adequado desse nutriente \u00e9 fundamental para manter a <a href=\"https:\/\/www.correiobraziliense.com.br\/cbradar\/cabeca-achatada-em-bebes-merece-atencao\/\" target=\"_blank\" rel=\"noreferrer noopener\">sa\u00fade <\/a>tanto f\u00edsica quanto mental.<\/p>\n\n\n<div class=\"wp-block-image\">\n<figure class=\"aligncenter size-large\"><img decoding=\"async\" width=\"1024\" height=\"576\" src=\"https:\/\/www.correiobraziliense.com.br\/cbradar\/wp-content\/uploads\/2025\/08\/VITAMINA-C_1755894673038-1024x576.jpg\" alt=\"\" class=\"wp-image-91216\" srcset=\"https:\/\/www.correiobraziliense.com.br\/cbradar\/wp-content\/uploads\/2025\/08\/VITAMINA-C_1755894673038-1024x576.jpg 1024w, https:\/\/www.correiobraziliense.com.br\/cbradar\/wp-content\/uploads\/2025\/08\/VITAMINA-C_1755894673038-300x169.jpg 300w, https:\/\/www.correiobraziliense.com.br\/cbradar\/wp-content\/uploads\/2025\/08\/VITAMINA-C_1755894673038-768x432.jpg 768w, https:\/\/www.correiobraziliense.com.br\/cbradar\/wp-content\/uploads\/2025\/08\/VITAMINA-C_1755894673038-750x422.jpg 750w, https:\/\/www.correiobraziliense.com.br\/cbradar\/wp-content\/uploads\/2025\/08\/VITAMINA-C_1755894673038-1140x641.jpg 1140w, https:\/\/www.correiobraziliense.com.br\/cbradar\/wp-content\/uploads\/2025\/08\/VITAMINA-C_1755894673038.jpg 1280w\" sizes=\"(max-width: 1024px) 100vw, 1024px\" \/><figcaption class=\"wp-element-caption\">Vitamina C &#8211; Cr\u00e9ditos: depositphotos.com \/ VadimVasenin<\/figcaption><\/figure><\/div>\n\n\n<h2 class=\"wp-block-heading\">Quais as consequ\u00eancias graves da defici\u00eancia de vitamina C?<\/h2>\n\n\n\n<p>Em casos raros, a defici\u00eancia severa de vitamina C pode culminar no escorbuto, uma doen\u00e7a hist\u00f3rica que afligia marinheiros em longas viagens sem acesso a alimentos frescos. O escorbuto pode se manifestar por meio de sintomas como sangramentos gengivais, manchas roxas na pele devido \u00e0 fragilidade dos vasos sangu\u00edneos, dores nas articula\u00e7\u00f5es e fadiga extrema. Ignorar o aporte necess\u00e1rio de vitamina C pode levar a essas condi\u00e7\u00f5es, que, apesar de raras hoje em dia, refor\u00e7am a import\u00e2ncia de um consumo adequado.<\/p>\n\n\n\n<h2 class=\"wp-block-heading\">Como garantir a ingest\u00e3o suficiente de vitamina C?<\/h2>\n\n\n\n<p>Para manter os n\u00edveis adequados de vitamina C, \u00e9 essencial incorporar uma variedade de frutas e vegetais na dieta di\u00e1ria. Citrinos como laranjas e lim\u00f5es, kiwis, morangos, piment\u00f5es e br\u00f3colis s\u00e3o ricos nesse micronutriente. Uma dieta equilibrada, rica em alimentos naturais, \u00e9 a melhor maneira de assegurar a ingest\u00e3o necess\u00e1ria de vitamina C sem a necessidade de suplementos, exceto em casos espec\u00edficos conforme orienta\u00e7\u00e3o m\u00e9dica.<\/p>\n\n\n\n<ul class=\"wp-block-list\">\n<li><strong>Frutas c\u00edtricas:<\/strong>\u00a0como laranjas, lim\u00f5es e tangerinas.<\/li>\n\n\n\n<li><strong>Vegetais:<\/strong>\u00a0incluindo piment\u00f5es, br\u00f3colis e couve.<\/li>\n\n\n\n<li><strong>Outras fontes:<\/strong>\u00a0como morangos e kiwis.<\/li>\n<\/ul>\n\n\n\n<p>Conclusivamente, a vida moderna deve considerar a import\u00e2ncia de manter uma dieta rica e variada, assegurando que nutrientes essenciais como a vitamina C sejam consumidos adequadamente para prevenir defici\u00eancias e manter a sa\u00fade otimizada. A conscientiza\u00e7\u00e3o sobre a import\u00e2ncia dos micronutrientes e sua inclus\u00e3o na alimenta\u00e7\u00e3o di\u00e1ria continua a ser um aspecto crucial da nutri\u00e7\u00e3o contempor\u00e2nea.<\/p>\n\n\n<a href=\"https:\/\/www.instagram.com\/dra.annaluisabf\/\" target=\"_blank\" rel=\"noopener\" style=\"text-decoration: none; color: inherit;\">\n    <span style=\"display: inline-block; border: 1px solid #ccc; border-radius: 10px; padding: 15px; max-width: 550px; font-family: sans-serif; box-shadow: 0 2px 5px rgba(0,0,0,0.1); width: 100%;\">\n\n      <!-- T\u00edtulo -->\n      <span style=\"display: block; margin: 0 0 15px 0; font-weight: bold; color: #2c3e50; text-align: center;\">\n        Entre em contato:\n      <\/span>\n\n      <!-- Linha do perfil -->\n      <span style=\"display: flex; align-items: center; gap: 15px;\">\n        <img decoding=\"async\"\n          src=\"https:\/\/www.correiobraziliense.com.br\/cbradar\/wp-content\/uploads\/2025\/08\/dra_anna_luisa.jpeg\"\n          alt=\"Foto da Dra. Anna Lu\u00edsa\"\n          style=\"border-radius: 50%; width: 80px; height: 80px; object-fit: cover;\"\n        \/>\n        <span style=\"display: flex; flex-direction: column;\">\n          <span style=\"font-size: 18px; font-weight: 700; color: #2c3e50;\">Dra. Anna Lu\u00edsa Barbosa Fernandes<\/span>\n          <span style=\"color: #555;\">CRM-GO 33.271<\/span>\n        <\/span>\n      <\/span>\n\n      <!-- Redes -->\n      <span style=\"display: flex; align-items: center; gap: 10px; margin-top: 12px;\">\n        <img decoding=\"async\" src=\"https:\/\/cdn-icons-png.flaticon.com\/24\/1384\/1384063.png\" alt=\"Instagram\" width=\"24\" height=\"24\" \/>\n        <span style=\"text-decoration: underline; color: #2c3e50;\">@dra.annaluisabf<\/span>\n      <\/span>\n\n    <\/span>\n  <\/a>","protected":false},"excerpt":{"rendered":"<p>A Vitamina C \u00e9 um componente essencial da dieta humana, conhecido por suas diversas fun\u00e7\u00f5es ben\u00e9ficas, incluindo a prote\u00e7\u00e3o antioxidante e a integra\u00e7\u00e3o do sistema imunol\u00f3gico. Este nutriente, que se dissolve na \u00e1gua, n\u00e3o \u00e9 armazenado pelo corpo, exigindo um consumo regular atrav\u00e9s de alimentos como frutas e legumes frescos para garantir o bem-estar geral. [&hellip;]<\/p>\n","protected":false},"author":14,"featured_media":91220,"comment_status":"open","ping_status":"open","sticky":false,"template":"","format":"standard","meta":{"_yoast_wpseo_focuskw":"Vitamina C","_yoast_wpseo_title":"","_yoast_wpseo_metadesc":"A vitamina C \u00e9 essencial para imunidade, cicatriza\u00e7\u00e3o e energia e sua falta pode causar sinais que passam despercebidos.","jnews-multi-image_gallery":[],"jnews_single_post":{"format":"standard"},"jnews_primary_category":[],"jnews_social_meta":[],"jnews_override_counter":[],"footnotes":""},"categories":[4404],"tags":[120,247,1318],"class_list":["post-178619","post","type-post","status-publish","format-standard","has-post-thumbnail","hentry","category-saude","tag-bem-estar","tag-qualidade-de-vida","tag-saude-2"],"yoast_head":"<!-- This site is optimized with the Yoast SEO plugin v24.6 - https:\/\/yoast.com\/wordpress\/plugins\/seo\/ -->\n<title>Poucos percebem os sinais silenciosos da falta de vitamina C - Correio Braziliense - Radar<\/title>\n<meta name=\"description\" content=\"A vitamina C \u00e9 essencial para imunidade, cicatriza\u00e7\u00e3o e energia e sua falta pode causar sinais que passam despercebidos.\" \/>\n<meta name=\"robots\" content=\"index, follow, max-snippet:-1, max-image-preview:large, max-video-preview:-1\" \/>\n<link rel=\"canonical\" href=\"https:\/\/www.correiobraziliense.com.br\/cbradar\/poucos-percebem-os-sinais-silenciosos-da-falta-de-vitamina-c\/\" \/>\n<meta property=\"og:locale\" content=\"pt_BR\" \/>\n<meta property=\"og:type\" content=\"article\" \/>\n<meta property=\"og:title\" content=\"Poucos percebem os sinais silenciosos da falta de vitamina C - Correio Braziliense - Radar\" \/>\n<meta property=\"og:description\" content=\"A vitamina C \u00e9 essencial para imunidade, cicatriza\u00e7\u00e3o e energia e sua falta pode causar sinais que passam despercebidos.\" \/>\n<meta property=\"og:url\" content=\"https:\/\/www.correiobraziliense.com.br\/cbradar\/poucos-percebem-os-sinais-silenciosos-da-falta-de-vitamina-c\/\" \/>\n<meta property=\"og:site_name\" content=\"Correio Braziliense - Radar\" \/>\n<meta property=\"article:published_time\" content=\"2026-01-22T00:35:00+00:00\" \/>\n<meta property=\"og:image\" content=\"https:\/\/www.correiobraziliense.com.br\/cbradar\/wp-content\/uploads\/2025\/08\/VITAMINA-C_1755894715996.jpg\" \/>\n\t<meta property=\"og:image:width\" content=\"1280\" \/>\n\t<meta property=\"og:image:height\" content=\"720\" \/>\n\t<meta property=\"og:image:type\" content=\"image\/jpeg\" \/>\n<meta name=\"author\" content=\"guilherme_saude\" \/>\n<meta name=\"twitter:card\" content=\"summary_large_image\" \/>\n<meta name=\"twitter:label1\" content=\"Escrito por\" \/>\n\t<meta name=\"twitter:data1\" content=\"guilherme_saude\" \/>\n\t<meta name=\"twitter:label2\" content=\"Est. tempo de leitura\" \/>\n\t<meta name=\"twitter:data2\" content=\"4 minutos\" \/>\n<!-- \/ Yoast SEO plugin. -->","yoast_head_json":{"title":"Poucos percebem os sinais silenciosos da falta de vitamina C - Correio Braziliense - Radar","description":"A vitamina C \u00e9 essencial para imunidade, cicatriza\u00e7\u00e3o e energia e sua falta pode causar sinais que passam despercebidos.","robots":{"index":"index","follow":"follow","max-snippet":"max-snippet:-1","max-image-preview":"max-image-preview:large","max-video-preview":"max-video-preview:-1"},"canonical":"https:\/\/www.correiobraziliense.com.br\/cbradar\/poucos-percebem-os-sinais-silenciosos-da-falta-de-vitamina-c\/","og_locale":"pt_BR","og_type":"article","og_title":"Poucos percebem os sinais silenciosos da falta de vitamina C - Correio Braziliense - Radar","og_description":"A vitamina C \u00e9 essencial para imunidade, cicatriza\u00e7\u00e3o e energia e sua falta pode causar sinais que passam despercebidos.","og_url":"https:\/\/www.correiobraziliense.com.br\/cbradar\/poucos-percebem-os-sinais-silenciosos-da-falta-de-vitamina-c\/","og_site_name":"Correio Braziliense - Radar","article_published_time":"2026-01-22T00:35:00+00:00","og_image":[{"width":1280,"height":720,"url":"https:\/\/www.correiobraziliense.com.br\/cbradar\/wp-content\/uploads\/2025\/08\/VITAMINA-C_1755894715996.jpg","type":"image\/jpeg"}],"author":"guilherme_saude","twitter_card":"summary_large_image","twitter_misc":{"Escrito por":"guilherme_saude","Est. tempo de leitura":"4 minutos"},"schema":{"@context":"https:\/\/schema.org","@graph":[{"@type":"WebPage","@id":"https:\/\/www.correiobraziliense.com.br\/cbradar\/poucos-percebem-os-sinais-silenciosos-da-falta-de-vitamina-c\/","url":"https:\/\/www.correiobraziliense.com.br\/cbradar\/poucos-percebem-os-sinais-silenciosos-da-falta-de-vitamina-c\/","name":"Poucos percebem os sinais silenciosos da falta de vitamina C - Correio Braziliense - Radar","isPartOf":{"@id":"https:\/\/www.correiobraziliense.com.br\/cbradar\/#website"},"primaryImageOfPage":{"@id":"https:\/\/www.correiobraziliense.com.br\/cbradar\/poucos-percebem-os-sinais-silenciosos-da-falta-de-vitamina-c\/#primaryimage"},"image":{"@id":"https:\/\/www.correiobraziliense.com.br\/cbradar\/poucos-percebem-os-sinais-silenciosos-da-falta-de-vitamina-c\/#primaryimage"},"thumbnailUrl":"https:\/\/www.correiobraziliense.com.br\/cbradar\/wp-content\/uploads\/2025\/08\/VITAMINA-C_1755894715996.jpg","datePublished":"2026-01-22T00:35:00+00:00","author":{"@id":"https:\/\/www.correiobraziliense.com.br\/cbradar\/#\/schema\/person\/5aa4bf3c8fa699c267933611de12978b"},"description":"A vitamina C \u00e9 essencial para imunidade, cicatriza\u00e7\u00e3o e energia e sua falta pode causar sinais que passam despercebidos.","breadcrumb":{"@id":"https:\/\/www.correiobraziliense.com.br\/cbradar\/poucos-percebem-os-sinais-silenciosos-da-falta-de-vitamina-c\/#breadcrumb"},"inLanguage":"pt-BR","potentialAction":[{"@type":"ReadAction","target":["https:\/\/www.correiobraziliense.com.br\/cbradar\/poucos-percebem-os-sinais-silenciosos-da-falta-de-vitamina-c\/"]}]},{"@type":"ImageObject","inLanguage":"pt-BR","@id":"https:\/\/www.correiobraziliense.com.br\/cbradar\/poucos-percebem-os-sinais-silenciosos-da-falta-de-vitamina-c\/#primaryimage","url":"https:\/\/www.correiobraziliense.com.br\/cbradar\/wp-content\/uploads\/2025\/08\/VITAMINA-C_1755894715996.jpg","contentUrl":"https:\/\/www.correiobraziliense.com.br\/cbradar\/wp-content\/uploads\/2025\/08\/VITAMINA-C_1755894715996.jpg","width":1280,"height":720,"caption":"O erro comum ao preparar sucos que reduz efeito rejuvenescedor - Cr\u00e9ditos: depositphotos.com \/ VadimVasenin"},{"@type":"BreadcrumbList","@id":"https:\/\/www.correiobraziliense.com.br\/cbradar\/poucos-percebem-os-sinais-silenciosos-da-falta-de-vitamina-c\/#breadcrumb","itemListElement":[{"@type":"ListItem","position":1,"name":"In\u00edcio","item":"https:\/\/www.correiobraziliense.com.br\/cbradar\/"},{"@type":"ListItem","position":2,"name":"Poucos percebem os sinais silenciosos da falta de vitamina C"}]},{"@type":"WebSite","@id":"https:\/\/www.correiobraziliense.com.br\/cbradar\/#website","url":"https:\/\/www.correiobraziliense.com.br\/cbradar\/","name":"Correio Braziliense - Radar","description":"Acompanhe as \u00faltimas not\u00edcias e fique bem informado sobre tudo o que acontece no Brasil e no mundo.","potentialAction":[{"@type":"SearchAction","target":{"@type":"EntryPoint","urlTemplate":"https:\/\/www.correiobraziliense.com.br\/cbradar\/?s={search_term_string}"},"query-input":{"@type":"PropertyValueSpecification","valueRequired":true,"valueName":"search_term_string"}}],"inLanguage":"pt-BR"},{"@type":"Person","@id":"https:\/\/www.correiobraziliense.com.br\/cbradar\/#\/schema\/person\/5aa4bf3c8fa699c267933611de12978b","name":"guilherme_saude","image":{"@type":"ImageObject","inLanguage":"pt-BR","@id":"https:\/\/www.correiobraziliense.com.br\/cbradar\/#\/schema\/person\/image\/","url":"https:\/\/secure.gravatar.com\/avatar\/df9adfb835d344bc0af109d41756253f?s=96&d=mm&r=g","contentUrl":"https:\/\/secure.gravatar.com\/avatar\/df9adfb835d344bc0af109d41756253f?s=96&d=mm&r=g","caption":"guilherme_saude"},"url":"https:\/\/www.correiobraziliense.com.br\/cbradar\/author\/guilherme_saude\/"}]}},"_links":{"self":[{"href":"https:\/\/www.correiobraziliense.com.br\/cbradar\/wp-json\/wp\/v2\/posts\/178619","targetHints":{"allow":["GET"]}}],"collection":[{"href":"https:\/\/www.correiobraziliense.com.br\/cbradar\/wp-json\/wp\/v2\/posts"}],"about":[{"href":"https:\/\/www.correiobraziliense.com.br\/cbradar\/wp-json\/wp\/v2\/types\/post"}],"author":[{"embeddable":true,"href":"https:\/\/www.correiobraziliense.com.br\/cbradar\/wp-json\/wp\/v2\/users\/14"}],"replies":[{"embeddable":true,"href":"https:\/\/www.correiobraziliense.com.br\/cbradar\/wp-json\/wp\/v2\/comments?post=178619"}],"version-history":[{"count":1,"href":"https:\/\/www.correiobraziliense.com.br\/cbradar\/wp-json\/wp\/v2\/posts\/178619\/revisions"}],"predecessor-version":[{"id":178620,"href":"https:\/\/www.correiobraziliense.com.br\/cbradar\/wp-json\/wp\/v2\/posts\/178619\/revisions\/178620"}],"wp:featuredmedia":[{"embeddable":true,"href":"https:\/\/www.correiobraziliense.com.br\/cbradar\/wp-json\/wp\/v2\/media\/91220"}],"wp:attachment":[{"href":"https:\/\/www.correiobraziliense.com.br\/cbradar\/wp-json\/wp\/v2\/media?parent=178619"}],"wp:term":[{"taxonomy":"category","embeddable":true,"href":"https:\/\/www.correiobraziliense.com.br\/cbradar\/wp-json\/wp\/v2\/categories?post=178619"},{"taxonomy":"post_tag","embeddable":true,"href":"https:\/\/www.correiobraziliense.com.br\/cbradar\/wp-json\/wp\/v2\/tags?post=178619"}],"curies":[{"name":"wp","href":"https:\/\/api.w.org\/{rel}","templated":true}]}}