{"id":178622,"date":"2026-01-22T11:05:00","date_gmt":"2026-01-22T14:05:00","guid":{"rendered":"https:\/\/www.correiobraziliense.com.br\/cbradar\/?p=178622"},"modified":"2026-01-20T11:41:48","modified_gmt":"2026-01-20T14:41:48","slug":"por-que-algumas-pessoas-sentem-cheiros-que-nao-existem","status":"publish","type":"post","link":"https:\/\/www.correiobraziliense.com.br\/cbradar\/por-que-algumas-pessoas-sentem-cheiros-que-nao-existem\/","title":{"rendered":"Por que algumas pessoas sentem cheiros que n\u00e3o existem"},"content":{"rendered":"\n<p>O <strong>Olfato <\/strong>\u00e9 um dos sentidos mais complexos e cruciais para a experi\u00eancia humana, influenciando n\u00e3o apenas a percep\u00e7\u00e3o de odores, mas tamb\u00e9m o paladar e diversas fun\u00e7\u00f5es cognitivas. Diante desse cen\u00e1rio, os dist\u00farbios olfat\u00f3rios t\u00eam ganhado aten\u00e7\u00e3o, especialmente ap\u00f3s a pandemia de COVID-19, que trouxe \u00e0 tona perda ou altera\u00e7\u00e3o do Olfato como uma de suas sequelas comuns. Entre os dist\u00farbios olfat\u00f3rios destacam-se a parosmia, a fantosmia, a anosmia, a hiposmia e a hiperosmia, cada um afetando o Olfato de maneiras \u00fanicas.<\/p>\n\n\n\n<p>A parosmia, por exemplo, altera a percep\u00e7\u00e3o de odores existentes, fazendo com que cheiros comuns sejam percebidos de forma distorcida. Isso ocorre frequentemente durante a recupera\u00e7\u00e3o da COVID-19, mas tamb\u00e9m pode surgir em outras condi\u00e7\u00f5es, como doen\u00e7as neurol\u00f3gicas e infec\u00e7\u00f5es respirat\u00f3rias. J\u00e1 a fantosmia causa uma percep\u00e7\u00e3o de cheiros que n\u00e3o existem no ambiente, como odores desagrad\u00e1veis que surgem sem est\u00edmulo externo.<\/p>\n\n\n\n<h2 class=\"wp-block-heading\">Como se desenvolvem os dist\u00farbios olfat\u00f3rios?<\/h2>\n\n\n\n<p>O Olfato depende de um sistema complexo envolvendo o nariz, receptores sensoriais e o c\u00e9rebro. Ao captar mol\u00e9culas odor\u00edferas no ar, o nariz transmite sinais qu\u00edmicos que s\u00e3o processados no c\u00f3rtex cerebral. Essa intricada conex\u00e3o \u00e9 geralmente onde os dist\u00farbios ocorrem, seja por bloqueios f\u00edsicos, como na hiposmia, ou por danos neurol\u00f3gicos, como frequentemente visto em condi\u00e7\u00f5es como Alzheimer e Parkinson.<\/p>\n\n\n<div class=\"wp-block-image\">\n<figure class=\"aligncenter size-large\"><img decoding=\"async\" width=\"1024\" height=\"576\" src=\"https:\/\/www.correiobraziliense.com.br\/cbradar\/wp-content\/uploads\/2026\/01\/Olfato-_1768920064816-1024x576.jpg\" alt=\"\" class=\"wp-image-178624\" srcset=\"https:\/\/www.correiobraziliense.com.br\/cbradar\/wp-content\/uploads\/2026\/01\/Olfato-_1768920064816-1024x576.jpg 1024w, https:\/\/www.correiobraziliense.com.br\/cbradar\/wp-content\/uploads\/2026\/01\/Olfato-_1768920064816-300x169.jpg 300w, https:\/\/www.correiobraziliense.com.br\/cbradar\/wp-content\/uploads\/2026\/01\/Olfato-_1768920064816-768x432.jpg 768w, https:\/\/www.correiobraziliense.com.br\/cbradar\/wp-content\/uploads\/2026\/01\/Olfato-_1768920064816-750x422.jpg 750w, https:\/\/www.correiobraziliense.com.br\/cbradar\/wp-content\/uploads\/2026\/01\/Olfato-_1768920064816-1140x641.jpg 1140w, https:\/\/www.correiobraziliense.com.br\/cbradar\/wp-content\/uploads\/2026\/01\/Olfato-_1768920064816.jpg 1280w\" sizes=\"(max-width: 1024px) 100vw, 1024px\" \/><figcaption class=\"wp-element-caption\">Olfato &#8211; Cr\u00e9ditos: depositphotos.com \/ IgorVetushko<\/figcaption><\/figure><\/div>\n\n\n<h2 class=\"wp-block-heading\">Qual o impacto dos dist\u00farbios olfat\u00f3rios no cotidiano?<\/h2>\n\n\n\n<p>Dist\u00farbios como a anosmia, que representa a perda total do Olfato, podem ter efeitos substanciais na qualidade de vida. Al\u00e9m da diminui\u00e7\u00e3o do prazer alimentar, essas condi\u00e7\u00f5es podem trazer riscos \u00e0 seguran\u00e7a pessoal, j\u00e1 que cheiros perigosos, como o de fuma\u00e7a ou g\u00e1s, podem passar despercebidos. No caso da hiperosmia, o aumento exagerado da sensibilidade olfativa pode resultar em desconfortos significativos, exacerbando rea\u00e7\u00f5es a odores que anteriormente eram inofensivos.<\/p>\n\n\n\n<h2 class=\"wp-block-heading\">Como \u00e9 realizado o diagn\u00f3stico e tratamento?<\/h2>\n\n\n\n<p>O diagn\u00f3stico desses dist\u00farbios frequentemente come\u00e7a com testes olfat\u00f3rios e investiga\u00e7\u00f5es m\u00e9dicas aprofundadas para identificar poss\u00edveis causas subjacentes. M\u00e9todos como o treinamento olfat\u00f3rio t\u00eam se mostrado promissores, especialmente para pacientes com parosmia e anosmia p\u00f3s-COVID. Esse treinamento envolve a exposi\u00e7\u00e3o repetida a odores fortes para estimular a recupera\u00e7\u00e3o neural. Contudo, o tratamento varia conforme o dist\u00farbio e suas causas, podendo incluir medicamentos e, em alguns casos, interven\u00e7\u00e3o cir\u00fargica.<\/p>\n\n\n\n<h2 class=\"wp-block-heading\">Quais s\u00e3o as implica\u00e7\u00f5es para a sa\u00fade p\u00fablica?<\/h2>\n\n\n\n<p>A aten\u00e7\u00e3o crescente aos dist\u00farbios olfat\u00f3rios sugere uma necessidade urgente de melhoria nos sistemas de <a href=\"https:\/\/www.correiobraziliense.com.br\/cbradar\/cabeca-achatada-em-bebes-merece-atencao\/\" target=\"_blank\" rel=\"noreferrer noopener\">sa\u00fade <\/a>para manejo e conscientiza\u00e7\u00e3o desses problemas. Com o aumento de casos relacionados \u00e0 COVID-19, a detec\u00e7\u00e3o e o tratamento eficazes tornam-se fundamentais para garantir a recupera\u00e7\u00e3o total dos sentidos e, consequentemente, da qualidade de vida dos pacientes. O aprendizado cont\u00ednuo e a pesquisa em dist\u00farbios do Olfato podem revelar caminhos inovadores tanto para preven\u00e7\u00e3o quanto para tratamentos mais eficazes no futuro.<\/p>\n\n\n<a href=\"https:\/\/www.instagram.com\/dra.annaluisabf\/\" target=\"_blank\" rel=\"noopener\" style=\"text-decoration: none; color: inherit;\">\n    <span style=\"display: inline-block; border: 1px solid #ccc; border-radius: 10px; padding: 15px; max-width: 550px; font-family: sans-serif; box-shadow: 0 2px 5px rgba(0,0,0,0.1); width: 100%;\">\n\n      <!-- T\u00edtulo -->\n      <span style=\"display: block; margin: 0 0 15px 0; font-weight: bold; color: #2c3e50; text-align: center;\">\n        Entre em contato:\n      <\/span>\n\n      <!-- Linha do perfil -->\n      <span style=\"display: flex; align-items: center; gap: 15px;\">\n        <img decoding=\"async\"\n          src=\"https:\/\/www.correiobraziliense.com.br\/cbradar\/wp-content\/uploads\/2025\/08\/dra_anna_luisa.jpeg\"\n          alt=\"Foto da Dra. Anna Lu\u00edsa\"\n          style=\"border-radius: 50%; width: 80px; height: 80px; object-fit: cover;\"\n        \/>\n        <span style=\"display: flex; flex-direction: column;\">\n          <span style=\"font-size: 18px; font-weight: 700; color: #2c3e50;\">Dra. Anna Lu\u00edsa Barbosa Fernandes<\/span>\n          <span style=\"color: #555;\">CRM-GO 33.271<\/span>\n        <\/span>\n      <\/span>\n\n      <!-- Redes -->\n      <span style=\"display: flex; align-items: center; gap: 10px; margin-top: 12px;\">\n        <img decoding=\"async\" src=\"https:\/\/cdn-icons-png.flaticon.com\/24\/1384\/1384063.png\" alt=\"Instagram\" width=\"24\" height=\"24\" \/>\n        <span style=\"text-decoration: underline; color: #2c3e50;\">@dra.annaluisabf<\/span>\n      <\/span>\n\n    <\/span>\n  <\/a>","protected":false},"excerpt":{"rendered":"<p>O Olfato \u00e9 um dos sentidos mais complexos e cruciais para a experi\u00eancia humana, influenciando n\u00e3o apenas a percep\u00e7\u00e3o de odores, mas tamb\u00e9m o paladar e diversas fun\u00e7\u00f5es cognitivas. Diante desse cen\u00e1rio, os dist\u00farbios olfat\u00f3rios t\u00eam ganhado aten\u00e7\u00e3o, especialmente ap\u00f3s a pandemia de COVID-19, que trouxe \u00e0 tona perda ou altera\u00e7\u00e3o do Olfato como uma [&hellip;]<\/p>\n","protected":false},"author":14,"featured_media":178623,"comment_status":"open","ping_status":"open","sticky":false,"template":"","format":"standard","meta":{"_yoast_wpseo_focuskw":"Olfato","_yoast_wpseo_title":"","_yoast_wpseo_metadesc":"Os dist\u00farbios olfat\u00f3rios alteram cheiros, afetam o paladar e podem impactar a seguran\u00e7a e a qualidade de vida.","jnews-multi-image_gallery":[],"jnews_single_post":{"format":"standard"},"jnews_primary_category":[],"jnews_social_meta":[],"jnews_override_counter":[],"footnotes":""},"categories":[4404],"tags":[120,247,1318],"class_list":["post-178622","post","type-post","status-publish","format-standard","has-post-thumbnail","hentry","category-saude","tag-bem-estar","tag-qualidade-de-vida","tag-saude-2"],"yoast_head":"<!-- This site is optimized with the Yoast SEO plugin v24.6 - https:\/\/yoast.com\/wordpress\/plugins\/seo\/ -->\n<title>Por que algumas pessoas sentem cheiros que n\u00e3o existem - Correio Braziliense - Radar<\/title>\n<meta name=\"description\" content=\"Os dist\u00farbios olfat\u00f3rios alteram cheiros, afetam o paladar e podem impactar a seguran\u00e7a e a qualidade de vida.\" \/>\n<meta name=\"robots\" content=\"index, follow, max-snippet:-1, max-image-preview:large, max-video-preview:-1\" \/>\n<link rel=\"canonical\" href=\"https:\/\/www.correiobraziliense.com.br\/cbradar\/por-que-algumas-pessoas-sentem-cheiros-que-nao-existem\/\" \/>\n<meta property=\"og:locale\" content=\"pt_BR\" \/>\n<meta property=\"og:type\" content=\"article\" \/>\n<meta property=\"og:title\" content=\"Por que algumas pessoas sentem cheiros que n\u00e3o existem - Correio Braziliense - Radar\" \/>\n<meta property=\"og:description\" content=\"Os dist\u00farbios olfat\u00f3rios alteram cheiros, afetam o paladar e podem impactar a seguran\u00e7a e a qualidade de vida.\" \/>\n<meta property=\"og:url\" content=\"https:\/\/www.correiobraziliense.com.br\/cbradar\/por-que-algumas-pessoas-sentem-cheiros-que-nao-existem\/\" \/>\n<meta property=\"og:site_name\" content=\"Correio Braziliense - Radar\" \/>\n<meta property=\"article:published_time\" content=\"2026-01-22T14:05:00+00:00\" \/>\n<meta property=\"og:image\" content=\"https:\/\/www.correiobraziliense.com.br\/cbradar\/wp-content\/uploads\/2026\/01\/Olfato-_1768920027608.jpg\" \/>\n\t<meta property=\"og:image:width\" content=\"1280\" \/>\n\t<meta property=\"og:image:height\" content=\"720\" \/>\n\t<meta property=\"og:image:type\" content=\"image\/jpeg\" \/>\n<meta name=\"author\" content=\"guilherme_saude\" \/>\n<meta name=\"twitter:card\" content=\"summary_large_image\" \/>\n<meta name=\"twitter:label1\" content=\"Escrito por\" \/>\n\t<meta name=\"twitter:data1\" content=\"guilherme_saude\" \/>\n\t<meta name=\"twitter:label2\" content=\"Est. tempo de leitura\" \/>\n\t<meta name=\"twitter:data2\" content=\"4 minutos\" \/>\n<!-- \/ Yoast SEO plugin. -->","yoast_head_json":{"title":"Por que algumas pessoas sentem cheiros que n\u00e3o existem - Correio Braziliense - Radar","description":"Os dist\u00farbios olfat\u00f3rios alteram cheiros, afetam o paladar e podem impactar a seguran\u00e7a e a qualidade de vida.","robots":{"index":"index","follow":"follow","max-snippet":"max-snippet:-1","max-image-preview":"max-image-preview:large","max-video-preview":"max-video-preview:-1"},"canonical":"https:\/\/www.correiobraziliense.com.br\/cbradar\/por-que-algumas-pessoas-sentem-cheiros-que-nao-existem\/","og_locale":"pt_BR","og_type":"article","og_title":"Por que algumas pessoas sentem cheiros que n\u00e3o existem - Correio Braziliense - Radar","og_description":"Os dist\u00farbios olfat\u00f3rios alteram cheiros, afetam o paladar e podem impactar a seguran\u00e7a e a qualidade de vida.","og_url":"https:\/\/www.correiobraziliense.com.br\/cbradar\/por-que-algumas-pessoas-sentem-cheiros-que-nao-existem\/","og_site_name":"Correio Braziliense - Radar","article_published_time":"2026-01-22T14:05:00+00:00","og_image":[{"width":1280,"height":720,"url":"https:\/\/www.correiobraziliense.com.br\/cbradar\/wp-content\/uploads\/2026\/01\/Olfato-_1768920027608.jpg","type":"image\/jpeg"}],"author":"guilherme_saude","twitter_card":"summary_large_image","twitter_misc":{"Escrito por":"guilherme_saude","Est. tempo de leitura":"4 minutos"},"schema":{"@context":"https:\/\/schema.org","@graph":[{"@type":"WebPage","@id":"https:\/\/www.correiobraziliense.com.br\/cbradar\/por-que-algumas-pessoas-sentem-cheiros-que-nao-existem\/","url":"https:\/\/www.correiobraziliense.com.br\/cbradar\/por-que-algumas-pessoas-sentem-cheiros-que-nao-existem\/","name":"Por que algumas pessoas sentem cheiros que n\u00e3o existem - Correio Braziliense - Radar","isPartOf":{"@id":"https:\/\/www.correiobraziliense.com.br\/cbradar\/#website"},"primaryImageOfPage":{"@id":"https:\/\/www.correiobraziliense.com.br\/cbradar\/por-que-algumas-pessoas-sentem-cheiros-que-nao-existem\/#primaryimage"},"image":{"@id":"https:\/\/www.correiobraziliense.com.br\/cbradar\/por-que-algumas-pessoas-sentem-cheiros-que-nao-existem\/#primaryimage"},"thumbnailUrl":"https:\/\/www.correiobraziliense.com.br\/cbradar\/wp-content\/uploads\/2026\/01\/Olfato-_1768920027608.jpg","datePublished":"2026-01-22T14:05:00+00:00","author":{"@id":"https:\/\/www.correiobraziliense.com.br\/cbradar\/#\/schema\/person\/5aa4bf3c8fa699c267933611de12978b"},"description":"Os dist\u00farbios olfat\u00f3rios alteram cheiros, afetam o paladar e podem impactar a seguran\u00e7a e a qualidade de vida.","breadcrumb":{"@id":"https:\/\/www.correiobraziliense.com.br\/cbradar\/por-que-algumas-pessoas-sentem-cheiros-que-nao-existem\/#breadcrumb"},"inLanguage":"pt-BR","potentialAction":[{"@type":"ReadAction","target":["https:\/\/www.correiobraziliense.com.br\/cbradar\/por-que-algumas-pessoas-sentem-cheiros-que-nao-existem\/"]}]},{"@type":"ImageObject","inLanguage":"pt-BR","@id":"https:\/\/www.correiobraziliense.com.br\/cbradar\/por-que-algumas-pessoas-sentem-cheiros-que-nao-existem\/#primaryimage","url":"https:\/\/www.correiobraziliense.com.br\/cbradar\/wp-content\/uploads\/2026\/01\/Olfato-_1768920027608.jpg","contentUrl":"https:\/\/www.correiobraziliense.com.br\/cbradar\/wp-content\/uploads\/2026\/01\/Olfato-_1768920027608.jpg","width":1280,"height":720,"caption":"Olfato - Cr\u00e9ditos: depositphotos.com \/ BestPhotoStudio"},{"@type":"BreadcrumbList","@id":"https:\/\/www.correiobraziliense.com.br\/cbradar\/por-que-algumas-pessoas-sentem-cheiros-que-nao-existem\/#breadcrumb","itemListElement":[{"@type":"ListItem","position":1,"name":"In\u00edcio","item":"https:\/\/www.correiobraziliense.com.br\/cbradar\/"},{"@type":"ListItem","position":2,"name":"Por que algumas pessoas sentem cheiros que n\u00e3o existem"}]},{"@type":"WebSite","@id":"https:\/\/www.correiobraziliense.com.br\/cbradar\/#website","url":"https:\/\/www.correiobraziliense.com.br\/cbradar\/","name":"Correio Braziliense - Radar","description":"Acompanhe as \u00faltimas not\u00edcias e fique bem informado sobre tudo o que acontece no Brasil e no mundo.","potentialAction":[{"@type":"SearchAction","target":{"@type":"EntryPoint","urlTemplate":"https:\/\/www.correiobraziliense.com.br\/cbradar\/?s={search_term_string}"},"query-input":{"@type":"PropertyValueSpecification","valueRequired":true,"valueName":"search_term_string"}}],"inLanguage":"pt-BR"},{"@type":"Person","@id":"https:\/\/www.correiobraziliense.com.br\/cbradar\/#\/schema\/person\/5aa4bf3c8fa699c267933611de12978b","name":"guilherme_saude","image":{"@type":"ImageObject","inLanguage":"pt-BR","@id":"https:\/\/www.correiobraziliense.com.br\/cbradar\/#\/schema\/person\/image\/","url":"https:\/\/secure.gravatar.com\/avatar\/df9adfb835d344bc0af109d41756253f?s=96&d=mm&r=g","contentUrl":"https:\/\/secure.gravatar.com\/avatar\/df9adfb835d344bc0af109d41756253f?s=96&d=mm&r=g","caption":"guilherme_saude"},"url":"https:\/\/www.correiobraziliense.com.br\/cbradar\/author\/guilherme_saude\/"}]}},"_links":{"self":[{"href":"https:\/\/www.correiobraziliense.com.br\/cbradar\/wp-json\/wp\/v2\/posts\/178622","targetHints":{"allow":["GET"]}}],"collection":[{"href":"https:\/\/www.correiobraziliense.com.br\/cbradar\/wp-json\/wp\/v2\/posts"}],"about":[{"href":"https:\/\/www.correiobraziliense.com.br\/cbradar\/wp-json\/wp\/v2\/types\/post"}],"author":[{"embeddable":true,"href":"https:\/\/www.correiobraziliense.com.br\/cbradar\/wp-json\/wp\/v2\/users\/14"}],"replies":[{"embeddable":true,"href":"https:\/\/www.correiobraziliense.com.br\/cbradar\/wp-json\/wp\/v2\/comments?post=178622"}],"version-history":[{"count":1,"href":"https:\/\/www.correiobraziliense.com.br\/cbradar\/wp-json\/wp\/v2\/posts\/178622\/revisions"}],"predecessor-version":[{"id":178625,"href":"https:\/\/www.correiobraziliense.com.br\/cbradar\/wp-json\/wp\/v2\/posts\/178622\/revisions\/178625"}],"wp:featuredmedia":[{"embeddable":true,"href":"https:\/\/www.correiobraziliense.com.br\/cbradar\/wp-json\/wp\/v2\/media\/178623"}],"wp:attachment":[{"href":"https:\/\/www.correiobraziliense.com.br\/cbradar\/wp-json\/wp\/v2\/media?parent=178622"}],"wp:term":[{"taxonomy":"category","embeddable":true,"href":"https:\/\/www.correiobraziliense.com.br\/cbradar\/wp-json\/wp\/v2\/categories?post=178622"},{"taxonomy":"post_tag","embeddable":true,"href":"https:\/\/www.correiobraziliense.com.br\/cbradar\/wp-json\/wp\/v2\/tags?post=178622"}],"curies":[{"name":"wp","href":"https:\/\/api.w.org\/{rel}","templated":true}]}}