{"id":178649,"date":"2026-01-20T17:29:40","date_gmt":"2026-01-20T20:29:40","guid":{"rendered":"https:\/\/www.correiobraziliense.com.br\/cbradar\/?p=178649"},"modified":"2026-01-20T17:29:44","modified_gmt":"2026-01-20T20:29:44","slug":"a-erva-surreal-para-deixar-seus-rins-limpos-e-menos-inchados","status":"publish","type":"post","link":"https:\/\/www.correiobraziliense.com.br\/cbradar\/a-erva-surreal-para-deixar-seus-rins-limpos-e-menos-inchados\/","title":{"rendered":"A erva surreal para deixar seus rins limpos e menos inchados"},"content":{"rendered":"\n<p>A natureza oferece solu\u00e7\u00f5es extraordin\u00e1rias para o equil\u00edbrio do organismo, e muitas vezes o segredo para uma vida plena est\u00e1 escondido em ingredientes simples da nossa horta. A salsa fresca surge como uma verdadeira aliada na purifica\u00e7\u00e3o do sistema renal e no combate \u00e0 reten\u00e7\u00e3o de l\u00edquidos, promovendo uma sensa\u00e7\u00e3o de leveza imediata. Entender como essa erva atua no corpo \u00e9 o primeiro passo para quem busca revitalizar a disposi\u00e7\u00e3o e garantir que o organismo funcione em sua m\u00e1xima harmonia.<\/p>\n\n\n\n<h2 class=\"wp-block-heading\">O que torna a salsa fresca um ingrediente indispens\u00e1vel para a sua rotina?<\/h2>\n\n\n\n<p>A presen\u00e7a de nutrientes essenciais e compostos bioativos na salsa fresca garante que o organismo receba um suporte vital para suas fun\u00e7\u00f5es di\u00e1rias mais complexas. Sua riqueza em vitaminas e minerais espec\u00edficos auxilia na manuten\u00e7\u00e3o da vitalidade, combatendo o estresse oxidativo que tanto prejudica as c\u00e9lulas a longo prazo. O consumo regular desse alimento \u00e9 uma estrat\u00e9gia inteligente para quem deseja manter o corpo limpo e livre de impurezas acumuladas.<\/p>\n\n\n\n<p>Ao integrar essa erva nas refei\u00e7\u00f5es, voc\u00ea n\u00e3o apenas melhora o sabor dos pratos, mas tamb\u00e9m investe em uma prote\u00e7\u00e3o natural contra processos inflamat\u00f3rios silenciosos. O consumo constante est\u00e1 diretamente ligado a uma melhor resposta imunol\u00f3gica, permitindo que o corpo reaja com maior efici\u00eancia aos desafios externos do cotidiano moderno. \u00c9 um pequeno ajuste culin\u00e1rio que reflete em grandes ganhos para a longevidade e para a disposi\u00e7\u00e3o f\u00edsica di\u00e1ria.<\/p>\n\n\n<div class=\"wp-block-image\">\n<figure class=\"aligncenter size-large\"><img decoding=\"async\" width=\"1024\" height=\"576\" src=\"https:\/\/www.correiobraziliense.com.br\/cbradar\/wp-content\/uploads\/2026\/01\/Gemini_Generated_Image_ruv3eoruv3eoruv3-1-1-1024x576.png\" alt=\"A erva surreal para deixar seus rins limpos e menos inchados\" class=\"wp-image-178651\" srcset=\"https:\/\/www.correiobraziliense.com.br\/cbradar\/wp-content\/uploads\/2026\/01\/Gemini_Generated_Image_ruv3eoruv3eoruv3-1-1-1024x576.png 1024w, https:\/\/www.correiobraziliense.com.br\/cbradar\/wp-content\/uploads\/2026\/01\/Gemini_Generated_Image_ruv3eoruv3eoruv3-1-1-300x169.png 300w, https:\/\/www.correiobraziliense.com.br\/cbradar\/wp-content\/uploads\/2026\/01\/Gemini_Generated_Image_ruv3eoruv3eoruv3-1-1-768x432.png 768w, https:\/\/www.correiobraziliense.com.br\/cbradar\/wp-content\/uploads\/2026\/01\/Gemini_Generated_Image_ruv3eoruv3eoruv3-1-1-750x422.png 750w, https:\/\/www.correiobraziliense.com.br\/cbradar\/wp-content\/uploads\/2026\/01\/Gemini_Generated_Image_ruv3eoruv3eoruv3-1-1-1140x641.png 1140w, https:\/\/www.correiobraziliense.com.br\/cbradar\/wp-content\/uploads\/2026\/01\/Gemini_Generated_Image_ruv3eoruv3eoruv3-1-1.png 1280w\" sizes=\"(max-width: 1024px) 100vw, 1024px\" \/><figcaption class=\"wp-element-caption\">Uma erva simples pode ajudar mais do que voc\u00ea imagina<\/figcaption><\/figure><\/div>\n\n\n<h2 class=\"wp-block-heading\">Como a salsa fresca atua na limpeza dos rins e na redu\u00e7\u00e3o do incha\u00e7o?<\/h2>\n\n\n\n<p>A a\u00e7\u00e3o diur\u00e9tica dessa planta \u00e9 um dos seus maiores trunfos, pois estimula a elimina\u00e7\u00e3o de toxinas e o excesso de s\u00f3dio atrav\u00e9s da filtragem renal constante. Esse processo \u00e9 fundamental para aliviar a sobrecarga dos \u00f3rg\u00e3os internos, garantindo que o fluxo de l\u00edquidos ocorra de maneira equilibrada e sem reten\u00e7\u00f5es desconfort\u00e1veis. A erva atua como um filtro natural que ajuda a expelir o que o corpo n\u00e3o precisa mais para funcionar bem.<\/p>\n\n\n\n<p>De acordo com um <a href=\"https:\/\/pubmed.ncbi.nlm.nih.gov\/11849860\/\" target=\"_blank\" rel=\"noreferrer noopener\">estudo acad\u00e9mico publicado na National Library of Medicine (PubMed)<\/a>, a salsa atua na inibi\u00e7\u00e3o da bomba de s\u00f3dio e pot\u00e1ssio, o que valida o seu papel no aumento do volume urin\u00e1rio e na redu\u00e7\u00e3o da reten\u00e7\u00e3o de l\u00edquidos de maneira org\u00e2nica.<\/p>\n\n\n\n<p>Para compreender melhor o impacto positivo que essa planta exerce na sua plenitude, vale a pena observar como seus componentes agem especificamente na regula\u00e7\u00e3o dos fluidos corporais de maneira org\u00e2nica:<\/p>\n\n\n\n<ul class=\"wp-block-list\">\n<li>A\u00e7\u00e3o direta na inibi\u00e7\u00e3o da bomba de s\u00f3dio e pot\u00e1ssio, o que facilita a excre\u00e7\u00e3o urin\u00e1ria saud\u00e1vel.<\/li>\n\n\n\n<li>Presen\u00e7a de flavonoides que auxiliam na manuten\u00e7\u00e3o da press\u00e3o arterial de forma suave e progressiva.<\/li>\n\n\n\n<li>Capacidade de dissolver pequenos res\u00edduos minerais que poderiam causar desconfortos futuros no trato urin\u00e1rio.<\/li>\n\n\n\n<li>Est\u00edmulo eficiente \u00e0 circula\u00e7\u00e3o linf\u00e1tica, reduzindo visivelmente o incha\u00e7o nas pernas e na regi\u00e3o abdominal.<\/li>\n<\/ul>\n\n\n\n<p>Leia tamb\u00e9m: <a href=\"https:\/\/www.correiobraziliense.com.br\/cbradar\/a-bebida-leve-que-muitos-usam-para-fortalecer-a-defesa-antioxidante\/\" target=\"_blank\" rel=\"noreferrer noopener\">A bebida leve que muitos usam para fortalecer a defesa antioxidante<\/a><\/p>\n\n\n\n<h2 class=\"wp-block-heading\">Quais s\u00e3o os benef\u00edcios de consumir alimentos colhidos com gotas de orvalho?<\/h2>\n\n\n\n<p>O frescor absoluto de uma planta colhida enquanto ainda carrega as gotas de orvalho preserva a integridade de seus \u00f3leos essenciais e propriedades originais. Esse estado primordial da erva garante que os nutrientes cheguem ao consumidor em sua forma mais potente, sem a degrada\u00e7\u00e3o causada pelo calor ou pelo armazenamento longo. A energia contida em um alimento rec\u00e9m colhido \u00e9 incompar\u00e1vel quando o objetivo \u00e9 a nutri\u00e7\u00e3o profunda.<\/p>\n\n\n\n<p>Plantas que mant\u00eam essa hidrata\u00e7\u00e3o natural logo nas primeiras horas do dia apresentam uma concentra\u00e7\u00e3o superior de clorofila e antioxidantes fundamentais para a renova\u00e7\u00e3o celular. Priorizar o consumo de ingredientes t\u00e3o vivos \u00e9 uma escolha consciente para quem deseja absorver o m\u00e1ximo de benef\u00edcios que a terra pode oferecer. Essa pr\u00e1tica conecta a alimenta\u00e7\u00e3o aos ciclos naturais, potencializando a absor\u00e7\u00e3o de vitaminas essenciais pelo aparelho digestivo.<\/p>\n\n\n\n<!DOCTYPE html>\n<html lang=\"pt-BR\">\n<head>\n    <meta charset=\"UTF-8\">\n    <title>Benef\u00edcios da Erva<\/title>\n    <style>\n        body {\n            margin: 0;\n            padding: 0;\n            font-family: \"Segoe UI\", Arial, sans-serif;\n            background: linear-gradient(135deg, #9be15d, #00c9a7);\n            color: #2b2b2b;\n        }\n\n        .container {\n            max-width: 1000px;\n            margin: auto;\n            padding: 50px 20px;\n            text-align: center;\n        }\n\n        h1 {\n            font-size: 36px;\n            margin-bottom: 40px;\n        }\n\n        table {\n            width: 100%;\n            border-collapse: collapse;\n            background: #ffffff;\n            border-radius: 20px;\n            overflow: hidden;\n            box-shadow: 0 10px 25px rgba(0,0,0,0.15);\n        }\n\n        thead {\n            background-color: #00a88f;\n            color: #ffffff;\n        }\n\n        th, td {\n            padding: 18px;\n            text-align: left;\n            font-size: 16px;\n        }\n\n        th {\n            font-weight: 600;\n            text-transform: uppercase;\n            letter-spacing: 1px;\n        }\n\n        tbody tr:nth-child(even) {\n            background-color: #f3fdf9;\n        }\n\n        tbody tr:hover {\n            background-color: #e6faf4;\n        }\n\n        .emoji {\n            font-size: 20px;\n            margin-right: 8px;\n        }\n\n        .footer {\n            margin-top: 40px;\n            background: rgba(255,255,255,0.75);\n            padding: 22px;\n            border-radius: 22px;\n            font-size: 18px;\n        }\n    <\/style>\n<\/head>\n<body>\n    <div class=\"container\">\n        <h1>\ud83c\udf3f Benef\u00edcios da Erva Natural<\/h1>\n\n        <table>\n            <thead>\n                <tr>\n                    <th>Benef\u00edcio<\/th>\n                    <th>Descri\u00e7\u00e3o<\/th>\n                <\/tr>\n            <\/thead>\n            <tbody>\n                <tr>\n                    <td><span class=\"emoji\">\ud83d\udca7<\/span>Hidrata\u00e7\u00e3o natural<\/td>\n                    <td>Auxilia na manuten\u00e7\u00e3o do equil\u00edbrio h\u00eddrico e no bom funcionamento do organismo.<\/td>\n                <\/tr>\n                <tr>\n                    <td><span class=\"emoji\">\ud83e\udde0<\/span>Clareza mental<\/td>\n                    <td>Contribui para foco, concentra\u00e7\u00e3o e sensa\u00e7\u00e3o de bem-estar mental.<\/td>\n                <\/tr>\n                <tr>\n                    <td><span class=\"emoji\">\ud83e\uddec<\/span>A\u00e7\u00e3o antioxidante<\/td>\n                    <td>Ajuda a combater radicais livres e favorece a renova\u00e7\u00e3o celular.<\/td>\n                <\/tr>\n                <tr>\n                    <td><span class=\"emoji\">\ud83c\udf31<\/span>Digest\u00e3o equilibrada<\/td>\n                    <td>Estimula o sistema digestivo de forma suave e natural.<\/td>\n                <\/tr>\n                <tr>\n                    <td><span class=\"emoji\">\ud83d\udc9a<\/span>Vitalidade<\/td>\n                    <td>Fornece nutrientes essenciais que apoiam a energia e a sa\u00fade geral.<\/td>\n                <\/tr>\n            <\/tbody>\n        <\/table>\n\n        <div class=\"footer\">\n            \u2728 <strong>Dica:<\/strong> consumir a erva fresca potencializa seus benef\u00edcios\n            e fortalece a conex\u00e3o com os ciclos naturais da terra.\n        <\/div>\n    <\/div>\n<\/body>\n<\/html>\n\n\n\n<h2 class=\"wp-block-heading\">De que maneira voc\u00ea pode incluir essa erva poderosa no seu dia a dia?<\/h2>\n\n\n\n<p>Existem diversas formas pr\u00e1ticas e saborosas de aproveitar as propriedades purificantes da salsa, seja em preparos quentes ou em receitas refrescantes para os dias de sol. A versatilidade desse ingrediente permite que ele seja o protagonista de sucos verdes ou o toque final sofisticado em saladas e sopas nutritivas. O importante \u00e9 garantir que a erva seja utilizada em sua forma natural para preservar todas as suas enzimas ativas.<\/p>\n\n\n\n<p>Para facilitar a sua jornada em busca de mais leveza, selecionamos algumas sugest\u00f5es eficientes de como incorporar esse superalimento em suas refei\u00e7\u00f5es rotineiras com muita facilidade:<\/p>\n\n\n\n<ul class=\"wp-block-list\">\n<li>Sucos verdes combinando a erva com frutas c\u00edtricas para aumentar a absor\u00e7\u00e3o de ferro e vitamina C.<\/li>\n\n\n\n<li>Ch\u00e1s preparados por infus\u00e3o r\u00e1pida para serem consumidos entre as principais refei\u00e7\u00f5es do seu dia.<\/li>\n\n\n\n<li>Tempero base para molhos de iogurte natural ou azeites aromatizados para real\u00e7ar o sabor dos vegetais.<\/li>\n\n\n\n<li>Finaliza\u00e7\u00e3o de pratos cozidos apenas no momento de servir para manter o aroma e as propriedades terap\u00eauticas.<\/li>\n<\/ul>\n\n\n\n<p>A <strong>salsa (salsinha)<\/strong> vai muito al\u00e9m do tempero do dia a dia. A <strong>Nutricionista Patricia Leite<\/strong>, com <strong>8,11 milh\u00f5es de inscritos<\/strong>, explica para que ela serve, seus benef\u00edcios para a sa\u00fade, se ajuda a emagrecer e as melhores formas de usar no dia a dia:<\/p>\n\n\n\n<figure class=\"wp-block-embed aligncenter is-type-video is-provider-youtube wp-block-embed-youtube wp-embed-aspect-16-9 wp-has-aspect-ratio\"><div class=\"wp-block-embed__wrapper\">\n<div class=\"jeg_video_container jeg_video_content\"><iframe loading=\"lazy\" title=\"Benef\u00edcios da Salsa (Salsinha) - Para Que Serve? Emagrece? Como Usar? [DICAS]\" width=\"500\" height=\"281\" src=\"https:\/\/www.youtube.com\/embed\/YdtUTAM8cg4?feature=oembed\" frameborder=\"0\" allow=\"accelerometer; autoplay; clipboard-write; encrypted-media; gyroscope; picture-in-picture; web-share\" referrerpolicy=\"strict-origin-when-cross-origin\" allowfullscreen><\/iframe><\/div>\n<\/div><\/figure>\n\n\n\n<h2 class=\"wp-block-heading\">Como potencializar os efeitos diur\u00e9ticos de forma segura e totalmente natural?<\/h2>\n\n\n\n<p>Al\u00e9m de consumir a erva, \u00e9 fundamental manter uma hidrata\u00e7\u00e3o constante com \u00e1gua mineral para que os rins tenham o meio necess\u00e1rio para realizar a limpeza. O equil\u00edbrio entre o consumo do alimento funcional e a ingest\u00e3o adequada de l\u00edquidos \u00e9 o que garante resultados duradouros na redu\u00e7\u00e3o do incha\u00e7o corporal. Sem \u00e1gua, o corpo tende a reter ainda mais fluidos como uma forma de prote\u00e7\u00e3o contra a desidrata\u00e7\u00e3o severa.<\/p>\n\n\n\n<p>A pr\u00e1tica de atividades f\u00edsicas leves tamb\u00e9m ajuda na movimenta\u00e7\u00e3o dos fluidos corporais, potencializando o trabalho que a nutri\u00e7\u00e3o iniciou de dentro para fora. Ao unir bons h\u00e1bitos alimentares com um estilo de vida ativo, o corpo responde com mais energia, clareza mental e uma satisfa\u00e7\u00e3o que se reflete na pele. Cuidar do sistema renal \u00e9 garantir que todo o fluxo de vida corra livremente pelo seu organismo todos os dias.<\/p>\n","protected":false},"excerpt":{"rendered":"<p>A natureza oferece solu\u00e7\u00f5es extraordin\u00e1rias para o equil\u00edbrio do organismo, e muitas vezes o segredo para uma vida plena est\u00e1 escondido em ingredientes simples da nossa horta. A salsa fresca surge como uma verdadeira aliada na purifica\u00e7\u00e3o do sistema renal e no combate \u00e0 reten\u00e7\u00e3o de l\u00edquidos, promovendo uma sensa\u00e7\u00e3o de leveza imediata. Entender como [&hellip;]<\/p>\n","protected":false},"author":21,"featured_media":178655,"comment_status":"open","ping_status":"open","sticky":false,"template":"","format":"standard","meta":{"_yoast_wpseo_focuskw":"salsa fresca","_yoast_wpseo_title":"","_yoast_wpseo_metadesc":"Um ingrediente simples e natural pode atuar no equil\u00edbrio interno do corpo e trazer sensa\u00e7\u00e3o de leveza quando usado corretamente.","jnews-multi-image_gallery":[],"jnews_single_post":{"format":"standard"},"jnews_primary_category":[],"jnews_social_meta":[],"jnews_override_counter":[],"footnotes":""},"categories":[119,4404],"tags":[5501,14258,4256,836],"class_list":["post-178649","post","type-post","status-publish","format-standard","has-post-thumbnail","hentry","category-bem-estar","category-saude","tag-erva","tag-gotas-de-orvalho","tag-rins","tag-salsa"],"yoast_head":"<!-- This site is optimized with the Yoast SEO plugin v24.6 - https:\/\/yoast.com\/wordpress\/plugins\/seo\/ -->\n<title>A erva surreal para deixar seus rins limpos e menos inchados - Correio Braziliense - Radar<\/title>\n<meta name=\"description\" content=\"Um ingrediente simples e natural pode atuar no equil\u00edbrio interno do corpo e trazer sensa\u00e7\u00e3o de leveza quando usado corretamente.\" \/>\n<meta name=\"robots\" content=\"index, follow, max-snippet:-1, max-image-preview:large, max-video-preview:-1\" \/>\n<link rel=\"canonical\" href=\"https:\/\/www.correiobraziliense.com.br\/cbradar\/a-erva-surreal-para-deixar-seus-rins-limpos-e-menos-inchados\/\" \/>\n<meta property=\"og:locale\" content=\"pt_BR\" \/>\n<meta property=\"og:type\" content=\"article\" \/>\n<meta property=\"og:title\" content=\"A erva surreal para deixar seus rins limpos e menos inchados - Correio Braziliense - Radar\" \/>\n<meta property=\"og:description\" content=\"Um ingrediente simples e natural pode atuar no equil\u00edbrio interno do corpo e trazer sensa\u00e7\u00e3o de leveza quando usado corretamente.\" \/>\n<meta property=\"og:url\" content=\"https:\/\/www.correiobraziliense.com.br\/cbradar\/a-erva-surreal-para-deixar-seus-rins-limpos-e-menos-inchados\/\" \/>\n<meta property=\"og:site_name\" content=\"Correio Braziliense - Radar\" \/>\n<meta property=\"article:published_time\" content=\"2026-01-20T20:29:40+00:00\" \/>\n<meta property=\"article:modified_time\" content=\"2026-01-20T20:29:44+00:00\" \/>\n<meta property=\"og:image\" content=\"https:\/\/www.correiobraziliense.com.br\/cbradar\/wp-content\/uploads\/2026\/01\/Gemini_Generated_Image_msnusvmsnusvmsnu-1-1.png\" \/>\n\t<meta property=\"og:image:width\" content=\"1280\" \/>\n\t<meta property=\"og:image:height\" content=\"720\" \/>\n\t<meta property=\"og:image:type\" content=\"image\/png\" \/>\n<meta name=\"author\" content=\"Patrick Silva\" \/>\n<meta name=\"twitter:card\" content=\"summary_large_image\" \/>\n<meta name=\"twitter:label1\" content=\"Escrito por\" \/>\n\t<meta name=\"twitter:data1\" content=\"Patrick Silva\" \/>\n\t<meta name=\"twitter:label2\" content=\"Est. tempo de leitura\" \/>\n\t<meta name=\"twitter:data2\" content=\"7 minutos\" \/>\n<!-- \/ Yoast SEO plugin. -->","yoast_head_json":{"title":"A erva surreal para deixar seus rins limpos e menos inchados - Correio Braziliense - Radar","description":"Um ingrediente simples e natural pode atuar no equil\u00edbrio interno do corpo e trazer sensa\u00e7\u00e3o de leveza quando usado corretamente.","robots":{"index":"index","follow":"follow","max-snippet":"max-snippet:-1","max-image-preview":"max-image-preview:large","max-video-preview":"max-video-preview:-1"},"canonical":"https:\/\/www.correiobraziliense.com.br\/cbradar\/a-erva-surreal-para-deixar-seus-rins-limpos-e-menos-inchados\/","og_locale":"pt_BR","og_type":"article","og_title":"A erva surreal para deixar seus rins limpos e menos inchados - Correio Braziliense - Radar","og_description":"Um ingrediente simples e natural pode atuar no equil\u00edbrio interno do corpo e trazer sensa\u00e7\u00e3o de leveza quando usado corretamente.","og_url":"https:\/\/www.correiobraziliense.com.br\/cbradar\/a-erva-surreal-para-deixar-seus-rins-limpos-e-menos-inchados\/","og_site_name":"Correio Braziliense - Radar","article_published_time":"2026-01-20T20:29:40+00:00","article_modified_time":"2026-01-20T20:29:44+00:00","og_image":[{"width":1280,"height":720,"url":"https:\/\/www.correiobraziliense.com.br\/cbradar\/wp-content\/uploads\/2026\/01\/Gemini_Generated_Image_msnusvmsnusvmsnu-1-1.png","type":"image\/png"}],"author":"Patrick Silva","twitter_card":"summary_large_image","twitter_misc":{"Escrito por":"Patrick Silva","Est. tempo de leitura":"7 minutos"},"schema":{"@context":"https:\/\/schema.org","@graph":[{"@type":"WebPage","@id":"https:\/\/www.correiobraziliense.com.br\/cbradar\/a-erva-surreal-para-deixar-seus-rins-limpos-e-menos-inchados\/","url":"https:\/\/www.correiobraziliense.com.br\/cbradar\/a-erva-surreal-para-deixar-seus-rins-limpos-e-menos-inchados\/","name":"A erva surreal para deixar seus rins limpos e menos inchados - Correio Braziliense - Radar","isPartOf":{"@id":"https:\/\/www.correiobraziliense.com.br\/cbradar\/#website"},"primaryImageOfPage":{"@id":"https:\/\/www.correiobraziliense.com.br\/cbradar\/a-erva-surreal-para-deixar-seus-rins-limpos-e-menos-inchados\/#primaryimage"},"image":{"@id":"https:\/\/www.correiobraziliense.com.br\/cbradar\/a-erva-surreal-para-deixar-seus-rins-limpos-e-menos-inchados\/#primaryimage"},"thumbnailUrl":"https:\/\/www.correiobraziliense.com.br\/cbradar\/wp-content\/uploads\/2026\/01\/Gemini_Generated_Image_msnusvmsnusvmsnu-1-1.png","datePublished":"2026-01-20T20:29:40+00:00","dateModified":"2026-01-20T20:29:44+00:00","author":{"@id":"https:\/\/www.correiobraziliense.com.br\/cbradar\/#\/schema\/person\/5440b72be9c7eb74f446c846479dc4da"},"description":"Um ingrediente simples e natural pode atuar no equil\u00edbrio interno do corpo e trazer sensa\u00e7\u00e3o de leveza quando usado corretamente.","breadcrumb":{"@id":"https:\/\/www.correiobraziliense.com.br\/cbradar\/a-erva-surreal-para-deixar-seus-rins-limpos-e-menos-inchados\/#breadcrumb"},"inLanguage":"pt-BR","potentialAction":[{"@type":"ReadAction","target":["https:\/\/www.correiobraziliense.com.br\/cbradar\/a-erva-surreal-para-deixar-seus-rins-limpos-e-menos-inchados\/"]}]},{"@type":"ImageObject","inLanguage":"pt-BR","@id":"https:\/\/www.correiobraziliense.com.br\/cbradar\/a-erva-surreal-para-deixar-seus-rins-limpos-e-menos-inchados\/#primaryimage","url":"https:\/\/www.correiobraziliense.com.br\/cbradar\/wp-content\/uploads\/2026\/01\/Gemini_Generated_Image_msnusvmsnusvmsnu-1-1.png","contentUrl":"https:\/\/www.correiobraziliense.com.br\/cbradar\/wp-content\/uploads\/2026\/01\/Gemini_Generated_Image_msnusvmsnusvmsnu-1-1.png","width":1280,"height":720,"caption":"Uma erva simples pode ajudar mais do que voc\u00ea imagina"},{"@type":"BreadcrumbList","@id":"https:\/\/www.correiobraziliense.com.br\/cbradar\/a-erva-surreal-para-deixar-seus-rins-limpos-e-menos-inchados\/#breadcrumb","itemListElement":[{"@type":"ListItem","position":1,"name":"In\u00edcio","item":"https:\/\/www.correiobraziliense.com.br\/cbradar\/"},{"@type":"ListItem","position":2,"name":"A erva surreal para deixar seus rins limpos e menos inchados"}]},{"@type":"WebSite","@id":"https:\/\/www.correiobraziliense.com.br\/cbradar\/#website","url":"https:\/\/www.correiobraziliense.com.br\/cbradar\/","name":"Correio Braziliense - Radar","description":"Acompanhe as \u00faltimas not\u00edcias e fique bem informado sobre tudo o que acontece no Brasil e no mundo.","potentialAction":[{"@type":"SearchAction","target":{"@type":"EntryPoint","urlTemplate":"https:\/\/www.correiobraziliense.com.br\/cbradar\/?s={search_term_string}"},"query-input":{"@type":"PropertyValueSpecification","valueRequired":true,"valueName":"search_term_string"}}],"inLanguage":"pt-BR"},{"@type":"Person","@id":"https:\/\/www.correiobraziliense.com.br\/cbradar\/#\/schema\/person\/5440b72be9c7eb74f446c846479dc4da","name":"Patrick Silva","image":{"@type":"ImageObject","inLanguage":"pt-BR","@id":"https:\/\/www.correiobraziliense.com.br\/cbradar\/#\/schema\/person\/image\/","url":"https:\/\/secure.gravatar.com\/avatar\/944109df296fc087785c9715fd5f80b2?s=96&d=mm&r=g","contentUrl":"https:\/\/secure.gravatar.com\/avatar\/944109df296fc087785c9715fd5f80b2?s=96&d=mm&r=g","caption":"Patrick Silva"},"sameAs":["https:\/\/www.correiobraziliense.com.br\/cbradar\/"],"url":"https:\/\/www.correiobraziliense.com.br\/cbradar\/author\/patrick-silva\/"}]}},"_links":{"self":[{"href":"https:\/\/www.correiobraziliense.com.br\/cbradar\/wp-json\/wp\/v2\/posts\/178649","targetHints":{"allow":["GET"]}}],"collection":[{"href":"https:\/\/www.correiobraziliense.com.br\/cbradar\/wp-json\/wp\/v2\/posts"}],"about":[{"href":"https:\/\/www.correiobraziliense.com.br\/cbradar\/wp-json\/wp\/v2\/types\/post"}],"author":[{"embeddable":true,"href":"https:\/\/www.correiobraziliense.com.br\/cbradar\/wp-json\/wp\/v2\/users\/21"}],"replies":[{"embeddable":true,"href":"https:\/\/www.correiobraziliense.com.br\/cbradar\/wp-json\/wp\/v2\/comments?post=178649"}],"version-history":[{"count":3,"href":"https:\/\/www.correiobraziliense.com.br\/cbradar\/wp-json\/wp\/v2\/posts\/178649\/revisions"}],"predecessor-version":[{"id":178690,"href":"https:\/\/www.correiobraziliense.com.br\/cbradar\/wp-json\/wp\/v2\/posts\/178649\/revisions\/178690"}],"wp:featuredmedia":[{"embeddable":true,"href":"https:\/\/www.correiobraziliense.com.br\/cbradar\/wp-json\/wp\/v2\/media\/178655"}],"wp:attachment":[{"href":"https:\/\/www.correiobraziliense.com.br\/cbradar\/wp-json\/wp\/v2\/media?parent=178649"}],"wp:term":[{"taxonomy":"category","embeddable":true,"href":"https:\/\/www.correiobraziliense.com.br\/cbradar\/wp-json\/wp\/v2\/categories?post=178649"},{"taxonomy":"post_tag","embeddable":true,"href":"https:\/\/www.correiobraziliense.com.br\/cbradar\/wp-json\/wp\/v2\/tags?post=178649"}],"curies":[{"name":"wp","href":"https:\/\/api.w.org\/{rel}","templated":true}]}}