{"id":178748,"date":"2026-01-24T20:15:00","date_gmt":"2026-01-24T23:15:00","guid":{"rendered":"https:\/\/www.correiobraziliense.com.br\/cbradar\/?p=178748"},"modified":"2026-01-23T11:39:37","modified_gmt":"2026-01-23T14:39:37","slug":"os-vegetais-ricos-em-vitamina-c-que-fortalecem-o-sistema-imunologico","status":"publish","type":"post","link":"https:\/\/www.correiobraziliense.com.br\/cbradar\/os-vegetais-ricos-em-vitamina-c-que-fortalecem-o-sistema-imunologico\/","title":{"rendered":"Os vegetais ricos em vitamina C que fortalecem o sistema imunol\u00f3gico"},"content":{"rendered":"\n<p>A ingest\u00e3o adequada de <strong>vitamina C<\/strong> \u00e9 considerada um dos pilares de uma alimenta\u00e7\u00e3o equilibrada em 2025. Esse nutriente participa de processos essenciais do organismo, como a prote\u00e7\u00e3o das c\u00e9lulas, o funcionamento do sistema imune e a forma\u00e7\u00e3o de col\u00e1geno, presente na pele, ossos e vasos sangu\u00edneos. Embora muitas pessoas associem a vitamina C apenas \u00e0s frutas c\u00edtricas, diversos vegetais comuns no dia a dia podem suprir e at\u00e9 ultrapassar a necessidade di\u00e1ria recomendada.<\/p>\n\n\n\n<h2 class=\"wp-block-heading\">O que \u00e9 vitamina C e por que ela \u00e9 t\u00e3o importante para o organismo<\/h2>\n\n\n\n<p>A <strong>vitamina C<\/strong>, tamb\u00e9m chamada de <strong>\u00e1cido asc\u00f3rbico<\/strong>, \u00e9 uma vitamina hidrossol\u00favel, dissolvida em \u00e1gua e eliminada em excesso pela urina. Entre suas fun\u00e7\u00f5es, destacam-se o apoio ao <strong>sistema imunol\u00f3gico<\/strong>, a s\u00edntese de <strong>col\u00e1geno<\/strong> e o aux\u00edlio na absor\u00e7\u00e3o de <strong>ferro n\u00e3o-heme<\/strong> de alimentos vegetais.<\/p>\n\n\n\n<p>Esse nutriente ainda atua como <strong>antioxidante<\/strong>, neutralizando radicais livres gerados pelo metabolismo e por fatores externos, como polui\u00e7\u00e3o e radia\u00e7\u00e3o solar. Dietas pobres em vitamina C podem aumentar o risco de <strong>infec\u00e7\u00f5es recorrentes<\/strong>, problemas de cicatriza\u00e7\u00e3o e, em casos extremos, favorecer o surgimento de <strong>escorbuto<\/strong>.<\/p>\n\n\n\n<h2 class=\"wp-block-heading\">Como a vitamina C protege o corpo e se relaciona com o estilo de vida atual<\/h2>\n\n\n\n<p>Al\u00e9m de sua a\u00e7\u00e3o isolada, a vitamina C trabalha em conjunto com outros <strong>antioxidantes<\/strong>, como a vitamina E e compostos bioativos das plantas. Essa intera\u00e7\u00e3o ajuda a proteger as c\u00e9lulas contra <strong>danos oxidativos<\/strong>, relacionados ao envelhecimento precoce e ao desenvolvimento de algumas doen\u00e7as cr\u00f4nicas.<\/p>\n\n\n\n<p>Em um contexto de <strong>estresse cr\u00f4nico<\/strong>, alta exposi\u00e7\u00e3o a telas e polui\u00e7\u00e3o, manter um aporte regular de vitamina C torna-se ainda mais relevante. Situa\u00e7\u00f5es espec\u00edficas, como o <strong>tabagismo<\/strong>, elevam a produ\u00e7\u00e3o de radicais livres, aumentando a necessidade desse nutriente ao longo do dia.<\/p>\n\n\n<div class=\"wp-block-image\">\n<figure class=\"aligncenter size-large\"><img decoding=\"async\" width=\"1024\" height=\"576\" src=\"https:\/\/www.correiobraziliense.com.br\/cbradar\/wp-content\/uploads\/2026\/01\/\u2705-BANNER-MYTH-15-13-1024x576.png\" alt=\"Os vegetais ricos em vitamina C que fortalecem o sistema imunol\u00f3gico\" class=\"wp-image-178750\" srcset=\"https:\/\/www.correiobraziliense.com.br\/cbradar\/wp-content\/uploads\/2026\/01\/\u2705-BANNER-MYTH-15-13-1024x576.png 1024w, https:\/\/www.correiobraziliense.com.br\/cbradar\/wp-content\/uploads\/2026\/01\/\u2705-BANNER-MYTH-15-13-300x169.png 300w, https:\/\/www.correiobraziliense.com.br\/cbradar\/wp-content\/uploads\/2026\/01\/\u2705-BANNER-MYTH-15-13-768x432.png 768w, https:\/\/www.correiobraziliense.com.br\/cbradar\/wp-content\/uploads\/2026\/01\/\u2705-BANNER-MYTH-15-13-750x422.png 750w, https:\/\/www.correiobraziliense.com.br\/cbradar\/wp-content\/uploads\/2026\/01\/\u2705-BANNER-MYTH-15-13-1140x641.png 1140w, https:\/\/www.correiobraziliense.com.br\/cbradar\/wp-content\/uploads\/2026\/01\/\u2705-BANNER-MYTH-15-13.png 1280w\" sizes=\"(max-width: 1024px) 100vw, 1024px\" \/><figcaption class=\"wp-element-caption\">Eleve sua vitalidade: vitamina C de vegetais supre imunidade e beleza natural com doses di\u00e1rias poderosas!<\/figcaption><\/figure><\/div>\n\n\n<h2 class=\"wp-block-heading\">Quais vegetais s\u00e3o mais ricos em vitamina C no dia a dia<\/h2>\n\n\n\n<p>A express\u00e3o <strong>\u201calimentos ricos em vitamina C\u201d<\/strong> costuma remeter \u00e0 laranja e ao lim\u00e3o, mas v\u00e1rios <strong>vegetais coloridos<\/strong> oferecem quantidades ainda maiores desse nutriente. Piment\u00f5es vermelhos, amarelos e alaranjados podem, em uma \u00fanica por\u00e7\u00e3o, chegar a duplicar a recomenda\u00e7\u00e3o di\u00e1ria para adultos, superando muitas frutas c\u00edtricas.<\/p>\n\n\n\n<p>Entre os vegetais <strong>cruc\u00edferos<\/strong>, como br\u00f3colis, couve-de-Bruxelas, couve-manteiga e couve-flor, o teor de vitamina C tamb\u00e9m \u00e9 expressivo. Uma por\u00e7\u00e3o cozida de br\u00f3colis ou couve-de-Bruxelas pode atingir ou ultrapassar os 90 mg recomendados, somando ainda fibras, vitamina K e outros antioxidantes ligados \u00e0 sa\u00fade cardiovascular e ocular. Os principais s\u00e3o:<\/p>\n\n\n\n<ol class=\"wp-block-list\">\n<li>Piment\u00e3o<\/li>\n\n\n\n<li>Couve-de-bruxelas<\/li>\n\n\n\n<li>Br\u00f3colis<\/li>\n\n\n\n<li>Mostarda<\/li>\n\n\n\n<li>Repolho roxo<\/li>\n\n\n\n<li>Couve<\/li>\n<\/ol>\n\n\n\n<h2 class=\"wp-block-heading\">Como folhas escuras e tub\u00e9rculos contribuem para a vitamina C<\/h2>\n\n\n\n<p>Folhas verdes escuras como <strong>couve<\/strong>, mostarda e outras variedades contribuem de forma relevante para o consumo de vitamina C, principalmente quando ingeridas cruas em saladas ou sucos. Nessa forma, h\u00e1 menor perda de nutrientes sens\u00edveis ao calor, favorecendo um aporte di\u00e1rio mais constante.<\/p>\n\n\n\n<p>Alguns <strong>tub\u00e9rculos<\/strong>, como a batata vermelha com casca, podem fornecer vitamina C junto a carboidratos, fibras e minerais. Quando preparados com pouca \u00e1gua, cozidos no vapor ou assados e mantendo a casca, preservam melhor esse nutriente e ampliam o valor nutricional da refei\u00e7\u00e3o.<\/p>\n\n\n\n<h2 class=\"wp-block-heading\">Como aproveitar melhor os alimentos ricos em vitamina C no dia a dia<\/h2>\n\n\n\n<p>Para potencializar a ingest\u00e3o de <strong>vitamina C<\/strong>, \u00e9 \u00fatil variar cores, texturas e formas de preparo dos vegetais ao longo da semana. M\u00e9todos r\u00e1pidos, como saltear ou cozinhar no vapor, ajudam a reduzir perdas por calor, enquanto o consumo de por\u00e7\u00f5es cruas mant\u00e9m uma fra\u00e7\u00e3o ainda maior do nutriente.<\/p>\n\n\n\n<p>Uma forma pr\u00e1tica de organizar a rotina \u00e9 incluir diferentes tipos de vegetais em combina\u00e7\u00f5es simples e frequentes, facilitando o consumo ao longo do dia. A lista a seguir re\u00fane sugest\u00f5es de uso di\u00e1rio que ajudam a manter um aporte adequado de vitamina C:<\/p>\n\n\n\n<ul class=\"wp-block-list\">\n<li>Incluir uma por\u00e7\u00e3o de <strong>folhas verdes cruas<\/strong> nas principais refei\u00e7\u00f5es.<\/li>\n\n\n\n<li>Alternar entre <strong>piment\u00e3o vermelho, amarelo e verde<\/strong> em saladas ou refogados r\u00e1pidos.<\/li>\n\n\n\n<li>Consumir <strong>br\u00f3colis, couve-de-Bruxelas<\/strong> ou outras cruc\u00edferas algumas vezes por semana.<\/li>\n\n\n\n<li>Combinar vegetais ricos em vitamina C com <strong>fontes de ferro vegetal<\/strong>, como feij\u00e3o, lentilha e gr\u00e3o-de-bico.<\/li>\n\n\n\n<li>Priorizar prepara\u00e7\u00f5es r\u00e1pidas, como <strong>saltear ou cozinhar no vapor<\/strong>, para preservar nutrientes sens\u00edveis ao calor.<\/li>\n<\/ul>\n\n\n\n<h2 class=\"wp-block-heading\">Como combinar vitamina C e ferro para melhorar a absor\u00e7\u00e3o<\/h2>\n\n\n\n<p>Outra estrat\u00e9gia importante \u00e9 usar a vitamina C para aumentar a absor\u00e7\u00e3o de <strong>ferro n\u00e3o-heme<\/strong> presente em leguminosas e vegetais verdes escuros. Ao juntar feij\u00e3o com uma salada que tenha piment\u00e3o ou couve crua, por exemplo, a biodisponibilidade do ferro \u00e9 potencializada, favorecendo a preven\u00e7\u00e3o da anemia ferropriva.<\/p>\n\n\n\n<p>Em prepara\u00e7\u00f5es com carnes, o uso de acompanhamentos ricos em vitamina C, como br\u00f3colis ou piment\u00f5es, tamb\u00e9m pode contribuir para um melhor aproveitamento de minerais. Esse h\u00e1bito \u00e9 especialmente relevante em dietas com baixa ingest\u00e3o de carne ou em fases da vida com maior demanda de ferro, como inf\u00e2ncia, adolesc\u00eancia e gesta\u00e7\u00e3o.<\/p>\n\n\n\n<h2 class=\"wp-block-heading\">Quais s\u00e3o os limites seguros e os principais cuidados com a vitamina C<\/h2>\n\n\n\n<p>A ingest\u00e3o de vitamina C por meio de <strong>alimentos in natura<\/strong> \u00e9 considerada segura para a maior parte da popula\u00e7\u00e3o, mesmo quando o consumo supera a recomenda\u00e7\u00e3o di\u00e1ria. O organismo elimina o excesso pela urina, pois n\u00e3o possui grande capacidade de estocagem, tornando o consumo regular mais importante do que grandes doses espor\u00e1dicas.<\/p>\n\n\n\n<p>Em suplementos, por\u00e9m, doses muito elevadas, acima de 400 a 2.000 mg por dia, podem causar <strong>desconfortos gastrointestinais<\/strong>, como diarreia e c\u00f3licas. Pesquisas indicam melhor aproveitamento corporal quando a ingest\u00e3o di\u00e1ria permanece entre 30 e 180 mg, sendo recomendado acompanhamento profissional em caso de doses altas ou condi\u00e7\u00f5es cl\u00ednicas espec\u00edficas.<\/p>\n\n\n\n<p>Para aprofundarmos no tema, trouxemos o v\u00eddeo do perfil @giovannabaleeiro_:<\/p>\n\n\n\n<blockquote class=\"tiktok-embed\" cite=\"https:\/\/www.tiktok.com\/@giovannabaleeiro_\/video\/7371410487227059462\" data-video-id=\"7371410487227059462\" style=\"max-width: 605px;min-width: 325px;\" > <section> <a target=\"_blank\" title=\"@giovannabaleeiro_\" href=\"https:\/\/www.tiktok.com\/@giovannabaleeiro_?refer=embed\">@giovannabaleeiro_<\/a> \ud83c\udf1f\ud83c\udf4a Desmistificando a Vitamina C\ud83c\udf4b\u2728 \ud83c\udf3c \u201cNa simplicidade da vitamina C, encontramos a complexidade da sa\u00fade, onde a pequena dose se transforma em grande benef\u00edcio.\u201d \ud83c\udf3f\ud83c\udf1f Aqui est\u00e3o tr\u00eas dicas f\u00e1ceis de como atingir a quantidade recomendada de vitamina C na alimenta\u00e7\u00e3o di\u00e1ria: \t1.\tInclua frutas c\u00edtricas em suas refei\u00e7\u00f5es: Laranjas, tangerinas e lim\u00f5es s\u00e3o excelentes fontes de vitamina C. Uma laranja m\u00e9dia j\u00e1 fornece cerca de 70 mg de vitamina C. \t2.\tAdicione piment\u00f5es ao seu prato: Os piment\u00f5es vermelhos, verdes e amarelos s\u00e3o ricos em vitamina C. Meio piment\u00e3o vermelho cru cont\u00e9m aproximadamente 95 mg de vitamina C. \t3.\tAposte em vegetais cruc\u00edferos: Br\u00f3colis, couve de Bruxelas e couve s\u00e3o \u00f3timas fontes de vitamina C. Uma por\u00e7\u00e3o de br\u00f3colis cozido (cerca de 150g) pode oferecer cerca de 100 mg de vitamina C. \ud83d\udca1 Dica Extra: Misture v\u00e1rias fontes de vitamina C em saladas ou smoothies para maximizar a ingest\u00e3o e aproveitar todos os benef\u00edcios dessa poderosa vitamina. Descubra como pequenas mudan\u00e7as na sua alimenta\u00e7\u00e3o podem resultar em grandes impactos na sua sa\u00fade! \ud83c\udf1f\ud83c\udf4a <a title=\"vitaminac\" target=\"_blank\" href=\"https:\/\/www.tiktok.com\/tag\/vitaminac?refer=embed\">#VitaminaC<\/a> <a title=\"alimenta\u00e7\u00e3osaud\u00e1vel\" target=\"_blank\" href=\"https:\/\/www.tiktok.com\/tag\/alimenta%C3%A7%C3%A3osaud%C3%A1vel?refer=embed\">#Alimenta\u00e7\u00e3oSaud\u00e1vel<\/a> <a title=\"benef\u00edciosparaasa\u00fade\" target=\"_blank\" href=\"https:\/\/www.tiktok.com\/tag\/benef%C3%ADciosparaasa%C3%BAde?refer=embed\">#Benef\u00edciosParaASa\u00fade<\/a> <a target=\"_blank\" title=\"\u266c som original - Giovanna Baleeiro\" href=\"https:\/\/www.tiktok.com\/music\/som-original-7371410509945703173?refer=embed\">\u266c som original &#8211; Giovanna Baleeiro<\/a> <\/section> <\/blockquote> <script async src=\"https:\/\/www.tiktok.com\/embed.js\"><\/script>\n\n\n\n<h2 class=\"wp-block-heading\">Como ajustar a vitamina C para necessidades especiais e diferentes fases da vida<\/h2>\n\n\n\n<p>Alguns grupos, como <strong>fumantes, gestantes, idosos<\/strong> e pessoas com doen\u00e7as cr\u00f4nicas, podem precisar de ajustes na ingest\u00e3o de vitamina C. Em fumantes, por exemplo, costuma ser indicada uma quantidade extra de cerca de 35 mg ao dia, para compensar o maior estresse oxidativo associado ao cigarro.<\/p>\n\n\n\n<p>Em fases de maior demanda, como gravidez, lacta\u00e7\u00e3o ou recupera\u00e7\u00e3o de cirurgias, o profissional de sa\u00fade pode orientar o uso de alimentos mais concentrados em vitamina C ou, se necess\u00e1rio, suplementa\u00e7\u00e3o. Essa abordagem individualizada ajuda a garantir n\u00edveis adequados sem ultrapassar limites seguros.<\/p>\n\n\n\n<h2 class=\"wp-block-heading\">Como integrar a vitamina C em uma alimenta\u00e7\u00e3o equilibrada e variada<\/h2>\n\n\n\n<p>De forma geral, a <strong>vitamina C<\/strong> \u00e9 mais bem aproveitada quando inserida em um padr\u00e3o alimentar diverso, com presen\u00e7a regular de legumes, verduras e frutas de v\u00e1rias cores. Vegetais como piment\u00f5es coloridos, couve-de-Bruxelas, br\u00f3colis, couve, mostarda e algumas variedades de batata podem, juntos, suprir com folga a recomenda\u00e7\u00e3o di\u00e1ria desse nutriente.<\/p>\n\n\n\n<p>Ao planejar refei\u00e7\u00f5es, combinar <strong>pratos quentes<\/strong> com saladas cruas, lanches com vegetais e t\u00e9cnicas de cozimento r\u00e1pidas contribui para preservar essa vitamina. Assim, o consumo de alimentos ricos em vitamina C deixa de ser um cuidado pontual e passa a fazer parte da rotina, apoiando cicatriza\u00e7\u00e3o, defesas do organismo, forma\u00e7\u00e3o de col\u00e1geno e melhor aproveitamento de ferro ao longo da vida.<\/p>\n","protected":false},"excerpt":{"rendered":"<p>Vitamina C: benef\u00edcios, fontes em vegetais e doses seguras para imunidade, ossos fortes, cicatriza\u00e7\u00e3o, absor\u00e7\u00e3o de ferro e sa\u00fade dos olhos<\/p>\n","protected":false},"author":3,"featured_media":180083,"comment_status":"open","ping_status":"open","sticky":false,"template":"","format":"standard","meta":{"_yoast_wpseo_focuskw":"vegetais vitamina C","_yoast_wpseo_title":"%%title%%","_yoast_wpseo_metadesc":"Vitamina C: benef\u00edcios, fontes em vegetais e doses seguras para imunidade, ossos fortes, cicatriza\u00e7\u00e3o, absor\u00e7\u00e3o de ferro e sa\u00fade dos olhos","jnews-multi-image_gallery":[],"jnews_single_post":{"format":"standard"},"jnews_primary_category":[],"jnews_social_meta":[],"jnews_override_counter":[],"footnotes":""},"categories":[112],"tags":[281,1423,144,2643,565,4258],"class_list":["post-178748","post","type-post","status-publish","format-standard","has-post-thumbnail","hentry","category-curiosidades","tag-alimentacao","tag-alimentos","tag-curiosidades","tag-organismo","tag-saude","tag-vitamina-c"],"yoast_head":"<!-- This site is optimized with the Yoast SEO plugin v24.6 - https:\/\/yoast.com\/wordpress\/plugins\/seo\/ -->\n<title>Os vegetais ricos em vitamina C que fortalecem o sistema imunol\u00f3gico<\/title>\n<meta name=\"description\" content=\"Vitamina C: benef\u00edcios, fontes em vegetais e doses seguras para imunidade, ossos fortes, cicatriza\u00e7\u00e3o, absor\u00e7\u00e3o de ferro e sa\u00fade dos olhos\" \/>\n<meta name=\"robots\" content=\"index, follow, max-snippet:-1, max-image-preview:large, max-video-preview:-1\" \/>\n<link rel=\"canonical\" href=\"https:\/\/www.correiobraziliense.com.br\/cbradar\/os-vegetais-ricos-em-vitamina-c-que-fortalecem-o-sistema-imunologico\/\" \/>\n<meta property=\"og:locale\" content=\"pt_BR\" \/>\n<meta property=\"og:type\" content=\"article\" \/>\n<meta property=\"og:title\" content=\"Os vegetais ricos em vitamina C que fortalecem o sistema imunol\u00f3gico\" \/>\n<meta property=\"og:description\" content=\"Vitamina C: benef\u00edcios, fontes em vegetais e doses seguras para imunidade, ossos fortes, cicatriza\u00e7\u00e3o, absor\u00e7\u00e3o de ferro e sa\u00fade dos olhos\" \/>\n<meta property=\"og:url\" content=\"https:\/\/www.correiobraziliense.com.br\/cbradar\/os-vegetais-ricos-em-vitamina-c-que-fortalecem-o-sistema-imunologico\/\" \/>\n<meta property=\"og:site_name\" content=\"Correio Braziliense - Radar\" \/>\n<meta property=\"article:published_time\" content=\"2026-01-24T23:15:00+00:00\" \/>\n<meta property=\"og:image\" content=\"https:\/\/www.correiobraziliense.com.br\/cbradar\/wp-content\/uploads\/2026\/01\/freepik__imagem-realista-dos-seguintes-vegetais-pimento-cou__67645.jpeg\" \/>\n\t<meta property=\"og:image:width\" content=\"1280\" \/>\n\t<meta property=\"og:image:height\" content=\"720\" \/>\n\t<meta property=\"og:image:type\" content=\"image\/jpeg\" \/>\n<meta name=\"author\" content=\"Larissa Carvalho\" \/>\n<meta name=\"twitter:card\" content=\"summary_large_image\" \/>\n<meta name=\"twitter:label1\" content=\"Escrito por\" \/>\n\t<meta name=\"twitter:data1\" content=\"Larissa Carvalho\" \/>\n\t<meta name=\"twitter:label2\" content=\"Est. tempo de leitura\" \/>\n\t<meta name=\"twitter:data2\" content=\"7 minutos\" \/>\n<!-- \/ Yoast SEO plugin. -->","yoast_head_json":{"title":"Os vegetais ricos em vitamina C que fortalecem o sistema imunol\u00f3gico","description":"Vitamina C: benef\u00edcios, fontes em vegetais e doses seguras para imunidade, ossos fortes, cicatriza\u00e7\u00e3o, absor\u00e7\u00e3o de ferro e sa\u00fade dos olhos","robots":{"index":"index","follow":"follow","max-snippet":"max-snippet:-1","max-image-preview":"max-image-preview:large","max-video-preview":"max-video-preview:-1"},"canonical":"https:\/\/www.correiobraziliense.com.br\/cbradar\/os-vegetais-ricos-em-vitamina-c-que-fortalecem-o-sistema-imunologico\/","og_locale":"pt_BR","og_type":"article","og_title":"Os vegetais ricos em vitamina C que fortalecem o sistema imunol\u00f3gico","og_description":"Vitamina C: benef\u00edcios, fontes em vegetais e doses seguras para imunidade, ossos fortes, cicatriza\u00e7\u00e3o, absor\u00e7\u00e3o de ferro e sa\u00fade dos olhos","og_url":"https:\/\/www.correiobraziliense.com.br\/cbradar\/os-vegetais-ricos-em-vitamina-c-que-fortalecem-o-sistema-imunologico\/","og_site_name":"Correio Braziliense - Radar","article_published_time":"2026-01-24T23:15:00+00:00","og_image":[{"width":1280,"height":720,"url":"https:\/\/www.correiobraziliense.com.br\/cbradar\/wp-content\/uploads\/2026\/01\/freepik__imagem-realista-dos-seguintes-vegetais-pimento-cou__67645.jpeg","type":"image\/jpeg"}],"author":"Larissa Carvalho","twitter_card":"summary_large_image","twitter_misc":{"Escrito por":"Larissa Carvalho","Est. tempo de leitura":"7 minutos"},"schema":{"@context":"https:\/\/schema.org","@graph":[{"@type":"WebPage","@id":"https:\/\/www.correiobraziliense.com.br\/cbradar\/os-vegetais-ricos-em-vitamina-c-que-fortalecem-o-sistema-imunologico\/","url":"https:\/\/www.correiobraziliense.com.br\/cbradar\/os-vegetais-ricos-em-vitamina-c-que-fortalecem-o-sistema-imunologico\/","name":"Os vegetais ricos em vitamina C que fortalecem o sistema imunol\u00f3gico","isPartOf":{"@id":"https:\/\/www.correiobraziliense.com.br\/cbradar\/#website"},"primaryImageOfPage":{"@id":"https:\/\/www.correiobraziliense.com.br\/cbradar\/os-vegetais-ricos-em-vitamina-c-que-fortalecem-o-sistema-imunologico\/#primaryimage"},"image":{"@id":"https:\/\/www.correiobraziliense.com.br\/cbradar\/os-vegetais-ricos-em-vitamina-c-que-fortalecem-o-sistema-imunologico\/#primaryimage"},"thumbnailUrl":"https:\/\/www.correiobraziliense.com.br\/cbradar\/wp-content\/uploads\/2026\/01\/freepik__imagem-realista-dos-seguintes-vegetais-pimento-cou__67645.jpeg","datePublished":"2026-01-24T23:15:00+00:00","author":{"@id":"https:\/\/www.correiobraziliense.com.br\/cbradar\/#\/schema\/person\/58422787644df994b53a19d3e56c1513"},"description":"Vitamina C: benef\u00edcios, fontes em vegetais e doses seguras para imunidade, ossos fortes, cicatriza\u00e7\u00e3o, absor\u00e7\u00e3o de ferro e sa\u00fade dos olhos","breadcrumb":{"@id":"https:\/\/www.correiobraziliense.com.br\/cbradar\/os-vegetais-ricos-em-vitamina-c-que-fortalecem-o-sistema-imunologico\/#breadcrumb"},"inLanguage":"pt-BR","potentialAction":[{"@type":"ReadAction","target":["https:\/\/www.correiobraziliense.com.br\/cbradar\/os-vegetais-ricos-em-vitamina-c-que-fortalecem-o-sistema-imunologico\/"]}]},{"@type":"ImageObject","inLanguage":"pt-BR","@id":"https:\/\/www.correiobraziliense.com.br\/cbradar\/os-vegetais-ricos-em-vitamina-c-que-fortalecem-o-sistema-imunologico\/#primaryimage","url":"https:\/\/www.correiobraziliense.com.br\/cbradar\/wp-content\/uploads\/2026\/01\/freepik__imagem-realista-dos-seguintes-vegetais-pimento-cou__67645.jpeg","contentUrl":"https:\/\/www.correiobraziliense.com.br\/cbradar\/wp-content\/uploads\/2026\/01\/freepik__imagem-realista-dos-seguintes-vegetais-pimento-cou__67645.jpeg","width":1280,"height":720,"caption":"A vitamina C atua como antioxidante protegendo as c\u00e9lulas contra danos oxidativos"},{"@type":"BreadcrumbList","@id":"https:\/\/www.correiobraziliense.com.br\/cbradar\/os-vegetais-ricos-em-vitamina-c-que-fortalecem-o-sistema-imunologico\/#breadcrumb","itemListElement":[{"@type":"ListItem","position":1,"name":"In\u00edcio","item":"https:\/\/www.correiobraziliense.com.br\/cbradar\/"},{"@type":"ListItem","position":2,"name":"Os vegetais ricos em vitamina C que fortalecem o sistema imunol\u00f3gico"}]},{"@type":"WebSite","@id":"https:\/\/www.correiobraziliense.com.br\/cbradar\/#website","url":"https:\/\/www.correiobraziliense.com.br\/cbradar\/","name":"Correio Braziliense - Radar","description":"Acompanhe as \u00faltimas not\u00edcias e fique bem informado sobre tudo o que acontece no Brasil e no mundo.","potentialAction":[{"@type":"SearchAction","target":{"@type":"EntryPoint","urlTemplate":"https:\/\/www.correiobraziliense.com.br\/cbradar\/?s={search_term_string}"},"query-input":{"@type":"PropertyValueSpecification","valueRequired":true,"valueName":"search_term_string"}}],"inLanguage":"pt-BR"},{"@type":"Person","@id":"https:\/\/www.correiobraziliense.com.br\/cbradar\/#\/schema\/person\/58422787644df994b53a19d3e56c1513","name":"Larissa Carvalho","image":{"@type":"ImageObject","inLanguage":"pt-BR","@id":"https:\/\/www.correiobraziliense.com.br\/cbradar\/#\/schema\/person\/image\/","url":"https:\/\/secure.gravatar.com\/avatar\/fe4f91a0de32b52a838d0d612abdc1aa?s=96&d=mm&r=g","contentUrl":"https:\/\/secure.gravatar.com\/avatar\/fe4f91a0de32b52a838d0d612abdc1aa?s=96&d=mm&r=g","caption":"Larissa Carvalho"},"url":"https:\/\/www.correiobraziliense.com.br\/cbradar\/author\/larissamyth\/"}]}},"_links":{"self":[{"href":"https:\/\/www.correiobraziliense.com.br\/cbradar\/wp-json\/wp\/v2\/posts\/178748","targetHints":{"allow":["GET"]}}],"collection":[{"href":"https:\/\/www.correiobraziliense.com.br\/cbradar\/wp-json\/wp\/v2\/posts"}],"about":[{"href":"https:\/\/www.correiobraziliense.com.br\/cbradar\/wp-json\/wp\/v2\/types\/post"}],"author":[{"embeddable":true,"href":"https:\/\/www.correiobraziliense.com.br\/cbradar\/wp-json\/wp\/v2\/users\/3"}],"replies":[{"embeddable":true,"href":"https:\/\/www.correiobraziliense.com.br\/cbradar\/wp-json\/wp\/v2\/comments?post=178748"}],"version-history":[{"count":3,"href":"https:\/\/www.correiobraziliense.com.br\/cbradar\/wp-json\/wp\/v2\/posts\/178748\/revisions"}],"predecessor-version":[{"id":180164,"href":"https:\/\/www.correiobraziliense.com.br\/cbradar\/wp-json\/wp\/v2\/posts\/178748\/revisions\/180164"}],"wp:featuredmedia":[{"embeddable":true,"href":"https:\/\/www.correiobraziliense.com.br\/cbradar\/wp-json\/wp\/v2\/media\/180083"}],"wp:attachment":[{"href":"https:\/\/www.correiobraziliense.com.br\/cbradar\/wp-json\/wp\/v2\/media?parent=178748"}],"wp:term":[{"taxonomy":"category","embeddable":true,"href":"https:\/\/www.correiobraziliense.com.br\/cbradar\/wp-json\/wp\/v2\/categories?post=178748"},{"taxonomy":"post_tag","embeddable":true,"href":"https:\/\/www.correiobraziliense.com.br\/cbradar\/wp-json\/wp\/v2\/tags?post=178748"}],"curies":[{"name":"wp","href":"https:\/\/api.w.org\/{rel}","templated":true}]}}