{"id":178752,"date":"2026-01-24T11:25:00","date_gmt":"2026-01-24T14:25:00","guid":{"rendered":"https:\/\/www.correiobraziliense.com.br\/cbradar\/?p=178752"},"modified":"2026-01-23T10:39:24","modified_gmt":"2026-01-23T13:39:24","slug":"estudo-revela-que-a-saude-dos-seus-dentes-pode-prever-uma-morte-prematura","status":"publish","type":"post","link":"https:\/\/www.correiobraziliense.com.br\/cbradar\/estudo-revela-que-a-saude-dos-seus-dentes-pode-prever-uma-morte-prematura\/","title":{"rendered":"Estudo revela que a sa\u00fade dos seus dentes pode prever uma morte prematura"},"content":{"rendered":"\n<p>A rela\u00e7\u00e3o entre a condi\u00e7\u00e3o dos dentes e a expectativa de vida tem ganhado espa\u00e7o em pesquisas cient\u00edficas recentes. Em vez de olhar apenas para o n\u00famero de dentes que faltam, estudos passam a avaliar tamb\u00e9m o estado dos dentes preservados, como c\u00e1ries, restaura\u00e7\u00f5es e sa\u00fade geral da boca, refor\u00e7ando a ideia de que a <strong>sa\u00fade bucal<\/strong> est\u00e1 diretamente conectada \u00e0 sa\u00fade do resto do corpo e pode refletir o risco de <strong>doen\u00e7as cr\u00f4nicas<\/strong> e de <strong>mortalidade precoce<\/strong>. <\/p>\n\n\n\n<h2 class=\"wp-block-heading\">Como a sa\u00fade bucal se relaciona com a mortalidade<\/h2>\n\n\n\n<p>A <strong>sa\u00fade bucal<\/strong>, entendida como o conjunto de condi\u00e7\u00f5es dos dentes, gengivas, l\u00edngua e demais estruturas da boca. Estudos observacionais mostram que pessoas com mais dentes saud\u00e1veis ou restaurados t\u00eam menores \u00edndices de mortalidade por todas as causas, destacando a <strong>quantidade de dentes em bom estado de funcionamento<\/strong> como um importante indicador.<\/p>\n\n\n\n<p>A explica\u00e7\u00e3o mais adotada \u00e9 que <strong>problemas cr\u00f4nicos na boca<\/strong>, como inflama\u00e7\u00f5es de gengiva e c\u00e1ries profundas, podem gerar um estado de inflama\u00e7\u00e3o cont\u00ednua no organismo. Esse processo inflamat\u00f3rio cr\u00f4nico est\u00e1 associado a <strong>doen\u00e7as cardiovasculares<\/strong>, <strong>diabetes descompensado<\/strong> e outras condi\u00e7\u00f5es que afetam diretamente a sobrevida, tornando a m\u00e1 condi\u00e7\u00e3o dos dentes um sinal de alerta para riscos mais amplos. A pesquisa foi publicada na <a href=\"https:\/\/link.springer.com\/article\/10.1186\/s12903-025-07275-6\" target=\"_blank\" rel=\"noreferrer noopener\">BMC Sa\u00fade Bucal.<\/a><\/p>\n\n\n\n<p>Para aprofundarmos no tema, trouxemos o v\u00eddeo da dentista Geovanna Perucio (@geperucio.odonto):<\/p>\n\n\n\n<blockquote class=\"tiktok-embed\" cite=\"https:\/\/www.tiktok.com\/@geperucio.odonto\/video\/7420065959362252038\" data-video-id=\"7420065959362252038\" style=\"max-width: 605px;min-width: 325px;\" > <section> <a target=\"_blank\" title=\"@geperucio.odonto\" href=\"https:\/\/www.tiktok.com\/@geperucio.odonto?refer=embed\">@geperucio.odonto<\/a> Complica\u00e7\u00f5es bucais podem levar a \u00f3bito!  <a title=\"odontologia\" target=\"_blank\" href=\"https:\/\/www.tiktok.com\/tag\/odontologia?refer=embed\">#odontologia<\/a> <a title=\"odonto\" target=\"_blank\" href=\"https:\/\/www.tiktok.com\/tag\/odonto?refer=embed\">#odonto<\/a> <a title=\"estudantedeodonto\" target=\"_blank\" href=\"https:\/\/www.tiktok.com\/tag\/estudantedeodonto?refer=embed\">#estudantedeodonto<\/a> <a title=\"dentista\" target=\"_blank\" href=\"https:\/\/www.tiktok.com\/tag\/dentista?refer=embed\">#dentista<\/a> <a title=\"carie\" target=\"_blank\" href=\"https:\/\/www.tiktok.com\/tag\/carie?refer=embed\">#carie<\/a> <a target=\"_blank\" title=\"\u266c som original - Geovanna Perucio \ud83e\uddb7\" href=\"https:\/\/www.tiktok.com\/music\/som-original-7420065983779146501?refer=embed\">\u266c som original &#8211; Geovanna Perucio \ud83e\uddb7<\/a> <\/section> <\/blockquote> <script async src=\"https:\/\/www.tiktok.com\/embed.js\"><\/script>\n\n\n\n<h2 class=\"wp-block-heading\">A sa\u00fade bucal influencia a expectativa de vida em idosos<\/h2>\n\n\n\n<p>Pesquisas recentes com idosos no Jap\u00e3o, envolvendo mais de 190 mil pessoas com 75 anos ou mais, refor\u00e7am essa hip\u00f3tese de liga\u00e7\u00e3o entre boca e longevidade. Em vez de considerar apenas a quantidade de dentes presentes, os pesquisadores classificaram cada dente em categorias como <strong>\u00edntegro<\/strong>, <strong>restaurado<\/strong>, <strong>cariado<\/strong> ou <strong>ausente<\/strong>, cruzando esses dados com registros de mortalidade ao longo dos anos.<\/p>\n\n\n\n<p>Os resultados mostraram que o total de dentes saud\u00e1veis e restaurados juntos foi o melhor indicador para estimar risco de morte por qualquer causa. Dentes restaurados, quando bem tratados, tiveram efeito semelhante aos dentes \u00edntegros, sugerindo que <strong>procurar tratamento odontol\u00f3gico<\/strong> e manter restaura\u00e7\u00f5es em boas condi\u00e7\u00f5es impacta n\u00e3o s\u00f3 a mastiga\u00e7\u00e3o e a est\u00e9tica, mas tamb\u00e9m a <strong>sa\u00fade de longo prazo<\/strong>.<\/p>\n\n\n\n<h2 class=\"wp-block-heading\">O que \u00e9 oral frailty e por que ela revela fragilidade geral<\/h2>\n\n\n\n<p>Al\u00e9m da quantidade e do estado dos dentes, ganha for\u00e7a o conceito de <em>oral frailty<\/em>, ou <strong>fragilidade oral<\/strong>, que abrange perdas dent\u00e1rias e tamb\u00e9m dificuldades para mastigar, engolir, falar e sensa\u00e7\u00e3o de boca seca frequente. Estudos com idosos mostram que, quando tr\u00eas ou mais desses problemas aparecem ao mesmo tempo, aumenta a probabilidade de necessidade de <strong>cuidados de longo prazo<\/strong> e tamb\u00e9m o risco de morte ao longo dos anos.<\/p>\n\n\n\n<p>A fragilidade oral \u00e9 vista como reflexo da <strong>fragilidade global do organismo<\/strong>. Dificuldade para mastigar pode levar a dietas pobres em fibras, prote\u00ednas e nutrientes essenciais, enquanto problemas para engolir podem reduzir a ingest\u00e3o de l\u00edquidos e alimentos. Esses fatores, combinados, favorecem perda de massa muscular, quedas, piora da imunidade e agravamento de <strong>doen\u00e7as cr\u00f4nicas<\/strong> j\u00e1 existentes.<\/p>\n\n\n\n<h2 class=\"wp-block-heading\">Por que dentes perdidos e cariados funcionam como sinal de alerta<\/h2>\n\n\n\n<p>Dentes ausentes, principalmente em grande n\u00famero, costumam estar associados a importantes obst\u00e1culos na alimenta\u00e7\u00e3o di\u00e1ria. Pessoas com poucos dentes funcionais tendem a evitar alimentos mais duros, como frutas cruas, carnes fibrosas e verduras cruas, optando por prepara\u00e7\u00f5es mais macias e, muitas vezes, menos nutritivas, o que compromete a <strong>qualidade da dieta<\/strong> e, com o tempo, afeta a sa\u00fade cardiovascular, \u00f3ssea e metab\u00f3lica.<\/p>\n\n\n\n<p>J\u00e1 os dentes cariados podem representar focos constantes de <strong>inflama\u00e7\u00e3o e infec\u00e7\u00e3o<\/strong>. Bact\u00e9rias presentes nas les\u00f5es de c\u00e1rie e nas gengivas inflamadas podem alcan\u00e7ar a corrente sangu\u00ednea, contribuindo para processos inflamat\u00f3rios em outros \u00f3rg\u00e3os. A ci\u00eancia ainda investiga todos os mecanismos envolvidos, mas a liga\u00e7\u00e3o entre <strong>infec\u00e7\u00f5es bucais cr\u00f4nicas<\/strong>, <strong>doen\u00e7as sist\u00eamicas<\/strong> e aumento de mortalidade j\u00e1 \u00e9 amplamente considerada em sa\u00fade p\u00fablica.<\/p>\n\n\n<div class=\"wp-block-image\">\n<figure class=\"aligncenter size-large\"><img decoding=\"async\" width=\"1024\" height=\"576\" src=\"https:\/\/www.correiobraziliense.com.br\/cbradar\/wp-content\/uploads\/2026\/01\/\u2705-BANNER-MYTH-16-12-1024x576.png\" alt=\"Estudo revela que a sa\u00fade dos seus dentes pode prever uma morte prematura\" class=\"wp-image-178754\" srcset=\"https:\/\/www.correiobraziliense.com.br\/cbradar\/wp-content\/uploads\/2026\/01\/\u2705-BANNER-MYTH-16-12-1024x576.png 1024w, https:\/\/www.correiobraziliense.com.br\/cbradar\/wp-content\/uploads\/2026\/01\/\u2705-BANNER-MYTH-16-12-300x169.png 300w, https:\/\/www.correiobraziliense.com.br\/cbradar\/wp-content\/uploads\/2026\/01\/\u2705-BANNER-MYTH-16-12-768x432.png 768w, https:\/\/www.correiobraziliense.com.br\/cbradar\/wp-content\/uploads\/2026\/01\/\u2705-BANNER-MYTH-16-12-750x422.png 750w, https:\/\/www.correiobraziliense.com.br\/cbradar\/wp-content\/uploads\/2026\/01\/\u2705-BANNER-MYTH-16-12-1140x641.png 1140w, https:\/\/www.correiobraziliense.com.br\/cbradar\/wp-content\/uploads\/2026\/01\/\u2705-BANNER-MYTH-16-12.png 1280w\" sizes=\"(max-width: 1024px) 100vw, 1024px\" \/><figcaption class=\"wp-element-caption\">Cuide da boca para viver mais: dentes saud\u00e1veis protegem corpo e elevam qualidade de vida plena!<\/figcaption><\/figure><\/div>\n\n\n<h2 class=\"wp-block-heading\">Quais cuidados com a sa\u00fade bucal realmente fazem diferen\u00e7a<\/h2>\n\n\n\n<p>Especialistas em odontologia preventiva destacam um conjunto de medidas simples que, mantidas ao longo do tempo, reduzem a chance de perda dent\u00e1ria precoce e de c\u00e1ries extensas. Essas a\u00e7\u00f5es tamb\u00e9m contribuem para controlar fatores de risco sist\u00eamicos, como inflama\u00e7\u00e3o cr\u00f4nica e piora do controle glic\u00eamico, especialmente em idosos com outras comorbidades.<\/p>\n\n\n\n<ul class=\"wp-block-list\">\n<li><strong>Higiene di\u00e1ria<\/strong>: escova\u00e7\u00e3o correta ao menos duas vezes ao dia e uso de fio dental ou outros dispositivos de limpeza interdental.<\/li>\n\n\n\n<li><strong>Acompanhamento profissional<\/strong>: consultas peri\u00f3dicas para identificar c\u00e1ries iniciais, problemas na gengiva e necessidade de troca de restaura\u00e7\u00f5es.<\/li>\n\n\n\n<li><strong>Alimenta\u00e7\u00e3o equilibrada<\/strong>: redu\u00e7\u00e3o do consumo frequente de a\u00e7\u00facares simples e prefer\u00eancia por alimentos ricos em fibras, prote\u00ednas e vitaminas.<\/li>\n\n\n\n<li><strong>Uso de pr\u00f3teses bem ajustadas<\/strong>: em casos de perda dent\u00e1ria, pr\u00f3teses ou implantes em boas condi\u00e7\u00f5es ajudam a preservar a mastiga\u00e7\u00e3o eficiente.<\/li>\n<\/ul>\n\n\n\n<p>Em muitos casos, o cuidado com os dentes passa por etapas que podem ser resumidas em um pequeno roteiro de aten\u00e7\u00e3o cont\u00ednua. Seguir esse ciclo ao longo da vida favorece a manuten\u00e7\u00e3o de <strong>dentes funcionais<\/strong>, reduz epis\u00f3dios de dor e infec\u00e7\u00e3o e contribui para um envelhecimento mais saud\u00e1vel.<\/p>\n\n\n\n<ol class=\"wp-block-list\">\n<li><strong>Identificar sinais iniciais<\/strong>, como sangramento gengival, dor ao mastigar ou sensibilidade.<\/li>\n\n\n\n<li><strong>Buscar avalia\u00e7\u00e3o odontol\u00f3gica<\/strong> assim que os primeiros sintomas surgirem.<\/li>\n\n\n\n<li><strong>Realizar os tratamentos indicados<\/strong>, como restaura\u00e7\u00f5es, limpezas profissionais ou ajustes em pr\u00f3teses.<\/li>\n\n\n\n<li><strong>Manter a rotina de higiene e acompanhamento<\/strong>, evitando que problemas retornem ou se agravem.<\/li>\n<\/ol>\n\n\n\n<h2 class=\"wp-block-heading\">Por que a sa\u00fade bucal \u00e9 parte essencial do envelhecimento saud\u00e1vel<\/h2>\n\n\n\n<p>Os estudos mais recentes sobre <strong>sa\u00fade bucal e expectativa de vida<\/strong> sugerem que a boca pode funcionar como um espelho da sa\u00fade geral, especialmente na velhice. O n\u00famero de dentes presentes, a presen\u00e7a de c\u00e1ries, a qualidade das restaura\u00e7\u00f5es e a capacidade de mastigar e engolir sem dificuldade ajudam a compor um quadro mais amplo sobre o estado geral de sa\u00fade e o risco de <strong>decl\u00ednio funcional<\/strong>.<\/p>\n\n\n\n<p>Embora ainda sejam necess\u00e1rios novos estudos para esclarecer todos os mecanismos envolvidos, cresce a tend\u00eancia de considerar a <strong>odontologia<\/strong> parte essencial da <strong>medicina preventiva<\/strong>. Cuidar dos dentes, realizar tratamentos restauradores quando necess\u00e1rio e acompanhar sinais de fragilidade oral aparecem como estrat\u00e9gias importantes para promover um envelhecimento com mais autonomia, melhor qualidade de vida e menor risco de morte precoce.<\/p>\n","protected":false},"excerpt":{"rendered":"<p>Saiba como a sa\u00fade bucal e o n\u00famero de dentes saud\u00e1veis e restaurados influenciam o risco de mortalidade e a longevidade em idosos.<\/p>\n","protected":false},"author":3,"featured_media":180066,"comment_status":"open","ping_status":"open","sticky":false,"template":"","format":"standard","meta":{"_yoast_wpseo_focuskw":"sa\u00fade dentes","_yoast_wpseo_title":"%%title%%","_yoast_wpseo_metadesc":"Saiba como a sa\u00fade bucal e o n\u00famero de dentes saud\u00e1veis e restaurados influenciam o risco de mortalidade e a longevidade em idosos.","jnews-multi-image_gallery":[],"jnews_single_post":{"format":"standard"},"jnews_primary_category":[],"jnews_social_meta":[],"jnews_override_counter":[],"footnotes":""},"categories":[112],"tags":[3685,3559,144,565,1570],"class_list":["post-178752","post","type-post","status-publish","format-standard","has-post-thumbnail","hentry","category-curiosidades","tag-boca","tag-corpo-humano","tag-curiosidades","tag-saude","tag-saude-bucal"],"yoast_head":"<!-- This site is optimized with the Yoast SEO plugin v24.6 - https:\/\/yoast.com\/wordpress\/plugins\/seo\/ -->\n<title>Estudo revela que a sa\u00fade dos seus dentes pode prever uma morte prematura<\/title>\n<meta name=\"description\" content=\"Saiba como a sa\u00fade bucal e o n\u00famero de dentes saud\u00e1veis e restaurados influenciam o risco de mortalidade e a longevidade em idosos.\" \/>\n<meta name=\"robots\" content=\"index, follow, max-snippet:-1, max-image-preview:large, max-video-preview:-1\" \/>\n<link rel=\"canonical\" href=\"https:\/\/www.correiobraziliense.com.br\/cbradar\/estudo-revela-que-a-saude-dos-seus-dentes-pode-prever-uma-morte-prematura\/\" \/>\n<meta property=\"og:locale\" content=\"pt_BR\" \/>\n<meta property=\"og:type\" content=\"article\" \/>\n<meta property=\"og:title\" content=\"Estudo revela que a sa\u00fade dos seus dentes pode prever uma morte prematura\" \/>\n<meta property=\"og:description\" content=\"Saiba como a sa\u00fade bucal e o n\u00famero de dentes saud\u00e1veis e restaurados influenciam o risco de mortalidade e a longevidade em idosos.\" \/>\n<meta property=\"og:url\" content=\"https:\/\/www.correiobraziliense.com.br\/cbradar\/estudo-revela-que-a-saude-dos-seus-dentes-pode-prever-uma-morte-prematura\/\" \/>\n<meta property=\"og:site_name\" content=\"Correio Braziliense - Radar\" \/>\n<meta property=\"article:published_time\" content=\"2026-01-24T14:25:00+00:00\" \/>\n<meta property=\"og:image\" content=\"https:\/\/www.correiobraziliense.com.br\/cbradar\/wp-content\/uploads\/2026\/01\/freepik__imagem-realista-de-uma-pessoa-escovando-os-dentes__22652.jpeg\" \/>\n\t<meta property=\"og:image:width\" content=\"1280\" \/>\n\t<meta property=\"og:image:height\" content=\"720\" \/>\n\t<meta property=\"og:image:type\" content=\"image\/jpeg\" \/>\n<meta name=\"author\" content=\"Larissa Carvalho\" \/>\n<meta name=\"twitter:card\" content=\"summary_large_image\" \/>\n<meta name=\"twitter:label1\" content=\"Escrito por\" \/>\n\t<meta name=\"twitter:data1\" content=\"Larissa Carvalho\" \/>\n\t<meta name=\"twitter:label2\" content=\"Est. tempo de leitura\" \/>\n\t<meta name=\"twitter:data2\" content=\"7 minutos\" \/>\n<!-- \/ Yoast SEO plugin. -->","yoast_head_json":{"title":"Estudo revela que a sa\u00fade dos seus dentes pode prever uma morte prematura","description":"Saiba como a sa\u00fade bucal e o n\u00famero de dentes saud\u00e1veis e restaurados influenciam o risco de mortalidade e a longevidade em idosos.","robots":{"index":"index","follow":"follow","max-snippet":"max-snippet:-1","max-image-preview":"max-image-preview:large","max-video-preview":"max-video-preview:-1"},"canonical":"https:\/\/www.correiobraziliense.com.br\/cbradar\/estudo-revela-que-a-saude-dos-seus-dentes-pode-prever-uma-morte-prematura\/","og_locale":"pt_BR","og_type":"article","og_title":"Estudo revela que a sa\u00fade dos seus dentes pode prever uma morte prematura","og_description":"Saiba como a sa\u00fade bucal e o n\u00famero de dentes saud\u00e1veis e restaurados influenciam o risco de mortalidade e a longevidade em idosos.","og_url":"https:\/\/www.correiobraziliense.com.br\/cbradar\/estudo-revela-que-a-saude-dos-seus-dentes-pode-prever-uma-morte-prematura\/","og_site_name":"Correio Braziliense - Radar","article_published_time":"2026-01-24T14:25:00+00:00","og_image":[{"width":1280,"height":720,"url":"https:\/\/www.correiobraziliense.com.br\/cbradar\/wp-content\/uploads\/2026\/01\/freepik__imagem-realista-de-uma-pessoa-escovando-os-dentes__22652.jpeg","type":"image\/jpeg"}],"author":"Larissa Carvalho","twitter_card":"summary_large_image","twitter_misc":{"Escrito por":"Larissa Carvalho","Est. tempo de leitura":"7 minutos"},"schema":{"@context":"https:\/\/schema.org","@graph":[{"@type":"WebPage","@id":"https:\/\/www.correiobraziliense.com.br\/cbradar\/estudo-revela-que-a-saude-dos-seus-dentes-pode-prever-uma-morte-prematura\/","url":"https:\/\/www.correiobraziliense.com.br\/cbradar\/estudo-revela-que-a-saude-dos-seus-dentes-pode-prever-uma-morte-prematura\/","name":"Estudo revela que a sa\u00fade dos seus dentes pode prever uma morte prematura","isPartOf":{"@id":"https:\/\/www.correiobraziliense.com.br\/cbradar\/#website"},"primaryImageOfPage":{"@id":"https:\/\/www.correiobraziliense.com.br\/cbradar\/estudo-revela-que-a-saude-dos-seus-dentes-pode-prever-uma-morte-prematura\/#primaryimage"},"image":{"@id":"https:\/\/www.correiobraziliense.com.br\/cbradar\/estudo-revela-que-a-saude-dos-seus-dentes-pode-prever-uma-morte-prematura\/#primaryimage"},"thumbnailUrl":"https:\/\/www.correiobraziliense.com.br\/cbradar\/wp-content\/uploads\/2026\/01\/freepik__imagem-realista-de-uma-pessoa-escovando-os-dentes__22652.jpeg","datePublished":"2026-01-24T14:25:00+00:00","author":{"@id":"https:\/\/www.correiobraziliense.com.br\/cbradar\/#\/schema\/person\/58422787644df994b53a19d3e56c1513"},"description":"Saiba como a sa\u00fade bucal e o n\u00famero de dentes saud\u00e1veis e restaurados influenciam o risco de mortalidade e a longevidade em idosos.","breadcrumb":{"@id":"https:\/\/www.correiobraziliense.com.br\/cbradar\/estudo-revela-que-a-saude-dos-seus-dentes-pode-prever-uma-morte-prematura\/#breadcrumb"},"inLanguage":"pt-BR","potentialAction":[{"@type":"ReadAction","target":["https:\/\/www.correiobraziliense.com.br\/cbradar\/estudo-revela-que-a-saude-dos-seus-dentes-pode-prever-uma-morte-prematura\/"]}]},{"@type":"ImageObject","inLanguage":"pt-BR","@id":"https:\/\/www.correiobraziliense.com.br\/cbradar\/estudo-revela-que-a-saude-dos-seus-dentes-pode-prever-uma-morte-prematura\/#primaryimage","url":"https:\/\/www.correiobraziliense.com.br\/cbradar\/wp-content\/uploads\/2026\/01\/freepik__imagem-realista-de-uma-pessoa-escovando-os-dentes__22652.jpeg","contentUrl":"https:\/\/www.correiobraziliense.com.br\/cbradar\/wp-content\/uploads\/2026\/01\/freepik__imagem-realista-de-uma-pessoa-escovando-os-dentes__22652.jpeg","width":1280,"height":720,"caption":"Dentes preservados em bom estado indicam menor risco de mortalidade precoce"},{"@type":"BreadcrumbList","@id":"https:\/\/www.correiobraziliense.com.br\/cbradar\/estudo-revela-que-a-saude-dos-seus-dentes-pode-prever-uma-morte-prematura\/#breadcrumb","itemListElement":[{"@type":"ListItem","position":1,"name":"In\u00edcio","item":"https:\/\/www.correiobraziliense.com.br\/cbradar\/"},{"@type":"ListItem","position":2,"name":"Estudo revela que a sa\u00fade dos seus dentes pode prever uma morte prematura"}]},{"@type":"WebSite","@id":"https:\/\/www.correiobraziliense.com.br\/cbradar\/#website","url":"https:\/\/www.correiobraziliense.com.br\/cbradar\/","name":"Correio Braziliense - Radar","description":"Acompanhe as \u00faltimas not\u00edcias e fique bem informado sobre tudo o que acontece no Brasil e no mundo.","potentialAction":[{"@type":"SearchAction","target":{"@type":"EntryPoint","urlTemplate":"https:\/\/www.correiobraziliense.com.br\/cbradar\/?s={search_term_string}"},"query-input":{"@type":"PropertyValueSpecification","valueRequired":true,"valueName":"search_term_string"}}],"inLanguage":"pt-BR"},{"@type":"Person","@id":"https:\/\/www.correiobraziliense.com.br\/cbradar\/#\/schema\/person\/58422787644df994b53a19d3e56c1513","name":"Larissa Carvalho","image":{"@type":"ImageObject","inLanguage":"pt-BR","@id":"https:\/\/www.correiobraziliense.com.br\/cbradar\/#\/schema\/person\/image\/","url":"https:\/\/secure.gravatar.com\/avatar\/fe4f91a0de32b52a838d0d612abdc1aa?s=96&d=mm&r=g","contentUrl":"https:\/\/secure.gravatar.com\/avatar\/fe4f91a0de32b52a838d0d612abdc1aa?s=96&d=mm&r=g","caption":"Larissa Carvalho"},"url":"https:\/\/www.correiobraziliense.com.br\/cbradar\/author\/larissamyth\/"}]}},"_links":{"self":[{"href":"https:\/\/www.correiobraziliense.com.br\/cbradar\/wp-json\/wp\/v2\/posts\/178752","targetHints":{"allow":["GET"]}}],"collection":[{"href":"https:\/\/www.correiobraziliense.com.br\/cbradar\/wp-json\/wp\/v2\/posts"}],"about":[{"href":"https:\/\/www.correiobraziliense.com.br\/cbradar\/wp-json\/wp\/v2\/types\/post"}],"author":[{"embeddable":true,"href":"https:\/\/www.correiobraziliense.com.br\/cbradar\/wp-json\/wp\/v2\/users\/3"}],"replies":[{"embeddable":true,"href":"https:\/\/www.correiobraziliense.com.br\/cbradar\/wp-json\/wp\/v2\/comments?post=178752"}],"version-history":[{"count":5,"href":"https:\/\/www.correiobraziliense.com.br\/cbradar\/wp-json\/wp\/v2\/posts\/178752\/revisions"}],"predecessor-version":[{"id":184688,"href":"https:\/\/www.correiobraziliense.com.br\/cbradar\/wp-json\/wp\/v2\/posts\/178752\/revisions\/184688"}],"wp:featuredmedia":[{"embeddable":true,"href":"https:\/\/www.correiobraziliense.com.br\/cbradar\/wp-json\/wp\/v2\/media\/180066"}],"wp:attachment":[{"href":"https:\/\/www.correiobraziliense.com.br\/cbradar\/wp-json\/wp\/v2\/media?parent=178752"}],"wp:term":[{"taxonomy":"category","embeddable":true,"href":"https:\/\/www.correiobraziliense.com.br\/cbradar\/wp-json\/wp\/v2\/categories?post=178752"},{"taxonomy":"post_tag","embeddable":true,"href":"https:\/\/www.correiobraziliense.com.br\/cbradar\/wp-json\/wp\/v2\/tags?post=178752"}],"curies":[{"name":"wp","href":"https:\/\/api.w.org\/{rel}","templated":true}]}}