{"id":178784,"date":"2026-01-22T10:45:35","date_gmt":"2026-01-22T13:45:35","guid":{"rendered":"https:\/\/www.correiobraziliense.com.br\/cbradar\/?p=178784"},"modified":"2026-01-21T11:34:09","modified_gmt":"2026-01-21T14:34:09","slug":"o-vegetal-esquecido-que-apoia-o-figado-e-deixa-a-digestao-mais-leve-no-dia-a-dia","status":"publish","type":"post","link":"https:\/\/www.correiobraziliense.com.br\/cbradar\/o-vegetal-esquecido-que-apoia-o-figado-e-deixa-a-digestao-mais-leve-no-dia-a-dia\/","title":{"rendered":"O vegetal esquecido que apoia o f\u00edgado e deixa a digest\u00e3o mais leve no dia a dia"},"content":{"rendered":"\n<p>Voc\u00ea j\u00e1 torceu o nariz para um prato com <strong>jil\u00f3<\/strong>, mas ouviu algu\u00e9m dizer que ele faz bem para o <b>f\u00edgado<\/b> e para a digest\u00e3o? Esse fruto de sabor amargo, t\u00e3o presente na culin\u00e1ria brasileira, vem ganhando espa\u00e7o em conversas sobre alimenta\u00e7\u00e3o equilibrada. Seu consumo costuma aparecer em rotinas ricas em vegetais, o que \u00e9 frequentemente associado a um estilo de vida mais saud\u00e1vel e a um cuidado maior com o pr\u00f3prio corpo.<\/p>\n\n\n\n<h2 class=\"wp-block-heading\">Jil\u00f3 faz bem para o f\u00edgado?<\/h2>\n\n\n\n<p>Quando se fala em <strong>jil\u00f3<\/strong> e sa\u00fade do <b>f\u00edgado<\/b>, n\u00e3o \u00e9 sobre um alimento \u201cmilagroso\u201d, e sim sobre um aliado dentro de h\u00e1bitos saud\u00e1veis. Ele oferece fibras, compostos amargos, vitaminas e minerais que podem colaborar com o funcionamento do f\u00edgado e do intestino, agindo como um apoio di\u00e1rio e acess\u00edvel.<\/p>\n\n\n\n<p>O f\u00edgado \u00e9 respons\u00e1vel por metabolizar nutrientes, filtrar subst\u00e2ncias e produzir bile, e o jil\u00f3 \u00e9 visto como um alimento que pode ajudar nesse processo. Seus compostos fen\u00f3licos e antioxidantes contribuem para reduzir o estresse oxidativo das c\u00e9lulas, algo importante para manter esse \u00f3rg\u00e3o trabalhando de forma mais equilibrada ao longo do tempo.<\/p>\n\n\n<div class=\"wp-block-image\">\n<figure class=\"aligncenter size-large\"><img decoding=\"async\" width=\"1024\" height=\"576\" src=\"https:\/\/www.correiobraziliense.com.br\/cbradar\/wp-content\/uploads\/2025\/12\/Gemini_Generated_Image_3b31a93b31a93b31-1-1024x576.png\" alt=\"Voc\u00ea vai querer provar o ingrediente que reduz fome e evita picos glic\u00eamicos\" class=\"wp-image-150503\" srcset=\"https:\/\/www.correiobraziliense.com.br\/cbradar\/wp-content\/uploads\/2025\/12\/Gemini_Generated_Image_3b31a93b31a93b31-1-1024x576.png 1024w, https:\/\/www.correiobraziliense.com.br\/cbradar\/wp-content\/uploads\/2025\/12\/Gemini_Generated_Image_3b31a93b31a93b31-1-300x169.png 300w, https:\/\/www.correiobraziliense.com.br\/cbradar\/wp-content\/uploads\/2025\/12\/Gemini_Generated_Image_3b31a93b31a93b31-1-768x432.png 768w, https:\/\/www.correiobraziliense.com.br\/cbradar\/wp-content\/uploads\/2025\/12\/Gemini_Generated_Image_3b31a93b31a93b31-1-750x422.png 750w, https:\/\/www.correiobraziliense.com.br\/cbradar\/wp-content\/uploads\/2025\/12\/Gemini_Generated_Image_3b31a93b31a93b31-1-1140x641.png 1140w, https:\/\/www.correiobraziliense.com.br\/cbradar\/wp-content\/uploads\/2025\/12\/Gemini_Generated_Image_3b31a93b31a93b31-1.png 1280w\" sizes=\"(max-width: 1024px) 100vw, 1024px\" \/><figcaption class=\"wp-element-caption\">O jil\u00f3 \u00e9 uma planta que prospera em condi\u00e7\u00f5es de alta luminosidade, exigindo sol pleno<\/figcaption><\/figure><\/div>\n\n\n<p>Leia tamb\u00e9m:&nbsp;<a href=\"https:\/\/www.correiobraziliense.com.br\/cbradar\/a-fruta-tropical-com-efeitos-calmantes-que-fortalece-o-sistema-imunologico-e-rica-em-magnesio-e-facil-de-plantar\/\" target=\"_blank\" rel=\"noopener\">A fruta tropical com efeitos calmantes que fortalece o sistema imunol\u00f3gico, \u00e9 rica em magn\u00e9sio e f\u00e1cil de plantar<\/a><\/p>\n\n\n\n<h2 class=\"wp-block-heading\">Quais propriedades do jil\u00f3 favorecem a sa\u00fade do f\u00edgado<\/h2>\n\n\n\n<p>Os compostos amargos caracter\u00edsticos do <strong>jil\u00f3<\/strong> estimulam a produ\u00e7\u00e3o de bile, fluido essencial para a digest\u00e3o de gorduras e apoio \u00e0 ves\u00edcula biliar. Em uma alimenta\u00e7\u00e3o equilibrada, esse est\u00edmulo pode facilitar o trabalho do <b>f\u00edgado<\/b> no dia a dia, especialmente em refei\u00e7\u00f5es com algum teor de gordura.<\/p>\n\n\n\n<p>Al\u00e9m disso, as fibras presentes no jil\u00f3 ajudam na elimina\u00e7\u00e3o de res\u00edduos pelo intestino, o que indiretamente favorece o metabolismo hep\u00e1tico. Inserido em um card\u00e1pio com outros vegetais, leguminosas e frutas, o jil\u00f3 contribui para uma dieta com menos gorduras saturadas e ultraprocessados, algo importante para proteger o f\u00edgado a longo prazo.<\/p>\n\n\n\n<h2 class=\"wp-block-heading\">Quais benef\u00edcios o jil\u00f3 pode trazer para a digest\u00e3o<\/h2>\n\n\n\n<p>Na rotina de quem busca uma digest\u00e3o mais leve, o <strong>jil\u00f3<\/strong> pode ser um bom parceiro gra\u00e7as \u00e0s fibras e ao sabor amargo. As fibras aumentam o volume do bolo fecal e ajudam a regular o tr\u00e2nsito intestinal, principalmente quando combinadas com uma boa ingest\u00e3o de \u00e1gua ao longo do dia.<\/p>\n\n\n\n<p>Seu amargor ativa receptores na boca que estimulam secre\u00e7\u00f5es digestivas, preparando est\u00f4mago e intestino para receber os alimentos. Com isso, algumas pessoas relatam menor sensa\u00e7\u00e3o de estufamento e melhor conforto digestivo em refei\u00e7\u00f5es mais simples e leves, especialmente quando o jil\u00f3 n\u00e3o \u00e9 frito em excesso de \u00f3leo. Se voc\u00ea gosta de ouvir profissionais, separamos esse v\u00eddeo do canal <a href=\"https:\/\/www.youtube.com\/@NutricionistaPatriciaLeite\" target=\"_blank\" rel=\"noreferrer noopener\">Nutricionista Patricia Leite<\/a> mostrando os benef\u00edcios do jil\u00f3:<\/p>\n\n\n\n<figure class=\"wp-block-embed is-type-video is-provider-youtube wp-block-embed-youtube wp-embed-aspect-16-9 wp-has-aspect-ratio\"><div class=\"wp-block-embed__wrapper\">\n<div class=\"jeg_video_container jeg_video_content\"><iframe loading=\"lazy\" title=\"Benef\u00edcios do JIL\u00d3 para Emagrecer, Intestino, Diabetes,... Como Usar e Receitas Gostosas!\" width=\"500\" height=\"281\" src=\"https:\/\/www.youtube.com\/embed\/sjVCtJ-XKWI?feature=oembed\" frameborder=\"0\" allow=\"accelerometer; autoplay; clipboard-write; encrypted-media; gyroscope; picture-in-picture; web-share\" referrerpolicy=\"strict-origin-when-cross-origin\" allowfullscreen><\/iframe><\/div>\n<\/div><\/figure>\n\n\n\n<h2 class=\"wp-block-heading\">Como incluir jil\u00f3 na alimenta\u00e7\u00e3o do dia a dia<\/h2>\n\n\n\n<p>Para aproveitar melhor os efeitos do <strong>jil\u00f3<\/strong> no f\u00edgado e na digest\u00e3o, a forma de preparo faz bastante diferen\u00e7a. Receitas mais leves, com pouco \u00f3leo e combinadas com outros vegetais, tendem a ser mais interessantes para quem busca uma rotina alimentar equilibrada e saborosa.<\/p>\n\n\n\n<p>Abaixo est\u00e3o algumas ideias pr\u00e1ticas de como colocar o <b>jil\u00f3<\/b> no prato sem complicar a cozinha e adaptando o sabor ao seu paladar:<\/p>\n\n\n\n<ul class=\"wp-block-list\">\n<li>Jil\u00f3 grelhado com azeite em pouca quantidade e ervas frescas;<\/li>\n\n\n\n<li>Refogado com cebola, alho e piment\u00e3o, como acompanhamento;<\/li>\n\n\n\n<li>Cozido em peda\u00e7os em ensopados com legumes variados;<\/li>\n\n\n\n<li>Assado em fatias, temperado com ervas, pimenta-do-reino e pouco sal;<\/li>\n\n\n\n<li>Adicionado a saladas mornas com outros vegetais amargos, como r\u00facula.<\/li>\n<\/ul>\n\n\n\n<h2 class=\"wp-block-heading\">Quais s\u00e3o os principais nutrientes do jil\u00f3<\/h2>\n\n\n\n<p>Ao olhar para a tabela nutricional, fica mais f\u00e1cil entender por que o <strong>jil\u00f3<\/strong> aparece tanto em conversas sobre alimenta\u00e7\u00e3o saud\u00e1vel. Ele tem baixa densidade cal\u00f3rica, boas fibras e alguns micronutrientes importantes, o que ajuda a montar pratos leves e ao mesmo tempo nutritivos.<\/p>\n\n\n\n<p>Al\u00e9m de ser pouco cal\u00f3rico, o jil\u00f3 quase n\u00e3o cont\u00e9m gordura e oferece compostos antioxidantes que podem contribuir com a prote\u00e7\u00e3o das c\u00e9lulas hep\u00e1ticas. Isso faz dele um complemento interessante para refei\u00e7\u00f5es com frutas, legumes, gr\u00e3os integrais e prote\u00ednas de boa qualidade.<\/p>\n\n\n\n<h2 class=\"wp-block-heading\">Tabela nutricional do jil\u00f3 (por\u00e7\u00e3o m\u00e9dia cozida de 100 g)<\/h2>\n\n\n\n<div style=\"font-family: 'Segoe UI', Tahoma, Geneva, Verdana, sans-serif; max-width: 1000px; margin: 20px auto; border: 2px solid #722f37; border-radius: 30px; overflow: hidden; background-color: #ffffff; box-shadow: 0 4px 15px rgba(114, 47, 55, 0.1);\">\n    <table style=\"width: 100%; border-collapse: collapse; text-align: left; font-size: 14px;\">\n        <thead>\n            <tr style=\"background-color: #722f37;\">\n                <th style=\"padding: 15px; color: #ffffff; border-bottom: 2px solid #f9d8e6; width: 20%;\">Componente<\/th>\n                <th style=\"padding: 15px; color: #ffffff; border-bottom: 2px solid #f9d8e6; width: 25%;\">Quantidade aproximada<\/th>\n                <th style=\"padding: 15px; color: #ffffff; border-bottom: 2px solid #f9d8e6; width: 55%;\">Relev\u00e2ncia para f\u00edgado e digest\u00e3o<\/th>\n            <\/tr>\n        <\/thead>\n        <tbody>\n            <tr>\n                <td style=\"padding: 12px 15px; border-bottom: 1px solid #ffe3ee; color: #4a4a4a; font-weight: bold;\">Calorias<\/td>\n                <td style=\"padding: 12px 15px; border-bottom: 1px solid #ffe3ee; color: #4a4a4a;\">cerca de 24 kcal<\/td>\n                <td style=\"padding: 12px 15px; border-bottom: 1px solid #ffe3ee; color: #4a4a4a;\">Baixa densidade cal\u00f3rica, favorecendo dietas de controle de peso<\/td>\n            <\/tr>\n            <tr style=\"background-color: #fffafa;\">\n                <td style=\"padding: 12px 15px; border-bottom: 1px solid #ffe3ee; color: #4a4a4a; font-weight: bold;\">Carboidratos totais<\/td>\n                <td style=\"padding: 12px 15px; border-bottom: 1px solid #ffe3ee; color: #4a4a4a;\">aprox. 5 g<\/td>\n                <td style=\"padding: 12px 15px; border-bottom: 1px solid #ffe3ee; color: #4a4a4a;\">Fonte moderada de energia, com absor\u00e7\u00e3o mais lenta devido \u00e0s fibras<\/td>\n            <\/tr>\n            <tr>\n                <td style=\"padding: 12px 15px; border-bottom: 1px solid #ffe3ee; color: #4a4a4a; font-weight: bold;\">Fibras<\/td>\n                <td style=\"padding: 12px 15px; border-bottom: 1px solid #ffe3ee; color: #4a4a4a;\">2 a 3 g<\/td>\n                <td style=\"padding: 12px 15px; border-bottom: 1px solid #ffe3ee; color: #4a4a4a;\">Auxiliam o tr\u00e2nsito intestinal e o equil\u00edbrio do microbioma<\/td>\n            <\/tr>\n            <tr style=\"background-color: #fffafa;\">\n                <td style=\"padding: 12px 15px; border-bottom: 1px solid #ffe3ee; color: #4a4a4a; font-weight: bold;\">Prote\u00ednas<\/td>\n                <td style=\"padding: 12px 15px; border-bottom: 1px solid #ffe3ee; color: #4a4a4a;\">cerca de 1 g<\/td>\n                <td style=\"padding: 12px 15px; border-bottom: 1px solid #ffe3ee; color: #4a4a4a;\">Contribui\u00e7\u00e3o pequena, mas presente, para a ingest\u00e3o proteica total<\/td>\n            <\/tr>\n            <tr>\n                <td style=\"padding: 12px 15px; border-bottom: 1px solid #ffe3ee; color: #4a4a4a; font-weight: bold;\">Gorduras totais<\/td>\n                <td style=\"padding: 12px 15px; border-bottom: 1px solid #ffe3ee; color: #4a4a4a;\">menos de 0,5 g<\/td>\n                <td style=\"padding: 12px 15px; border-bottom: 1px solid #ffe3ee; color: #4a4a4a;\">Baixo teor de gordura, adequado para dietas leves<\/td>\n            <\/tr>\n            <tr style=\"background-color: #fffafa;\">\n                <td style=\"padding: 12px 15px; border-bottom: 1px solid #ffe3ee; color: #4a4a4a; font-weight: bold;\">Vitamina C<\/td>\n                <td style=\"padding: 12px 15px; border-bottom: 1px solid #ffe3ee; color: #4a4a4a;\">em torno de 5 a 7 mg<\/td>\n                <td style=\"padding: 12px 15px; border-bottom: 1px solid #ffe3ee; color: #4a4a4a;\">Atua como antioxidante, relevante para a prote\u00e7\u00e3o das c\u00e9lulas hep\u00e1ticas<\/td>\n            <\/tr>\n            <tr>\n                <td style=\"padding: 12px 15px; border-bottom: 1px solid #ffe3ee; color: #4a4a4a; font-weight: bold;\">Vitamina B6<\/td>\n                <td style=\"padding: 12px 15px; border-bottom: 1px solid #ffe3ee; color: #4a4a4a;\">tra\u00e7os<\/td>\n                <td style=\"padding: 12px 15px; border-bottom: 1px solid #ffe3ee; color: #4a4a4a;\">Participa do metabolismo de prote\u00ednas e fun\u00e7\u00f5es do sistema nervoso<\/td>\n            <\/tr>\n            <tr style=\"background-color: #fffafa;\">\n                <td style=\"padding: 12px 15px; border-bottom: 1px solid #ffe3ee; color: #4a4a4a; font-weight: bold;\">Pot\u00e1ssio<\/td>\n                <td style=\"padding: 12px 15px; border-bottom: 1px solid #ffe3ee; color: #4a4a4a;\">200 a 250 mg<\/td>\n                <td style=\"padding: 12px 15px; border-bottom: 1px solid #ffe3ee; color: #4a4a4a;\">Importante para equil\u00edbrio de l\u00edquidos e fun\u00e7\u00e3o muscular<\/td>\n            <\/tr>\n            <tr>\n                <td style=\"padding: 12px 15px; color: #4a4a4a; font-weight: bold;\">Compostos fen\u00f3licos<\/td>\n                <td style=\"padding: 12px 15px; color: #4a4a4a;\">n\u00e3o h\u00e1 valor fixo<\/td>\n                <td style=\"padding: 12px 15px; color: #4a4a4a;\">Possuem a\u00e7\u00e3o antioxidante e podem auxiliar na prote\u00e7\u00e3o do f\u00edgado<\/td>\n            <\/tr>\n        <\/tbody>\n    <\/table>\n<\/div>\n\n\n\n<h2 class=\"wp-block-heading\">Pr\u00f3ximos passos para usar o jil\u00f3 a seu favor<\/h2>\n\n\n\n<p>Em <strong>2026<\/strong>, o interesse por alimentos com potencial funcional, como o <b>jil\u00f3<\/b>, cresce entre pessoas que querem cuidar melhor do f\u00edgado e da digest\u00e3o de forma mais natural. O consumo deve ser ajustado \u00e0 realidade de cada um, levando em conta condi\u00e7\u00f5es de sa\u00fade, prefer\u00eancias e, sempre que poss\u00edvel, orienta\u00e7\u00e3o de profissionais.<\/p>\n\n\n\n<p>Se voc\u00ea quiser dar o pr\u00f3ximo passo, experimente incluir o <strong>jil\u00f3<\/strong> em uma refei\u00e7\u00e3o da semana, testando diferentes preparos at\u00e9 encontrar o que mais combina com seu paladar. E, se tiver d\u00favidas espec\u00edficas sobre sua sa\u00fade digestiva, busque a ajuda de um <b>nutricionista<\/b> ou m\u00e9dico para montar um plano alimentar que encaixe o jil\u00f3 de forma segura e prazerosa na sua rotina.<\/p>\n","protected":false},"excerpt":{"rendered":"<p>Voc\u00ea j\u00e1 torceu o nariz para um prato com jil\u00f3, mas ouviu algu\u00e9m dizer que ele faz bem para o f\u00edgado e para a digest\u00e3o? Esse fruto de sabor amargo, t\u00e3o presente na culin\u00e1ria brasileira, vem ganhando espa\u00e7o em conversas sobre alimenta\u00e7\u00e3o equilibrada. Seu consumo costuma aparecer em rotinas ricas em vegetais, o que \u00e9 [&hellip;]<\/p>\n","protected":false},"author":9,"featured_media":179153,"comment_status":"open","ping_status":"open","sticky":false,"template":"","format":"standard","meta":{"_yoast_wpseo_focuskw":"benef\u00edcios o jil\u00f3 para a digest\u00e3o","_yoast_wpseo_title":"","_yoast_wpseo_metadesc":"Vegetal rico em fibras e compostos antioxidantes que favorecem o f\u00edgado e deixam a digest\u00e3o mais leve no dia a dia.","jnews-multi-image_gallery":[],"jnews_single_post":{"format":"standard"},"jnews_primary_category":[],"jnews_social_meta":[],"jnews_override_counter":[],"footnotes":""},"categories":[119,4404],"tags":[3051,4167,6704],"class_list":["post-178784","post","type-post","status-publish","format-standard","has-post-thumbnail","hentry","category-bem-estar","category-saude","tag-digestao","tag-figado","tag-jilo"],"yoast_head":"<!-- This site is optimized with the Yoast SEO plugin v24.6 - https:\/\/yoast.com\/wordpress\/plugins\/seo\/ -->\n<title>O vegetal esquecido que apoia o f\u00edgado e deixa a digest\u00e3o mais leve no dia a dia - Correio Braziliense - Radar<\/title>\n<meta name=\"description\" content=\"Vegetal rico em fibras e compostos antioxidantes que favorecem o f\u00edgado e deixam a digest\u00e3o mais leve no dia a dia.\" \/>\n<meta name=\"robots\" content=\"index, follow, max-snippet:-1, max-image-preview:large, max-video-preview:-1\" \/>\n<link rel=\"canonical\" href=\"https:\/\/www.correiobraziliense.com.br\/cbradar\/o-vegetal-esquecido-que-apoia-o-figado-e-deixa-a-digestao-mais-leve-no-dia-a-dia\/\" \/>\n<meta property=\"og:locale\" content=\"pt_BR\" \/>\n<meta property=\"og:type\" content=\"article\" \/>\n<meta property=\"og:title\" content=\"O vegetal esquecido que apoia o f\u00edgado e deixa a digest\u00e3o mais leve no dia a dia - Correio Braziliense - Radar\" \/>\n<meta property=\"og:description\" content=\"Vegetal rico em fibras e compostos antioxidantes que favorecem o f\u00edgado e deixam a digest\u00e3o mais leve no dia a dia.\" \/>\n<meta property=\"og:url\" content=\"https:\/\/www.correiobraziliense.com.br\/cbradar\/o-vegetal-esquecido-que-apoia-o-figado-e-deixa-a-digestao-mais-leve-no-dia-a-dia\/\" \/>\n<meta property=\"og:site_name\" content=\"Correio Braziliense - Radar\" \/>\n<meta property=\"article:published_time\" content=\"2026-01-22T13:45:35+00:00\" \/>\n<meta property=\"og:image\" content=\"https:\/\/www.correiobraziliense.com.br\/cbradar\/wp-content\/uploads\/2026\/01\/freepik__imagem-realista-do-jil__24397.jpeg\" \/>\n\t<meta property=\"og:image:width\" content=\"1280\" \/>\n\t<meta property=\"og:image:height\" content=\"720\" \/>\n\t<meta property=\"og:image:type\" content=\"image\/jpeg\" \/>\n<meta name=\"author\" content=\"Daniely Cardoso\" \/>\n<meta name=\"twitter:card\" content=\"summary_large_image\" \/>\n<meta name=\"twitter:label1\" content=\"Escrito por\" \/>\n\t<meta name=\"twitter:data1\" content=\"Daniely Cardoso\" \/>\n\t<meta name=\"twitter:label2\" content=\"Est. tempo de leitura\" \/>\n\t<meta name=\"twitter:data2\" content=\"6 minutos\" \/>\n<!-- \/ Yoast SEO plugin. -->","yoast_head_json":{"title":"O vegetal esquecido que apoia o f\u00edgado e deixa a digest\u00e3o mais leve no dia a dia - Correio Braziliense - Radar","description":"Vegetal rico em fibras e compostos antioxidantes que favorecem o f\u00edgado e deixam a digest\u00e3o mais leve no dia a dia.","robots":{"index":"index","follow":"follow","max-snippet":"max-snippet:-1","max-image-preview":"max-image-preview:large","max-video-preview":"max-video-preview:-1"},"canonical":"https:\/\/www.correiobraziliense.com.br\/cbradar\/o-vegetal-esquecido-que-apoia-o-figado-e-deixa-a-digestao-mais-leve-no-dia-a-dia\/","og_locale":"pt_BR","og_type":"article","og_title":"O vegetal esquecido que apoia o f\u00edgado e deixa a digest\u00e3o mais leve no dia a dia - Correio Braziliense - Radar","og_description":"Vegetal rico em fibras e compostos antioxidantes que favorecem o f\u00edgado e deixam a digest\u00e3o mais leve no dia a dia.","og_url":"https:\/\/www.correiobraziliense.com.br\/cbradar\/o-vegetal-esquecido-que-apoia-o-figado-e-deixa-a-digestao-mais-leve-no-dia-a-dia\/","og_site_name":"Correio Braziliense - Radar","article_published_time":"2026-01-22T13:45:35+00:00","og_image":[{"width":1280,"height":720,"url":"https:\/\/www.correiobraziliense.com.br\/cbradar\/wp-content\/uploads\/2026\/01\/freepik__imagem-realista-do-jil__24397.jpeg","type":"image\/jpeg"}],"author":"Daniely Cardoso","twitter_card":"summary_large_image","twitter_misc":{"Escrito por":"Daniely Cardoso","Est. tempo de leitura":"6 minutos"},"schema":{"@context":"https:\/\/schema.org","@graph":[{"@type":"WebPage","@id":"https:\/\/www.correiobraziliense.com.br\/cbradar\/o-vegetal-esquecido-que-apoia-o-figado-e-deixa-a-digestao-mais-leve-no-dia-a-dia\/","url":"https:\/\/www.correiobraziliense.com.br\/cbradar\/o-vegetal-esquecido-que-apoia-o-figado-e-deixa-a-digestao-mais-leve-no-dia-a-dia\/","name":"O vegetal esquecido que apoia o f\u00edgado e deixa a digest\u00e3o mais leve no dia a dia - Correio Braziliense - Radar","isPartOf":{"@id":"https:\/\/www.correiobraziliense.com.br\/cbradar\/#website"},"primaryImageOfPage":{"@id":"https:\/\/www.correiobraziliense.com.br\/cbradar\/o-vegetal-esquecido-que-apoia-o-figado-e-deixa-a-digestao-mais-leve-no-dia-a-dia\/#primaryimage"},"image":{"@id":"https:\/\/www.correiobraziliense.com.br\/cbradar\/o-vegetal-esquecido-que-apoia-o-figado-e-deixa-a-digestao-mais-leve-no-dia-a-dia\/#primaryimage"},"thumbnailUrl":"https:\/\/www.correiobraziliense.com.br\/cbradar\/wp-content\/uploads\/2026\/01\/freepik__imagem-realista-do-jil__24397.jpeg","datePublished":"2026-01-22T13:45:35+00:00","author":{"@id":"https:\/\/www.correiobraziliense.com.br\/cbradar\/#\/schema\/person\/7356666e12ec0ee53f348ee5db227032"},"description":"Vegetal rico em fibras e compostos antioxidantes que favorecem o f\u00edgado e deixam a digest\u00e3o mais leve no dia a dia.","breadcrumb":{"@id":"https:\/\/www.correiobraziliense.com.br\/cbradar\/o-vegetal-esquecido-que-apoia-o-figado-e-deixa-a-digestao-mais-leve-no-dia-a-dia\/#breadcrumb"},"inLanguage":"pt-BR","potentialAction":[{"@type":"ReadAction","target":["https:\/\/www.correiobraziliense.com.br\/cbradar\/o-vegetal-esquecido-que-apoia-o-figado-e-deixa-a-digestao-mais-leve-no-dia-a-dia\/"]}]},{"@type":"ImageObject","inLanguage":"pt-BR","@id":"https:\/\/www.correiobraziliense.com.br\/cbradar\/o-vegetal-esquecido-que-apoia-o-figado-e-deixa-a-digestao-mais-leve-no-dia-a-dia\/#primaryimage","url":"https:\/\/www.correiobraziliense.com.br\/cbradar\/wp-content\/uploads\/2026\/01\/freepik__imagem-realista-do-jil__24397.jpeg","contentUrl":"https:\/\/www.correiobraziliense.com.br\/cbradar\/wp-content\/uploads\/2026\/01\/freepik__imagem-realista-do-jil__24397.jpeg","width":1280,"height":720,"caption":"\u00c9 uma fonte de vitaminas e minerais importantes para o equil\u00edbrio nutricional"},{"@type":"BreadcrumbList","@id":"https:\/\/www.correiobraziliense.com.br\/cbradar\/o-vegetal-esquecido-que-apoia-o-figado-e-deixa-a-digestao-mais-leve-no-dia-a-dia\/#breadcrumb","itemListElement":[{"@type":"ListItem","position":1,"name":"In\u00edcio","item":"https:\/\/www.correiobraziliense.com.br\/cbradar\/"},{"@type":"ListItem","position":2,"name":"O vegetal esquecido que apoia o f\u00edgado e deixa a digest\u00e3o mais leve no dia a dia"}]},{"@type":"WebSite","@id":"https:\/\/www.correiobraziliense.com.br\/cbradar\/#website","url":"https:\/\/www.correiobraziliense.com.br\/cbradar\/","name":"Correio Braziliense - Radar","description":"Acompanhe as \u00faltimas not\u00edcias e fique bem informado sobre tudo o que acontece no Brasil e no mundo.","potentialAction":[{"@type":"SearchAction","target":{"@type":"EntryPoint","urlTemplate":"https:\/\/www.correiobraziliense.com.br\/cbradar\/?s={search_term_string}"},"query-input":{"@type":"PropertyValueSpecification","valueRequired":true,"valueName":"search_term_string"}}],"inLanguage":"pt-BR"},{"@type":"Person","@id":"https:\/\/www.correiobraziliense.com.br\/cbradar\/#\/schema\/person\/7356666e12ec0ee53f348ee5db227032","name":"Daniely Cardoso","image":{"@type":"ImageObject","inLanguage":"pt-BR","@id":"https:\/\/www.correiobraziliense.com.br\/cbradar\/#\/schema\/person\/image\/","url":"https:\/\/secure.gravatar.com\/avatar\/4b80ddbd124d1f071b626d52d62e5dff?s=96&d=mm&r=g","contentUrl":"https:\/\/secure.gravatar.com\/avatar\/4b80ddbd124d1f071b626d52d62e5dff?s=96&d=mm&r=g","caption":"Daniely Cardoso"},"description":"Redatora nos portais CB Radar e EM Foco, formada pela Universidade Federal de Goi\u00e1s, em Goi\u00e2nia. Apaixonada por comunica\u00e7\u00e3o, arte, decora\u00e7\u00e3o e tend\u00eancias, atuo na produ\u00e7\u00e3o de conte\u00fados envolventes sobre curiosidades, moda, beleza e paisagismo, sempre com um olhar atento \u00e0s novidades do momento.","sameAs":["https:\/\/www.correiobraziliense.com.br\/cbradar"],"url":"https:\/\/www.correiobraziliense.com.br\/cbradar\/author\/danielymyth\/"}]}},"_links":{"self":[{"href":"https:\/\/www.correiobraziliense.com.br\/cbradar\/wp-json\/wp\/v2\/posts\/178784","targetHints":{"allow":["GET"]}}],"collection":[{"href":"https:\/\/www.correiobraziliense.com.br\/cbradar\/wp-json\/wp\/v2\/posts"}],"about":[{"href":"https:\/\/www.correiobraziliense.com.br\/cbradar\/wp-json\/wp\/v2\/types\/post"}],"author":[{"embeddable":true,"href":"https:\/\/www.correiobraziliense.com.br\/cbradar\/wp-json\/wp\/v2\/users\/9"}],"replies":[{"embeddable":true,"href":"https:\/\/www.correiobraziliense.com.br\/cbradar\/wp-json\/wp\/v2\/comments?post=178784"}],"version-history":[{"count":2,"href":"https:\/\/www.correiobraziliense.com.br\/cbradar\/wp-json\/wp\/v2\/posts\/178784\/revisions"}],"predecessor-version":[{"id":178871,"href":"https:\/\/www.correiobraziliense.com.br\/cbradar\/wp-json\/wp\/v2\/posts\/178784\/revisions\/178871"}],"wp:featuredmedia":[{"embeddable":true,"href":"https:\/\/www.correiobraziliense.com.br\/cbradar\/wp-json\/wp\/v2\/media\/179153"}],"wp:attachment":[{"href":"https:\/\/www.correiobraziliense.com.br\/cbradar\/wp-json\/wp\/v2\/media?parent=178784"}],"wp:term":[{"taxonomy":"category","embeddable":true,"href":"https:\/\/www.correiobraziliense.com.br\/cbradar\/wp-json\/wp\/v2\/categories?post=178784"},{"taxonomy":"post_tag","embeddable":true,"href":"https:\/\/www.correiobraziliense.com.br\/cbradar\/wp-json\/wp\/v2\/tags?post=178784"}],"curies":[{"name":"wp","href":"https:\/\/api.w.org\/{rel}","templated":true}]}}