{"id":178791,"date":"2026-01-22T13:05:49","date_gmt":"2026-01-22T16:05:49","guid":{"rendered":"https:\/\/www.correiobraziliense.com.br\/cbradar\/?p=178791"},"modified":"2026-01-21T11:35:20","modified_gmt":"2026-01-21T14:35:20","slug":"o-vegetal-refrescante-que-hidrata-o-corpo-e-deixa-as-refeicoes-mais-leves","status":"publish","type":"post","link":"https:\/\/www.correiobraziliense.com.br\/cbradar\/o-vegetal-refrescante-que-hidrata-o-corpo-e-deixa-as-refeicoes-mais-leves\/","title":{"rendered":"O vegetal refrescante que hidrata o corpo e deixa as refei\u00e7\u00f5es mais leves"},"content":{"rendered":"\n<p>Em um dia quente, poucas coisas s\u00e3o t\u00e3o agrad\u00e1veis quanto uma salada bem gelada com <strong>pepino<\/strong> crocante, n\u00e3o \u00e9? Esse vegetal simples, presente em muitas mesas, vai muito al\u00e9m do sabor suave: traz uma sensa\u00e7\u00e3o de <b>leveza<\/b>, frescor e cuidado com o corpo, tanto na alimenta\u00e7\u00e3o quanto em rotinas de beleza do dia a dia.<\/p>\n\n\n\n<h2 class=\"wp-block-heading\">Quais s\u00e3o as principais propriedades hidratantes do pepino<\/h2>\n\n\n\n<p>As propriedades hidratantes do <strong>pepino<\/strong> est\u00e3o diretamente ligadas \u00e0 sua composi\u00e7\u00e3o, formada em grande parte por \u00e1gua. Mais de 90% desse alimento \u00e9 \u00e1gua, o que ajuda no equil\u00edbrio h\u00eddrico do corpo dentro de uma alimenta\u00e7\u00e3o <b>variada<\/b> e equilibrada.<\/p>\n\n\n\n<p>Al\u00e9m disso, o pepino oferece pequenas quantidades de vitaminas e minerais que participam de processos importantes do organismo. Na rotina de beleza, fatias de <strong>pepino<\/strong> sobre a pele s\u00e3o usadas tradicionalmente para proporcionar sensa\u00e7\u00e3o de <b>frescor<\/b>, especialmente na regi\u00e3o dos olhos.<\/p>\n\n\n<div class=\"wp-block-image\">\n<figure class=\"aligncenter size-large\"><img decoding=\"async\" width=\"1024\" height=\"576\" src=\"https:\/\/www.correiobraziliense.com.br\/cbradar\/wp-content\/uploads\/2026\/01\/pepino_1768964582372-1024x576.jpg\" alt=\"\" class=\"wp-image-178898\" srcset=\"https:\/\/www.correiobraziliense.com.br\/cbradar\/wp-content\/uploads\/2026\/01\/pepino_1768964582372-1024x576.jpg 1024w, https:\/\/www.correiobraziliense.com.br\/cbradar\/wp-content\/uploads\/2026\/01\/pepino_1768964582372-300x169.jpg 300w, https:\/\/www.correiobraziliense.com.br\/cbradar\/wp-content\/uploads\/2026\/01\/pepino_1768964582372-768x432.jpg 768w, https:\/\/www.correiobraziliense.com.br\/cbradar\/wp-content\/uploads\/2026\/01\/pepino_1768964582372-750x422.jpg 750w, https:\/\/www.correiobraziliense.com.br\/cbradar\/wp-content\/uploads\/2026\/01\/pepino_1768964582372-1140x641.jpg 1140w, https:\/\/www.correiobraziliense.com.br\/cbradar\/wp-content\/uploads\/2026\/01\/pepino_1768964582372.jpg 1280w\" sizes=\"(max-width: 1024px) 100vw, 1024px\" \/><figcaption class=\"wp-element-caption\">As propriedades hidratantes do pepino est\u00e3o diretamente ligadas \u00e0 sua composi\u00e7\u00e3o &#8211; Cr\u00e9ditos: depositphotos.com \/ HayDmitriy<\/figcaption><\/figure><\/div>\n\n\n<p>Leia tamb\u00e9m:&nbsp;<a href=\"https:\/\/www.correiobraziliense.com.br\/cbradar\/a-fruta-tropical-com-efeitos-calmantes-que-fortalece-o-sistema-imunologico-e-rica-em-magnesio-e-facil-de-plantar\/\" target=\"_blank\" rel=\"noopener\">A fruta tropical com efeitos calmantes que fortalece o sistema imunol\u00f3gico, \u00e9 rica em magn\u00e9sio e f\u00e1cil de plantar<\/a><\/p>\n\n\n\n<h2 class=\"wp-block-heading\">Como o pepino pode hidratar e ajudar na desintoxica\u00e7\u00e3o do organismo<\/h2>\n\n\n\n<p>Quando se fala em <strong>pepino<\/strong> e desintoxica\u00e7\u00e3o, a ideia \u00e9 o apoio que ele oferece aos processos naturais do corpo. F\u00edgado, rins e intestino j\u00e1 fazem esse trabalho, e o pepino, rico em \u00e1gua e com um pouco de fibras, pode ajudar no bom funcionamento desses <b>\u00f3rg\u00e3os<\/b>.<\/p>\n\n\n\n<p>As fibras presentes no <strong>pepino<\/strong> colaboram com a regularidade intestinal, importante para eliminar o que o corpo n\u00e3o precisa mais. Seu baixo valor cal\u00f3rico tamb\u00e9m permite um consumo maior em volume, ajudando em estrat\u00e9gias de <b>reeduca\u00e7\u00e3o<\/b> alimentar.<\/p>\n\n\n\n<h2 class=\"wp-block-heading\">Como incluir o pepino na rotina de forma pr\u00e1tica<\/h2>\n\n\n\n<p>A inclus\u00e3o do <strong>pepino<\/strong> no dia a dia pode ser bem simples e saborosa, sem necessidade de receitas complicadas. Em saladas, ele pode aparecer em rodelas ou cubos, junto com tomate, alface, cenoura e outras <b>hortali\u00e7as<\/b> coloridas.<\/p>\n\n\n\n<p>Outra forma pr\u00e1tica \u00e9 usar o <strong>pepino<\/strong> em bebidas refrescantes, como \u00e1guas saborizadas com lim\u00e3o e hortel\u00e3 ou sucos verdes. Em sandu\u00edches naturais, ele entra em fatias bem finas, trazendo croc\u00e2ncia e sensa\u00e7\u00e3o de refei\u00e7\u00e3o mais <b>leve<\/b>. Se voc\u00ea gosta de ouvir opini\u00e3o de especialistas, separamos esse v\u00eddeo da <a href=\"https:\/\/www.youtube.com\/@NutricionistaPatriciaLeite\" target=\"_blank\" rel=\"noreferrer noopener\">Nutricionista Patricia Leite<\/a> mostrando os benef\u00edcios do pepino:<\/p>\n\n\n\n<figure class=\"wp-block-embed is-type-video is-provider-youtube wp-block-embed-youtube wp-embed-aspect-16-9 wp-has-aspect-ratio\"><div class=\"wp-block-embed__wrapper\">\n<div class=\"jeg_video_container jeg_video_content\"><iframe loading=\"lazy\" title=\"Benef\u00edcios do Pepino - Para Que Serve e Como Usar [DICAS!]\" width=\"500\" height=\"281\" src=\"https:\/\/www.youtube.com\/embed\/aKCx1_0iCeI?start=1&#038;feature=oembed\" frameborder=\"0\" allow=\"accelerometer; autoplay; clipboard-write; encrypted-media; gyroscope; picture-in-picture; web-share\" referrerpolicy=\"strict-origin-when-cross-origin\" allowfullscreen><\/iframe><\/div>\n<\/div><\/figure>\n\n\n\n<h2 class=\"wp-block-heading\">Quais s\u00e3o os principais nutrientes presentes no pepino<\/h2>\n\n\n\n<p>Embora seja lembrado principalmente pelas propriedades hidratantes, o <strong>pepino<\/strong> tamb\u00e9m oferece alguns nutrientes importantes. Ele cont\u00e9m pequenas quantidades de vitamina C, vitaminas do complexo B e minerais como pot\u00e1ssio e <b>magn\u00e9sio<\/b>, que ajudam a complementar a dieta.<\/p>\n\n\n\n<p>A casca do <strong>pepino<\/strong> concentra boa parte das fibras, por isso muitos profissionais sugerem consumi-lo com casca, desde que bem higienizada. Mesmo n\u00e3o sendo o alimento mais rico em nutrientes, ele se destaca pela combina\u00e7\u00e3o de poucas calorias, muita \u00e1gua e alguns micronutrientes <b>relevantes<\/b>.<\/p>\n\n\n\n<div style=\"font-family: 'Segoe UI', Tahoma, Geneva, Verdana, sans-serif; max-width: 1000px; margin: 20px auto; border: 2px solid #722f37; border-radius: 30px; overflow: hidden; background-color: #ffffff; box-shadow: 0 4px 15px rgba(114, 47, 55, 0.1);\">\n    <table style=\"width: 100%; border-collapse: collapse; text-align: left; font-size: 14px;\">\n        <thead>\n            <tr style=\"background-color: #722f37;\">\n                <th style=\"padding: 15px; color: #ffffff; border-bottom: 2px solid #f9d8e6; width: 50%;\">Nutriente<\/th>\n                <th style=\"padding: 15px; color: #ffffff; border-bottom: 2px solid #f9d8e6; width: 50%;\">Quantidade aproximada por 100 g<\/th>\n            <\/tr>\n        <\/thead>\n        <tbody>\n            <tr>\n                <td style=\"padding: 12px 15px; border-bottom: 1px solid #ffe3ee; color: #4a4a4a; font-weight: bold;\">Calorias<\/td>\n                <td style=\"padding: 12px 15px; border-bottom: 1px solid #ffe3ee; color: #4a4a4a;\">15 kcal<\/td>\n            <\/tr>\n            <tr style=\"background-color: #fffafa;\">\n                <td style=\"padding: 12px 15px; border-bottom: 1px solid #ffe3ee; color: #4a4a4a; font-weight: bold;\">\u00c1gua<\/td>\n                <td style=\"padding: 12px 15px; border-bottom: 1px solid #ffe3ee; color: #4a4a4a;\">95 g<\/td>\n            <\/tr>\n            <tr>\n                <td style=\"padding: 12px 15px; border-bottom: 1px solid #ffe3ee; color: #4a4a4a; font-weight: bold;\">Carboidratos<\/td>\n                <td style=\"padding: 12px 15px; border-bottom: 1px solid #ffe3ee; color: #4a4a4a;\">3,5 g<\/td>\n            <\/tr>\n            <tr style=\"background-color: #fffafa;\">\n                <td style=\"padding: 12px 15px; border-bottom: 1px solid #ffe3ee; color: #4a4a4a; font-weight: bold;\">Prote\u00ednas<\/td>\n                <td style=\"padding: 12px 15px; border-bottom: 1px solid #ffe3ee; color: #4a4a4a;\">0,7 g<\/td>\n            <\/tr>\n            <tr>\n                <td style=\"padding: 12px 15px; border-bottom: 1px solid #ffe3ee; color: #4a4a4a; font-weight: bold;\">Gorduras totais<\/td>\n                <td style=\"padding: 12px 15px; border-bottom: 1px solid #ffe3ee; color: #4a4a4a;\">0,1 g<\/td>\n            <\/tr>\n            <tr style=\"background-color: #fffafa;\">\n                <td style=\"padding: 12px 15px; border-bottom: 1px solid #ffe3ee; color: #4a4a4a; font-weight: bold;\">Fibras<\/td>\n                <td style=\"padding: 12px 15px; border-bottom: 1px solid #ffe3ee; color: #4a4a4a;\">0,5 g a 0,7 g<\/td>\n            <\/tr>\n            <tr>\n                <td style=\"padding: 12px 15px; border-bottom: 1px solid #ffe3ee; color: #4a4a4a; font-weight: bold;\">Vitamina C<\/td>\n                <td style=\"padding: 12px 15px; border-bottom: 1px solid #ffe3ee; color: #4a4a4a;\">2 a 3 mg<\/td>\n            <\/tr>\n            <tr style=\"background-color: #fffafa;\">\n                <td style=\"padding: 12px 15px; border-bottom: 1px solid #ffe3ee; color: #4a4a4a; font-weight: bold;\">Vitamina K<\/td>\n                <td style=\"padding: 12px 15px; border-bottom: 1px solid #ffe3ee; color: #4a4a4a;\">15 a 20 \u00b5g<\/td>\n            <\/tr>\n            <tr>\n                <td style=\"padding: 12px 15px; border-bottom: 1px solid #ffe3ee; color: #4a4a4a; font-weight: bold;\">Pot\u00e1ssio<\/td>\n                <td style=\"padding: 12px 15px; border-bottom: 1px solid #ffe3ee; color: #4a4a4a;\">140 a 150 mg<\/td>\n            <\/tr>\n            <tr style=\"background-color: #fffafa;\">\n                <td style=\"padding: 12px 15px; color: #4a4a4a; font-weight: bold;\">Magn\u00e9sio<\/td>\n                <td style=\"padding: 12px 15px; color: #4a4a4a;\">10 a 13 mg<\/td>\n            <\/tr>\n        <\/tbody>\n    <\/table>\n<\/div>\n\n\n\n<h2 class=\"wp-block-heading\">Quais cuidados s\u00e3o importantes ao consumir pepino<\/h2>\n\n\n\n<p>Para aproveitar melhor os benef\u00edcios do <strong>pepino<\/strong>, alguns cuidados simples fazem diferen\u00e7a no dia a dia. A higieniza\u00e7\u00e3o correta \u00e9 fundamental, principalmente quando o consumo \u00e9 feito com casca, pois isso ajuda a reduzir <b>impurezas<\/b> e res\u00edduos.<\/p>\n\n\n\n<p>Algumas pessoas podem sentir certo desconforto ao consumir <strong>pepino<\/strong> cru, como sensa\u00e7\u00e3o de est\u00f4mago pesado. Nesses casos, retirar parte da casca e das sementes pode ajudar, assim como buscar orienta\u00e7\u00e3o de um <b>nutricionista<\/b> ou m\u00e9dico quando houver condi\u00e7\u00f5es espec\u00edficas de sa\u00fade.<\/p>\n\n\n\n<h2 class=\"wp-block-heading\">Ideias pr\u00e1ticas de consumo de pepino no dia a dia<\/h2>\n\n\n\n<p>Para facilitar a rotina, o <strong>pepino<\/strong> pode entrar em prepara\u00e7\u00f5es r\u00e1pidas, frescas e vers\u00e1teis, ajudando a deixar as refei\u00e7\u00f5es mais leves. Abaixo est\u00e3o algumas sugest\u00f5es simples para inspirar o consumo di\u00e1rio desse <b>vegetal<\/b>:<\/p>\n\n\n\n<ul class=\"wp-block-list\">\n<li>Saladas cruas variadas com pepino em rodelas;<\/li>\n\n\n\n<li>\u00c1gua aromatizada com pepino, lim\u00e3o e hortel\u00e3;<\/li>\n\n\n\n<li>Suco verde com pepino, folhas verdes e frutas;<\/li>\n\n\n\n<li>Lanches com bast\u00f5es de pepino e pastas leves;<\/li>\n\n\n\n<li>Sandu\u00edches naturais com fatias finas de pepino.<\/li>\n<\/ul>\n\n\n\n<h2 class=\"wp-block-heading\">Como incluir mais pepino na sua rotina<\/h2>\n\n\n\n<p>O <strong>pepino<\/strong> \u00e9 um aliado simples e acess\u00edvel para quem busca refei\u00e7\u00f5es mais leves, hidratantes e com sensa\u00e7\u00e3o de bem-estar. Com poucas calorias, boa quantidade de \u00e1gua e alguns nutrientes importantes, ele ajuda a tornar o prato mais <b>equilibrado<\/b> no dia a dia.<\/p>\n\n\n\n<p>Se voc\u00ea quer cuidar melhor da sua <strong>alimenta\u00e7\u00e3o<\/strong>, comece incluindo o pepino em saladas, sucos ou lanches r\u00e1pidos. D\u00ea o pr\u00f3ximo passo hoje mesmo e experimente uma nova receita com esse vegetal, observando como seu corpo e sua rotina podem ficar ainda mais <b>leves<\/b>.<\/p>\n","protected":false},"excerpt":{"rendered":"<p>Em um dia quente, poucas coisas s\u00e3o t\u00e3o agrad\u00e1veis quanto uma salada bem gelada com pepino crocante, n\u00e3o \u00e9? Esse vegetal simples, presente em muitas mesas, vai muito al\u00e9m do sabor suave: traz uma sensa\u00e7\u00e3o de leveza, frescor e cuidado com o corpo, tanto na alimenta\u00e7\u00e3o quanto em rotinas de beleza do dia a dia. [&hellip;]<\/p>\n","protected":false},"author":9,"featured_media":179160,"comment_status":"open","ping_status":"open","sticky":false,"template":"","format":"standard","meta":{"_yoast_wpseo_focuskw":"propriedades hidratantes do pepino","_yoast_wpseo_title":"","_yoast_wpseo_metadesc":"Vegetal leve e hidratante, rico em \u00e1gua e fibras, que ajuda no equil\u00edbrio di\u00e1rio e torna refei\u00e7\u00f5es mais frescas e naturais.","jnews-multi-image_gallery":[],"jnews_single_post":{"format":"standard"},"jnews_primary_category":[],"jnews_social_meta":[],"jnews_override_counter":[],"footnotes":""},"categories":[119,4404],"tags":[125,14268,1492,565],"class_list":["post-178791","post","type-post","status-publish","format-standard","has-post-thumbnail","hentry","category-bem-estar","category-saude","tag-beleza","tag-hidratantes","tag-pepino","tag-saude"],"yoast_head":"<!-- This site is optimized with the Yoast SEO plugin v24.6 - https:\/\/yoast.com\/wordpress\/plugins\/seo\/ -->\n<title>O vegetal refrescante que hidrata o corpo e deixa as refei\u00e7\u00f5es mais leves - Correio Braziliense - Radar<\/title>\n<meta name=\"description\" content=\"Vegetal leve e hidratante, rico em \u00e1gua e fibras, que ajuda no equil\u00edbrio di\u00e1rio e torna refei\u00e7\u00f5es mais frescas e naturais.\" \/>\n<meta name=\"robots\" content=\"index, follow, max-snippet:-1, max-image-preview:large, max-video-preview:-1\" \/>\n<link rel=\"canonical\" href=\"https:\/\/www.correiobraziliense.com.br\/cbradar\/o-vegetal-refrescante-que-hidrata-o-corpo-e-deixa-as-refeicoes-mais-leves\/\" \/>\n<meta property=\"og:locale\" content=\"pt_BR\" \/>\n<meta property=\"og:type\" content=\"article\" \/>\n<meta property=\"og:title\" content=\"O vegetal refrescante que hidrata o corpo e deixa as refei\u00e7\u00f5es mais leves - Correio Braziliense - Radar\" \/>\n<meta property=\"og:description\" content=\"Vegetal leve e hidratante, rico em \u00e1gua e fibras, que ajuda no equil\u00edbrio di\u00e1rio e torna refei\u00e7\u00f5es mais frescas e naturais.\" \/>\n<meta property=\"og:url\" content=\"https:\/\/www.correiobraziliense.com.br\/cbradar\/o-vegetal-refrescante-que-hidrata-o-corpo-e-deixa-as-refeicoes-mais-leves\/\" \/>\n<meta property=\"og:site_name\" content=\"Correio Braziliense - Radar\" \/>\n<meta property=\"article:published_time\" content=\"2026-01-22T16:05:49+00:00\" \/>\n<meta property=\"og:image\" content=\"https:\/\/www.correiobraziliense.com.br\/cbradar\/wp-content\/uploads\/2026\/01\/freepik__imagem-realista-de-salada-de-pepino__24393.jpeg\" \/>\n\t<meta property=\"og:image:width\" content=\"1280\" \/>\n\t<meta property=\"og:image:height\" content=\"720\" \/>\n\t<meta property=\"og:image:type\" content=\"image\/jpeg\" \/>\n<meta name=\"author\" content=\"Daniely Cardoso\" \/>\n<meta name=\"twitter:card\" content=\"summary_large_image\" \/>\n<meta name=\"twitter:label1\" content=\"Escrito por\" \/>\n\t<meta name=\"twitter:data1\" content=\"Daniely Cardoso\" \/>\n\t<meta name=\"twitter:label2\" content=\"Est. tempo de leitura\" \/>\n\t<meta name=\"twitter:data2\" content=\"5 minutos\" \/>\n<!-- \/ Yoast SEO plugin. -->","yoast_head_json":{"title":"O vegetal refrescante que hidrata o corpo e deixa as refei\u00e7\u00f5es mais leves - Correio Braziliense - Radar","description":"Vegetal leve e hidratante, rico em \u00e1gua e fibras, que ajuda no equil\u00edbrio di\u00e1rio e torna refei\u00e7\u00f5es mais frescas e naturais.","robots":{"index":"index","follow":"follow","max-snippet":"max-snippet:-1","max-image-preview":"max-image-preview:large","max-video-preview":"max-video-preview:-1"},"canonical":"https:\/\/www.correiobraziliense.com.br\/cbradar\/o-vegetal-refrescante-que-hidrata-o-corpo-e-deixa-as-refeicoes-mais-leves\/","og_locale":"pt_BR","og_type":"article","og_title":"O vegetal refrescante que hidrata o corpo e deixa as refei\u00e7\u00f5es mais leves - Correio Braziliense - Radar","og_description":"Vegetal leve e hidratante, rico em \u00e1gua e fibras, que ajuda no equil\u00edbrio di\u00e1rio e torna refei\u00e7\u00f5es mais frescas e naturais.","og_url":"https:\/\/www.correiobraziliense.com.br\/cbradar\/o-vegetal-refrescante-que-hidrata-o-corpo-e-deixa-as-refeicoes-mais-leves\/","og_site_name":"Correio Braziliense - Radar","article_published_time":"2026-01-22T16:05:49+00:00","og_image":[{"width":1280,"height":720,"url":"https:\/\/www.correiobraziliense.com.br\/cbradar\/wp-content\/uploads\/2026\/01\/freepik__imagem-realista-de-salada-de-pepino__24393.jpeg","type":"image\/jpeg"}],"author":"Daniely Cardoso","twitter_card":"summary_large_image","twitter_misc":{"Escrito por":"Daniely Cardoso","Est. tempo de leitura":"5 minutos"},"schema":{"@context":"https:\/\/schema.org","@graph":[{"@type":"WebPage","@id":"https:\/\/www.correiobraziliense.com.br\/cbradar\/o-vegetal-refrescante-que-hidrata-o-corpo-e-deixa-as-refeicoes-mais-leves\/","url":"https:\/\/www.correiobraziliense.com.br\/cbradar\/o-vegetal-refrescante-que-hidrata-o-corpo-e-deixa-as-refeicoes-mais-leves\/","name":"O vegetal refrescante que hidrata o corpo e deixa as refei\u00e7\u00f5es mais leves - Correio Braziliense - Radar","isPartOf":{"@id":"https:\/\/www.correiobraziliense.com.br\/cbradar\/#website"},"primaryImageOfPage":{"@id":"https:\/\/www.correiobraziliense.com.br\/cbradar\/o-vegetal-refrescante-que-hidrata-o-corpo-e-deixa-as-refeicoes-mais-leves\/#primaryimage"},"image":{"@id":"https:\/\/www.correiobraziliense.com.br\/cbradar\/o-vegetal-refrescante-que-hidrata-o-corpo-e-deixa-as-refeicoes-mais-leves\/#primaryimage"},"thumbnailUrl":"https:\/\/www.correiobraziliense.com.br\/cbradar\/wp-content\/uploads\/2026\/01\/freepik__imagem-realista-de-salada-de-pepino__24393.jpeg","datePublished":"2026-01-22T16:05:49+00:00","author":{"@id":"https:\/\/www.correiobraziliense.com.br\/cbradar\/#\/schema\/person\/7356666e12ec0ee53f348ee5db227032"},"description":"Vegetal leve e hidratante, rico em \u00e1gua e fibras, que ajuda no equil\u00edbrio di\u00e1rio e torna refei\u00e7\u00f5es mais frescas e naturais.","breadcrumb":{"@id":"https:\/\/www.correiobraziliense.com.br\/cbradar\/o-vegetal-refrescante-que-hidrata-o-corpo-e-deixa-as-refeicoes-mais-leves\/#breadcrumb"},"inLanguage":"pt-BR","potentialAction":[{"@type":"ReadAction","target":["https:\/\/www.correiobraziliense.com.br\/cbradar\/o-vegetal-refrescante-que-hidrata-o-corpo-e-deixa-as-refeicoes-mais-leves\/"]}]},{"@type":"ImageObject","inLanguage":"pt-BR","@id":"https:\/\/www.correiobraziliense.com.br\/cbradar\/o-vegetal-refrescante-que-hidrata-o-corpo-e-deixa-as-refeicoes-mais-leves\/#primaryimage","url":"https:\/\/www.correiobraziliense.com.br\/cbradar\/wp-content\/uploads\/2026\/01\/freepik__imagem-realista-de-salada-de-pepino__24393.jpeg","contentUrl":"https:\/\/www.correiobraziliense.com.br\/cbradar\/wp-content\/uploads\/2026\/01\/freepik__imagem-realista-de-salada-de-pepino__24393.jpeg","width":1280,"height":720,"caption":"O pepino \u00e9 composto majoritariamente por \u00e1gua contribuindo para a hidrata\u00e7\u00e3o do corpo"},{"@type":"BreadcrumbList","@id":"https:\/\/www.correiobraziliense.com.br\/cbradar\/o-vegetal-refrescante-que-hidrata-o-corpo-e-deixa-as-refeicoes-mais-leves\/#breadcrumb","itemListElement":[{"@type":"ListItem","position":1,"name":"In\u00edcio","item":"https:\/\/www.correiobraziliense.com.br\/cbradar\/"},{"@type":"ListItem","position":2,"name":"O vegetal refrescante que hidrata o corpo e deixa as refei\u00e7\u00f5es mais leves"}]},{"@type":"WebSite","@id":"https:\/\/www.correiobraziliense.com.br\/cbradar\/#website","url":"https:\/\/www.correiobraziliense.com.br\/cbradar\/","name":"Correio Braziliense - Radar","description":"Acompanhe as \u00faltimas not\u00edcias e fique bem informado sobre tudo o que acontece no Brasil e no mundo.","potentialAction":[{"@type":"SearchAction","target":{"@type":"EntryPoint","urlTemplate":"https:\/\/www.correiobraziliense.com.br\/cbradar\/?s={search_term_string}"},"query-input":{"@type":"PropertyValueSpecification","valueRequired":true,"valueName":"search_term_string"}}],"inLanguage":"pt-BR"},{"@type":"Person","@id":"https:\/\/www.correiobraziliense.com.br\/cbradar\/#\/schema\/person\/7356666e12ec0ee53f348ee5db227032","name":"Daniely Cardoso","image":{"@type":"ImageObject","inLanguage":"pt-BR","@id":"https:\/\/www.correiobraziliense.com.br\/cbradar\/#\/schema\/person\/image\/","url":"https:\/\/secure.gravatar.com\/avatar\/4b80ddbd124d1f071b626d52d62e5dff?s=96&d=mm&r=g","contentUrl":"https:\/\/secure.gravatar.com\/avatar\/4b80ddbd124d1f071b626d52d62e5dff?s=96&d=mm&r=g","caption":"Daniely Cardoso"},"description":"Redatora nos portais CB Radar e EM Foco, formada pela Universidade Federal de Goi\u00e1s, em Goi\u00e2nia. Apaixonada por comunica\u00e7\u00e3o, arte, decora\u00e7\u00e3o e tend\u00eancias, atuo na produ\u00e7\u00e3o de conte\u00fados envolventes sobre curiosidades, moda, beleza e paisagismo, sempre com um olhar atento \u00e0s novidades do momento.","sameAs":["https:\/\/www.correiobraziliense.com.br\/cbradar"],"url":"https:\/\/www.correiobraziliense.com.br\/cbradar\/author\/danielymyth\/"}]}},"_links":{"self":[{"href":"https:\/\/www.correiobraziliense.com.br\/cbradar\/wp-json\/wp\/v2\/posts\/178791","targetHints":{"allow":["GET"]}}],"collection":[{"href":"https:\/\/www.correiobraziliense.com.br\/cbradar\/wp-json\/wp\/v2\/posts"}],"about":[{"href":"https:\/\/www.correiobraziliense.com.br\/cbradar\/wp-json\/wp\/v2\/types\/post"}],"author":[{"embeddable":true,"href":"https:\/\/www.correiobraziliense.com.br\/cbradar\/wp-json\/wp\/v2\/users\/9"}],"replies":[{"embeddable":true,"href":"https:\/\/www.correiobraziliense.com.br\/cbradar\/wp-json\/wp\/v2\/comments?post=178791"}],"version-history":[{"count":2,"href":"https:\/\/www.correiobraziliense.com.br\/cbradar\/wp-json\/wp\/v2\/posts\/178791\/revisions"}],"predecessor-version":[{"id":178900,"href":"https:\/\/www.correiobraziliense.com.br\/cbradar\/wp-json\/wp\/v2\/posts\/178791\/revisions\/178900"}],"wp:featuredmedia":[{"embeddable":true,"href":"https:\/\/www.correiobraziliense.com.br\/cbradar\/wp-json\/wp\/v2\/media\/179160"}],"wp:attachment":[{"href":"https:\/\/www.correiobraziliense.com.br\/cbradar\/wp-json\/wp\/v2\/media?parent=178791"}],"wp:term":[{"taxonomy":"category","embeddable":true,"href":"https:\/\/www.correiobraziliense.com.br\/cbradar\/wp-json\/wp\/v2\/categories?post=178791"},{"taxonomy":"post_tag","embeddable":true,"href":"https:\/\/www.correiobraziliense.com.br\/cbradar\/wp-json\/wp\/v2\/tags?post=178791"}],"curies":[{"name":"wp","href":"https:\/\/api.w.org\/{rel}","templated":true}]}}