{"id":178793,"date":"2026-01-22T16:35:02","date_gmt":"2026-01-22T19:35:02","guid":{"rendered":"https:\/\/www.correiobraziliense.com.br\/cbradar\/?p=178793"},"modified":"2026-01-21T11:39:28","modified_gmt":"2026-01-21T14:39:28","slug":"a-farinha-funcional-que-melhora-o-intestino-e-mantem-a-saciedade-por-mais-tempo","status":"publish","type":"post","link":"https:\/\/www.correiobraziliense.com.br\/cbradar\/a-farinha-funcional-que-melhora-o-intestino-e-mantem-a-saciedade-por-mais-tempo\/","title":{"rendered":"A farinha funcional que melhora o intestino e mant\u00e9m a saciedade por mais tempo"},"content":{"rendered":"\n<p>Imagine come\u00e7ar o dia com um caf\u00e9 da manh\u00e3 simples e, sem grandes mudan\u00e7as, cuidar melhor do seu intestino e da sua saciedade. \u00c9 isso que muita gente tem buscado ao incluir a <strong>farinha<\/strong> de <b>banana verde<\/b> na rotina: uma alternativa pr\u00e1tica, rica em fibras e amido resistente, que pode ser misturada a receitas do dia a dia sem alterar muito o sabor, ajudando a manter o corpo mais equilibrado.<\/p>\n\n\n\n<h2 class=\"wp-block-heading\">O que \u00e9 a farinha de banana verde e por que ela se destaca na alimenta\u00e7\u00e3o<\/h2>\n\n\n\n<p>A farinha de <strong>banana verde<\/strong> \u00e9 feita a partir de bananas ainda n\u00e3o maduras, que passam por higieniza\u00e7\u00e3o, corte, desidrata\u00e7\u00e3o e moagem. Nesse est\u00e1gio, a fruta preserva um teor maior de <b>amido resistente<\/b>, um tipo de carboidrato que o corpo n\u00e3o digere totalmente e que chega quase intacto ao intestino grosso.<\/p>\n\n\n\n<p>Al\u00e9m do amido resistente, essa farinha oferece fibras, pequenas quantidades de vitaminas do <strong>complexo B<\/strong>, minerais como pot\u00e1ssio e magn\u00e9sio e compostos naturais da banana. Em conjunto, esses elementos podem apoiar o controle da glicemia, o manejo do apetite e o cuidado com o intestino, desde que inseridos em uma alimenta\u00e7\u00e3o <b>equilibrada<\/b>.<\/p>\n\n\n<div class=\"wp-block-image\">\n<figure class=\"aligncenter size-large\"><img decoding=\"async\" width=\"1024\" height=\"576\" src=\"https:\/\/www.correiobraziliense.com.br\/cbradar\/wp-content\/uploads\/2026\/01\/farinha-de-banana_1768966560175-1024x576.jpg\" alt=\"\" class=\"wp-image-178921\" srcset=\"https:\/\/www.correiobraziliense.com.br\/cbradar\/wp-content\/uploads\/2026\/01\/farinha-de-banana_1768966560175-1024x576.jpg 1024w, https:\/\/www.correiobraziliense.com.br\/cbradar\/wp-content\/uploads\/2026\/01\/farinha-de-banana_1768966560175-300x169.jpg 300w, https:\/\/www.correiobraziliense.com.br\/cbradar\/wp-content\/uploads\/2026\/01\/farinha-de-banana_1768966560175-768x432.jpg 768w, https:\/\/www.correiobraziliense.com.br\/cbradar\/wp-content\/uploads\/2026\/01\/farinha-de-banana_1768966560175-750x422.jpg 750w, https:\/\/www.correiobraziliense.com.br\/cbradar\/wp-content\/uploads\/2026\/01\/farinha-de-banana_1768966560175-1140x641.jpg 1140w, https:\/\/www.correiobraziliense.com.br\/cbradar\/wp-content\/uploads\/2026\/01\/farinha-de-banana_1768966560175.jpg 1280w\" sizes=\"(max-width: 1024px) 100vw, 1024px\" \/><figcaption class=\"wp-element-caption\">A farinha de banana verde \u00e9 feita a partir de bananas ainda n\u00e3o maduras, que passam por higieniza\u00e7\u00e3o, corte, desidrata\u00e7\u00e3o e moagem &#8211; Cr\u00e9ditos: depositphotos.com \/ AtlasStudio<\/figcaption><\/figure><\/div>\n\n\n<p>Leia tamb\u00e9m:&nbsp;<a href=\"https:\/\/www.correiobraziliense.com.br\/cbradar\/a-fruta-tropical-com-efeitos-calmantes-que-fortalece-o-sistema-imunologico-e-rica-em-magnesio-e-facil-de-plantar\/\" target=\"_blank\" rel=\"noopener\">A fruta tropical com efeitos calmantes que fortalece o sistema imunol\u00f3gico, \u00e9 rica em magn\u00e9sio e f\u00e1cil de plantar<\/a><\/p>\n\n\n\n<h2 class=\"wp-block-heading\">Como a farinha de banana verde se relaciona com a sa\u00fade intestinal e a saciedade<\/h2>\n\n\n\n<p>A principal associa\u00e7\u00e3o da farinha de <strong>banana verde<\/strong> \u00e9 com a chamada sa\u00fade intestinal. O amido resistente chega ao intestino grosso quase intacto e serve de \u201calimento\u201d para bact\u00e9rias ben\u00e9ficas da microbiota, favorecendo a produ\u00e7\u00e3o de \u00e1cidos graxos de cadeia curta que ajudam a manter a mucosa intestinal mais <b>protegida<\/b>.<\/p>\n\n\n\n<p>Essa farinha tamb\u00e9m pode colaborar para uma maior sensa\u00e7\u00e3o de <strong>saciedade<\/strong>. Por conter fibras e amido resistente, tende a retardar o esvaziamento g\u00e1strico e a digest\u00e3o dos carboidratos, aumentando o intervalo entre as refei\u00e7\u00f5es, especialmente quando combinada com boas fontes de <b>prote\u00ednas<\/b> e gorduras saud\u00e1veis em mingaus, panquecas e smoothies.<\/p>\n\n\n\n<h2 class=\"wp-block-heading\">Quais benef\u00edcios podem estar ligados ao consumo da farinha de banana verde<\/h2>\n\n\n\n<p>Quando usada com regularidade, dentro de uma alimenta\u00e7\u00e3o variada, a farinha de <strong>banana verde<\/strong> costuma ser associada a alguns poss\u00edveis benef\u00edcios. Eles n\u00e3o substituem tratamento m\u00e9dico, mas podem somar em estrat\u00e9gias de cuidado di\u00e1rio com o <b>organismo<\/b>, em especial para quem busca melhorar o intestino e o controle da fome.<\/p>\n\n\n\n<ul class=\"wp-block-list\">\n<li>Apoio ao equil\u00edbrio da microbiota intestinal;<\/li>\n\n\n\n<li>Melhora do volume e consist\u00eancia do bolo fecal;<\/li>\n\n\n\n<li>Aux\u00edlio no controle da saciedade ao longo do dia;<\/li>\n\n\n\n<li>Contribui\u00e7\u00e3o para respostas glic\u00eamicas mais graduais;<\/li>\n\n\n\n<li>Op\u00e7\u00e3o sem gl\u00faten para uso em diversas receitas.<\/li>\n<\/ul>\n\n\n\n<h2 class=\"wp-block-heading\">Como usar a farinha de banana verde no dia a dia com praticidade<\/h2>\n\n\n\n<p>Inserir a farinha de <strong>banana verde<\/strong> na rotina costuma ser simples, e o ideal \u00e9 come\u00e7ar com pequenas quantidades para o corpo se adaptar ao aumento de fibras. Beber \u00e1gua ao longo do dia \u00e9 essencial, pois fibras em excesso e pouca hidrata\u00e7\u00e3o podem causar desconforto <b>intestinal<\/b>. Se voc\u00ea gosta de ouvir opini\u00e3o de especialistas, separamos esse v\u00eddeo do <a href=\"https:\/\/www.youtube.com\/@nutricionistarodrigozanetti\" target=\"_blank\" rel=\"noreferrer noopener\">Nutricionista Rodrigo Zanetti<\/a> mostrando os benef\u00edcios da farinha de banana:<\/p>\n\n\n\n<figure class=\"wp-block-embed is-type-video is-provider-youtube wp-block-embed-youtube wp-embed-aspect-16-9 wp-has-aspect-ratio\"><div class=\"wp-block-embed__wrapper\">\n<div class=\"jeg_video_container jeg_video_content\"><iframe loading=\"lazy\" title=\"5 benef\u00edcios incr\u00edveis da farinha de banana verde\" width=\"500\" height=\"281\" src=\"https:\/\/www.youtube.com\/embed\/iu98PrM8w_E?feature=oembed\" frameborder=\"0\" allow=\"accelerometer; autoplay; clipboard-write; encrypted-media; gyroscope; picture-in-picture; web-share\" referrerpolicy=\"strict-origin-when-cross-origin\" allowfullscreen><\/iframe><\/div>\n<\/div><\/figure>\n\n\n\n<p>No cotidiano, ela pode ser misturada a vitaminas, iogurtes, frutas picadas ou saladas de frutas, al\u00e9m de substituir parte da farinha de trigo em bolos, p\u00e3es e panquecas. Tamb\u00e9m \u00e9 poss\u00edvel usar a farinha em mingaus, sopas e prepara\u00e7\u00f5es salgadas, como massas de tortas e empanados, sem mudar demais o <strong>sabor<\/strong> quando usada com modera\u00e7\u00e3o.<\/p>\n\n\n\n<h2 class=\"wp-block-heading\">Quais cuidados s\u00e3o importantes ao consumir a farinha de banana verde<\/h2>\n\n\n\n<p>Mesmo com seus potenciais benef\u00edcios, a farinha de <strong>banana verde<\/strong> pede alguns cuidados. Aumentar muito a quantidade de fibras de uma vez pode causar gases, distens\u00e3o abdominal e mudan\u00e7as no ritmo intestinal, por isso a introdu\u00e7\u00e3o deve ser <b>gradual<\/b>, respeitando a resposta do organismo.<\/p>\n\n\n\n<p>Tamb\u00e9m \u00e9 importante observar a qualidade do produto: conferir r\u00f3tulos, data de validade, proced\u00eancia e forma de armazenamento ajuda a garantir mais seguran\u00e7a. Pessoas com condi\u00e7\u00f5es como s\u00edndrome do intestino irrit\u00e1vel ou doen\u00e7as inflamat\u00f3rias intestinais devem buscar orienta\u00e7\u00e3o de um <strong>nutricionista<\/strong> ou m\u00e9dico para avaliar se o consumo \u00e9 adequado e em que <b>quantidade<\/b>.<\/p>\n\n\n\n<h2 class=\"wp-block-heading\">Qual \u00e9 a tabela nutricional m\u00e9dia da farinha de banana verde<\/h2>\n\n\n\n<p>A tabela abaixo traz valores m\u00e9dios aproximados da farinha de <strong>banana verde<\/strong> por 100 g de produto, que podem variar conforme a marca, o grau de matura\u00e7\u00e3o das bananas e o processo de fabrica\u00e7\u00e3o. Esses n\u00fameros ajudam a entender como esse ingrediente se encaixa no seu plano <b>alimentar<\/b>.<\/p>\n\n\n\n<div style=\"font-family: 'Segoe UI', Tahoma, Geneva, Verdana, sans-serif; max-width: 1000px; margin: 20px auto; border: 2px solid #722f37; border-radius: 30px; overflow: hidden; background-color: #ffffff; box-shadow: 0 4px 15px rgba(114, 47, 55, 0.1);\">\n    <table style=\"width: 100%; border-collapse: collapse; text-align: left; font-size: 14px;\">\n        <thead>\n            <tr style=\"background-color: #722f37;\">\n                <th style=\"padding: 15px; color: #ffffff; border-bottom: 2px solid #f9d8e6; width: 50%;\">Componente<\/th>\n                <th style=\"padding: 15px; color: #ffffff; border-bottom: 2px solid #f9d8e6; width: 50%;\">Quantidade aproximada por 100 g<\/th>\n            <\/tr>\n        <\/thead>\n        <tbody>\n            <tr>\n                <td style=\"padding: 12px 15px; border-bottom: 1px solid #ffe3ee; color: #4a4a4a; font-weight: bold;\">Valor energ\u00e9tico<\/td>\n                <td style=\"padding: 12px 15px; border-bottom: 1px solid #ffe3ee; color: #4a4a4a;\">250\u2013280 kcal<\/td>\n            <\/tr>\n            <tr style=\"background-color: #fffafa;\">\n                <td style=\"padding: 12px 15px; border-bottom: 1px solid #ffe3ee; color: #4a4a4a; font-weight: bold;\">Carboidratos totais<\/td>\n                <td style=\"padding: 12px 15px; border-bottom: 1px solid #ffe3ee; color: #4a4a4a;\">55\u201365 g<\/td>\n            <\/tr>\n            <tr>\n                <td style=\"padding: 12px 15px; border-bottom: 1px solid #ffe3ee; color: #4a4a4a; font-weight: bold;\">Amido resistente (inclu\u00eddo nos carboidratos)<\/td>\n                <td style=\"padding: 12px 15px; border-bottom: 1px solid #ffe3ee; color: #4a4a4a;\">15\u201330 g<\/td>\n            <\/tr>\n            <tr style=\"background-color: #fffafa;\">\n                <td style=\"padding: 12px 15px; border-bottom: 1px solid #ffe3ee; color: #4a4a4a; font-weight: bold;\">Prote\u00ednas<\/td>\n                <td style=\"padding: 12px 15px; border-bottom: 1px solid #ffe3ee; color: #4a4a4a;\">2\u20134 g<\/td>\n            <\/tr>\n            <tr>\n                <td style=\"padding: 12px 15px; border-bottom: 1px solid #ffe3ee; color: #4a4a4a; font-weight: bold;\">Gorduras totais<\/td>\n                <td style=\"padding: 12px 15px; border-bottom: 1px solid #ffe3ee; color: #4a4a4a;\">0,5\u20131,5 g<\/td>\n            <\/tr>\n            <tr style=\"background-color: #fffafa;\">\n                <td style=\"padding: 12px 15px; border-bottom: 1px solid #ffe3ee; color: #4a4a4a; font-weight: bold;\">Fibras alimentares<\/td>\n                <td style=\"padding: 12px 15px; border-bottom: 1px solid #ffe3ee; color: #4a4a4a;\">6\u201315 g<\/td>\n            <\/tr>\n            <tr>\n                <td style=\"padding: 12px 15px; border-bottom: 1px solid #ffe3ee; color: #4a4a4a; font-weight: bold;\">S\u00f3dio<\/td>\n                <td style=\"padding: 12px 15px; border-bottom: 1px solid #ffe3ee; color: #4a4a4a;\">0\u20135 mg<\/td>\n            <\/tr>\n            <tr style=\"background-color: #fffafa;\">\n                <td style=\"padding: 12px 15px; color: #4a4a4a; font-weight: bold;\">Pot\u00e1ssio<\/td>\n                <td style=\"padding: 12px 15px; color: #4a4a4a;\">300\u2013500 mg<\/td>\n            <\/tr>\n        <\/tbody>\n    <\/table>\n<\/div>\n\n\n\n<p>De modo geral, a farinha de <strong>banana verde<\/strong> \u00e9 um ingrediente vers\u00e1til, que pode ajudar na sa\u00fade intestinal e na sensa\u00e7\u00e3o de saciedade quando combinada com outros alimentos in natura ou minimamente processados. Aliada \u00e0 pr\u00e1tica de atividade f\u00edsica e ao acompanhamento com <b>profissionais<\/b> de sa\u00fade, tende a contribuir para resultados mais consistentes ao longo do tempo.<\/p>\n\n\n\n<h2 class=\"wp-block-heading\">Pr\u00f3ximos passos para usar a farinha de banana verde com consci\u00eancia<\/h2>\n\n\n\n<p>Se voc\u00ea busca uma forma simples de cuidar melhor do seu <strong>intestino<\/strong> e da sua saciedade, a farinha de banana verde pode ser uma boa aliada no dia a dia. Comece com pequenas quantidades, observe como seu corpo reage e ajuste conforme a sua rotina, sem a press\u00e3o de fazer mudan\u00e7as <b>radicais<\/b> de uma vez.<\/p>\n\n\n\n<p>Para um uso ainda mais seguro e personalizado, vale conversar com um <strong>nutricionista<\/strong> ou m\u00e9dico, levando em conta seu hist\u00f3rico de sa\u00fade e seus objetivos. Se fizer sentido para voc\u00ea, escolha uma marca confi\u00e1vel, experimente em receitas simples e d\u00ea o primeiro passo hoje mesmo para tornar sua alimenta\u00e7\u00e3o mais <b>equilibrada<\/b> e consciente.<\/p>\n","protected":false},"excerpt":{"rendered":"<p>Imagine come\u00e7ar o dia com um caf\u00e9 da manh\u00e3 simples e, sem grandes mudan\u00e7as, cuidar melhor do seu intestino e da sua saciedade. \u00c9 isso que muita gente tem buscado ao incluir a farinha de banana verde na rotina: uma alternativa pr\u00e1tica, rica em fibras e amido resistente, que pode ser misturada a receitas do [&hellip;]<\/p>\n","protected":false},"author":9,"featured_media":179156,"comment_status":"open","ping_status":"open","sticky":false,"template":"","format":"standard","meta":{"_yoast_wpseo_focuskw":"farinha de banana verde","_yoast_wpseo_title":"","_yoast_wpseo_metadesc":"Farinha rica em fibras e amido resistente que apoia o intestino, melhora a saciedade e pode ser usada facilmente no dia a dia.","jnews-multi-image_gallery":[],"jnews_single_post":{"format":"standard"},"jnews_primary_category":[],"jnews_social_meta":[],"jnews_override_counter":[],"footnotes":""},"categories":[119,4404],"tags":[14270,565,14271],"class_list":["post-178793","post","type-post","status-publish","format-standard","has-post-thumbnail","hentry","category-bem-estar","category-saude","tag-farinha-de-banana-verde","tag-saude","tag-supercarboidrato"],"yoast_head":"<!-- This site is optimized with the Yoast SEO plugin v24.6 - https:\/\/yoast.com\/wordpress\/plugins\/seo\/ -->\n<title>A farinha funcional que melhora o intestino e mant\u00e9m a saciedade por mais tempo - Correio Braziliense - Radar<\/title>\n<meta name=\"description\" content=\"Farinha rica em fibras e amido resistente que apoia o intestino, melhora a saciedade e pode ser usada facilmente no dia a dia.\" \/>\n<meta name=\"robots\" content=\"index, follow, max-snippet:-1, max-image-preview:large, max-video-preview:-1\" \/>\n<link rel=\"canonical\" href=\"https:\/\/www.correiobraziliense.com.br\/cbradar\/a-farinha-funcional-que-melhora-o-intestino-e-mantem-a-saciedade-por-mais-tempo\/\" \/>\n<meta property=\"og:locale\" content=\"pt_BR\" \/>\n<meta property=\"og:type\" content=\"article\" \/>\n<meta property=\"og:title\" content=\"A farinha funcional que melhora o intestino e mant\u00e9m a saciedade por mais tempo - Correio Braziliense - Radar\" \/>\n<meta property=\"og:description\" content=\"Farinha rica em fibras e amido resistente que apoia o intestino, melhora a saciedade e pode ser usada facilmente no dia a dia.\" \/>\n<meta property=\"og:url\" content=\"https:\/\/www.correiobraziliense.com.br\/cbradar\/a-farinha-funcional-que-melhora-o-intestino-e-mantem-a-saciedade-por-mais-tempo\/\" \/>\n<meta property=\"og:site_name\" content=\"Correio Braziliense - Radar\" \/>\n<meta property=\"article:published_time\" content=\"2026-01-22T19:35:02+00:00\" \/>\n<meta property=\"og:image\" content=\"https:\/\/www.correiobraziliense.com.br\/cbradar\/wp-content\/uploads\/2026\/01\/freepik__imagem-realista-da-farinha-de-banana-verde__24390.jpeg\" \/>\n\t<meta property=\"og:image:width\" content=\"1280\" \/>\n\t<meta property=\"og:image:height\" content=\"720\" \/>\n\t<meta property=\"og:image:type\" content=\"image\/jpeg\" \/>\n<meta name=\"author\" content=\"Daniely Cardoso\" \/>\n<meta name=\"twitter:card\" content=\"summary_large_image\" \/>\n<meta name=\"twitter:label1\" content=\"Escrito por\" \/>\n\t<meta name=\"twitter:data1\" content=\"Daniely Cardoso\" \/>\n\t<meta name=\"twitter:label2\" content=\"Est. tempo de leitura\" \/>\n\t<meta name=\"twitter:data2\" content=\"6 minutos\" \/>\n<!-- \/ Yoast SEO plugin. -->","yoast_head_json":{"title":"A farinha funcional que melhora o intestino e mant\u00e9m a saciedade por mais tempo - Correio Braziliense - Radar","description":"Farinha rica em fibras e amido resistente que apoia o intestino, melhora a saciedade e pode ser usada facilmente no dia a dia.","robots":{"index":"index","follow":"follow","max-snippet":"max-snippet:-1","max-image-preview":"max-image-preview:large","max-video-preview":"max-video-preview:-1"},"canonical":"https:\/\/www.correiobraziliense.com.br\/cbradar\/a-farinha-funcional-que-melhora-o-intestino-e-mantem-a-saciedade-por-mais-tempo\/","og_locale":"pt_BR","og_type":"article","og_title":"A farinha funcional que melhora o intestino e mant\u00e9m a saciedade por mais tempo - Correio Braziliense - Radar","og_description":"Farinha rica em fibras e amido resistente que apoia o intestino, melhora a saciedade e pode ser usada facilmente no dia a dia.","og_url":"https:\/\/www.correiobraziliense.com.br\/cbradar\/a-farinha-funcional-que-melhora-o-intestino-e-mantem-a-saciedade-por-mais-tempo\/","og_site_name":"Correio Braziliense - Radar","article_published_time":"2026-01-22T19:35:02+00:00","og_image":[{"width":1280,"height":720,"url":"https:\/\/www.correiobraziliense.com.br\/cbradar\/wp-content\/uploads\/2026\/01\/freepik__imagem-realista-da-farinha-de-banana-verde__24390.jpeg","type":"image\/jpeg"}],"author":"Daniely Cardoso","twitter_card":"summary_large_image","twitter_misc":{"Escrito por":"Daniely Cardoso","Est. tempo de leitura":"6 minutos"},"schema":{"@context":"https:\/\/schema.org","@graph":[{"@type":"WebPage","@id":"https:\/\/www.correiobraziliense.com.br\/cbradar\/a-farinha-funcional-que-melhora-o-intestino-e-mantem-a-saciedade-por-mais-tempo\/","url":"https:\/\/www.correiobraziliense.com.br\/cbradar\/a-farinha-funcional-que-melhora-o-intestino-e-mantem-a-saciedade-por-mais-tempo\/","name":"A farinha funcional que melhora o intestino e mant\u00e9m a saciedade por mais tempo - Correio Braziliense - Radar","isPartOf":{"@id":"https:\/\/www.correiobraziliense.com.br\/cbradar\/#website"},"primaryImageOfPage":{"@id":"https:\/\/www.correiobraziliense.com.br\/cbradar\/a-farinha-funcional-que-melhora-o-intestino-e-mantem-a-saciedade-por-mais-tempo\/#primaryimage"},"image":{"@id":"https:\/\/www.correiobraziliense.com.br\/cbradar\/a-farinha-funcional-que-melhora-o-intestino-e-mantem-a-saciedade-por-mais-tempo\/#primaryimage"},"thumbnailUrl":"https:\/\/www.correiobraziliense.com.br\/cbradar\/wp-content\/uploads\/2026\/01\/freepik__imagem-realista-da-farinha-de-banana-verde__24390.jpeg","datePublished":"2026-01-22T19:35:02+00:00","author":{"@id":"https:\/\/www.correiobraziliense.com.br\/cbradar\/#\/schema\/person\/7356666e12ec0ee53f348ee5db227032"},"description":"Farinha rica em fibras e amido resistente que apoia o intestino, melhora a saciedade e pode ser usada facilmente no dia a dia.","breadcrumb":{"@id":"https:\/\/www.correiobraziliense.com.br\/cbradar\/a-farinha-funcional-que-melhora-o-intestino-e-mantem-a-saciedade-por-mais-tempo\/#breadcrumb"},"inLanguage":"pt-BR","potentialAction":[{"@type":"ReadAction","target":["https:\/\/www.correiobraziliense.com.br\/cbradar\/a-farinha-funcional-que-melhora-o-intestino-e-mantem-a-saciedade-por-mais-tempo\/"]}]},{"@type":"ImageObject","inLanguage":"pt-BR","@id":"https:\/\/www.correiobraziliense.com.br\/cbradar\/a-farinha-funcional-que-melhora-o-intestino-e-mantem-a-saciedade-por-mais-tempo\/#primaryimage","url":"https:\/\/www.correiobraziliense.com.br\/cbradar\/wp-content\/uploads\/2026\/01\/freepik__imagem-realista-da-farinha-de-banana-verde__24390.jpeg","contentUrl":"https:\/\/www.correiobraziliense.com.br\/cbradar\/wp-content\/uploads\/2026\/01\/freepik__imagem-realista-da-farinha-de-banana-verde__24390.jpeg","width":1280,"height":720,"caption":"Aux\u00edlio na regula\u00e7\u00e3o do tr\u00e2nsito intestinal devido ao alto teor de fibras"},{"@type":"BreadcrumbList","@id":"https:\/\/www.correiobraziliense.com.br\/cbradar\/a-farinha-funcional-que-melhora-o-intestino-e-mantem-a-saciedade-por-mais-tempo\/#breadcrumb","itemListElement":[{"@type":"ListItem","position":1,"name":"In\u00edcio","item":"https:\/\/www.correiobraziliense.com.br\/cbradar\/"},{"@type":"ListItem","position":2,"name":"A farinha funcional que melhora o intestino e mant\u00e9m a saciedade por mais tempo"}]},{"@type":"WebSite","@id":"https:\/\/www.correiobraziliense.com.br\/cbradar\/#website","url":"https:\/\/www.correiobraziliense.com.br\/cbradar\/","name":"Correio Braziliense - Radar","description":"Acompanhe as \u00faltimas not\u00edcias e fique bem informado sobre tudo o que acontece no Brasil e no mundo.","potentialAction":[{"@type":"SearchAction","target":{"@type":"EntryPoint","urlTemplate":"https:\/\/www.correiobraziliense.com.br\/cbradar\/?s={search_term_string}"},"query-input":{"@type":"PropertyValueSpecification","valueRequired":true,"valueName":"search_term_string"}}],"inLanguage":"pt-BR"},{"@type":"Person","@id":"https:\/\/www.correiobraziliense.com.br\/cbradar\/#\/schema\/person\/7356666e12ec0ee53f348ee5db227032","name":"Daniely Cardoso","image":{"@type":"ImageObject","inLanguage":"pt-BR","@id":"https:\/\/www.correiobraziliense.com.br\/cbradar\/#\/schema\/person\/image\/","url":"https:\/\/secure.gravatar.com\/avatar\/4b80ddbd124d1f071b626d52d62e5dff?s=96&d=mm&r=g","contentUrl":"https:\/\/secure.gravatar.com\/avatar\/4b80ddbd124d1f071b626d52d62e5dff?s=96&d=mm&r=g","caption":"Daniely Cardoso"},"description":"Redatora nos portais CB Radar e EM Foco, formada pela Universidade Federal de Goi\u00e1s, em Goi\u00e2nia. Apaixonada por comunica\u00e7\u00e3o, arte, decora\u00e7\u00e3o e tend\u00eancias, atuo na produ\u00e7\u00e3o de conte\u00fados envolventes sobre curiosidades, moda, beleza e paisagismo, sempre com um olhar atento \u00e0s novidades do momento.","sameAs":["https:\/\/www.correiobraziliense.com.br\/cbradar"],"url":"https:\/\/www.correiobraziliense.com.br\/cbradar\/author\/danielymyth\/"}]}},"_links":{"self":[{"href":"https:\/\/www.correiobraziliense.com.br\/cbradar\/wp-json\/wp\/v2\/posts\/178793","targetHints":{"allow":["GET"]}}],"collection":[{"href":"https:\/\/www.correiobraziliense.com.br\/cbradar\/wp-json\/wp\/v2\/posts"}],"about":[{"href":"https:\/\/www.correiobraziliense.com.br\/cbradar\/wp-json\/wp\/v2\/types\/post"}],"author":[{"embeddable":true,"href":"https:\/\/www.correiobraziliense.com.br\/cbradar\/wp-json\/wp\/v2\/users\/9"}],"replies":[{"embeddable":true,"href":"https:\/\/www.correiobraziliense.com.br\/cbradar\/wp-json\/wp\/v2\/comments?post=178793"}],"version-history":[{"count":2,"href":"https:\/\/www.correiobraziliense.com.br\/cbradar\/wp-json\/wp\/v2\/posts\/178793\/revisions"}],"predecessor-version":[{"id":178922,"href":"https:\/\/www.correiobraziliense.com.br\/cbradar\/wp-json\/wp\/v2\/posts\/178793\/revisions\/178922"}],"wp:featuredmedia":[{"embeddable":true,"href":"https:\/\/www.correiobraziliense.com.br\/cbradar\/wp-json\/wp\/v2\/media\/179156"}],"wp:attachment":[{"href":"https:\/\/www.correiobraziliense.com.br\/cbradar\/wp-json\/wp\/v2\/media?parent=178793"}],"wp:term":[{"taxonomy":"category","embeddable":true,"href":"https:\/\/www.correiobraziliense.com.br\/cbradar\/wp-json\/wp\/v2\/categories?post=178793"},{"taxonomy":"post_tag","embeddable":true,"href":"https:\/\/www.correiobraziliense.com.br\/cbradar\/wp-json\/wp\/v2\/tags?post=178793"}],"curies":[{"name":"wp","href":"https:\/\/api.w.org\/{rel}","templated":true}]}}