{"id":178794,"date":"2026-01-22T17:45:09","date_gmt":"2026-01-22T20:45:09","guid":{"rendered":"https:\/\/www.correiobraziliense.com.br\/cbradar\/?p=178794"},"modified":"2026-01-21T11:43:44","modified_gmt":"2026-01-21T14:43:44","slug":"a-hortalica-leve-que-reduz-o-incomodo-da-garganta-seca-e-ainda-favorece-a-circulacao","status":"publish","type":"post","link":"https:\/\/www.correiobraziliense.com.br\/cbradar\/a-hortalica-leve-que-reduz-o-incomodo-da-garganta-seca-e-ainda-favorece-a-circulacao\/","title":{"rendered":"A hortali\u00e7a leve que reduz o inc\u00f4modo da garganta seca e ainda favorece a circula\u00e7\u00e3o"},"content":{"rendered":"\n<p>Em um dia de clima seco, muita gente sente a garganta arranhar, o peito pesar e logo pensa em algum recurso natural para aliviar o inc\u00f4modo \u2014 \u00e9 a\u00ed que o <strong>agri\u00e3o<\/strong> costuma entrar em cena, seja em um suco, em uma sopa leve ou naquela salada r\u00e1pida do almo\u00e7o. Al\u00e9m de combinar com prepara\u00e7\u00f5es simples do dia a dia, essa hortali\u00e7a vem chamando aten\u00e7\u00e3o de quem busca cuidar melhor da <strong>sa\u00fade<\/strong> dos pulm\u00f5es e da circula\u00e7\u00e3o sangu\u00ednea, especialmente em 2026, quando a preven\u00e7\u00e3o de doen\u00e7as cr\u00f4nicas passou a ser ainda mais comentada entre profissionais de sa\u00fade e nas pesquisas sobre alimenta\u00e7\u00e3o.<\/p>\n\n\n\n<h2 class=\"wp-block-heading\">Como o agri\u00e3o pode ajudar a cuidar do corpo no dia a dia<\/h2>\n\n\n\n<p>Ao falar em <strong>agri\u00e3o<\/strong>, muita gente logo lembra do sistema respirat\u00f3rio, principalmente em \u00e9pocas de clima seco e frio, quando tosse e irrita\u00e7\u00f5es na garganta ficam mais comuns. Por\u00e9m, estudos e relatos de profissionais tamb\u00e9m apontam que essa hortali\u00e7a pode colaborar com a <strong>sa\u00fade<\/strong> cardiovascular, auxiliando no controle de alguns fatores de risco.<\/p>\n\n\n\n<p>Dessa forma, o agri\u00e3o aparece como um alimento que pode ser integrado \u00e0 rotina alimentar de maneira simples, somando-se a outros h\u00e1bitos j\u00e1 adotados para cuidar do corpo. Em vez de ser visto como solu\u00e7\u00e3o milagrosa, ele funciona como um aliado acess\u00edvel para quem quer aproximar a cozinha do cuidado di\u00e1rio com o organismo.<\/p>\n\n\n<div class=\"wp-block-image\">\n<figure class=\"aligncenter size-large\"><img decoding=\"async\" width=\"1024\" height=\"576\" src=\"https:\/\/www.correiobraziliense.com.br\/cbradar\/wp-content\/uploads\/2025\/12\/Gemini_Generated_Image_2n6vx52n6vx52n6v-1-1024x576.png\" alt=\"\" class=\"wp-image-151251\" srcset=\"https:\/\/www.correiobraziliense.com.br\/cbradar\/wp-content\/uploads\/2025\/12\/Gemini_Generated_Image_2n6vx52n6vx52n6v-1-1024x576.png 1024w, https:\/\/www.correiobraziliense.com.br\/cbradar\/wp-content\/uploads\/2025\/12\/Gemini_Generated_Image_2n6vx52n6vx52n6v-1-300x169.png 300w, https:\/\/www.correiobraziliense.com.br\/cbradar\/wp-content\/uploads\/2025\/12\/Gemini_Generated_Image_2n6vx52n6vx52n6v-1-768x432.png 768w, https:\/\/www.correiobraziliense.com.br\/cbradar\/wp-content\/uploads\/2025\/12\/Gemini_Generated_Image_2n6vx52n6vx52n6v-1-750x422.png 750w, https:\/\/www.correiobraziliense.com.br\/cbradar\/wp-content\/uploads\/2025\/12\/Gemini_Generated_Image_2n6vx52n6vx52n6v-1-1140x641.png 1140w, https:\/\/www.correiobraziliense.com.br\/cbradar\/wp-content\/uploads\/2025\/12\/Gemini_Generated_Image_2n6vx52n6vx52n6v-1.png 1280w\" sizes=\"(max-width: 1024px) 100vw, 1024px\" \/><figcaption class=\"wp-element-caption\">Embora possa ser plantado em canteiros comuns, o melhor rendimento do agri\u00e3o \u00e9 obtido em sistemas hidrop\u00f4nicos<\/figcaption><\/figure><\/div>\n\n\n<p>Leia tamb\u00e9m:&nbsp;<a href=\"https:\/\/www.correiobraziliense.com.br\/cbradar\/a-fruta-tropical-com-efeitos-calmantes-que-fortalece-o-sistema-imunologico-e-rica-em-magnesio-e-facil-de-plantar\/\" target=\"_blank\" rel=\"noopener\">A fruta tropical com efeitos calmantes que fortalece o sistema imunol\u00f3gico, \u00e9 rica em magn\u00e9sio e f\u00e1cil de plantar<\/a><\/p>\n\n\n\n<h2 class=\"wp-block-heading\">Quais s\u00e3o os benef\u00edcios do agri\u00e3o para os pulm\u00f5es<\/h2>\n\n\n\n<p>Os benef\u00edcios do <strong>agri\u00e3o<\/strong> para os pulm\u00f5es est\u00e3o ligados \u00e0 presen\u00e7a de antioxidantes, vitaminas e compostos sulfurados que ajudam a proteger as c\u00e9lulas respirat\u00f3rias. Entre os nutrientes mais citados est\u00e3o a vitamina C, a vitamina A (na forma de carotenoides), a vitamina K e minerais como c\u00e1lcio e pot\u00e1ssio, que atuam contra os danos causados por radicais livres e poluentes do ar.<\/p>\n\n\n\n<p>Al\u00e9m disso, o agri\u00e3o cont\u00e9m subst\u00e2ncias que podem favorecer a fluidifica\u00e7\u00e3o das secre\u00e7\u00f5es respirat\u00f3rias, facilitando a elimina\u00e7\u00e3o de muco em quadros de <strong>tosse<\/strong> e irrita\u00e7\u00e3o na garganta. Ele n\u00e3o substitui tratamentos m\u00e9dicos, mas pode ser um complemento alimentar interessante em uma rotina que valoriza hidrata\u00e7\u00e3o, ambientes arejados e descanso adequado.<\/p>\n\n\n\n<h2 class=\"wp-block-heading\">Como o agri\u00e3o contribui para a circula\u00e7\u00e3o sangu\u00ednea<\/h2>\n\n\n\n<p>Quando o assunto \u00e9 <strong>circula\u00e7\u00e3o<\/strong> sangu\u00ednea, o agri\u00e3o se destaca pelo teor de nitratos naturais, antioxidantes e pelo perfil de vitaminas que atuam no sangue e nos vasos. Os nitratos presentes em vegetais verdes escuros podem ser convertidos em \u00f3xido n\u00edtrico, mol\u00e9cula conhecida por auxiliar na dilata\u00e7\u00e3o dos vasos, favorecendo o fluxo de sangue.<\/p>\n\n\n\n<p>A vitamina K, bastante presente no <strong>agri\u00e3o<\/strong>, est\u00e1 ligada \u00e0 coagula\u00e7\u00e3o adequada e \u00e0 sa\u00fade dos vasos, enquanto a vitamina C e outros antioxidantes ajudam a reduzir o estresse oxidativo que atinge o endot\u00e9lio (camada interna dos vasos). Assim, ele pode integrar uma alimenta\u00e7\u00e3o voltada \u00e0 prote\u00e7\u00e3o do sistema cardiovascular, junto a frutas, gr\u00e3os integrais e gorduras mais saud\u00e1veis.<\/p>\n\n\n\n<h2 class=\"wp-block-heading\">Quais nutrientes do agri\u00e3o se destacam para pulm\u00f5es e circula\u00e7\u00e3o<\/h2>\n\n\n\n<p>Os efeitos positivos do <strong>agri\u00e3o<\/strong> sobre pulm\u00f5es e circula\u00e7\u00e3o est\u00e3o diretamente relacionados ao seu perfil nutricional, mesmo em por\u00e7\u00f5es pequenas do dia a dia. A tabela abaixo mostra alguns nutrientes de destaque encontrados em uma por\u00e7\u00e3o m\u00e9dia de agri\u00e3o cru, o que ajuda a entender por que essa hortali\u00e7a \u00e9 t\u00e3o falada quando o assunto \u00e9 alimenta\u00e7\u00e3o equilibrada.<\/p>\n\n\n\n<div style=\"font-family: 'Segoe UI', Tahoma, Geneva, Verdana, sans-serif; max-width: 1000px; margin: 20px auto; border: 2px solid #722f37; border-radius: 30px; overflow: hidden; background-color: #ffffff; box-shadow: 0 4px 15px rgba(114, 47, 55, 0.1);\">\n    <table style=\"width: 100%; border-collapse: collapse; text-align: left; font-size: 14px;\">\n        <thead>\n            <tr style=\"background-color: #722f37;\">\n                <th style=\"padding: 15px; color: #ffffff; border-bottom: 2px solid #f9d8e6; width: 20%;\">Nutriente (por 100 g de agri\u00e3o cru)<\/th>\n                <th style=\"padding: 15px; color: #ffffff; border-bottom: 2px solid #f9d8e6; width: 25%;\">Quantidade aproximada<\/th>\n                <th style=\"padding: 15px; color: #ffffff; border-bottom: 2px solid #f9d8e6; width: 55%;\">Poss\u00edvel relev\u00e2ncia para pulm\u00f5es e circula\u00e7\u00e3o<\/th>\n            <\/tr>\n        <\/thead>\n        <tbody>\n            <tr>\n                <td style=\"padding: 12px 15px; border-bottom: 1px solid #ffe3ee; color: #4a4a4a; font-weight: bold;\">Vitamina C<\/td>\n                <td style=\"padding: 12px 15px; border-bottom: 1px solid #ffe3ee; color: #4a4a4a;\">40\u201350 mg<\/td>\n                <td style=\"padding: 12px 15px; border-bottom: 1px solid #ffe3ee; color: #4a4a4a;\">Atua como antioxidante, auxiliando na prote\u00e7\u00e3o das c\u00e9lulas pulmonares e do endot\u00e9lio vascular<\/td>\n            <\/tr>\n            <tr style=\"background-color: #fffafa;\">\n                <td style=\"padding: 12px 15px; border-bottom: 1px solid #ffe3ee; color: #4a4a4a; font-weight: bold;\">Vitamina A (carotenoides)<\/td>\n                <td style=\"padding: 12px 15px; border-bottom: 1px solid #ffe3ee; color: #4a4a4a;\">1.500\u20132.000 UI<\/td>\n                <td style=\"padding: 12px 15px; border-bottom: 1px solid #ffe3ee; color: #4a4a4a;\">Importante para a integridade das mucosas respirat\u00f3rias e resposta imunol\u00f3gica<\/td>\n            <\/tr>\n            <tr>\n                <td style=\"padding: 12px 15px; border-bottom: 1px solid #ffe3ee; color: #4a4a4a; font-weight: bold;\">Vitamina K<\/td>\n                <td style=\"padding: 12px 15px; border-bottom: 1px solid #ffe3ee; color: #4a4a4a;\">200\u2013250 \u00b5g<\/td>\n                <td style=\"padding: 12px 15px; border-bottom: 1px solid #ffe3ee; color: #4a4a4a;\">Participa da coagula\u00e7\u00e3o sangu\u00ednea e est\u00e1 ligada \u00e0 sa\u00fade dos vasos<\/td>\n            <\/tr>\n            <tr style=\"background-color: #fffafa;\">\n                <td style=\"padding: 12px 15px; border-bottom: 1px solid #ffe3ee; color: #4a4a4a; font-weight: bold;\">Folatos (vitamina B9)<\/td>\n                <td style=\"padding: 12px 15px; border-bottom: 1px solid #ffe3ee; color: #4a4a4a;\">80\u2013100 \u00b5g<\/td>\n                <td style=\"padding: 12px 15px; border-bottom: 1px solid #ffe3ee; color: #4a4a4a;\">Envolvidos na forma\u00e7\u00e3o das c\u00e9lulas sangu\u00edneas e no metabolismo da homociste\u00edna<\/td>\n            <\/tr>\n            <tr>\n                <td style=\"padding: 12px 15px; border-bottom: 1px solid #ffe3ee; color: #4a4a4a; font-weight: bold;\">C\u00e1lcio<\/td>\n                <td style=\"padding: 12px 15px; border-bottom: 1px solid #ffe3ee; color: #4a4a4a;\">100\u2013150 mg<\/td>\n                <td style=\"padding: 12px 15px; border-bottom: 1px solid #ffe3ee; color: #4a4a4a;\">Importante para contra\u00e7\u00e3o muscular, incluindo a musculatura dos vasos sangu\u00edneos<\/td>\n            <\/tr>\n            <tr style=\"background-color: #fffafa;\">\n                <td style=\"padding: 12px 15px; border-bottom: 1px solid #ffe3ee; color: #4a4a4a; font-weight: bold;\">Pot\u00e1ssio<\/td>\n                <td style=\"padding: 12px 15px; border-bottom: 1px solid #ffe3ee; color: #4a4a4a;\">300\u2013350 mg<\/td>\n                <td style=\"padding: 12px 15px; border-bottom: 1px solid #ffe3ee; color: #4a4a4a;\">Auxilia no equil\u00edbrio da press\u00e3o arterial e na fun\u00e7\u00e3o muscular<\/td>\n            <\/tr>\n            <tr>\n                <td style=\"padding: 12px 15px; color: #4a4a4a; font-weight: bold;\">Nitratos naturais<\/td>\n                <td style=\"padding: 12px 15px; color: #4a4a4a;\">Valores vari\u00e1veis<\/td>\n                <td style=\"padding: 12px 15px; color: #4a4a4a;\">Podem ser convertidos em \u00f3xido n\u00edtrico, favorecendo a vasodilata\u00e7\u00e3o<\/td>\n            <\/tr>\n        <\/tbody>\n    <\/table>\n<\/div>\n\n\n\n<p>Esses n\u00fameros s\u00e3o estimativas baseadas em tabelas de composi\u00e7\u00e3o de alimentos atualizadas at\u00e9 <b>2026 <\/b>e podem variar conforme o solo, o manejo agr\u00edcola e o frescor da hortali\u00e7a. Mesmo assim, d\u00e3o uma ideia clara de por que o agri\u00e3o \u00e9 frequentemente classificado como um vegetal denso em nutrientes, com potencial para colaborar com a sa\u00fade de todo o organismo.<\/p>\n\n\n\n<h2 class=\"wp-block-heading\">Como consumir o agri\u00e3o na rotina de forma simples e segura<\/h2>\n\n\n\n<p>Para aproveitar melhor os benef\u00edcios do <strong>agri\u00e3o<\/strong> para pulm\u00f5es e circula\u00e7\u00e3o, vale adotar alguns cuidados e formas pr\u00e1ticas de preparo no dia a dia. Essas atitudes ajudam a manter o sabor, preservar nutrientes e reduzir riscos de contamina\u00e7\u00e3o, tornando o consumo mais seguro e prazeroso. Se voc\u00ea gosta de ouvir opini\u00e3o de profissionais, separamos esse v\u00eddeo da <a href=\"https:\/\/www.youtube.com\/@NutricionistaPatriciaLeite\" target=\"_blank\" rel=\"noreferrer noopener\">Nutricionista Patricia Leite<\/a> mostrando os benef\u00edcios do agri\u00e3o:<\/p>\n\n\n\n<figure class=\"wp-block-embed is-type-video is-provider-youtube wp-block-embed-youtube wp-embed-aspect-16-9 wp-has-aspect-ratio\"><div class=\"wp-block-embed__wrapper\">\n<div class=\"jeg_video_container jeg_video_content\"><iframe loading=\"lazy\" title=\"Os Impressionantes Benefi\u0301cios do Agria\u0303o para Sa\u00fade e Boa Forma - Como Usar e Receitas\" width=\"500\" height=\"281\" src=\"https:\/\/www.youtube.com\/embed\/GSXZ9b4z9Mg?start=1&#038;feature=oembed\" frameborder=\"0\" allow=\"accelerometer; autoplay; clipboard-write; encrypted-media; gyroscope; picture-in-picture; web-share\" referrerpolicy=\"strict-origin-when-cross-origin\" allowfullscreen><\/iframe><\/div>\n<\/div><\/figure>\n\n\n\n<ul class=\"wp-block-list\">\n<li>Lavar bem as folhas em \u00e1gua corrente e higienizar com solu\u00e7\u00e3o apropriada antes do consumo.<\/li>\n\n\n\n<li>Priorizar o consumo cru para preservar parte das vitaminas termossens\u00edveis, como a vitamina C.<\/li>\n\n\n\n<li>Variar as combina\u00e7\u00f5es, misturando o agri\u00e3o com outras folhas verdes, legumes e gr\u00e3os.<\/li>\n\n\n\n<li>Utilizar o agri\u00e3o em sucos com frutas c\u00edtricas, que tamb\u00e9m fornecem antioxidantes.<\/li>\n\n\n\n<li>Evitar cozimentos prolongados, que podem reduzir o teor de alguns nutrientes.<\/li>\n<\/ul>\n\n\n\n<h2 class=\"wp-block-heading\">Pr\u00f3ximos passos para incluir o agri\u00e3o no seu dia a dia<\/h2>\n\n\n\n<p>De forma geral, o <strong>agri\u00e3o<\/strong> tende a ser bem aceito na alimenta\u00e7\u00e3o cotidiana, desde que respeitados os cuidados de higiene e as orienta\u00e7\u00f5es para quem j\u00e1 tem alguma condi\u00e7\u00e3o de sa\u00fade. Integrado a uma rotina que inclui atividade f\u00edsica regular, hidrata\u00e7\u00e3o adequada e acompanhamento com profissional de <strong>sa\u00fade<\/strong>, ele se torna um aliado acess\u00edvel para apoiar a fun\u00e7\u00e3o pulmonar e a circula\u00e7\u00e3o sangu\u00ednea.<\/p>\n\n\n\n<p>Se voc\u00ea quer dar um passo a mais no cuidado com o seu corpo, experimente incluir o <strong>agri\u00e3o<\/strong> em pelo menos uma refei\u00e7\u00e3o do dia e observe como ele se encaixa na sua rotina. E, caso tenha d\u00favidas espec\u00edficas ou use medicamentos como anticoagulantes, busque a orienta\u00e7\u00e3o de um nutricionista ou m\u00e9dico de confian\u00e7a para ajustar o consumo de forma ainda mais <strong>segura<\/strong> e personalizada.<\/p>\n","protected":false},"excerpt":{"rendered":"<p>Em um dia de clima seco, muita gente sente a garganta arranhar, o peito pesar e logo pensa em algum recurso natural para aliviar o inc\u00f4modo \u2014 \u00e9 a\u00ed que o agri\u00e3o costuma entrar em cena, seja em um suco, em uma sopa leve ou naquela salada r\u00e1pida do almo\u00e7o. Al\u00e9m de combinar com prepara\u00e7\u00f5es [&hellip;]<\/p>\n","protected":false},"author":9,"featured_media":179151,"comment_status":"open","ping_status":"open","sticky":false,"template":"","format":"standard","meta":{"_yoast_wpseo_focuskw":"nutrientes do agri\u00e3o","_yoast_wpseo_title":"","_yoast_wpseo_metadesc":"Vegetal rico em antioxidantes e nitratos que apoia a respira\u00e7\u00e3o, fortalece a circula\u00e7\u00e3o e complementa uma rotina equilibrada.","jnews-multi-image_gallery":[],"jnews_single_post":{"format":"standard"},"jnews_primary_category":[],"jnews_social_meta":[],"jnews_override_counter":[],"footnotes":""},"categories":[119,4404],"tags":[2883,14272,5500,565],"class_list":["post-178794","post","type-post","status-publish","format-standard","has-post-thumbnail","hentry","category-bem-estar","category-saude","tag-agriao","tag-beneficios-do-agriao","tag-circulacao","tag-saude"],"yoast_head":"<!-- This site is optimized with the Yoast SEO plugin v24.6 - https:\/\/yoast.com\/wordpress\/plugins\/seo\/ -->\n<title>A hortali\u00e7a leve que reduz o inc\u00f4modo da garganta seca e ainda favorece a circula\u00e7\u00e3o - Correio Braziliense - Radar<\/title>\n<meta name=\"description\" content=\"Vegetal rico em antioxidantes e nitratos que apoia a respira\u00e7\u00e3o, fortalece a circula\u00e7\u00e3o e complementa uma rotina equilibrada.\" \/>\n<meta name=\"robots\" content=\"index, follow, max-snippet:-1, max-image-preview:large, max-video-preview:-1\" \/>\n<link rel=\"canonical\" href=\"https:\/\/www.correiobraziliense.com.br\/cbradar\/a-hortalica-leve-que-reduz-o-incomodo-da-garganta-seca-e-ainda-favorece-a-circulacao\/\" \/>\n<meta property=\"og:locale\" content=\"pt_BR\" \/>\n<meta property=\"og:type\" content=\"article\" \/>\n<meta property=\"og:title\" content=\"A hortali\u00e7a leve que reduz o inc\u00f4modo da garganta seca e ainda favorece a circula\u00e7\u00e3o - Correio Braziliense - Radar\" \/>\n<meta property=\"og:description\" content=\"Vegetal rico em antioxidantes e nitratos que apoia a respira\u00e7\u00e3o, fortalece a circula\u00e7\u00e3o e complementa uma rotina equilibrada.\" \/>\n<meta property=\"og:url\" content=\"https:\/\/www.correiobraziliense.com.br\/cbradar\/a-hortalica-leve-que-reduz-o-incomodo-da-garganta-seca-e-ainda-favorece-a-circulacao\/\" \/>\n<meta property=\"og:site_name\" content=\"Correio Braziliense - Radar\" \/>\n<meta property=\"article:published_time\" content=\"2026-01-22T20:45:09+00:00\" \/>\n<meta property=\"og:image\" content=\"https:\/\/www.correiobraziliense.com.br\/cbradar\/wp-content\/uploads\/2026\/01\/freepik__imagem-realista-do-agrio__24389.jpeg\" \/>\n\t<meta property=\"og:image:width\" content=\"1280\" \/>\n\t<meta property=\"og:image:height\" content=\"720\" \/>\n\t<meta property=\"og:image:type\" content=\"image\/jpeg\" \/>\n<meta name=\"author\" content=\"Daniely Cardoso\" \/>\n<meta name=\"twitter:card\" content=\"summary_large_image\" \/>\n<meta name=\"twitter:label1\" content=\"Escrito por\" \/>\n\t<meta name=\"twitter:data1\" content=\"Daniely Cardoso\" \/>\n\t<meta name=\"twitter:label2\" content=\"Est. tempo de leitura\" \/>\n\t<meta name=\"twitter:data2\" content=\"6 minutos\" \/>\n<!-- \/ Yoast SEO plugin. -->","yoast_head_json":{"title":"A hortali\u00e7a leve que reduz o inc\u00f4modo da garganta seca e ainda favorece a circula\u00e7\u00e3o - Correio Braziliense - Radar","description":"Vegetal rico em antioxidantes e nitratos que apoia a respira\u00e7\u00e3o, fortalece a circula\u00e7\u00e3o e complementa uma rotina equilibrada.","robots":{"index":"index","follow":"follow","max-snippet":"max-snippet:-1","max-image-preview":"max-image-preview:large","max-video-preview":"max-video-preview:-1"},"canonical":"https:\/\/www.correiobraziliense.com.br\/cbradar\/a-hortalica-leve-que-reduz-o-incomodo-da-garganta-seca-e-ainda-favorece-a-circulacao\/","og_locale":"pt_BR","og_type":"article","og_title":"A hortali\u00e7a leve que reduz o inc\u00f4modo da garganta seca e ainda favorece a circula\u00e7\u00e3o - Correio Braziliense - Radar","og_description":"Vegetal rico em antioxidantes e nitratos que apoia a respira\u00e7\u00e3o, fortalece a circula\u00e7\u00e3o e complementa uma rotina equilibrada.","og_url":"https:\/\/www.correiobraziliense.com.br\/cbradar\/a-hortalica-leve-que-reduz-o-incomodo-da-garganta-seca-e-ainda-favorece-a-circulacao\/","og_site_name":"Correio Braziliense - Radar","article_published_time":"2026-01-22T20:45:09+00:00","og_image":[{"width":1280,"height":720,"url":"https:\/\/www.correiobraziliense.com.br\/cbradar\/wp-content\/uploads\/2026\/01\/freepik__imagem-realista-do-agrio__24389.jpeg","type":"image\/jpeg"}],"author":"Daniely Cardoso","twitter_card":"summary_large_image","twitter_misc":{"Escrito por":"Daniely Cardoso","Est. tempo de leitura":"6 minutos"},"schema":{"@context":"https:\/\/schema.org","@graph":[{"@type":"WebPage","@id":"https:\/\/www.correiobraziliense.com.br\/cbradar\/a-hortalica-leve-que-reduz-o-incomodo-da-garganta-seca-e-ainda-favorece-a-circulacao\/","url":"https:\/\/www.correiobraziliense.com.br\/cbradar\/a-hortalica-leve-que-reduz-o-incomodo-da-garganta-seca-e-ainda-favorece-a-circulacao\/","name":"A hortali\u00e7a leve que reduz o inc\u00f4modo da garganta seca e ainda favorece a circula\u00e7\u00e3o - Correio Braziliense - Radar","isPartOf":{"@id":"https:\/\/www.correiobraziliense.com.br\/cbradar\/#website"},"primaryImageOfPage":{"@id":"https:\/\/www.correiobraziliense.com.br\/cbradar\/a-hortalica-leve-que-reduz-o-incomodo-da-garganta-seca-e-ainda-favorece-a-circulacao\/#primaryimage"},"image":{"@id":"https:\/\/www.correiobraziliense.com.br\/cbradar\/a-hortalica-leve-que-reduz-o-incomodo-da-garganta-seca-e-ainda-favorece-a-circulacao\/#primaryimage"},"thumbnailUrl":"https:\/\/www.correiobraziliense.com.br\/cbradar\/wp-content\/uploads\/2026\/01\/freepik__imagem-realista-do-agrio__24389.jpeg","datePublished":"2026-01-22T20:45:09+00:00","author":{"@id":"https:\/\/www.correiobraziliense.com.br\/cbradar\/#\/schema\/person\/7356666e12ec0ee53f348ee5db227032"},"description":"Vegetal rico em antioxidantes e nitratos que apoia a respira\u00e7\u00e3o, fortalece a circula\u00e7\u00e3o e complementa uma rotina equilibrada.","breadcrumb":{"@id":"https:\/\/www.correiobraziliense.com.br\/cbradar\/a-hortalica-leve-que-reduz-o-incomodo-da-garganta-seca-e-ainda-favorece-a-circulacao\/#breadcrumb"},"inLanguage":"pt-BR","potentialAction":[{"@type":"ReadAction","target":["https:\/\/www.correiobraziliense.com.br\/cbradar\/a-hortalica-leve-que-reduz-o-incomodo-da-garganta-seca-e-ainda-favorece-a-circulacao\/"]}]},{"@type":"ImageObject","inLanguage":"pt-BR","@id":"https:\/\/www.correiobraziliense.com.br\/cbradar\/a-hortalica-leve-que-reduz-o-incomodo-da-garganta-seca-e-ainda-favorece-a-circulacao\/#primaryimage","url":"https:\/\/www.correiobraziliense.com.br\/cbradar\/wp-content\/uploads\/2026\/01\/freepik__imagem-realista-do-agrio__24389.jpeg","contentUrl":"https:\/\/www.correiobraziliense.com.br\/cbradar\/wp-content\/uploads\/2026\/01\/freepik__imagem-realista-do-agrio__24389.jpeg","width":1280,"height":720,"caption":"Propriedades antioxidantes ajudam a reduzir inflama\u00e7\u00f5es nas vias respirat\u00f3rias"},{"@type":"BreadcrumbList","@id":"https:\/\/www.correiobraziliense.com.br\/cbradar\/a-hortalica-leve-que-reduz-o-incomodo-da-garganta-seca-e-ainda-favorece-a-circulacao\/#breadcrumb","itemListElement":[{"@type":"ListItem","position":1,"name":"In\u00edcio","item":"https:\/\/www.correiobraziliense.com.br\/cbradar\/"},{"@type":"ListItem","position":2,"name":"A hortali\u00e7a leve que reduz o inc\u00f4modo da garganta seca e ainda favorece a circula\u00e7\u00e3o"}]},{"@type":"WebSite","@id":"https:\/\/www.correiobraziliense.com.br\/cbradar\/#website","url":"https:\/\/www.correiobraziliense.com.br\/cbradar\/","name":"Correio Braziliense - Radar","description":"Acompanhe as \u00faltimas not\u00edcias e fique bem informado sobre tudo o que acontece no Brasil e no mundo.","potentialAction":[{"@type":"SearchAction","target":{"@type":"EntryPoint","urlTemplate":"https:\/\/www.correiobraziliense.com.br\/cbradar\/?s={search_term_string}"},"query-input":{"@type":"PropertyValueSpecification","valueRequired":true,"valueName":"search_term_string"}}],"inLanguage":"pt-BR"},{"@type":"Person","@id":"https:\/\/www.correiobraziliense.com.br\/cbradar\/#\/schema\/person\/7356666e12ec0ee53f348ee5db227032","name":"Daniely Cardoso","image":{"@type":"ImageObject","inLanguage":"pt-BR","@id":"https:\/\/www.correiobraziliense.com.br\/cbradar\/#\/schema\/person\/image\/","url":"https:\/\/secure.gravatar.com\/avatar\/4b80ddbd124d1f071b626d52d62e5dff?s=96&d=mm&r=g","contentUrl":"https:\/\/secure.gravatar.com\/avatar\/4b80ddbd124d1f071b626d52d62e5dff?s=96&d=mm&r=g","caption":"Daniely Cardoso"},"description":"Redatora nos portais CB Radar e EM Foco, formada pela Universidade Federal de Goi\u00e1s, em Goi\u00e2nia. Apaixonada por comunica\u00e7\u00e3o, arte, decora\u00e7\u00e3o e tend\u00eancias, atuo na produ\u00e7\u00e3o de conte\u00fados envolventes sobre curiosidades, moda, beleza e paisagismo, sempre com um olhar atento \u00e0s novidades do momento.","sameAs":["https:\/\/www.correiobraziliense.com.br\/cbradar"],"url":"https:\/\/www.correiobraziliense.com.br\/cbradar\/author\/danielymyth\/"}]}},"_links":{"self":[{"href":"https:\/\/www.correiobraziliense.com.br\/cbradar\/wp-json\/wp\/v2\/posts\/178794","targetHints":{"allow":["GET"]}}],"collection":[{"href":"https:\/\/www.correiobraziliense.com.br\/cbradar\/wp-json\/wp\/v2\/posts"}],"about":[{"href":"https:\/\/www.correiobraziliense.com.br\/cbradar\/wp-json\/wp\/v2\/types\/post"}],"author":[{"embeddable":true,"href":"https:\/\/www.correiobraziliense.com.br\/cbradar\/wp-json\/wp\/v2\/users\/9"}],"replies":[{"embeddable":true,"href":"https:\/\/www.correiobraziliense.com.br\/cbradar\/wp-json\/wp\/v2\/comments?post=178794"}],"version-history":[{"count":2,"href":"https:\/\/www.correiobraziliense.com.br\/cbradar\/wp-json\/wp\/v2\/posts\/178794\/revisions"}],"predecessor-version":[{"id":178923,"href":"https:\/\/www.correiobraziliense.com.br\/cbradar\/wp-json\/wp\/v2\/posts\/178794\/revisions\/178923"}],"wp:featuredmedia":[{"embeddable":true,"href":"https:\/\/www.correiobraziliense.com.br\/cbradar\/wp-json\/wp\/v2\/media\/179151"}],"wp:attachment":[{"href":"https:\/\/www.correiobraziliense.com.br\/cbradar\/wp-json\/wp\/v2\/media?parent=178794"}],"wp:term":[{"taxonomy":"category","embeddable":true,"href":"https:\/\/www.correiobraziliense.com.br\/cbradar\/wp-json\/wp\/v2\/categories?post=178794"},{"taxonomy":"post_tag","embeddable":true,"href":"https:\/\/www.correiobraziliense.com.br\/cbradar\/wp-json\/wp\/v2\/tags?post=178794"}],"curies":[{"name":"wp","href":"https:\/\/api.w.org\/{rel}","templated":true}]}}