{"id":178805,"date":"2026-01-22T16:25:28","date_gmt":"2026-01-22T19:25:28","guid":{"rendered":"https:\/\/www.correiobraziliense.com.br\/cbradar\/?p=178805"},"modified":"2026-01-21T11:36:13","modified_gmt":"2026-01-21T14:36:13","slug":"a-erva-aromatica-que-cresce-em-qualquer-cantinho-e-virou-aliada-no-alivio-da-respiracao","status":"publish","type":"post","link":"https:\/\/www.correiobraziliense.com.br\/cbradar\/a-erva-aromatica-que-cresce-em-qualquer-cantinho-e-virou-aliada-no-alivio-da-respiracao\/","title":{"rendered":"A erva arom\u00e1tica que cresce em qualquer cantinho e virou aliada no al\u00edvio da respira\u00e7\u00e3o"},"content":{"rendered":"\n<p>Em um dia de frio, muita gente recorre a um ch\u00e1 quentinho de tomilho para confortar a respira\u00e7\u00e3o e dar um toque especial na cozinha, unindo cuidado e sabor em um \u00fanico gesto. Apesar de simples, esse h\u00e1bito desperta curiosidade sobre como a planta pode ser usada no bem-estar do dia a dia e tamb\u00e9m sobre as melhores formas de cultivo em casa, seja em pequenos vasos na varanda ou em uma horta no quintal.<\/p>\n\n\n\n<h2 class=\"wp-block-heading\">Tomilho traz benef\u00edcios respirat\u00f3rios e bem-estar no dia a dia<\/h2>\n\n\n\n<p>O principal interesse em rela\u00e7\u00e3o ao <strong>tomilho para os pulm\u00f5es<\/strong> e a respira\u00e7\u00e3o est\u00e1 ligado \u00e0 presen\u00e7a de compostos arom\u00e1ticos, como o <strong>timol<\/strong> e o carvacrol. Esses elementos s\u00e3o citados em pesquisas e em farmacopeias tradicionais como subst\u00e2ncias com potencial a\u00e7\u00e3o sobre secre\u00e7\u00f5es das vias a\u00e9reas, ainda que os efeitos possam variar de pessoa para pessoa.<\/p>\n\n\n\n<p>Em preparos populares, \u00e9 comum o uso do tomilho em ch\u00e1s e inala\u00e7\u00f5es caseiras, com a inten\u00e7\u00e3o de auxiliar na sensa\u00e7\u00e3o de al\u00edvio da congest\u00e3o nasal e do muco acumulado. Em casa, muitas pessoas tamb\u00e9m associam a erva a um momento de pausa e autocuidado, aproveitando o aroma marcante para criar uma rotina mais acolhedora, especialmente em dias frios ou de mal-estar leve.<\/p>\n\n\n<div class=\"wp-block-image\">\n<figure class=\"aligncenter size-large\"><img decoding=\"async\" width=\"1024\" height=\"576\" src=\"https:\/\/www.correiobraziliense.com.br\/cbradar\/wp-content\/uploads\/2025\/11\/tomilho-plantacao-_1763576723221-1024x576.jpg\" alt=\"\" class=\"wp-image-140757\" srcset=\"https:\/\/www.correiobraziliense.com.br\/cbradar\/wp-content\/uploads\/2025\/11\/tomilho-plantacao-_1763576723221-1024x576.jpg 1024w, https:\/\/www.correiobraziliense.com.br\/cbradar\/wp-content\/uploads\/2025\/11\/tomilho-plantacao-_1763576723221-300x169.jpg 300w, https:\/\/www.correiobraziliense.com.br\/cbradar\/wp-content\/uploads\/2025\/11\/tomilho-plantacao-_1763576723221-768x432.jpg 768w, https:\/\/www.correiobraziliense.com.br\/cbradar\/wp-content\/uploads\/2025\/11\/tomilho-plantacao-_1763576723221-750x422.jpg 750w, https:\/\/www.correiobraziliense.com.br\/cbradar\/wp-content\/uploads\/2025\/11\/tomilho-plantacao-_1763576723221-1140x641.jpg 1140w, https:\/\/www.correiobraziliense.com.br\/cbradar\/wp-content\/uploads\/2025\/11\/tomilho-plantacao-_1763576723221.jpg 1280w\" sizes=\"(max-width: 1024px) 100vw, 1024px\" \/><figcaption class=\"wp-element-caption\">Escolher um vaso adequado \u00e9 o primeiro passo fundamental para o sucesso do cultivo conjunto dessas ervas arom\u00e1ticas &#8211; Cr\u00e9ditos: depositphotos.com \/ k_v<\/figcaption><\/figure><\/div>\n\n\n<p>Leia tamb\u00e9m:&nbsp;<a href=\"https:\/\/www.correiobraziliense.com.br\/cbradar\/a-fruta-tropical-com-efeitos-calmantes-que-fortalece-o-sistema-imunologico-e-rica-em-magnesio-e-facil-de-plantar\/\" target=\"_blank\" rel=\"noopener\">A fruta tropical com efeitos calmantes que fortalece o sistema imunol\u00f3gico, \u00e9 rica em magn\u00e9sio e f\u00e1cil de plantar<\/a><\/p>\n\n\n\n<h2 class=\"wp-block-heading\">Como o tomilho \u00e9 usado em xaropes, ch\u00e1s e aromaterapia<\/h2>\n\n\n\n<p>Em xarope fitoter\u00e1pico industrializado, o <strong>tomilho<\/strong> costuma aparecer combinado com outras plantas, em formula\u00e7\u00f5es destinadas a apoiar o manejo de tosse produtiva leve. O princ\u00edpio por tr\u00e1s desses produtos \u00e9 a poss\u00edvel a\u00e7\u00e3o <strong>expectorante<\/strong> e mucol\u00edtica, facilitando a fluidifica\u00e7\u00e3o de secre\u00e7\u00f5es e tornando a tosse um pouco menos desconfort\u00e1vel.<\/p>\n\n\n\n<p>No dia a dia, tamb\u00e9m \u00e9 comum preparar ch\u00e1s simples de tomilho, muitas vezes misturado com mel, lim\u00e3o, hortel\u00e3 ou gengibre, como parte de um cuidado caseiro complementar. Na aromaterapia, o uso do \u00f3leo essencial de tomilho pede aten\u00e7\u00e3o redobrada: ele \u00e9 altamente concentrado, n\u00e3o deve ser ingerido sem indica\u00e7\u00e3o e precisa de dilui\u00e7\u00e3o correta para aplica\u00e7\u00e3o t\u00f3pica ou em difusores, sempre com orienta\u00e7\u00e3o profissional.<\/p>\n\n\n\n<h2 class=\"wp-block-heading\">Como plantar tomilho em casa passo a passo de forma simples<\/h2>\n\n\n\n<p>O plantio de <strong>tomilho<\/strong> pode ser feito tanto em vasos quanto diretamente no solo, o que facilita a cria\u00e7\u00e3o de pequenas hortas em ambientes urbanos. Por ser uma planta r\u00fastica, adapta-se bem a diferentes espa\u00e7os, desde que algumas condi\u00e7\u00f5es b\u00e1sicas sejam respeitadas, como boa drenagem do solo, luz solar direta e rega moderada, evitando excesso de \u00e1gua.<\/p>\n\n\n\n<p>Para quem est\u00e1 come\u00e7ando, uma forma simples \u00e9 adquirir mudas j\u00e1 formadas em viveiros ou lojas de jardinagem, garantindo um in\u00edcio mais r\u00e1pido. Outra possibilidade \u00e9 o plantio por sementes, embora o processo seja um pouco mais lento e exija paci\u00eancia. Em ambos os casos, recomenda-se usar um substrato leve, com boa aera\u00e7\u00e3o, misturando terra comum com areia ou material que favore\u00e7a a drenagem. Se voc\u00ea gosta de cultivo, separamos esse v\u00eddeo do canal <a href=\"https:\/\/www.youtube.com\/@PlantasEmVasos\" target=\"_blank\" rel=\"noreferrer noopener\"><br>Plantas Em Vasos<\/a> ensinando a plantar tomilho em casa:<\/p>\n\n\n\n<figure class=\"wp-block-embed is-type-video is-provider-youtube wp-block-embed-youtube wp-embed-aspect-16-9 wp-has-aspect-ratio\"><div class=\"wp-block-embed__wrapper\">\n<div class=\"jeg_video_container jeg_video_content\"><iframe loading=\"lazy\" title=\"Tomilho: Como plantar e cuidar.\" width=\"500\" height=\"281\" src=\"https:\/\/www.youtube.com\/embed\/3KW-f2DXXCs?feature=oembed\" frameborder=\"0\" allow=\"accelerometer; autoplay; clipboard-write; encrypted-media; gyroscope; picture-in-picture; web-share\" referrerpolicy=\"strict-origin-when-cross-origin\" allowfullscreen><\/iframe><\/div>\n<\/div><\/figure>\n\n\n\n<ul class=\"wp-block-list\">\n<li><strong>Vasos e recipientes<\/strong>: precisam ter furos no fundo e camada de drenagem com brita ou cascalho;<\/li>\n\n\n\n<li><strong>Substrato<\/strong>: mistura de terra vegetal, areia e mat\u00e9ria org\u00e2nica bem decomposta;<\/li>\n\n\n\n<li><strong>Rega<\/strong>: em geral, de 2 a 3 vezes por semana, ajustando conforme temperatura e umidade;<\/li>\n\n\n\n<li><strong>Poda<\/strong>: corte de pontas e ramos floridos para estimular novos brotos e manter a planta compacta.<\/li>\n<\/ul>\n\n\n\n<p>Para facilitar, o manejo b\u00e1sico de plantio e cuidados pode ser resumido na tabela abaixo, ajudando quem est\u00e1 dando os primeiros passos na jardinagem caseira. Assim, fica mais f\u00e1cil organizar cada etapa e entender o que o tomilho precisa para crescer saud\u00e1vel e sempre \u00e0 m\u00e3o na cozinha.<\/p>\n\n\n\n<h2 class=\"wp-block-heading\">Qual \u00e9 o clima ideal para cultivar tomilho com qualidade<\/h2>\n\n\n\n<p>O tomilho \u00e9 tipicamente associado a regi\u00f5es de clima mediterr\u00e2neo, com ver\u00f5es quentes e secos e invernos amenos. Em linhas gerais, a planta se desenvolve melhor em locais com boa luminosidade, baixa umidade excessiva e temperaturas moderadas, o que favorece folhas mais arom\u00e1ticas e cheias de sabor.<\/p>\n\n\n\n<p>No <strong>Brasil<\/strong>, o tomilho pode ser cultivado ao ar livre em grande parte do territ\u00f3rio, desde que protegido de geadas fortes e de encharcamentos prolongados. Em regi\u00f5es muito frias, o cultivo em vasos permite levar a planta para dentro de casa nas noites geladas; j\u00e1 em locais quentes e \u00famidos, ajuda muito posicionar o vaso em \u00e1reas bem ventiladas, com sol principalmente pela manh\u00e3.<\/p>\n\n\n\n<figure class=\"wp-block-table\"><table class=\"has-fixed-layout\"><tbody><tr><th>Condi\u00e7\u00e3o clim\u00e1tica<\/th><th>Prefer\u00eancia do tomilho<\/th><\/tr><tr><td>Temperatura m\u00e9dia<\/td><td>Aproximadamente 15 \u00b0C a 28 \u00b0C<\/td><\/tr><tr><td>Exposi\u00e7\u00e3o solar<\/td><td>Sol pleno por pelo menos 4 a 6 horas di\u00e1rias<\/td><\/tr><tr><td>Umidade do ar<\/td><td>M\u00e9dia a baixa, com boa circula\u00e7\u00e3o de ar<\/td><\/tr><tr><td>Chuvas<\/td><td>Melhor desempenho em per\u00edodos sem excesso de precipita\u00e7\u00e3o<\/td><\/tr><\/tbody><\/table><\/figure>\n\n\n\n<h2 class=\"wp-block-heading\">Quais cuidados extras ter e como usar o tomilho no dia a dia<\/h2>\n\n\n\n<p>Ap\u00f3s o estabelecimento da planta, a colheita pode ser feita de forma gradual, retirando apenas alguns ramos por vez para n\u00e3o enfraquecer o p\u00e9. O ideal \u00e9 cortar acima de um n\u00f3 de folhas, o que incentiva novos brotos e mant\u00e9m o <strong>tomilho<\/strong> sempre verdinho. Para secagem, muitos cultivadores preferem pendurar pequenos ma\u00e7os em local ventilado e protegido do sol direto, preservando melhor o aroma.<\/p>\n\n\n\n<p>Na rotina dom\u00e9stica, o tomilho costuma entrar em prepara\u00e7\u00f5es culin\u00e1rias, como assados, molhos e marinadas, bem como em ch\u00e1s quentes ou frios. Quando o uso tem foco respirat\u00f3rio, a pr\u00e1tica comum \u00e9 combin\u00e1-lo com outras plantas, como hortel\u00e3 ou gengibre, em infus\u00f5es simples. Mesmo sendo uma erva de uso tradicional, recomenda-se cautela em doses altas e aten\u00e7\u00e3o a poss\u00edveis rea\u00e7\u00f5es em pessoas com alergias a plantas da mesma fam\u00edlia.<\/p>\n","protected":false},"excerpt":{"rendered":"<p>Em um dia de frio, muita gente recorre a um ch\u00e1 quentinho de tomilho para confortar a respira\u00e7\u00e3o e dar um toque especial na cozinha, unindo cuidado e sabor em um \u00fanico gesto. Apesar de simples, esse h\u00e1bito desperta curiosidade sobre como a planta pode ser usada no bem-estar do dia a dia e tamb\u00e9m [&hellip;]<\/p>\n","protected":false},"author":9,"featured_media":179155,"comment_status":"open","ping_status":"open","sticky":false,"template":"","format":"standard","meta":{"_yoast_wpseo_focuskw":"plantar tomilho","_yoast_wpseo_title":"","_yoast_wpseo_metadesc":"Erva arom\u00e1tica que ajuda no conforto respirat\u00f3rio e cresce f\u00e1cil em casa, trazendo sabor, bem-estar e praticidade para o dia a dia.","jnews-multi-image_gallery":[],"jnews_single_post":{"format":"standard"},"jnews_primary_category":[],"jnews_social_meta":[],"jnews_override_counter":[],"footnotes":""},"categories":[119,136],"tags":[14276,11591,722],"class_list":["post-178805","post","type-post","status-publish","format-standard","has-post-thumbnail","hentry","category-bem-estar","category-jardinagem","tag-cultivo-de-tomilho","tag-plantar-tomilho","tag-tomilho"],"yoast_head":"<!-- This site is optimized with the Yoast SEO plugin v24.6 - https:\/\/yoast.com\/wordpress\/plugins\/seo\/ -->\n<title>A erva arom\u00e1tica que cresce em qualquer cantinho e virou aliada no al\u00edvio da respira\u00e7\u00e3o - Correio Braziliense - Radar<\/title>\n<meta name=\"description\" content=\"Erva arom\u00e1tica que ajuda no conforto respirat\u00f3rio e cresce f\u00e1cil em casa, trazendo sabor, bem-estar e praticidade para o dia a dia.\" \/>\n<meta name=\"robots\" content=\"index, follow, max-snippet:-1, max-image-preview:large, max-video-preview:-1\" \/>\n<link rel=\"canonical\" href=\"https:\/\/www.correiobraziliense.com.br\/cbradar\/a-erva-aromatica-que-cresce-em-qualquer-cantinho-e-virou-aliada-no-alivio-da-respiracao\/\" \/>\n<meta property=\"og:locale\" content=\"pt_BR\" \/>\n<meta property=\"og:type\" content=\"article\" \/>\n<meta property=\"og:title\" content=\"A erva arom\u00e1tica que cresce em qualquer cantinho e virou aliada no al\u00edvio da respira\u00e7\u00e3o - Correio Braziliense - Radar\" \/>\n<meta property=\"og:description\" content=\"Erva arom\u00e1tica que ajuda no conforto respirat\u00f3rio e cresce f\u00e1cil em casa, trazendo sabor, bem-estar e praticidade para o dia a dia.\" \/>\n<meta property=\"og:url\" content=\"https:\/\/www.correiobraziliense.com.br\/cbradar\/a-erva-aromatica-que-cresce-em-qualquer-cantinho-e-virou-aliada-no-alivio-da-respiracao\/\" \/>\n<meta property=\"og:site_name\" content=\"Correio Braziliense - Radar\" \/>\n<meta property=\"article:published_time\" content=\"2026-01-22T19:25:28+00:00\" \/>\n<meta property=\"og:image\" content=\"https:\/\/www.correiobraziliense.com.br\/cbradar\/wp-content\/uploads\/2026\/01\/freepik__imagem-realista-da-erva-tomilho__24391.jpeg\" \/>\n\t<meta property=\"og:image:width\" content=\"1280\" \/>\n\t<meta property=\"og:image:height\" content=\"720\" \/>\n\t<meta property=\"og:image:type\" content=\"image\/jpeg\" \/>\n<meta name=\"author\" content=\"Daniely Cardoso\" \/>\n<meta name=\"twitter:card\" content=\"summary_large_image\" \/>\n<meta name=\"twitter:label1\" content=\"Escrito por\" \/>\n\t<meta name=\"twitter:data1\" content=\"Daniely Cardoso\" \/>\n\t<meta name=\"twitter:label2\" content=\"Est. tempo de leitura\" \/>\n\t<meta name=\"twitter:data2\" content=\"6 minutos\" \/>\n<!-- \/ Yoast SEO plugin. -->","yoast_head_json":{"title":"A erva arom\u00e1tica que cresce em qualquer cantinho e virou aliada no al\u00edvio da respira\u00e7\u00e3o - Correio Braziliense - Radar","description":"Erva arom\u00e1tica que ajuda no conforto respirat\u00f3rio e cresce f\u00e1cil em casa, trazendo sabor, bem-estar e praticidade para o dia a dia.","robots":{"index":"index","follow":"follow","max-snippet":"max-snippet:-1","max-image-preview":"max-image-preview:large","max-video-preview":"max-video-preview:-1"},"canonical":"https:\/\/www.correiobraziliense.com.br\/cbradar\/a-erva-aromatica-que-cresce-em-qualquer-cantinho-e-virou-aliada-no-alivio-da-respiracao\/","og_locale":"pt_BR","og_type":"article","og_title":"A erva arom\u00e1tica que cresce em qualquer cantinho e virou aliada no al\u00edvio da respira\u00e7\u00e3o - Correio Braziliense - Radar","og_description":"Erva arom\u00e1tica que ajuda no conforto respirat\u00f3rio e cresce f\u00e1cil em casa, trazendo sabor, bem-estar e praticidade para o dia a dia.","og_url":"https:\/\/www.correiobraziliense.com.br\/cbradar\/a-erva-aromatica-que-cresce-em-qualquer-cantinho-e-virou-aliada-no-alivio-da-respiracao\/","og_site_name":"Correio Braziliense - Radar","article_published_time":"2026-01-22T19:25:28+00:00","og_image":[{"width":1280,"height":720,"url":"https:\/\/www.correiobraziliense.com.br\/cbradar\/wp-content\/uploads\/2026\/01\/freepik__imagem-realista-da-erva-tomilho__24391.jpeg","type":"image\/jpeg"}],"author":"Daniely Cardoso","twitter_card":"summary_large_image","twitter_misc":{"Escrito por":"Daniely Cardoso","Est. tempo de leitura":"6 minutos"},"schema":{"@context":"https:\/\/schema.org","@graph":[{"@type":"WebPage","@id":"https:\/\/www.correiobraziliense.com.br\/cbradar\/a-erva-aromatica-que-cresce-em-qualquer-cantinho-e-virou-aliada-no-alivio-da-respiracao\/","url":"https:\/\/www.correiobraziliense.com.br\/cbradar\/a-erva-aromatica-que-cresce-em-qualquer-cantinho-e-virou-aliada-no-alivio-da-respiracao\/","name":"A erva arom\u00e1tica que cresce em qualquer cantinho e virou aliada no al\u00edvio da respira\u00e7\u00e3o - Correio Braziliense - Radar","isPartOf":{"@id":"https:\/\/www.correiobraziliense.com.br\/cbradar\/#website"},"primaryImageOfPage":{"@id":"https:\/\/www.correiobraziliense.com.br\/cbradar\/a-erva-aromatica-que-cresce-em-qualquer-cantinho-e-virou-aliada-no-alivio-da-respiracao\/#primaryimage"},"image":{"@id":"https:\/\/www.correiobraziliense.com.br\/cbradar\/a-erva-aromatica-que-cresce-em-qualquer-cantinho-e-virou-aliada-no-alivio-da-respiracao\/#primaryimage"},"thumbnailUrl":"https:\/\/www.correiobraziliense.com.br\/cbradar\/wp-content\/uploads\/2026\/01\/freepik__imagem-realista-da-erva-tomilho__24391.jpeg","datePublished":"2026-01-22T19:25:28+00:00","author":{"@id":"https:\/\/www.correiobraziliense.com.br\/cbradar\/#\/schema\/person\/7356666e12ec0ee53f348ee5db227032"},"description":"Erva arom\u00e1tica que ajuda no conforto respirat\u00f3rio e cresce f\u00e1cil em casa, trazendo sabor, bem-estar e praticidade para o dia a dia.","breadcrumb":{"@id":"https:\/\/www.correiobraziliense.com.br\/cbradar\/a-erva-aromatica-que-cresce-em-qualquer-cantinho-e-virou-aliada-no-alivio-da-respiracao\/#breadcrumb"},"inLanguage":"pt-BR","potentialAction":[{"@type":"ReadAction","target":["https:\/\/www.correiobraziliense.com.br\/cbradar\/a-erva-aromatica-que-cresce-em-qualquer-cantinho-e-virou-aliada-no-alivio-da-respiracao\/"]}]},{"@type":"ImageObject","inLanguage":"pt-BR","@id":"https:\/\/www.correiobraziliense.com.br\/cbradar\/a-erva-aromatica-que-cresce-em-qualquer-cantinho-e-virou-aliada-no-alivio-da-respiracao\/#primaryimage","url":"https:\/\/www.correiobraziliense.com.br\/cbradar\/wp-content\/uploads\/2026\/01\/freepik__imagem-realista-da-erva-tomilho__24391.jpeg","contentUrl":"https:\/\/www.correiobraziliense.com.br\/cbradar\/wp-content\/uploads\/2026\/01\/freepik__imagem-realista-da-erva-tomilho__24391.jpeg","width":1280,"height":720,"caption":"Tomilho pode ser cultivado em vasos com boa drenagem e sol direto"},{"@type":"BreadcrumbList","@id":"https:\/\/www.correiobraziliense.com.br\/cbradar\/a-erva-aromatica-que-cresce-em-qualquer-cantinho-e-virou-aliada-no-alivio-da-respiracao\/#breadcrumb","itemListElement":[{"@type":"ListItem","position":1,"name":"In\u00edcio","item":"https:\/\/www.correiobraziliense.com.br\/cbradar\/"},{"@type":"ListItem","position":2,"name":"A erva arom\u00e1tica que cresce em qualquer cantinho e virou aliada no al\u00edvio da respira\u00e7\u00e3o"}]},{"@type":"WebSite","@id":"https:\/\/www.correiobraziliense.com.br\/cbradar\/#website","url":"https:\/\/www.correiobraziliense.com.br\/cbradar\/","name":"Correio Braziliense - Radar","description":"Acompanhe as \u00faltimas not\u00edcias e fique bem informado sobre tudo o que acontece no Brasil e no mundo.","potentialAction":[{"@type":"SearchAction","target":{"@type":"EntryPoint","urlTemplate":"https:\/\/www.correiobraziliense.com.br\/cbradar\/?s={search_term_string}"},"query-input":{"@type":"PropertyValueSpecification","valueRequired":true,"valueName":"search_term_string"}}],"inLanguage":"pt-BR"},{"@type":"Person","@id":"https:\/\/www.correiobraziliense.com.br\/cbradar\/#\/schema\/person\/7356666e12ec0ee53f348ee5db227032","name":"Daniely Cardoso","image":{"@type":"ImageObject","inLanguage":"pt-BR","@id":"https:\/\/www.correiobraziliense.com.br\/cbradar\/#\/schema\/person\/image\/","url":"https:\/\/secure.gravatar.com\/avatar\/4b80ddbd124d1f071b626d52d62e5dff?s=96&d=mm&r=g","contentUrl":"https:\/\/secure.gravatar.com\/avatar\/4b80ddbd124d1f071b626d52d62e5dff?s=96&d=mm&r=g","caption":"Daniely Cardoso"},"description":"Redatora nos portais CB Radar e EM Foco, formada pela Universidade Federal de Goi\u00e1s, em Goi\u00e2nia. Apaixonada por comunica\u00e7\u00e3o, arte, decora\u00e7\u00e3o e tend\u00eancias, atuo na produ\u00e7\u00e3o de conte\u00fados envolventes sobre curiosidades, moda, beleza e paisagismo, sempre com um olhar atento \u00e0s novidades do momento.","sameAs":["https:\/\/www.correiobraziliense.com.br\/cbradar"],"url":"https:\/\/www.correiobraziliense.com.br\/cbradar\/author\/danielymyth\/"}]}},"_links":{"self":[{"href":"https:\/\/www.correiobraziliense.com.br\/cbradar\/wp-json\/wp\/v2\/posts\/178805","targetHints":{"allow":["GET"]}}],"collection":[{"href":"https:\/\/www.correiobraziliense.com.br\/cbradar\/wp-json\/wp\/v2\/posts"}],"about":[{"href":"https:\/\/www.correiobraziliense.com.br\/cbradar\/wp-json\/wp\/v2\/types\/post"}],"author":[{"embeddable":true,"href":"https:\/\/www.correiobraziliense.com.br\/cbradar\/wp-json\/wp\/v2\/users\/9"}],"replies":[{"embeddable":true,"href":"https:\/\/www.correiobraziliense.com.br\/cbradar\/wp-json\/wp\/v2\/comments?post=178805"}],"version-history":[{"count":2,"href":"https:\/\/www.correiobraziliense.com.br\/cbradar\/wp-json\/wp\/v2\/posts\/178805\/revisions"}],"predecessor-version":[{"id":178935,"href":"https:\/\/www.correiobraziliense.com.br\/cbradar\/wp-json\/wp\/v2\/posts\/178805\/revisions\/178935"}],"wp:featuredmedia":[{"embeddable":true,"href":"https:\/\/www.correiobraziliense.com.br\/cbradar\/wp-json\/wp\/v2\/media\/179155"}],"wp:attachment":[{"href":"https:\/\/www.correiobraziliense.com.br\/cbradar\/wp-json\/wp\/v2\/media?parent=178805"}],"wp:term":[{"taxonomy":"category","embeddable":true,"href":"https:\/\/www.correiobraziliense.com.br\/cbradar\/wp-json\/wp\/v2\/categories?post=178805"},{"taxonomy":"post_tag","embeddable":true,"href":"https:\/\/www.correiobraziliense.com.br\/cbradar\/wp-json\/wp\/v2\/tags?post=178805"}],"curies":[{"name":"wp","href":"https:\/\/api.w.org\/{rel}","templated":true}]}}