{"id":178806,"date":"2026-01-22T19:45:34","date_gmt":"2026-01-22T22:45:34","guid":{"rendered":"https:\/\/www.correiobraziliense.com.br\/cbradar\/?p=178806"},"modified":"2026-01-21T11:44:27","modified_gmt":"2026-01-21T14:44:27","slug":"a-fruta-amarela-que-virou-queridinha-da-cozinha-e-agora-domina-varandas-e-pomares-caseiros","status":"publish","type":"post","link":"https:\/\/www.correiobraziliense.com.br\/cbradar\/a-fruta-amarela-que-virou-queridinha-da-cozinha-e-agora-domina-varandas-e-pomares-caseiros\/","title":{"rendered":"A fruta amarela que virou queridinha da cozinha e agora domina varandas e pomares caseiros"},"content":{"rendered":"\n<p>Imagine colher um lim\u00e3o-siciliano bem amarelinho no quintal e usar na hora para um bolo ou limonada fresca. Esse cen\u00e1rio, que parecia coisa de s\u00edtio, hoje \u00e9 cada vez mais comum em varandas e sacadas, unindo o prazer de cultivar \u00e0 vontade de cuidar melhor da alimenta\u00e7\u00e3o e da sa\u00fade no dia a dia.<\/p>\n\n\n\n<h2 class=\"wp-block-heading\">Quais s\u00e3o as principais caracter\u00edsticas do lim\u00e3o-siciliano?<\/h2>\n\n\n\n<p>O <strong>lim\u00e3o-siciliano<\/strong>, tamb\u00e9m chamado de lim\u00e3o amarelo, ganhou espa\u00e7o em hortas dom\u00e9sticas e pomares comerciais por unir uso culin\u00e1rio vers\u00e1til e interesse crescente por seus poss\u00edveis benef\u00edcios \u00e0 sa\u00fade. A fruta se destaca pelo aroma mais suave, pela casca espessa e pelo sabor menos \u00e1cido, o que facilita o consumo em preparos doces e salgados.<\/p>\n\n\n\n<p>Al\u00e9m disso, o cultivo em quintais e vasos passou a ser uma alternativa para quem busca ter ingredientes <strong>frescos<\/strong> ao alcance das m\u00e3os. Em receitas simples, como bolos, risotos e marinadas, tanto o suco quanto as raspas da casca ajudam a real\u00e7ar o sabor, trazendo um toque mais sofisticado sem complicar o preparo.<\/p>\n\n\n<div class=\"wp-block-image\">\n<figure class=\"aligncenter size-large\"><img decoding=\"async\" width=\"1024\" height=\"576\" src=\"https:\/\/www.correiobraziliense.com.br\/cbradar\/wp-content\/uploads\/2025\/11\/Gemini_Generated_Image_gder5dgder5dgder-1-1024x576.png\" alt=\"\" class=\"wp-image-147046\" srcset=\"https:\/\/www.correiobraziliense.com.br\/cbradar\/wp-content\/uploads\/2025\/11\/Gemini_Generated_Image_gder5dgder5dgder-1-1024x576.png 1024w, https:\/\/www.correiobraziliense.com.br\/cbradar\/wp-content\/uploads\/2025\/11\/Gemini_Generated_Image_gder5dgder5dgder-1-300x169.png 300w, https:\/\/www.correiobraziliense.com.br\/cbradar\/wp-content\/uploads\/2025\/11\/Gemini_Generated_Image_gder5dgder5dgder-1-768x432.png 768w, https:\/\/www.correiobraziliense.com.br\/cbradar\/wp-content\/uploads\/2025\/11\/Gemini_Generated_Image_gder5dgder5dgder-1-750x422.png 750w, https:\/\/www.correiobraziliense.com.br\/cbradar\/wp-content\/uploads\/2025\/11\/Gemini_Generated_Image_gder5dgder5dgder-1-1140x641.png 1140w, https:\/\/www.correiobraziliense.com.br\/cbradar\/wp-content\/uploads\/2025\/11\/Gemini_Generated_Image_gder5dgder5dgder-1.png 1280w\" sizes=\"(max-width: 1024px) 100vw, 1024px\" \/><figcaption class=\"wp-element-caption\">O principal princ\u00edpio ativo do lim\u00e3o-siciliano no suporte \u00e0 sa\u00fade \u00e9 a vitamina C<\/figcaption><\/figure><\/div>\n\n\n<p>Leia tamb\u00e9m:&nbsp;<a href=\"https:\/\/www.correiobraziliense.com.br\/cbradar\/a-fruta-tropical-com-efeitos-calmantes-que-fortalece-o-sistema-imunologico-e-rica-em-magnesio-e-facil-de-plantar\/\" target=\"_blank\" rel=\"noopener\">A fruta tropical com efeitos calmantes que fortalece o sistema imunol\u00f3gico, \u00e9 rica em magn\u00e9sio e f\u00e1cil de plantar<\/a><\/p>\n\n\n\n<h2 class=\"wp-block-heading\">Lim\u00e3o-siciliano traz quais benef\u00edcios medicinais mais conhecidos<\/h2>\n\n\n\n<p>Entre os principais destaques do <strong>lim\u00e3o-siciliano<\/strong> est\u00e1 o teor de vitamina C, nutriente associado \u00e0 forma\u00e7\u00e3o de col\u00e1geno, \u00e0 manuten\u00e7\u00e3o da pele e ao bom funcionamento do sistema imunol\u00f3gico. A fruta tamb\u00e9m oferece pequenas quantidades de pot\u00e1ssio e folato, que participam de processos metab\u00f3licos importantes no organismo.<\/p>\n\n\n\n<p>Os antioxidantes naturais presentes no lim\u00e3o-siciliano, como flavonoides e limonoides, s\u00e3o estudados por seu papel na prote\u00e7\u00e3o das c\u00e9lulas contra danos oxidativos. Esses compostos podem atuar em conjunto com a <strong>vitamina C<\/strong>, contribuindo para o combate aos radicais livres, sempre dentro de um estilo de vida equilibrado e acompanhado de boa hidrata\u00e7\u00e3o.<\/p>\n\n\n\n<h2 class=\"wp-block-heading\">Como o lim\u00e3o-siciliano pode ajudar na digest\u00e3o e no bem-estar<\/h2>\n\n\n\n<p>Outro ponto frequentemente citado \u00e9 a rela\u00e7\u00e3o do <strong>lim\u00e3o-siciliano<\/strong> com a digest\u00e3o no dia a dia. O suco da fruta, quando utilizado como tempero ou em bebidas, pode estimular a saliva\u00e7\u00e3o e favorecer a produ\u00e7\u00e3o de sucos g\u00e1stricos, facilitando o processo digestivo em algumas pessoas ap\u00f3s as refei\u00e7\u00f5es.<\/p>\n\n\n\n<p>Al\u00e9m disso, a casca cont\u00e9m \u00f3leos essenciais com aroma c\u00edtrico intenso, empregados na ind\u00fastria aliment\u00edcia e em aromaterapia. Em casa, muitas pessoas usam esse aroma em produtos de limpeza naturais ou sprays ambientes, buscando uma sensa\u00e7\u00e3o de frescor, leveza e limpeza que ajuda at\u00e9 no <strong>bem-estar<\/strong> emocional. Se voc\u00ea gosta de cultivo, separamos esse v\u00eddeo do canal <a href=\"https:\/\/www.youtube.com\/@Cantinhodecasa\" target=\"_blank\" rel=\"noreferrer noopener\">Cantinho de casa<\/a> ensinando a plantar em casa:<\/p>\n\n\n\n<figure class=\"wp-block-embed is-type-video is-provider-youtube wp-block-embed-youtube wp-embed-aspect-16-9 wp-has-aspect-ratio\"><div class=\"wp-block-embed__wrapper\">\n<div class=\"jeg_video_container jeg_video_content\"><iframe loading=\"lazy\" title=\"Como ter Lim\u00e3o Siciliano em vaso, produ\u00e7\u00e3o em at\u00e9 4 meses!\" width=\"500\" height=\"281\" src=\"https:\/\/www.youtube.com\/embed\/_mCZm52ZHKo?feature=oembed\" frameborder=\"0\" allow=\"accelerometer; autoplay; clipboard-write; encrypted-media; gyroscope; picture-in-picture; web-share\" referrerpolicy=\"strict-origin-when-cross-origin\" allowfullscreen><\/iframe><\/div>\n<\/div><\/figure>\n\n\n\n<h2 class=\"wp-block-heading\">Como plantar lim\u00e3o-siciliano em casa com praticidade<\/h2>\n\n\n\n<p>O cultivo do <strong>lim\u00e3o-siciliano<\/strong> pode ser feito tanto em jardins quanto em vasos grandes, desde que a planta receba boa luz e solo bem drenado. Em \u00e1reas urbanas, o uso de recipientes com ao menos 60 litros costuma ser indicado para que as ra\u00edzes tenham espa\u00e7o adequado para se desenvolver sem ficarem apertadas.<\/p>\n\n\n\n<p>Ao escolher a muda de lim\u00e3o-siciliano, vale dar prefer\u00eancia a plantas enxertadas, que geralmente produzem mais r\u00e1pido e s\u00e3o mais resistentes. O substrato pode ser uma mistura de terra vegetal, areia grossa e composto org\u00e2nico bem curtido, mantendo o solo levemente \u00famido, sem excesso de <strong>\u00e1gua<\/strong>, principalmente nas primeiras semanas de adapta\u00e7\u00e3o.<\/p>\n\n\n\n<h2 class=\"wp-block-heading\">Qual \u00e9 o clima ideal para cultivar lim\u00e3o-siciliano<\/h2>\n\n\n\n<p>O limoeiro-siciliano \u00e9 considerado uma planta de clima subtropical a tropical ameno, com melhor desempenho em regi\u00f5es de temperaturas moderadas. Em geral, a esp\u00e9cie se adapta bem a \u00e1reas onde a m\u00e9dia anual fica entre 18\u202f\u00b0C e 30\u202f\u00b0C, evitando frio intenso por longos per\u00edodos.<\/p>\n\n\n\n<p>Em locais com invernos rigorosos, a recomenda\u00e7\u00e3o costuma ser cultivar o <strong>lim\u00e3o-siciliano<\/strong> em vasos, permitindo o deslocamento para \u00e1reas protegidas em per\u00edodos de geada. A exposi\u00e7\u00e3o ao sol direto por pelo menos 4 a 6 horas di\u00e1rias favorece a flora\u00e7\u00e3o e a frutifica\u00e7\u00e3o, enquanto ventos muito fortes podem prejudicar flores e frutos.<\/p>\n\n\n\n<h2 class=\"wp-block-heading\">Quais s\u00e3o os cuidados essenciais para um limoeiro saud\u00e1vel<\/h2>\n\n\n\n<p>Alguns cuidados b\u00e1sicos ajudam a garantir um desenvolvimento saud\u00e1vel da \u00e1rvore de <strong>lim\u00e3o-siciliano<\/strong>. Com uma rotina simples de aduba\u00e7\u00e3o, poda leve e observa\u00e7\u00e3o das folhas e galhos, \u00e9 poss\u00edvel prevenir muitos problemas e manter a planta bonita e produtiva ao longo do ano.<\/p>\n\n\n\n<div style=\"font-family: 'Segoe UI', Tahoma, Geneva, Verdana, sans-serif; max-width: 1000px; margin: 20px auto; border: 2px solid #722f37; border-radius: 30px; overflow: hidden; background-color: #ffffff; box-shadow: 0 4px 15px rgba(114, 47, 55, 0.1);\">\n    <table style=\"width: 100%; border-collapse: collapse; text-align: left; font-size: 14px;\">\n        <thead>\n            <tr style=\"background-color: #722f37;\">\n                <th style=\"padding: 15px; color: #ffffff; border-bottom: 2px solid #f9d8e6; width: 30%;\">Etapa de Manuten\u00e7\u00e3o<\/th>\n                <th style=\"padding: 15px; color: #ffffff; border-bottom: 2px solid #f9d8e6; width: 70%;\">Orienta\u00e7\u00e3o T\u00e9cnica<\/th>\n            <\/tr>\n        <\/thead>\n        <tbody>\n            <tr>\n                <td style=\"padding: 12px 15px; border-bottom: 1px solid #ffe3ee; color: #4a4a4a; font-weight: bold;\">Aduba\u00e7\u00e3o regular<\/td>\n                <td style=\"padding: 12px 15px; border-bottom: 1px solid #ffe3ee; color: #4a4a4a;\">Aplicar adubos ricos em nitrog\u00eanio, f\u00f3sforo e pot\u00e1ssio, al\u00e9m de micronutrientes espec\u00edficos para c\u00edtricos.<\/td>\n            <\/tr>\n            <tr style=\"background-color: #fffafa;\">\n                <td style=\"padding: 12px 15px; border-bottom: 1px solid #ffe3ee; color: #4a4a4a; font-weight: bold;\">Poda de forma\u00e7\u00e3o<\/td>\n                <td style=\"padding: 12px 15px; border-bottom: 1px solid #ffe3ee; color: #4a4a4a;\">Remover galhos cruzados, secos ou muito baixos, permitindo melhor entrada de luz e circula\u00e7\u00e3o de ar.<\/td>\n            <\/tr>\n            <tr>\n                <td style=\"padding: 12px 15px; color: #4a4a4a; font-weight: bold;\">Controle de pragas<\/td>\n                <td style=\"padding: 12px 15px; color: #4a4a4a;\">Observar sinais de cochonilhas, pulg\u00f5es e \u00e1caros, utilizando manejo integrado e produtos adequados quando necess\u00e1rio.<\/td>\n            <\/tr>\n        <\/tbody>\n    <\/table>\n<\/div>\n\n\n\n<h2 class=\"wp-block-heading\">Quais s\u00e3o os cuidados b\u00e1sicos com o lim\u00e3o-siciliano<\/h2>\n\n\n\n<p>Para facilitar o planejamento de quem pretende plantar <strong>lim\u00e3o-siciliano<\/strong>, alguns cuidados podem ser organizados de forma simples ao longo do ano. Pequenas a\u00e7\u00f5es, feitas de forma regular, ajudam a garantir um bom desenvolvimento e uma frutifica\u00e7\u00e3o mais constante em diferentes regi\u00f5es.<\/p>\n\n\n\n<p>Com aten\u00e7\u00e3o \u00e0 frequ\u00eancia de rega, aduba\u00e7\u00e3o, podas e \u00e9poca de colheita, fica mais f\u00e1cil adaptar a rotina de cuidados \u00e0 realidade de cada casa. Assim, mesmo em espa\u00e7os menores, \u00e9 poss\u00edvel colher frutos bem amarelos e firmes, prontos para usar em receitas e bebidas feitas na <strong>hora<\/strong>.<\/p>\n","protected":false},"excerpt":{"rendered":"<p>Imagine colher um lim\u00e3o-siciliano bem amarelinho no quintal e usar na hora para um bolo ou limonada fresca. Esse cen\u00e1rio, que parecia coisa de s\u00edtio, hoje \u00e9 cada vez mais comum em varandas e sacadas, unindo o prazer de cultivar \u00e0 vontade de cuidar melhor da alimenta\u00e7\u00e3o e da sa\u00fade no dia a dia. Quais [&hellip;]<\/p>\n","protected":false},"author":9,"featured_media":179159,"comment_status":"open","ping_status":"open","sticky":false,"template":"","format":"standard","meta":{"_yoast_wpseo_focuskw":"plantar lim\u00e3o siciliano","_yoast_wpseo_title":"","_yoast_wpseo_metadesc":"Fruta arom\u00e1tica, rica em vitamina C e f\u00e1cil de cultivar em vasos ou quintais, trazendo sabor, frescor e bem-estar para o dia a dia.","jnews-multi-image_gallery":[],"jnews_single_post":{"format":"standard"},"jnews_primary_category":[],"jnews_social_meta":[],"jnews_override_counter":[],"footnotes":""},"categories":[119,136],"post_tag":[14278,12075,14277],"class_list":["post-178806","post","type-post","status-publish","format-standard","has-post-thumbnail","hentry","category-bem-estar","category-jardinagem","tag-cultivo-de-limao-siciliano","tag-limao-siciliano-2","tag-plantar-limao-siciliano"],"yoast_head":"<!-- This site is optimized with the Yoast SEO plugin v24.6 - https:\/\/yoast.com\/wordpress\/plugins\/seo\/ -->\n<title>A fruta amarela que virou queridinha da cozinha e agora domina varandas e pomares caseiros - Correio Braziliense - Radar<\/title>\n<meta name=\"description\" content=\"Fruta arom\u00e1tica, rica em vitamina C e f\u00e1cil de cultivar em vasos ou quintais, trazendo sabor, frescor e bem-estar para o dia a dia.\" \/>\n<meta name=\"robots\" content=\"index, follow, max-snippet:-1, max-image-preview:large, max-video-preview:-1\" \/>\n<link rel=\"canonical\" href=\"https:\/\/www.correiobraziliense.com.br\/cbradar\/a-fruta-amarela-que-virou-queridinha-da-cozinha-e-agora-domina-varandas-e-pomares-caseiros\/\" \/>\n<meta property=\"og:locale\" content=\"pt_BR\" \/>\n<meta property=\"og:type\" content=\"article\" \/>\n<meta property=\"og:title\" content=\"A fruta amarela que virou queridinha da cozinha e agora domina varandas e pomares caseiros - Correio Braziliense - Radar\" \/>\n<meta property=\"og:description\" content=\"Fruta arom\u00e1tica, rica em vitamina C e f\u00e1cil de cultivar em vasos ou quintais, trazendo sabor, frescor e bem-estar para o dia a dia.\" \/>\n<meta property=\"og:url\" content=\"https:\/\/www.correiobraziliense.com.br\/cbradar\/a-fruta-amarela-que-virou-queridinha-da-cozinha-e-agora-domina-varandas-e-pomares-caseiros\/\" \/>\n<meta property=\"og:site_name\" content=\"Correio Braziliense - Radar\" \/>\n<meta property=\"article:published_time\" content=\"2026-01-22T22:45:34+00:00\" \/>\n<meta property=\"og:image\" content=\"https:\/\/www.correiobraziliense.com.br\/cbradar\/wp-content\/uploads\/2026\/01\/freepik__imagem-realista-de-limessicilianos__24387.jpeg\" \/>\n\t<meta property=\"og:image:width\" content=\"1280\" \/>\n\t<meta property=\"og:image:height\" content=\"720\" \/>\n\t<meta property=\"og:image:type\" content=\"image\/jpeg\" \/>\n<meta name=\"author\" content=\"Daniely Cardoso\" \/>\n<meta name=\"twitter:card\" content=\"summary_large_image\" \/>\n<meta name=\"twitter:label1\" content=\"Escrito por\" \/>\n\t<meta name=\"twitter:data1\" content=\"Daniely Cardoso\" \/>\n\t<meta name=\"twitter:label2\" content=\"Est. tempo de leitura\" \/>\n\t<meta name=\"twitter:data2\" content=\"5 minutos\" \/>\n<!-- \/ Yoast SEO plugin. -->","yoast_head_json":{"title":"A fruta amarela que virou queridinha da cozinha e agora domina varandas e pomares caseiros - Correio Braziliense - Radar","description":"Fruta arom\u00e1tica, rica em vitamina C e f\u00e1cil de cultivar em vasos ou quintais, trazendo sabor, frescor e bem-estar para o dia a dia.","robots":{"index":"index","follow":"follow","max-snippet":"max-snippet:-1","max-image-preview":"max-image-preview:large","max-video-preview":"max-video-preview:-1"},"canonical":"https:\/\/www.correiobraziliense.com.br\/cbradar\/a-fruta-amarela-que-virou-queridinha-da-cozinha-e-agora-domina-varandas-e-pomares-caseiros\/","og_locale":"pt_BR","og_type":"article","og_title":"A fruta amarela que virou queridinha da cozinha e agora domina varandas e pomares caseiros - Correio Braziliense - Radar","og_description":"Fruta arom\u00e1tica, rica em vitamina C e f\u00e1cil de cultivar em vasos ou quintais, trazendo sabor, frescor e bem-estar para o dia a dia.","og_url":"https:\/\/www.correiobraziliense.com.br\/cbradar\/a-fruta-amarela-que-virou-queridinha-da-cozinha-e-agora-domina-varandas-e-pomares-caseiros\/","og_site_name":"Correio Braziliense - Radar","article_published_time":"2026-01-22T22:45:34+00:00","og_image":[{"width":1280,"height":720,"url":"https:\/\/www.correiobraziliense.com.br\/cbradar\/wp-content\/uploads\/2026\/01\/freepik__imagem-realista-de-limessicilianos__24387.jpeg","type":"image\/jpeg"}],"author":"Daniely Cardoso","twitter_card":"summary_large_image","twitter_misc":{"Escrito por":"Daniely Cardoso","Est. tempo de leitura":"5 minutos"},"schema":{"@context":"https:\/\/schema.org","@graph":[{"@type":"WebPage","@id":"https:\/\/www.correiobraziliense.com.br\/cbradar\/a-fruta-amarela-que-virou-queridinha-da-cozinha-e-agora-domina-varandas-e-pomares-caseiros\/","url":"https:\/\/www.correiobraziliense.com.br\/cbradar\/a-fruta-amarela-que-virou-queridinha-da-cozinha-e-agora-domina-varandas-e-pomares-caseiros\/","name":"A fruta amarela que virou queridinha da cozinha e agora domina varandas e pomares caseiros - Correio Braziliense - Radar","isPartOf":{"@id":"https:\/\/www.correiobraziliense.com.br\/cbradar\/#website"},"primaryImageOfPage":{"@id":"https:\/\/www.correiobraziliense.com.br\/cbradar\/a-fruta-amarela-que-virou-queridinha-da-cozinha-e-agora-domina-varandas-e-pomares-caseiros\/#primaryimage"},"image":{"@id":"https:\/\/www.correiobraziliense.com.br\/cbradar\/a-fruta-amarela-que-virou-queridinha-da-cozinha-e-agora-domina-varandas-e-pomares-caseiros\/#primaryimage"},"thumbnailUrl":"https:\/\/www.correiobraziliense.com.br\/cbradar\/wp-content\/uploads\/2026\/01\/freepik__imagem-realista-de-limessicilianos__24387.jpeg","datePublished":"2026-01-22T22:45:34+00:00","author":{"@id":"https:\/\/www.correiobraziliense.com.br\/cbradar\/#\/schema\/person\/7356666e12ec0ee53f348ee5db227032"},"description":"Fruta arom\u00e1tica, rica em vitamina C e f\u00e1cil de cultivar em vasos ou quintais, trazendo sabor, frescor e bem-estar para o dia a dia.","breadcrumb":{"@id":"https:\/\/www.correiobraziliense.com.br\/cbradar\/a-fruta-amarela-que-virou-queridinha-da-cozinha-e-agora-domina-varandas-e-pomares-caseiros\/#breadcrumb"},"inLanguage":"pt-BR","potentialAction":[{"@type":"ReadAction","target":["https:\/\/www.correiobraziliense.com.br\/cbradar\/a-fruta-amarela-que-virou-queridinha-da-cozinha-e-agora-domina-varandas-e-pomares-caseiros\/"]}]},{"@type":"ImageObject","inLanguage":"pt-BR","@id":"https:\/\/www.correiobraziliense.com.br\/cbradar\/a-fruta-amarela-que-virou-queridinha-da-cozinha-e-agora-domina-varandas-e-pomares-caseiros\/#primaryimage","url":"https:\/\/www.correiobraziliense.com.br\/cbradar\/wp-content\/uploads\/2026\/01\/freepik__imagem-realista-de-limessicilianos__24387.jpeg","contentUrl":"https:\/\/www.correiobraziliense.com.br\/cbradar\/wp-content\/uploads\/2026\/01\/freepik__imagem-realista-de-limessicilianos__24387.jpeg","width":1280,"height":720,"caption":"O consumo de frutas colhidas na hora preserva mais vitaminas e antioxidantes"},{"@type":"BreadcrumbList","@id":"https:\/\/www.correiobraziliense.com.br\/cbradar\/a-fruta-amarela-que-virou-queridinha-da-cozinha-e-agora-domina-varandas-e-pomares-caseiros\/#breadcrumb","itemListElement":[{"@type":"ListItem","position":1,"name":"In\u00edcio","item":"https:\/\/www.correiobraziliense.com.br\/cbradar\/"},{"@type":"ListItem","position":2,"name":"A fruta amarela que virou queridinha da cozinha e agora domina varandas e pomares caseiros"}]},{"@type":"WebSite","@id":"https:\/\/www.correiobraziliense.com.br\/cbradar\/#website","url":"https:\/\/www.correiobraziliense.com.br\/cbradar\/","name":"Correio Braziliense - Radar","description":"Acompanhe as \u00faltimas not\u00edcias e fique bem informado sobre tudo o que acontece no Brasil e no mundo.","potentialAction":[{"@type":"SearchAction","target":{"@type":"EntryPoint","urlTemplate":"https:\/\/www.correiobraziliense.com.br\/cbradar\/?s={search_term_string}"},"query-input":{"@type":"PropertyValueSpecification","valueRequired":true,"valueName":"search_term_string"}}],"inLanguage":"pt-BR"},{"@type":"Person","@id":"https:\/\/www.correiobraziliense.com.br\/cbradar\/#\/schema\/person\/7356666e12ec0ee53f348ee5db227032","name":"Daniely Cardoso","image":{"@type":"ImageObject","inLanguage":"pt-BR","@id":"https:\/\/www.correiobraziliense.com.br\/cbradar\/#\/schema\/person\/image\/","url":"https:\/\/secure.gravatar.com\/avatar\/4b80ddbd124d1f071b626d52d62e5dff?s=96&d=mm&r=g","contentUrl":"https:\/\/secure.gravatar.com\/avatar\/4b80ddbd124d1f071b626d52d62e5dff?s=96&d=mm&r=g","caption":"Daniely Cardoso"},"description":"Redatora nos portais CB Radar e EM Foco, formada pela Universidade Federal de Goi\u00e1s, em Goi\u00e2nia. Apaixonada por comunica\u00e7\u00e3o, arte, decora\u00e7\u00e3o e tend\u00eancias, atuo na produ\u00e7\u00e3o de conte\u00fados envolventes sobre curiosidades, moda, beleza e paisagismo, sempre com um olhar atento \u00e0s novidades do momento.","sameAs":["https:\/\/www.correiobraziliense.com.br\/cbradar"],"url":"https:\/\/www.correiobraziliense.com.br\/cbradar\/author\/danielymyth\/"}]}},"_links":{"self":[{"href":"https:\/\/www.correiobraziliense.com.br\/cbradar\/wp-json\/wp\/v2\/posts\/178806","targetHints":{"allow":["GET"]}}],"collection":[{"href":"https:\/\/www.correiobraziliense.com.br\/cbradar\/wp-json\/wp\/v2\/posts"}],"about":[{"href":"https:\/\/www.correiobraziliense.com.br\/cbradar\/wp-json\/wp\/v2\/types\/post"}],"author":[{"embeddable":true,"href":"https:\/\/www.correiobraziliense.com.br\/cbradar\/wp-json\/wp\/v2\/users\/9"}],"replies":[{"embeddable":true,"href":"https:\/\/www.correiobraziliense.com.br\/cbradar\/wp-json\/wp\/v2\/comments?post=178806"}],"version-history":[{"count":2,"href":"https:\/\/www.correiobraziliense.com.br\/cbradar\/wp-json\/wp\/v2\/posts\/178806\/revisions"}],"predecessor-version":[{"id":178937,"href":"https:\/\/www.correiobraziliense.com.br\/cbradar\/wp-json\/wp\/v2\/posts\/178806\/revisions\/178937"}],"wp:featuredmedia":[{"embeddable":true,"href":"https:\/\/www.correiobraziliense.com.br\/cbradar\/wp-json\/wp\/v2\/media\/179159"}],"wp:attachment":[{"href":"https:\/\/www.correiobraziliense.com.br\/cbradar\/wp-json\/wp\/v2\/media?parent=178806"}],"wp:term":[{"taxonomy":"category","embeddable":true,"href":"https:\/\/www.correiobraziliense.com.br\/cbradar\/wp-json\/wp\/v2\/categories?post=178806"},{"taxonomy":"post_tag","embeddable":true,"href":"https:\/\/www.correiobraziliense.com.br\/cbradar\/wp-json\/wp\/v2\/post_tag?post=178806"}],"curies":[{"name":"wp","href":"https:\/\/api.w.org\/{rel}","templated":true}]}}