{"id":178813,"date":"2026-01-21T06:25:00","date_gmt":"2026-01-21T09:25:00","guid":{"rendered":"https:\/\/www.correiobraziliense.com.br\/cbradar\/?p=178813"},"modified":"2026-01-20T23:29:32","modified_gmt":"2026-01-21T02:29:32","slug":"uma-antiga-vila-de-pescadores-que-hoje-e-mundialmente-famosa-encanta-com-praias-paradisiacas-que-parecem-ter-saido-e-outro-planeta","status":"publish","type":"post","link":"https:\/\/www.correiobraziliense.com.br\/cbradar\/uma-antiga-vila-de-pescadores-que-hoje-e-mundialmente-famosa-encanta-com-praias-paradisiacas-que-parecem-ter-saido-e-outro-planeta\/","title":{"rendered":"Uma antiga vila de pescadores que hoje \u00e9 mundialmente famosa encanta com praias paradis\u00edacas que parecem ter sa\u00eddo e outro planeta"},"content":{"rendered":"\n<p>Globalmente famosa, <strong>B\u00fazios<\/strong> transcende o turismo para se firmar como o endere\u00e7o mais cosmopolita do litoral de <strong>Rio de Janeiro<\/strong>. A cerca de 176 km da capital, a pen\u00ednsula oferece aos <strong>arma\u00e7\u00e3o-buzianos<\/strong> uma rotina segura financiada por uma das maiores rendas per capita do pa\u00eds, fruto dos royalties do petr\u00f3leo.<\/p>\n\n\n\n<h2 class=\"wp-block-heading\">Como os royalties do petr\u00f3leo blindam a qualidade de vida?<\/h2>\n\n\n\n<p><strong>A beleza natural divide o protagonismo com o or\u00e7amento municipal robusto.<\/strong> A cidade \u00e9 uma das maiores benefici\u00e1rias dos royalties da extra\u00e7\u00e3o de petr\u00f3leo na Bacia de Campos, o que permite investimentos desproporcionais em zeladoria urbana, sa\u00fade e seguran\u00e7a para uma popula\u00e7\u00e3o fixa pequena.<\/p>\n\n\n\n<p>Para o morador, isso significa viver em uma cidade &#8220;rica&#8221;, com ruas de paralelep\u00edpedo impec\u00e1veis, ilumina\u00e7\u00e3o subterr\u00e2nea no centro e um sistema de vigil\u00e2ncia que mant\u00e9m as taxas de criminalidade muito abaixo da m\u00e9dia do estado. \u00c9 o cen\u00e1rio ideal para quem busca a infraestrutura de capital com a paz de uma vila de pescadores sofisticada.<\/p>\n\n\n<div class=\"wp-block-image\">\n<figure class=\"aligncenter size-large\"><img decoding=\"async\" width=\"1024\" height=\"576\" src=\"https:\/\/www.correiobraziliense.com.br\/cbradar\/wp-content\/uploads\/2025\/05\/Edicoes-30-1024x576.png\" alt=\"A antiga vila de pescadores que hoje \u00e9 um para\u00edso brasileiro marcante com praias paradis\u00edacas que parecem ter sa\u00eddo e outro planeta\" class=\"wp-image-42418\" srcset=\"https:\/\/www.correiobraziliense.com.br\/cbradar\/wp-content\/uploads\/2025\/05\/Edicoes-30-1024x576.png 1024w, https:\/\/www.correiobraziliense.com.br\/cbradar\/wp-content\/uploads\/2025\/05\/Edicoes-30-300x169.png 300w, https:\/\/www.correiobraziliense.com.br\/cbradar\/wp-content\/uploads\/2025\/05\/Edicoes-30-768x432.png 768w, https:\/\/www.correiobraziliense.com.br\/cbradar\/wp-content\/uploads\/2025\/05\/Edicoes-30-750x422.png 750w, https:\/\/www.correiobraziliense.com.br\/cbradar\/wp-content\/uploads\/2025\/05\/Edicoes-30-1140x641.png 1140w, https:\/\/www.correiobraziliense.com.br\/cbradar\/wp-content\/uploads\/2025\/05\/Edicoes-30.png 1280w\" sizes=\"(max-width: 1024px) 100vw, 1024px\" \/><figcaption class=\"wp-element-caption\">Em B\u00fazios, 2025 traz prosperidade com novas oportunidades e crescimento sustent\u00e1vel. \/\/ Reprodu\u00e7\u00e3o: Wikip\u00e9dia<\/figcaption><\/figure><\/div>\n\n\n<h2 class=\"wp-block-heading\">A atmosfera cosmopolita diferencia realmente a vizinhan\u00e7a?<\/h2>\n\n\n\n<p>Andar pela <strong>Rua das Pedras<\/strong> \u00e9 ouvir idiomas de todo o mundo. A cidade abriga uma comunidade fixa de estrangeiros, argentinos, franceses e italianos que escolheram a pen\u00ednsula para morar e empreender. Isso criou um ecossistema gastron\u00f4mico e cultural \u00fanico, onde padarias artesanais e bistr\u00f4s de alto padr\u00e3o s\u00e3o o padr\u00e3o, n\u00e3o a exce\u00e7\u00e3o.<\/p>\n\n\n\n<p>Essa diversidade impacta a educa\u00e7\u00e3o e o conv\u00edvio social. Escolas com curr\u00edculos diferenciados e um ambiente de toler\u00e2ncia e sofistica\u00e7\u00e3o tornam a cidade atrativa para fam\u00edlias que desejam criar filhos em contato com m\u00faltiplas culturas, mas com os p\u00e9s na areia.<\/p>\n\n\n\n<p><strong>Descubra por que B\u00fazios \u00e9 um dos destinos mais charmosos do Brasil. <\/strong>O v\u00eddeo \u00e9 do canal <strong>Viagens Cine<\/strong>, que conta com mais de<strong> 500 mil inscritos<\/strong>, e apresenta o roteiro completo pelas 15 melhores praias, incluindo Gerib\u00e1, a Praia do Forno e dicas imperd\u00edveis de gastronomia na Orla Bardot:<\/p>\n\n\n\n<figure class=\"wp-block-embed aligncenter is-type-video is-provider-youtube wp-block-embed-youtube wp-embed-aspect-16-9 wp-has-aspect-ratio\"><div class=\"wp-block-embed__wrapper\">\n<div class=\"jeg_video_container jeg_video_content\"><iframe loading=\"lazy\" title=\"O que fazer em B\u00daZIOS RJ: Top 15 Melhores Praias, Onde Ficar e Restaurantes\" width=\"500\" height=\"281\" src=\"https:\/\/www.youtube.com\/embed\/sJ5JS63PUrc?start=111&#038;feature=oembed\" frameborder=\"0\" allow=\"accelerometer; autoplay; clipboard-write; encrypted-media; gyroscope; picture-in-picture; web-share\" referrerpolicy=\"strict-origin-when-cross-origin\" allowfullscreen><\/iframe><\/div>\n<\/div><\/figure>\n\n\n\n<h2 class=\"wp-block-heading\">O clima seco da pen\u00ednsula favorece a sa\u00fade?<\/h2>\n\n\n\n<p>A geografia de <strong>B\u00fazios<\/strong> cria um microclima semi\u00e1rido raro no litoral fluminense, com \u00edndices pluviom\u00e9tricos menores que os da capital. O sol brilha mais dias por ano, impulsionando a pr\u00e1tica de esportes n\u00e1uticos e a vida ao ar livre, fatores que contribuem para o bem-estar social, <strong>elevando o IDHM para o patamar de 0,728 segundo dados do <a href=\"https:\/\/cidades.ibge.gov.br\/brasil\/rj\/armacao-dos-buzios\/panorama\" target=\"_blank\" rel=\"noreferrer noopener\">IBGE<\/a><\/strong>.<\/p>\n\n\n\n<p>Os ventos constantes fazem da cidade a capital nacional da vela e do windsurf. Viver aqui \u00e9 ter a natureza como academia, utilizando as raias da <strong>Praia Rasa<\/strong> ou as ondas de <strong>Gerib\u00e1<\/strong> para manter a sa\u00fade f\u00edsica e mental em dia.<\/p>\n\n\n\n<h2 class=\"wp-block-heading\">Quais ref\u00fagios naturais comp\u00f5em a rotina do morador?<\/h2>\n\n\n\n<p>Com mais de 20 praias, a cidade oferece op\u00e7\u00f5es para cada estado de esp\u00edrito, permitindo que o habitante alterne entre o agito social e o isolamento contemplativo.<\/p>\n\n\n\n<ul class=\"wp-block-list\">\n<li><strong>Rua das Pedras<\/strong>: O shopping a c\u00e9u aberto mais charmoso do Brasil, onde a vida noturna e a gastronomia se encontram.<\/li>\n\n\n\n<li><strong>Porto da Barra<\/strong>: O local definitivo para assistir ao p\u00f4r do sol em Manguinhos, cercado por restaurantes de alta gastronomia.<\/li>\n\n\n\n<li><strong>Praia de Gerib\u00e1<\/strong>: O ponto de encontro da juventude e dos esportistas, com faixa de areia larga e ondas constantes.<\/li>\n\n\n\n<li><strong>Praia da Azeda\/Azedinha<\/strong>: \u00c1rea de prote\u00e7\u00e3o ambiental com \u00e1guas calmas e cristalinas, acess\u00edvel a p\u00e9 ou por t\u00e1xi-barco.<\/li>\n<\/ul>\n\n\n<div class=\"wp-block-image\">\n<figure class=\"aligncenter size-large\"><img decoding=\"async\" width=\"1024\" height=\"576\" src=\"https:\/\/www.correiobraziliense.com.br\/cbradar\/wp-content\/uploads\/2025\/11\/Buzios_1762405800711-1024x576.jpg\" alt=\"A antiga vila de pescadores que hoje \u00e9 um para\u00edso brasileiro marcante com praias paradis\u00edacas que parecem ter sa\u00eddo e outro planeta\" class=\"wp-image-132288\" srcset=\"https:\/\/www.correiobraziliense.com.br\/cbradar\/wp-content\/uploads\/2025\/11\/Buzios_1762405800711-1024x576.jpg 1024w, https:\/\/www.correiobraziliense.com.br\/cbradar\/wp-content\/uploads\/2025\/11\/Buzios_1762405800711-300x169.jpg 300w, https:\/\/www.correiobraziliense.com.br\/cbradar\/wp-content\/uploads\/2025\/11\/Buzios_1762405800711-768x432.jpg 768w, https:\/\/www.correiobraziliense.com.br\/cbradar\/wp-content\/uploads\/2025\/11\/Buzios_1762405800711-750x422.jpg 750w, https:\/\/www.correiobraziliense.com.br\/cbradar\/wp-content\/uploads\/2025\/11\/Buzios_1762405800711-1140x641.jpg 1140w, https:\/\/www.correiobraziliense.com.br\/cbradar\/wp-content\/uploads\/2025\/11\/Buzios_1762405800711.jpg 1280w\" sizes=\"(max-width: 1024px) 100vw, 1024px\" \/><figcaption class=\"wp-element-caption\">B\u00fazios \u00e9 um munic\u00edpio do Rio de Janeiro famoso por suas belas praias e vida noturna vibrante. \/\/ Cr\u00e9ditos: depositphotos.com \/ AlexRuhl<\/figcaption><\/figure><\/div>\n\n\n<p><strong>Leia tamb\u00e9m: <a href=\"https:\/\/www.correiobraziliense.com.br\/cbradar\/o-que-significa-e-qual-a-finalidade-de-colocar-papel-higienico-na-planta-lingua-de-sogra\/\" target=\"_blank\" rel=\"noreferrer noopener\">O que significa e qual a finalidade de colocar papel higi\u00eanico na planta l\u00edngua de sogra?<\/a><\/strong><\/p>\n\n\n\n<h2 class=\"wp-block-heading\">Como planejar a rotina com os ventos e temporadas?<\/h2>\n\n\n\n<p>Entender a din\u00e2mica dos ventos e o fluxo tur\u00edstico \u00e9 essencial para quem vive na pen\u00ednsula, garantindo tranquilidade mesmo na alta temporada.<\/p>\n\n\n\n<p>Segundo o portal <strong><a href=\"https:\/\/www.climatempo.com.br\/previsao-do-tempo\/cidade\/291\/buzios-rj\" target=\"_blank\" rel=\"noreferrer noopener\">Climatempo<\/a><\/strong>, a cidade \u00e9 uma das mais ensolaradas do Sudeste. Confira o que esperar:<\/p>\n\n\n\n<figure class=\"wp-block-table\"><table class=\"has-fixed-layout\"><thead><tr><th>Esta\u00e7\u00e3o\/Per\u00edodo<\/th><th>M\u00e9dia T\u00e9rmica<\/th><th>Dica de Viv\u00eancia<\/th><\/tr><\/thead><tbody><tr><td>Ver\u00e3o (Dez-Mar)<\/td><td>25\u00b0C a 32\u00b0C<\/td><td>Cidade cheia; prefira praias escondidas como a <strong>Foca<\/strong> ou <strong>Forno<\/strong>.<\/td><\/tr><tr><td>Inverno (Jun-Set)<\/td><td>19\u00b0C a 25\u00b0C<\/td><td>Seco e ventoso; a \u00e9poca mais sofisticada para a gastronomia.<\/td><\/tr><tr><td>Primavera<\/td><td>21\u00b0C a 28\u00b0C<\/td><td>\u00c1guas mais claras e temperaturas agrad\u00e1veis para velejar.<\/td><\/tr><\/tbody><\/table><\/figure>\n\n\n<div class=\"wp-block-image\">\n<figure class=\"aligncenter size-large\"><img decoding=\"async\" width=\"1024\" height=\"576\" src=\"https:\/\/www.correiobraziliense.com.br\/cbradar\/wp-content\/uploads\/2025\/02\/Buzios-rio-de-janeiro_1739850934637-1024x576.jpg\" alt=\"A antiga vila de pescadores que hoje \u00e9 um para\u00edso brasileiro marcante com praias paradis\u00edacas que parecem ter sa\u00eddo e outro planeta\" class=\"wp-image-3787\" srcset=\"https:\/\/www.correiobraziliense.com.br\/cbradar\/wp-content\/uploads\/2025\/02\/Buzios-rio-de-janeiro_1739850934637-1024x576.jpg 1024w, https:\/\/www.correiobraziliense.com.br\/cbradar\/wp-content\/uploads\/2025\/02\/Buzios-rio-de-janeiro_1739850934637-300x169.jpg 300w, https:\/\/www.correiobraziliense.com.br\/cbradar\/wp-content\/uploads\/2025\/02\/Buzios-rio-de-janeiro_1739850934637-768x432.jpg 768w, https:\/\/www.correiobraziliense.com.br\/cbradar\/wp-content\/uploads\/2025\/02\/Buzios-rio-de-janeiro_1739850934637-750x422.jpg 750w, https:\/\/www.correiobraziliense.com.br\/cbradar\/wp-content\/uploads\/2025\/02\/Buzios-rio-de-janeiro_1739850934637-1140x641.jpg 1140w, https:\/\/www.correiobraziliense.com.br\/cbradar\/wp-content\/uploads\/2025\/02\/Buzios-rio-de-janeiro_1739850934637.jpg 1280w\" sizes=\"(max-width: 1024px) 100vw, 1024px\" \/><figcaption class=\"wp-element-caption\">Cidade encantadora, B\u00fazios oferece ambiente acolhedor e empregos variados para todos os perfis. \/\/ Cr\u00e9ditos: depositphotos.com \/ dabldy<\/figcaption><\/figure><\/div>\n\n\n<h2 class=\"wp-block-heading\">Motivos estrat\u00e9gicos para viver em B\u00fazios<\/h2>\n\n\n\n<p><strong>A cidade oferece um estilo de vida exclusivo,<\/strong> unindo a seguran\u00e7a financeira dos royalties com a beleza c\u00eanica do Atl\u00e2ntico.<\/p>\n\n\n\n<ul class=\"wp-block-list\">\n<li>Seguran\u00e7a p\u00fablica superior \u00e0 da capital, permitindo liberdade de ir e vir.<\/li>\n\n\n\n<li>Conviv\u00eancia multicultural que enriquece a experi\u00eancia social e gastron\u00f4mica.<\/li>\n\n\n\n<li>Microclima ensolarado que maximiza os dias aproveit\u00e1veis de praia e lazer.<\/li>\n<\/ul>\n\n\n\n<p>Voc\u00ea precisa caminhar pela <strong>Orla Bardot <\/strong>ao entardecer para compreender a mistura de simplicidade e luxo que faz de B\u00fazios um endere\u00e7o \u00fanico no mundo.<\/p>\n","protected":false},"excerpt":{"rendered":"<p>Globalmente famosa, B\u00fazios transcende o turismo para se firmar como o endere\u00e7o mais cosmopolita do litoral de Rio de Janeiro. A cerca de 176 km da capital, a pen\u00ednsula oferece aos arma\u00e7\u00e3o-buzianos uma rotina segura financiada por uma das maiores rendas per capita do pa\u00eds, fruto dos royalties do petr\u00f3leo. Como os royalties do petr\u00f3leo [&hellip;]<\/p>\n","protected":false},"author":8,"featured_media":56612,"comment_status":"open","ping_status":"open","sticky":false,"template":"","format":"standard","meta":{"_yoast_wpseo_focuskw":"vila de pescadores","_yoast_wpseo_title":"","_yoast_wpseo_metadesc":"Essa antiga vila de pescadores se tornou mundialmente famosa por praias paradis\u00edacas que impressionam pela beleza quase surreal.","jnews-multi-image_gallery":[],"jnews_single_post":{"format":"standard"},"jnews_primary_category":[],"jnews_social_meta":[],"jnews_override_counter":[],"footnotes":""},"categories":[108,111],"post_tag":[813,304,7298],"class_list":["post-178813","post","type-post","status-publish","format-standard","has-post-thumbnail","hentry","category-cidades","category-turismo","tag-buzios","tag-rio-de-janeiro","tag-vila"],"yoast_head":"<!-- This site is optimized with the Yoast SEO plugin v24.6 - https:\/\/yoast.com\/wordpress\/plugins\/seo\/ -->\n<title>Uma antiga vila de pescadores que hoje \u00e9 mundialmente famosa encanta com praias paradis\u00edacas que parecem ter sa\u00eddo e outro planeta - Correio Braziliense - Radar<\/title>\n<meta name=\"description\" content=\"Essa antiga vila de pescadores se tornou mundialmente famosa por praias paradis\u00edacas que impressionam pela beleza quase surreal.\" \/>\n<meta name=\"robots\" content=\"index, follow, max-snippet:-1, max-image-preview:large, max-video-preview:-1\" \/>\n<link rel=\"canonical\" href=\"https:\/\/www.correiobraziliense.com.br\/cbradar\/uma-antiga-vila-de-pescadores-que-hoje-e-mundialmente-famosa-encanta-com-praias-paradisiacas-que-parecem-ter-saido-e-outro-planeta\/\" \/>\n<meta property=\"og:locale\" content=\"pt_BR\" \/>\n<meta property=\"og:type\" content=\"article\" \/>\n<meta property=\"og:title\" content=\"Uma antiga vila de pescadores que hoje \u00e9 mundialmente famosa encanta com praias paradis\u00edacas que parecem ter sa\u00eddo e outro planeta - Correio Braziliense - Radar\" \/>\n<meta property=\"og:description\" content=\"Essa antiga vila de pescadores se tornou mundialmente famosa por praias paradis\u00edacas que impressionam pela beleza quase surreal.\" \/>\n<meta property=\"og:url\" content=\"https:\/\/www.correiobraziliense.com.br\/cbradar\/uma-antiga-vila-de-pescadores-que-hoje-e-mundialmente-famosa-encanta-com-praias-paradisiacas-que-parecem-ter-saido-e-outro-planeta\/\" \/>\n<meta property=\"og:site_name\" content=\"Correio Braziliense - Radar\" \/>\n<meta property=\"article:published_time\" content=\"2026-01-21T09:25:00+00:00\" \/>\n<meta property=\"og:image\" content=\"https:\/\/www.correiobraziliense.com.br\/cbradar\/wp-content\/uploads\/2025\/06\/buzios_1750466979059.jpg\" \/>\n\t<meta property=\"og:image:width\" content=\"1280\" \/>\n\t<meta property=\"og:image:height\" content=\"720\" \/>\n\t<meta property=\"og:image:type\" content=\"image\/jpeg\" \/>\n<meta name=\"author\" content=\"Maura Pereira\" \/>\n<meta name=\"twitter:card\" content=\"summary_large_image\" \/>\n<meta name=\"twitter:label1\" content=\"Escrito por\" \/>\n\t<meta name=\"twitter:data1\" content=\"Maura Pereira\" \/>\n\t<meta name=\"twitter:label2\" content=\"Est. tempo de leitura\" \/>\n\t<meta name=\"twitter:data2\" content=\"6 minutos\" \/>\n<!-- \/ Yoast SEO plugin. -->","yoast_head_json":{"title":"Uma antiga vila de pescadores que hoje \u00e9 mundialmente famosa encanta com praias paradis\u00edacas que parecem ter sa\u00eddo e outro planeta - Correio Braziliense - Radar","description":"Essa antiga vila de pescadores se tornou mundialmente famosa por praias paradis\u00edacas que impressionam pela beleza quase surreal.","robots":{"index":"index","follow":"follow","max-snippet":"max-snippet:-1","max-image-preview":"max-image-preview:large","max-video-preview":"max-video-preview:-1"},"canonical":"https:\/\/www.correiobraziliense.com.br\/cbradar\/uma-antiga-vila-de-pescadores-que-hoje-e-mundialmente-famosa-encanta-com-praias-paradisiacas-que-parecem-ter-saido-e-outro-planeta\/","og_locale":"pt_BR","og_type":"article","og_title":"Uma antiga vila de pescadores que hoje \u00e9 mundialmente famosa encanta com praias paradis\u00edacas que parecem ter sa\u00eddo e outro planeta - Correio Braziliense - Radar","og_description":"Essa antiga vila de pescadores se tornou mundialmente famosa por praias paradis\u00edacas que impressionam pela beleza quase surreal.","og_url":"https:\/\/www.correiobraziliense.com.br\/cbradar\/uma-antiga-vila-de-pescadores-que-hoje-e-mundialmente-famosa-encanta-com-praias-paradisiacas-que-parecem-ter-saido-e-outro-planeta\/","og_site_name":"Correio Braziliense - Radar","article_published_time":"2026-01-21T09:25:00+00:00","og_image":[{"width":1280,"height":720,"url":"https:\/\/www.correiobraziliense.com.br\/cbradar\/wp-content\/uploads\/2025\/06\/buzios_1750466979059.jpg","type":"image\/jpeg"}],"author":"Maura Pereira","twitter_card":"summary_large_image","twitter_misc":{"Escrito por":"Maura Pereira","Est. tempo de leitura":"6 minutos"},"schema":{"@context":"https:\/\/schema.org","@graph":[{"@type":"WebPage","@id":"https:\/\/www.correiobraziliense.com.br\/cbradar\/uma-antiga-vila-de-pescadores-que-hoje-e-mundialmente-famosa-encanta-com-praias-paradisiacas-que-parecem-ter-saido-e-outro-planeta\/","url":"https:\/\/www.correiobraziliense.com.br\/cbradar\/uma-antiga-vila-de-pescadores-que-hoje-e-mundialmente-famosa-encanta-com-praias-paradisiacas-que-parecem-ter-saido-e-outro-planeta\/","name":"Uma antiga vila de pescadores que hoje \u00e9 mundialmente famosa encanta com praias paradis\u00edacas que parecem ter sa\u00eddo e outro planeta - Correio Braziliense - Radar","isPartOf":{"@id":"https:\/\/www.correiobraziliense.com.br\/cbradar\/#website"},"primaryImageOfPage":{"@id":"https:\/\/www.correiobraziliense.com.br\/cbradar\/uma-antiga-vila-de-pescadores-que-hoje-e-mundialmente-famosa-encanta-com-praias-paradisiacas-que-parecem-ter-saido-e-outro-planeta\/#primaryimage"},"image":{"@id":"https:\/\/www.correiobraziliense.com.br\/cbradar\/uma-antiga-vila-de-pescadores-que-hoje-e-mundialmente-famosa-encanta-com-praias-paradisiacas-que-parecem-ter-saido-e-outro-planeta\/#primaryimage"},"thumbnailUrl":"https:\/\/www.correiobraziliense.com.br\/cbradar\/wp-content\/uploads\/2025\/06\/buzios_1750466979059.jpg","datePublished":"2026-01-21T09:25:00+00:00","author":{"@id":"https:\/\/www.correiobraziliense.com.br\/cbradar\/#\/schema\/person\/4053c651a9bfc785afc6f4cbc9032fd3"},"description":"Essa antiga vila de pescadores se tornou mundialmente famosa por praias paradis\u00edacas que impressionam pela beleza quase surreal.","breadcrumb":{"@id":"https:\/\/www.correiobraziliense.com.br\/cbradar\/uma-antiga-vila-de-pescadores-que-hoje-e-mundialmente-famosa-encanta-com-praias-paradisiacas-que-parecem-ter-saido-e-outro-planeta\/#breadcrumb"},"inLanguage":"pt-BR","potentialAction":[{"@type":"ReadAction","target":["https:\/\/www.correiobraziliense.com.br\/cbradar\/uma-antiga-vila-de-pescadores-que-hoje-e-mundialmente-famosa-encanta-com-praias-paradisiacas-que-parecem-ter-saido-e-outro-planeta\/"]}]},{"@type":"ImageObject","inLanguage":"pt-BR","@id":"https:\/\/www.correiobraziliense.com.br\/cbradar\/uma-antiga-vila-de-pescadores-que-hoje-e-mundialmente-famosa-encanta-com-praias-paradisiacas-que-parecem-ter-saido-e-outro-planeta\/#primaryimage","url":"https:\/\/www.correiobraziliense.com.br\/cbradar\/wp-content\/uploads\/2025\/06\/buzios_1750466979059.jpg","contentUrl":"https:\/\/www.correiobraziliense.com.br\/cbradar\/wp-content\/uploads\/2025\/06\/buzios_1750466979059.jpg","width":1280,"height":720,"caption":"B\u00fazios tem clima tropical, praias com \u00e1guas claras e ventos ideais para iatismo e voo livre. \/\/ Cr\u00e9ditos: depositphotos.com \/ dabldy"},{"@type":"BreadcrumbList","@id":"https:\/\/www.correiobraziliense.com.br\/cbradar\/uma-antiga-vila-de-pescadores-que-hoje-e-mundialmente-famosa-encanta-com-praias-paradisiacas-que-parecem-ter-saido-e-outro-planeta\/#breadcrumb","itemListElement":[{"@type":"ListItem","position":1,"name":"In\u00edcio","item":"https:\/\/www.correiobraziliense.com.br\/cbradar\/"},{"@type":"ListItem","position":2,"name":"Uma antiga vila de pescadores que hoje \u00e9 mundialmente famosa encanta com praias paradis\u00edacas que parecem ter sa\u00eddo e outro planeta"}]},{"@type":"WebSite","@id":"https:\/\/www.correiobraziliense.com.br\/cbradar\/#website","url":"https:\/\/www.correiobraziliense.com.br\/cbradar\/","name":"Correio Braziliense - Radar","description":"Acompanhe as \u00faltimas not\u00edcias e fique bem informado sobre tudo o que acontece no Brasil e no mundo.","potentialAction":[{"@type":"SearchAction","target":{"@type":"EntryPoint","urlTemplate":"https:\/\/www.correiobraziliense.com.br\/cbradar\/?s={search_term_string}"},"query-input":{"@type":"PropertyValueSpecification","valueRequired":true,"valueName":"search_term_string"}}],"inLanguage":"pt-BR"},{"@type":"Person","@id":"https:\/\/www.correiobraziliense.com.br\/cbradar\/#\/schema\/person\/4053c651a9bfc785afc6f4cbc9032fd3","name":"Maura Pereira","image":{"@type":"ImageObject","inLanguage":"pt-BR","@id":"https:\/\/www.correiobraziliense.com.br\/cbradar\/#\/schema\/person\/image\/","url":"https:\/\/secure.gravatar.com\/avatar\/3effd6bdadfa447f15089c7f7144eaa6?s=96&d=mm&r=g","contentUrl":"https:\/\/secure.gravatar.com\/avatar\/3effd6bdadfa447f15089c7f7144eaa6?s=96&d=mm&r=g","caption":"Maura Pereira"},"sameAs":["https:\/\/www.correiobraziliense.com.br\/"],"url":"https:\/\/www.correiobraziliense.com.br\/cbradar\/author\/mauramyth\/"}]}},"_links":{"self":[{"href":"https:\/\/www.correiobraziliense.com.br\/cbradar\/wp-json\/wp\/v2\/posts\/178813","targetHints":{"allow":["GET"]}}],"collection":[{"href":"https:\/\/www.correiobraziliense.com.br\/cbradar\/wp-json\/wp\/v2\/posts"}],"about":[{"href":"https:\/\/www.correiobraziliense.com.br\/cbradar\/wp-json\/wp\/v2\/types\/post"}],"author":[{"embeddable":true,"href":"https:\/\/www.correiobraziliense.com.br\/cbradar\/wp-json\/wp\/v2\/users\/8"}],"replies":[{"embeddable":true,"href":"https:\/\/www.correiobraziliense.com.br\/cbradar\/wp-json\/wp\/v2\/comments?post=178813"}],"version-history":[{"count":14,"href":"https:\/\/www.correiobraziliense.com.br\/cbradar\/wp-json\/wp\/v2\/posts\/178813\/revisions"}],"predecessor-version":[{"id":178834,"href":"https:\/\/www.correiobraziliense.com.br\/cbradar\/wp-json\/wp\/v2\/posts\/178813\/revisions\/178834"}],"wp:featuredmedia":[{"embeddable":true,"href":"https:\/\/www.correiobraziliense.com.br\/cbradar\/wp-json\/wp\/v2\/media\/56612"}],"wp:attachment":[{"href":"https:\/\/www.correiobraziliense.com.br\/cbradar\/wp-json\/wp\/v2\/media?parent=178813"}],"wp:term":[{"taxonomy":"category","embeddable":true,"href":"https:\/\/www.correiobraziliense.com.br\/cbradar\/wp-json\/wp\/v2\/categories?post=178813"},{"taxonomy":"post_tag","embeddable":true,"href":"https:\/\/www.correiobraziliense.com.br\/cbradar\/wp-json\/wp\/v2\/post_tag?post=178813"}],"curies":[{"name":"wp","href":"https:\/\/api.w.org\/{rel}","templated":true}]}}