{"id":178909,"date":"2026-01-21T11:45:00","date_gmt":"2026-01-21T14:45:00","guid":{"rendered":"https:\/\/www.correiobraziliense.com.br\/cbradar\/?p=178909"},"modified":"2026-01-21T04:20:49","modified_gmt":"2026-01-21T07:20:49","slug":"a-157-km-do-rio-esse-paraiso-de-365-ilhas-se-destaca-pela-tecnologia-e-por-abrigar-um-complexo-nuclear","status":"publish","type":"post","link":"https:\/\/www.correiobraziliense.com.br\/cbradar\/a-157-km-do-rio-esse-paraiso-de-365-ilhas-se-destaca-pela-tecnologia-e-por-abrigar-um-complexo-nuclear\/","title":{"rendered":"A 157 km do Rio, esse para\u00edso de 365 ilhas se destaca pela tecnologia e por abrigar um complexo nuclear"},"content":{"rendered":"\n<p>Mundialmente cobi\u00e7ada por sua ba\u00eda de \u00e1guas esmeralda, <strong>Angra dos Reis<\/strong> \u00e9 um munic\u00edpio de contrastes fascinantes. Localizada a cerca de 157 km da capital <strong>Rio de Janeiro<\/strong>, a cidade oferece aos <strong>angrenses<\/strong> uma realidade onde a vida insular id\u00edlica convive com uma das economias mais complexas e tecnol\u00f3gicas do pa\u00eds.<\/p>\n\n\n\n<h2 class=\"wp-block-heading\">Como viver em um arquip\u00e9lago muda a rotina?<\/h2>\n\n\n\n<p><strong>A lenda local diz que Angra possui uma ilha para cada dia do ano. <\/strong>Essa geografia fragmentada em 365 ilhas molda o estilo de vida: para muitos, o barco \u00e9 t\u00e3o importante quanto o carro. A rotina de lazer e at\u00e9 de transporte escolar em algumas comunidades acontece sobre as \u00e1guas calmas da <strong>Ba\u00eda da Ilha Grande<\/strong>.<\/p>\n\n\n\n<p>Para o morador do continente, essa proximidade com o mar garante fins de semana de alt\u00edssima qualidade. Viver em Angra \u00e9 ter a possibilidade de sair do escrit\u00f3rio e, em minutos, estar mergulhando em aqu\u00e1rios naturais com tartarugas, um privil\u00e9gio que compensa os desafios urbanos de uma cidade espremida entre a serra e o mar.<\/p>\n\n\n<div class=\"wp-block-image\">\n<figure class=\"aligncenter size-large\"><img decoding=\"async\" width=\"1024\" height=\"576\" src=\"https:\/\/www.correiobraziliense.com.br\/cbradar\/wp-content\/uploads\/2025\/02\/Angra-dos-Reis_1740201029523-1024x576.jpg\" alt=\"A 157 km do Rio, esse para\u00edso de 365 ilhas se destaca pela tecnologia e por abrigar um complexo nuclear\" class=\"wp-image-4946\" srcset=\"https:\/\/www.correiobraziliense.com.br\/cbradar\/wp-content\/uploads\/2025\/02\/Angra-dos-Reis_1740201029523-1024x576.jpg 1024w, https:\/\/www.correiobraziliense.com.br\/cbradar\/wp-content\/uploads\/2025\/02\/Angra-dos-Reis_1740201029523-300x169.jpg 300w, https:\/\/www.correiobraziliense.com.br\/cbradar\/wp-content\/uploads\/2025\/02\/Angra-dos-Reis_1740201029523-768x432.jpg 768w, https:\/\/www.correiobraziliense.com.br\/cbradar\/wp-content\/uploads\/2025\/02\/Angra-dos-Reis_1740201029523-750x422.jpg 750w, https:\/\/www.correiobraziliense.com.br\/cbradar\/wp-content\/uploads\/2025\/02\/Angra-dos-Reis_1740201029523-1140x641.jpg 1140w, https:\/\/www.correiobraziliense.com.br\/cbradar\/wp-content\/uploads\/2025\/02\/Angra-dos-Reis_1740201029523.jpg 1280w\" sizes=\"(max-width: 1024px) 100vw, 1024px\" \/><figcaption class=\"wp-element-caption\">Angra dos Reis figura entre os destinos mais desejados do Brasil, com mais de 2.000 praias deslumbrantes. \/\/ Cr\u00e9ditos: depositphotos.com \/ rmnunes<\/figcaption><\/figure><\/div>\n\n\n<h2 class=\"wp-block-heading\">A capital da energia nuclear oferece seguran\u00e7a econ\u00f4mica?<\/h2>\n\n\n\n<p>A cidade abriga o complexo nuclear de <strong>Angra 1, 2 e 3<\/strong> (Eletronuclear) e grandes estaleiros como o <strong>BrasFELS<\/strong>. Essa base industrial pesada gera milhares de empregos t\u00e9cnicos e garante ao munic\u00edpio uma arrecada\u00e7\u00e3o de royalties invej\u00e1vel. Isso atrai engenheiros e profissionais especializados de todo o Brasil, criando uma demanda constante por servi\u00e7os e moradia de qualidade.<\/p>\n\n\n\n<p>A presen\u00e7a das usinas tamb\u00e9m imp\u00f5e um rigoroso plano de seguran\u00e7a e monitoramento ambiental na regi\u00e3o, o que paradoxalmente ajuda a preservar grandes faixas de Mata Atl\u00e2ntica no entorno das \u00e1reas militares e industriais.<\/p>\n\n\n\n<p><strong>Descubra as ilhas paradis\u00edacas e as praias curiosas deste destino ic\u00f4nico no Rio de Janeiro.<\/strong> O v\u00eddeo \u00e9 do canal <strong>Vamos Fugir Blog<\/strong>, que partilha roteiros detalhados e dicas de viagem, e apresenta um guia de 3 dias por Angra dos Reis, incluindo passeios de barco pelas ilhas Catagu\u00e1s e Botinas, o centro hist\u00f3rico e a ex\u00f3tica Praia das \u00c1guas Quentes:<\/p>\n\n\n\n<figure class=\"wp-block-embed aligncenter is-type-video is-provider-youtube wp-block-embed-youtube wp-embed-aspect-16-9 wp-has-aspect-ratio\"><div class=\"wp-block-embed__wrapper\">\n<div class=\"jeg_video_container jeg_video_content\"><iframe loading=\"lazy\" title=\"O que fazer em ANGRA DOS REIS  em 3 dias - Roteiro Completo com PRE\u00c7OS + Pousada p\u00e9 na Areia\" width=\"500\" height=\"281\" src=\"https:\/\/www.youtube.com\/embed\/OUjdSo4xSfc?start=19&#038;feature=oembed\" frameborder=\"0\" allow=\"accelerometer; autoplay; clipboard-write; encrypted-media; gyroscope; picture-in-picture; web-share\" referrerpolicy=\"strict-origin-when-cross-origin\" allowfullscreen><\/iframe><\/div>\n<\/div><\/figure>\n\n\n\n<h2 class=\"wp-block-heading\">Por que a Ilha Grande \u00e9 um patrim\u00f4nio da humanidade?<\/h2>\n\n\n\n<p>A <strong>Ilha Grande<\/strong> \u00e9 a joia da coroa. Reconhecida pela UNESCO como Patrim\u00f4nio Mundial, ela \u00e9 um santu\u00e1rio sem carros, onde a natureza reina absoluta. Para o morador de Angra, a ilha \u00e9 o ref\u00fagio de fim de semana, com mais de 100 praias, incluindo a c\u00e9lebre <strong>Lopes Mendes<\/strong>.<\/p>\n\n\n\n<p>A preserva\u00e7\u00e3o rigorosa da ilha, que j\u00e1 foi pres\u00eddio e lepros\u00e1rio, garantiu que a floresta se regenerasse. Hoje, ela sustenta um turismo ecol\u00f3gico internacional que movimenta pousadas, restaurantes e guias, diversificando a economia para al\u00e9m da ind\u00fastria naval e energ\u00e9tica.<\/p>\n\n\n<div class=\"wp-block-image\">\n<figure class=\"aligncenter size-large\"><img decoding=\"async\" width=\"1024\" height=\"576\" src=\"https:\/\/www.correiobraziliense.com.br\/cbradar\/wp-content\/uploads\/2025\/08\/Angra-dos-Reis_1754164117688-1024x576.jpg\" alt=\"A 157 km do Rio, esse para\u00edso de 365 ilhas se destaca pela tecnologia e por abrigar um complexo nuclear\" class=\"wp-image-79767\" srcset=\"https:\/\/www.correiobraziliense.com.br\/cbradar\/wp-content\/uploads\/2025\/08\/Angra-dos-Reis_1754164117688-1024x576.jpg 1024w, https:\/\/www.correiobraziliense.com.br\/cbradar\/wp-content\/uploads\/2025\/08\/Angra-dos-Reis_1754164117688-300x169.jpg 300w, https:\/\/www.correiobraziliense.com.br\/cbradar\/wp-content\/uploads\/2025\/08\/Angra-dos-Reis_1754164117688-768x432.jpg 768w, https:\/\/www.correiobraziliense.com.br\/cbradar\/wp-content\/uploads\/2025\/08\/Angra-dos-Reis_1754164117688-750x422.jpg 750w, https:\/\/www.correiobraziliense.com.br\/cbradar\/wp-content\/uploads\/2025\/08\/Angra-dos-Reis_1754164117688-1140x641.jpg 1140w, https:\/\/www.correiobraziliense.com.br\/cbradar\/wp-content\/uploads\/2025\/08\/Angra-dos-Reis_1754164117688.jpg 1280w\" sizes=\"(max-width: 1024px) 100vw, 1024px\" \/><figcaption class=\"wp-element-caption\">Angra dos Reis encanta visitantes com mar cristalino, ilhas preservadas e natureza exuberante. \/\/ Cr\u00e9ditos: depositphotos.com \/ bermed2009.hotmail.com<\/figcaption><\/figure><\/div>\n\n\n<h2 class=\"wp-block-heading\">Quais experi\u00eancias definem a Costa Verde?<\/h2>\n\n\n\n<p>O roteiro em Angra mistura a sofistica\u00e7\u00e3o dos condom\u00ednios de luxo com a rusticidade cai\u00e7ara e a hist\u00f3ria colonial.<\/p>\n\n\n\n<ul class=\"wp-block-list\">\n<li><strong>Lagoa Azul<\/strong>: Uma piscina natural de \u00e1guas turquesas na Ilha Grande, parada obrigat\u00f3ria para snorkeling.<\/li>\n\n\n\n<li><strong>Centro Hist\u00f3rico<\/strong>: Abriga casar\u00f5es coloniais, conventos e igrejas que remetem ao tempo em que a cidade era um porto vital para o ouro.<\/li>\n\n\n\n<li><strong>Praia do Dentista (Gip\u00f3ia)<\/strong>: O ponto de encontro da elite n\u00e1utica, onde iates e lanchas se re\u00fanem em \u00e1guas cristalinas.<\/li>\n\n\n\n<li><strong>Pico do Frade<\/strong>: Para os aventureiros, uma das trilhas mais desafiadoras da regi\u00e3o, com vista panor\u00e2mica de todo o arquip\u00e9lago.<\/li>\n<\/ul>\n\n\n\n<p><strong>Leia tamb\u00e9m: <a href=\"https:\/\/www.correiobraziliense.com.br\/cbradar\/o-que-significa-quando-alguem-cruza-os-dedos-as-maos-ou-os-bracos-segundo-a-psicologia-e-a-ciencia\/\" target=\"_blank\" rel=\"noreferrer noopener\">O que significa quando algu\u00e9m cruza os dedos, as m\u00e3os ou os bra\u00e7os, segundo a psicologia e a ci\u00eancia<\/a><\/strong><\/p>\n\n\n\n<h2 class=\"wp-block-heading\">Como lidar com a chuva constante na regi\u00e3o?<\/h2>\n\n\n\n<p>N\u00e3o \u00e9 \u00e0 toa que a cidade tem o apelido carinhoso (e \u00famido) de &#8220;Mijangra&#8221;. A barreira da Serra do Mar ret\u00e9m a umidade do oceano, provocando \u00edndices pluviom\u00e9tricos alt\u00edssimos.<\/p>\n\n\n\n<p>Segundo o portal <strong><a href=\"https:\/\/www.climatempo.com.br\/previsao-do-tempo\/cidade\/769\/angradosreis-rj\" target=\"_blank\" rel=\"noreferrer noopener\">Climatempo<\/a><\/strong>, a chuva \u00e9 parte integrante da vida. Confira o planejamento:<\/p>\n\n\n\n<figure class=\"wp-block-table\"><table class=\"has-fixed-layout\"><thead><tr><th>Esta\u00e7\u00e3o\/Per\u00edodo<\/th><th>M\u00e9dia T\u00e9rmica<\/th><th>O que esperar<\/th><\/tr><\/thead><tbody><tr><td>Ver\u00e3o (Dez-Mar)<\/td><td>24\u00b0C a 32\u00b0C<\/td><td>Calor intenso e chuvas quase di\u00e1rias; mar perfeito para banho.<\/td><\/tr><tr><td>Inverno (Jun-Set)<\/td><td>18\u00b0C a 26\u00b0C<\/td><td>\u00c9poca mais seca e com dias de c\u00e9u azul brilhante; ideal para trilhas.<\/td><\/tr><tr><td>Outono\/Primavera<\/td><td>21\u00b0C a 28\u00b0C<\/td><td>Clima agrad\u00e1vel, mas com instabilidade frequente; leve sempre guarda-chuva.<\/td><\/tr><\/tbody><\/table><\/figure>\n\n\n<div class=\"wp-block-image\">\n<figure class=\"aligncenter size-large\"><img decoding=\"async\" width=\"1024\" height=\"576\" src=\"https:\/\/www.correiobraziliense.com.br\/cbradar\/wp-content\/uploads\/2025\/08\/Angra-dos-Reis_1754164015728-1024x576.jpg\" alt=\"Esse para\u00edso brasileiro com 365 ilhas encanta turistas do mundo inteiro\" class=\"wp-image-79764\" srcset=\"https:\/\/www.correiobraziliense.com.br\/cbradar\/wp-content\/uploads\/2025\/08\/Angra-dos-Reis_1754164015728-1024x576.jpg 1024w, https:\/\/www.correiobraziliense.com.br\/cbradar\/wp-content\/uploads\/2025\/08\/Angra-dos-Reis_1754164015728-300x169.jpg 300w, https:\/\/www.correiobraziliense.com.br\/cbradar\/wp-content\/uploads\/2025\/08\/Angra-dos-Reis_1754164015728-768x432.jpg 768w, https:\/\/www.correiobraziliense.com.br\/cbradar\/wp-content\/uploads\/2025\/08\/Angra-dos-Reis_1754164015728-750x422.jpg 750w, https:\/\/www.correiobraziliense.com.br\/cbradar\/wp-content\/uploads\/2025\/08\/Angra-dos-Reis_1754164015728-1140x641.jpg 1140w, https:\/\/www.correiobraziliense.com.br\/cbradar\/wp-content\/uploads\/2025\/08\/Angra-dos-Reis_1754164015728.jpg 1280w\" sizes=\"(max-width: 1024px) 100vw, 1024px\" \/><figcaption class=\"wp-element-caption\">Angra dos Reis se destaca pelo turismo sustent\u00e1vel e pelas \u00e1guas mais cristalinas do litoral do Rio. \/\/ Cr\u00e9ditos: depositphotos.com \/ Cristian_Lourenco<\/figcaption><\/figure><\/div>\n\n\n<h2 class=\"wp-block-heading\">Motivos estrat\u00e9gicos para viver em Angra dos Reis<\/h2>\n\n\n\n<p>O munic\u00edpio \u00e9 um polo de oportunidades para quem atua nos setores de energia e naval, oferecendo um cen\u00e1rio natural incompar\u00e1vel como &#8220;quintal&#8221;.<\/p>\n\n\n\n<ul class=\"wp-block-list\">\n<li>Mercado de trabalho t\u00e9cnico aquecido pelas usinas nucleares e ind\u00fastria offshore.<\/li>\n\n\n\n<li>Acesso direto a um dos arquip\u00e9lagos mais bonitos do planeta, a <strong>Ilha Grande<\/strong>.<\/li>\n\n\n\n<li>Localiza\u00e7\u00e3o estrat\u00e9gica na <strong>Costa Verde<\/strong>, entre o Rio de Janeiro e S\u00e3o Paulo.<\/li>\n<\/ul>\n\n\n\n<p>Voc\u00ea precisa fazer um passeio de barco pelas Ilhas Botinas para entender por que Angra dos Reis continua sendo o destino dos sonhos de quem ama o mar.<\/p>\n","protected":false},"excerpt":{"rendered":"<p>Mundialmente cobi\u00e7ada por sua ba\u00eda de \u00e1guas esmeralda, Angra dos Reis \u00e9 um munic\u00edpio de contrastes fascinantes. Localizada a cerca de 157 km da capital Rio de Janeiro, a cidade oferece aos angrenses uma realidade onde a vida insular id\u00edlica convive com uma das economias mais complexas e tecnol\u00f3gicas do pa\u00eds. Como viver em um [&hellip;]<\/p>\n","protected":false},"author":8,"featured_media":4947,"comment_status":"open","ping_status":"open","sticky":false,"template":"","format":"standard","meta":{"_yoast_wpseo_focuskw":"ilhas no rio de janeiro","_yoast_wpseo_title":"","_yoast_wpseo_metadesc":"Esse para\u00edso de 365 ilhas a 157 km do Rio de Janeiro abriga um complexo nuclear e virou um dos lugares mais tecnol\u00f3gicos do pa\u00eds.","jnews-multi-image_gallery":[],"jnews_single_post":{"format":"standard"},"jnews_primary_category":[],"jnews_social_meta":[],"jnews_override_counter":[],"footnotes":""},"categories":[108,111],"post_tag":[557,304],"class_list":["post-178909","post","type-post","status-publish","format-standard","has-post-thumbnail","hentry","category-cidades","category-turismo","tag-angra-dos-reis","tag-rio-de-janeiro"],"yoast_head":"<!-- This site is optimized with the Yoast SEO plugin v24.6 - https:\/\/yoast.com\/wordpress\/plugins\/seo\/ -->\n<title>A 157 km do Rio, esse para\u00edso de 365 ilhas se destaca pela tecnologia e por abrigar um complexo nuclear - Correio Braziliense - Radar<\/title>\n<meta name=\"description\" content=\"Esse para\u00edso de 365 ilhas a 157 km do Rio de Janeiro abriga um complexo nuclear e virou um dos lugares mais tecnol\u00f3gicos do pa\u00eds.\" \/>\n<meta name=\"robots\" content=\"index, follow, max-snippet:-1, max-image-preview:large, max-video-preview:-1\" \/>\n<link rel=\"canonical\" href=\"https:\/\/www.correiobraziliense.com.br\/cbradar\/a-157-km-do-rio-esse-paraiso-de-365-ilhas-se-destaca-pela-tecnologia-e-por-abrigar-um-complexo-nuclear\/\" \/>\n<meta property=\"og:locale\" content=\"pt_BR\" \/>\n<meta property=\"og:type\" content=\"article\" \/>\n<meta property=\"og:title\" content=\"A 157 km do Rio, esse para\u00edso de 365 ilhas se destaca pela tecnologia e por abrigar um complexo nuclear - Correio Braziliense - Radar\" \/>\n<meta property=\"og:description\" content=\"Esse para\u00edso de 365 ilhas a 157 km do Rio de Janeiro abriga um complexo nuclear e virou um dos lugares mais tecnol\u00f3gicos do pa\u00eds.\" \/>\n<meta property=\"og:url\" content=\"https:\/\/www.correiobraziliense.com.br\/cbradar\/a-157-km-do-rio-esse-paraiso-de-365-ilhas-se-destaca-pela-tecnologia-e-por-abrigar-um-complexo-nuclear\/\" \/>\n<meta property=\"og:site_name\" content=\"Correio Braziliense - Radar\" \/>\n<meta property=\"article:published_time\" content=\"2026-01-21T14:45:00+00:00\" \/>\n<meta property=\"og:image\" content=\"https:\/\/www.correiobraziliense.com.br\/cbradar\/wp-content\/uploads\/2025\/02\/Angra-dos-Reis_1740200986110.jpg\" \/>\n\t<meta property=\"og:image:width\" content=\"1280\" \/>\n\t<meta property=\"og:image:height\" content=\"720\" \/>\n\t<meta property=\"og:image:type\" content=\"image\/jpeg\" \/>\n<meta name=\"author\" content=\"Maura Pereira\" \/>\n<meta name=\"twitter:card\" content=\"summary_large_image\" \/>\n<meta name=\"twitter:label1\" content=\"Escrito por\" \/>\n\t<meta name=\"twitter:data1\" content=\"Maura Pereira\" \/>\n\t<meta name=\"twitter:label2\" content=\"Est. tempo de leitura\" \/>\n\t<meta name=\"twitter:data2\" content=\"6 minutos\" \/>\n<!-- \/ Yoast SEO plugin. -->","yoast_head_json":{"title":"A 157 km do Rio, esse para\u00edso de 365 ilhas se destaca pela tecnologia e por abrigar um complexo nuclear - Correio Braziliense - Radar","description":"Esse para\u00edso de 365 ilhas a 157 km do Rio de Janeiro abriga um complexo nuclear e virou um dos lugares mais tecnol\u00f3gicos do pa\u00eds.","robots":{"index":"index","follow":"follow","max-snippet":"max-snippet:-1","max-image-preview":"max-image-preview:large","max-video-preview":"max-video-preview:-1"},"canonical":"https:\/\/www.correiobraziliense.com.br\/cbradar\/a-157-km-do-rio-esse-paraiso-de-365-ilhas-se-destaca-pela-tecnologia-e-por-abrigar-um-complexo-nuclear\/","og_locale":"pt_BR","og_type":"article","og_title":"A 157 km do Rio, esse para\u00edso de 365 ilhas se destaca pela tecnologia e por abrigar um complexo nuclear - Correio Braziliense - Radar","og_description":"Esse para\u00edso de 365 ilhas a 157 km do Rio de Janeiro abriga um complexo nuclear e virou um dos lugares mais tecnol\u00f3gicos do pa\u00eds.","og_url":"https:\/\/www.correiobraziliense.com.br\/cbradar\/a-157-km-do-rio-esse-paraiso-de-365-ilhas-se-destaca-pela-tecnologia-e-por-abrigar-um-complexo-nuclear\/","og_site_name":"Correio Braziliense - Radar","article_published_time":"2026-01-21T14:45:00+00:00","og_image":[{"width":1280,"height":720,"url":"https:\/\/www.correiobraziliense.com.br\/cbradar\/wp-content\/uploads\/2025\/02\/Angra-dos-Reis_1740200986110.jpg","type":"image\/jpeg"}],"author":"Maura Pereira","twitter_card":"summary_large_image","twitter_misc":{"Escrito por":"Maura Pereira","Est. tempo de leitura":"6 minutos"},"schema":{"@context":"https:\/\/schema.org","@graph":[{"@type":"WebPage","@id":"https:\/\/www.correiobraziliense.com.br\/cbradar\/a-157-km-do-rio-esse-paraiso-de-365-ilhas-se-destaca-pela-tecnologia-e-por-abrigar-um-complexo-nuclear\/","url":"https:\/\/www.correiobraziliense.com.br\/cbradar\/a-157-km-do-rio-esse-paraiso-de-365-ilhas-se-destaca-pela-tecnologia-e-por-abrigar-um-complexo-nuclear\/","name":"A 157 km do Rio, esse para\u00edso de 365 ilhas se destaca pela tecnologia e por abrigar um complexo nuclear - Correio Braziliense - Radar","isPartOf":{"@id":"https:\/\/www.correiobraziliense.com.br\/cbradar\/#website"},"primaryImageOfPage":{"@id":"https:\/\/www.correiobraziliense.com.br\/cbradar\/a-157-km-do-rio-esse-paraiso-de-365-ilhas-se-destaca-pela-tecnologia-e-por-abrigar-um-complexo-nuclear\/#primaryimage"},"image":{"@id":"https:\/\/www.correiobraziliense.com.br\/cbradar\/a-157-km-do-rio-esse-paraiso-de-365-ilhas-se-destaca-pela-tecnologia-e-por-abrigar-um-complexo-nuclear\/#primaryimage"},"thumbnailUrl":"https:\/\/www.correiobraziliense.com.br\/cbradar\/wp-content\/uploads\/2025\/02\/Angra-dos-Reis_1740200986110.jpg","datePublished":"2026-01-21T14:45:00+00:00","author":{"@id":"https:\/\/www.correiobraziliense.com.br\/cbradar\/#\/schema\/person\/4053c651a9bfc785afc6f4cbc9032fd3"},"description":"Esse para\u00edso de 365 ilhas a 157 km do Rio de Janeiro abriga um complexo nuclear e virou um dos lugares mais tecnol\u00f3gicos do pa\u00eds.","breadcrumb":{"@id":"https:\/\/www.correiobraziliense.com.br\/cbradar\/a-157-km-do-rio-esse-paraiso-de-365-ilhas-se-destaca-pela-tecnologia-e-por-abrigar-um-complexo-nuclear\/#breadcrumb"},"inLanguage":"pt-BR","potentialAction":[{"@type":"ReadAction","target":["https:\/\/www.correiobraziliense.com.br\/cbradar\/a-157-km-do-rio-esse-paraiso-de-365-ilhas-se-destaca-pela-tecnologia-e-por-abrigar-um-complexo-nuclear\/"]}]},{"@type":"ImageObject","inLanguage":"pt-BR","@id":"https:\/\/www.correiobraziliense.com.br\/cbradar\/a-157-km-do-rio-esse-paraiso-de-365-ilhas-se-destaca-pela-tecnologia-e-por-abrigar-um-complexo-nuclear\/#primaryimage","url":"https:\/\/www.correiobraziliense.com.br\/cbradar\/wp-content\/uploads\/2025\/02\/Angra-dos-Reis_1740200986110.jpg","contentUrl":"https:\/\/www.correiobraziliense.com.br\/cbradar\/wp-content\/uploads\/2025\/02\/Angra-dos-Reis_1740200986110.jpg","width":1280,"height":720,"caption":"Ref\u00fagio tropical com ilhas e enseadas, Angra dos Reis \u00e9 sin\u00f4nimo de mar, descanso e paisagens \u00fanicas. \/\/ Cr\u00e9ditos: depositphotos.com \/ Cristian_Lourenco"},{"@type":"BreadcrumbList","@id":"https:\/\/www.correiobraziliense.com.br\/cbradar\/a-157-km-do-rio-esse-paraiso-de-365-ilhas-se-destaca-pela-tecnologia-e-por-abrigar-um-complexo-nuclear\/#breadcrumb","itemListElement":[{"@type":"ListItem","position":1,"name":"In\u00edcio","item":"https:\/\/www.correiobraziliense.com.br\/cbradar\/"},{"@type":"ListItem","position":2,"name":"A 157 km do Rio, esse para\u00edso de 365 ilhas se destaca pela tecnologia e por abrigar um complexo nuclear"}]},{"@type":"WebSite","@id":"https:\/\/www.correiobraziliense.com.br\/cbradar\/#website","url":"https:\/\/www.correiobraziliense.com.br\/cbradar\/","name":"Correio Braziliense - Radar","description":"Acompanhe as \u00faltimas not\u00edcias e fique bem informado sobre tudo o que acontece no Brasil e no mundo.","potentialAction":[{"@type":"SearchAction","target":{"@type":"EntryPoint","urlTemplate":"https:\/\/www.correiobraziliense.com.br\/cbradar\/?s={search_term_string}"},"query-input":{"@type":"PropertyValueSpecification","valueRequired":true,"valueName":"search_term_string"}}],"inLanguage":"pt-BR"},{"@type":"Person","@id":"https:\/\/www.correiobraziliense.com.br\/cbradar\/#\/schema\/person\/4053c651a9bfc785afc6f4cbc9032fd3","name":"Maura Pereira","image":{"@type":"ImageObject","inLanguage":"pt-BR","@id":"https:\/\/www.correiobraziliense.com.br\/cbradar\/#\/schema\/person\/image\/","url":"https:\/\/secure.gravatar.com\/avatar\/3effd6bdadfa447f15089c7f7144eaa6?s=96&d=mm&r=g","contentUrl":"https:\/\/secure.gravatar.com\/avatar\/3effd6bdadfa447f15089c7f7144eaa6?s=96&d=mm&r=g","caption":"Maura Pereira"},"sameAs":["https:\/\/www.correiobraziliense.com.br\/"],"url":"https:\/\/www.correiobraziliense.com.br\/cbradar\/author\/mauramyth\/"}]}},"_links":{"self":[{"href":"https:\/\/www.correiobraziliense.com.br\/cbradar\/wp-json\/wp\/v2\/posts\/178909","targetHints":{"allow":["GET"]}}],"collection":[{"href":"https:\/\/www.correiobraziliense.com.br\/cbradar\/wp-json\/wp\/v2\/posts"}],"about":[{"href":"https:\/\/www.correiobraziliense.com.br\/cbradar\/wp-json\/wp\/v2\/types\/post"}],"author":[{"embeddable":true,"href":"https:\/\/www.correiobraziliense.com.br\/cbradar\/wp-json\/wp\/v2\/users\/8"}],"replies":[{"embeddable":true,"href":"https:\/\/www.correiobraziliense.com.br\/cbradar\/wp-json\/wp\/v2\/comments?post=178909"}],"version-history":[{"count":12,"href":"https:\/\/www.correiobraziliense.com.br\/cbradar\/wp-json\/wp\/v2\/posts\/178909\/revisions"}],"predecessor-version":[{"id":178970,"href":"https:\/\/www.correiobraziliense.com.br\/cbradar\/wp-json\/wp\/v2\/posts\/178909\/revisions\/178970"}],"wp:featuredmedia":[{"embeddable":true,"href":"https:\/\/www.correiobraziliense.com.br\/cbradar\/wp-json\/wp\/v2\/media\/4947"}],"wp:attachment":[{"href":"https:\/\/www.correiobraziliense.com.br\/cbradar\/wp-json\/wp\/v2\/media?parent=178909"}],"wp:term":[{"taxonomy":"category","embeddable":true,"href":"https:\/\/www.correiobraziliense.com.br\/cbradar\/wp-json\/wp\/v2\/categories?post=178909"},{"taxonomy":"post_tag","embeddable":true,"href":"https:\/\/www.correiobraziliense.com.br\/cbradar\/wp-json\/wp\/v2\/post_tag?post=178909"}],"curies":[{"name":"wp","href":"https:\/\/api.w.org\/{rel}","templated":true}]}}