{"id":179017,"date":"2026-01-25T14:15:00","date_gmt":"2026-01-25T17:15:00","guid":{"rendered":"https:\/\/www.correiobraziliense.com.br\/cbradar\/?p=179017"},"modified":"2026-01-24T12:10:30","modified_gmt":"2026-01-24T15:10:30","slug":"poucos-sabem-o-truque-para-ver-se-a-pera-esta-madura-antes-de-comprar","status":"publish","type":"post","link":"https:\/\/www.correiobraziliense.com.br\/cbradar\/poucos-sabem-o-truque-para-ver-se-a-pera-esta-madura-antes-de-comprar\/","title":{"rendered":"Poucos sabem o truque para ver se a pera est\u00e1 madura antes de comprar"},"content":{"rendered":"\n<p>As peras ocupam um lugar particular entre as frutas frescas justamente por n\u00e3o serem colhidas totalmente maduras. Essa caracter\u00edstica interfere em todo o ciclo de consumo, desde a colheita at\u00e9 a forma como s\u00e3o guardadas em casa. Entender como funciona o <strong>amadurecimento dessa fruta<\/strong> ajuda a prolongar o tempo de aproveitamento, preservar o <strong>valor nutritivo<\/strong> e evitar desperd\u00edcios no dia a dia.<\/p>\n\n\n\n<h2 class=\"wp-block-heading\">Por que as peras s\u00e3o colhidas verdes e como isso afeta a qualidade<\/h2>\n\n\n\n<p>A colheita das peras antes de estarem maduras acontece por raz\u00f5es <strong>fisiol\u00f3gicas<\/strong> e tamb\u00e9m de <strong>log\u00edstica<\/strong>. Diferente de outras frutas que completam o amadurecimento na planta, a <strong>pera amadurece melhor fora da \u00e1rvore<\/strong>, o que permite controlar melhor textura e do\u00e7ura.<\/p>\n\n\n\n<p>Depois de retirada, o fruto continua em atividade, utilizando reservas internas para desenvolver aroma, sabor e sucul\u00eancia. Durante esse per\u00edodo, ocorre a transforma\u00e7\u00e3o de <strong>amidos em a\u00e7\u00facares<\/strong>, t\u00edpica de frutas climat\u00e9ricas. Se amadurecessem totalmente na \u00e1rvore, ficariam muito fr\u00e1geis para transporte e armazenamento, aumentando danos f\u00edsicos e deteriora\u00e7\u00e3o.<\/p>\n\n\n\n<h2 class=\"wp-block-heading\">Como o ponto de colheita influencia transporte e armazenamento<\/h2>\n\n\n\n<p>Colher a fruta mais firme permite maior controlo da <strong>cadeia de frio<\/strong> e do tempo de distribui\u00e7\u00e3o at\u00e9 ao consumidor. Dessa forma, produtores e comerciantes conseguem gerir melhor o <strong>ponto de matura\u00e7\u00e3o<\/strong> em que a pera chegar\u00e1 \u00e0s prateleiras, mantendo qualidade visual e sensorial.<\/p>\n\n\n\n<p>Esse manejo tamb\u00e9m reduz perdas ao longo do caminho, j\u00e1 que a fruta suporta melhor o manuseio e as varia\u00e7\u00f5es de temperatura. Em mercados que trabalham com grandes volumes, essa estrat\u00e9gia \u00e9 essencial para garantir <strong>padroniza\u00e7\u00e3o<\/strong> e seguran\u00e7a alimentar.<\/p>\n\n\n\n<h2 class=\"wp-block-heading\">Como armazenar peras verdes corretamente em casa<\/h2>\n\n\n\n<p>O armazenamento de peras verdes pode seguir estrat\u00e9gias diferentes, dependendo se se pretende <strong>acelerar<\/strong> ou <strong>retardar<\/strong> o amadurecimento. A escolha do local e da forma de conserva\u00e7\u00e3o influencia diretamente a <strong>textura<\/strong>, o sabor e at\u00e9 a reten\u00e7\u00e3o de vitaminas da fruta.<\/p>\n\n\n\n<p>Para quem deseja que o processo seja mais lento, o <strong>frigor\u00edfico<\/strong> \u00e9 o principal aliado. Em temperaturas mais baixas, o metabolismo da fruta diminui, atrasando a a\u00e7\u00e3o das enzimas respons\u00e1veis pelo amolecimento da polpa. No entanto, mesmo no frio, a pera continua a amadurecer, por isso \u00e9 importante fazer uma verifica\u00e7\u00e3o peri\u00f3dica.<\/p>\n\n\n\n<ul class=\"wp-block-list\">\n<li>Guardar em gavetas de frutas do frigor\u00edfico para reduzir desidrata\u00e7\u00e3o;<\/li>\n\n\n\n<li>Evitar amontoar muitas peras, para minimizar <strong>machucados<\/strong> e zonas de press\u00e3o;<\/li>\n\n\n\n<li>Manter afastadas de frutas muito maduras, que libertam bastante <strong>etileno<\/strong> e aceleram o processo.<\/li>\n<\/ul>\n\n\n\n<p>Antes disso, trouxemos o v\u00eddeo do perfil @dicasdequel de como escolher do jeito certo, considerando todas as vari\u00e1veis que apontamos anteriormente:<\/p>\n\n\n\n<blockquote class=\"tiktok-embed\" cite=\"https:\/\/www.tiktok.com\/@dicasdequel\/video\/7257223927007677701\" data-video-id=\"7257223927007677701\" style=\"max-width: 605px;min-width: 325px;\" > <section> <a target=\"_blank\" title=\"@dicasdequel\" href=\"https:\/\/www.tiktok.com\/@dicasdequel?refer=embed\">@dicasdequel<\/a> como escolher frutas <a title=\"cozinha\" target=\"_blank\" href=\"https:\/\/www.tiktok.com\/tag\/cozinha?refer=embed\">#cozinha<\/a> <a title=\"frutas\" target=\"_blank\" href=\"https:\/\/www.tiktok.com\/tag\/frutas?refer=embed\">#frutas<\/a> <a title=\"donadecasa\" target=\"_blank\" href=\"https:\/\/www.tiktok.com\/tag\/donadecasa?refer=embed\">#donadecasa<\/a> <a title=\"dicasdecasa\" target=\"_blank\" href=\"https:\/\/www.tiktok.com\/tag\/dicasdecasa?refer=embed\">#dicasdecasa<\/a> <a title=\"comoescolher\" target=\"_blank\" href=\"https:\/\/www.tiktok.com\/tag\/comoescolher?refer=embed\">#comoescolher<\/a> <a title=\"hortifruti\" target=\"_blank\" href=\"https:\/\/www.tiktok.com\/tag\/hortifruti?refer=embed\">#hortifruti<\/a> <a title=\"dicasdemercado\" target=\"_blank\" href=\"https:\/\/www.tiktok.com\/tag\/dicasdemercado?refer=embed\">#dicasdemercado<\/a> <a target=\"_blank\" title=\"\u266c som original - Dicas de quel\" href=\"https:\/\/www.tiktok.com\/music\/som-original-7257223931940096773?refer=embed\">\u266c som original &#8211; Dicas de quel<\/a> <\/section> <\/blockquote> <script async src=\"https:\/\/www.tiktok.com\/embed.js\"><\/script>\n\n\n\n<h2 class=\"wp-block-heading\">Como acelerar o amadurecimento das peras em temperatura ambiente<\/h2>\n\n\n\n<p>Quando o objetivo \u00e9 <strong>amadurecer peras rapidamente<\/strong>, a temperatura ambiente torna-se mais adequada. Deix\u00e1-las numa fruteira, fora do frigor\u00edfico, acelera o processo natural de matura\u00e7\u00e3o, sobretudo se o ambiente estiver ligeiramente quente, bem ventilado e longe de fontes de calor direto.<\/p>\n\n\n\n<p>Nessa fase, \u00e9 \u00fatil observar diariamente a casca e o toque ao segurar a fruta. Ambientes demasiado h\u00famidos ou muito quentes podem favorecer bolores e manchas, por isso um local seco, limpo e arejado ajuda a manter a <strong>qualidade sensorial<\/strong> das peras at\u00e9 atingirem o ponto ideal.<\/p>\n\n\n\n<h2 class=\"wp-block-heading\">Como fazer a pera amadurecer mais r\u00e1pido em casa com etileno<\/h2>\n\n\n\n<p>Uma t\u00e9cnica bastante utilizada para acelerar o amadurecimento das peras \u00e9 recorrer ao <strong>etileno<\/strong>, g\u00e1s produzido por diversas frutas. Ao concentrar esse g\u00e1s em um espa\u00e7o reduzido, cria-se um ambiente prop\u00edcio para que a fruta fique <strong>macia e doce<\/strong> em menos tempo, sem necessidade de equipamentos especiais.<\/p>\n\n\n\n<p>O m\u00e9todo mais comum consiste em colocar peras dentro de um <strong>saco de papel<\/strong>, juntamente com outras frutas que produzem bastante etileno, como ma\u00e7\u00e3s, bananas ou abacates. O papel \u00e9 preferido ao pl\u00e1stico porque permite que a fruta respire, evitando excesso de humidade e condensa\u00e7\u00e3o, que podem favorecer fungos.<\/p>\n\n\n\n<ol class=\"wp-block-list\">\n<li>Selecionar peras verdes, por\u00e9m firmes e sem danos vis\u00edveis na casca;<\/li>\n\n\n\n<li>Coloc\u00e1-las num saco de papel com uma ma\u00e7\u00e3, banana ou abacate como fonte extra de etileno;<\/li>\n\n\n\n<li>Fechar o saco, deixando-o em local seco e arejado, fora da luz direta do sol e de fontes de calor;<\/li>\n\n\n\n<li>Verificar diariamente o ponto de matura\u00e7\u00e3o, apertando apenas a regi\u00e3o do <strong>pesco\u00e7o da pera<\/strong>.<\/li>\n<\/ol>\n\n\n\n<figure class=\"wp-block-image size-large\"><img decoding=\"async\" width=\"1024\" height=\"576\" src=\"https:\/\/www.correiobraziliense.com.br\/cbradar\/wp-content\/uploads\/2026\/01\/\u2705-BANNER-MYTH-27-6-1024x576.png\" alt=\"Poucos sabem o truque para ver se a pera est\u00e1 madura antes de comprar\" class=\"wp-image-179019\" srcset=\"https:\/\/www.correiobraziliense.com.br\/cbradar\/wp-content\/uploads\/2026\/01\/\u2705-BANNER-MYTH-27-6-1024x576.png 1024w, https:\/\/www.correiobraziliense.com.br\/cbradar\/wp-content\/uploads\/2026\/01\/\u2705-BANNER-MYTH-27-6-300x169.png 300w, https:\/\/www.correiobraziliense.com.br\/cbradar\/wp-content\/uploads\/2026\/01\/\u2705-BANNER-MYTH-27-6-768x432.png 768w, https:\/\/www.correiobraziliense.com.br\/cbradar\/wp-content\/uploads\/2026\/01\/\u2705-BANNER-MYTH-27-6-750x422.png 750w, https:\/\/www.correiobraziliense.com.br\/cbradar\/wp-content\/uploads\/2026\/01\/\u2705-BANNER-MYTH-27-6-1140x641.png 1140w, https:\/\/www.correiobraziliense.com.br\/cbradar\/wp-content\/uploads\/2026\/01\/\u2705-BANNER-MYTH-27-6.png 1280w\" sizes=\"(max-width: 1024px) 100vw, 1024px\" \/><figcaption class=\"wp-element-caption\">Peras colhidas verdes amadurecem em casa; guarde em temperatura ambiente at\u00e9 macias, depois refrigere para durar 1 semana.<\/figcaption><\/figure>\n\n\n\n<h2 class=\"wp-block-heading\">Como saber se a pera est\u00e1 madura e quanto tempo ela dura<\/h2>\n\n\n\n<p>Um erro comum \u00e9 apertar o centro da pera para testar a matura\u00e7\u00e3o, o que pode causar machucados internos. O ponto mais indicado para esse teste \u00e9 o <strong>pesco\u00e7o da fruta<\/strong>, a \u00e1rea pr\u00f3xima ao cabo: quando essa regi\u00e3o cede levemente \u00e0 press\u00e3o dos dedos, indica que a pera est\u00e1 pronta para ser consumida ao natural.<\/p>\n\n\n\n<p>Peras maduras costumam manter boa qualidade no frigor\u00edfico durante cerca de <strong>quatro a cinco dias<\/strong>. Passado esse per\u00edodo, come\u00e7am a surgir sinais de que est\u00e3o para al\u00e9m do ponto ideal, como textura granulosa, manchas escuras e aroma demasiado intenso, indicando que devem ser usadas rapidamente em prepara\u00e7\u00f5es culin\u00e1rias.<\/p>\n\n\n\n<ul class=\"wp-block-list\">\n<li>Maciez excessiva em boa parte da casca e sensa\u00e7\u00e3o de \u201censopada\u201d ao toque;<\/li>\n\n\n\n<li>Amarelamento intenso ou manchas escuras espalhadas pela superf\u00edcie;<\/li>\n\n\n\n<li>Presen\u00e7a de moscas-da-fruta nas proximidades ou odor fermentado;<\/li>\n\n\n\n<li>Cheiro muito forte e altera\u00e7\u00e3o acentuada na textura interna da polpa.<\/li>\n<\/ul>\n\n\n\n<p>Mesmo quando j\u00e1 n\u00e3o est\u00e3o adequadas para comer ao natural, as peras ainda podem ser aproveitadas em prepara\u00e7\u00f5es como <strong>smoothies<\/strong>, molhos para pratos salgados, compotas ou sobremesas cozidas. Dessa forma, reduz-se o desperd\u00edcio e utiliza-se a <strong>do\u00e7ura natural<\/strong> da fruta, que permanece mesmo depois de ultrapassado o ponto de consumo in natura.<\/p>\n\n\n\n<p>Com alguns cuidados simples no momento de guardar, testar a matura\u00e7\u00e3o e decidir o melhor uso para cada est\u00e1gio, o consumo de peras torna-se mais previs\u00edvel e pr\u00e1tico. Esse conhecimento sobre o <strong>amadurecimento e o armazenamento correto<\/strong> permite planejar melhor as compras, reduzir perdas e aproveitar a fruta em diferentes receitas ao longo da semana.<\/p>\n","protected":false},"excerpt":{"rendered":"<p>Peras verdes: descubra por que s\u00e3o colhidas antes, como amadurec\u00ea\u2011las r\u00e1pido ou devagar e armazenar para prolongar o consumo.<\/p>\n","protected":false},"author":3,"featured_media":180720,"comment_status":"open","ping_status":"open","sticky":false,"template":"","format":"standard","meta":{"_yoast_wpseo_focuskw":"pera madura","_yoast_wpseo_title":"%%title%%","_yoast_wpseo_metadesc":"Peras verdes: descubra por que s\u00e3o colhidas antes, como amadurec\u00ea\u2011las r\u00e1pido ou devagar e armazenar para prolongar o consumo.","jnews-multi-image_gallery":[],"jnews_single_post":{"format":"standard"},"jnews_primary_category":[],"jnews_social_meta":[],"jnews_override_counter":[],"footnotes":""},"categories":[112],"post_tag":[281,1423,144,735,1502,8540],"class_list":["post-179017","post","type-post","status-publish","format-standard","has-post-thumbnail","hentry","category-curiosidades","tag-alimentacao","tag-alimentos","tag-curiosidades","tag-frutas","tag-frutas-maduras","tag-poucos-sabem"],"yoast_head":"<!-- This site is optimized with the Yoast SEO plugin v24.6 - https:\/\/yoast.com\/wordpress\/plugins\/seo\/ -->\n<title>Poucos sabem o truque para ver se a pera est\u00e1 madura antes de comprar<\/title>\n<meta name=\"description\" content=\"Peras verdes: descubra por que s\u00e3o colhidas antes, como amadurec\u00ea\u2011las r\u00e1pido ou devagar e armazenar para prolongar o consumo.\" \/>\n<meta name=\"robots\" content=\"index, follow, max-snippet:-1, max-image-preview:large, max-video-preview:-1\" \/>\n<link rel=\"canonical\" href=\"https:\/\/www.correiobraziliense.com.br\/cbradar\/poucos-sabem-o-truque-para-ver-se-a-pera-esta-madura-antes-de-comprar\/\" \/>\n<meta property=\"og:locale\" content=\"pt_BR\" \/>\n<meta property=\"og:type\" content=\"article\" \/>\n<meta property=\"og:title\" content=\"Poucos sabem o truque para ver se a pera est\u00e1 madura antes de comprar\" \/>\n<meta property=\"og:description\" content=\"Peras verdes: descubra por que s\u00e3o colhidas antes, como amadurec\u00ea\u2011las r\u00e1pido ou devagar e armazenar para prolongar o consumo.\" \/>\n<meta property=\"og:url\" content=\"https:\/\/www.correiobraziliense.com.br\/cbradar\/poucos-sabem-o-truque-para-ver-se-a-pera-esta-madura-antes-de-comprar\/\" \/>\n<meta property=\"og:site_name\" content=\"Correio Braziliense - Radar\" \/>\n<meta property=\"article:published_time\" content=\"2026-01-25T17:15:00+00:00\" \/>\n<meta property=\"og:image\" content=\"https:\/\/www.correiobraziliense.com.br\/cbradar\/wp-content\/uploads\/2026\/01\/pera-_1769267415695.jpg\" \/>\n\t<meta property=\"og:image:width\" content=\"1280\" \/>\n\t<meta property=\"og:image:height\" content=\"720\" \/>\n\t<meta property=\"og:image:type\" content=\"image\/jpeg\" \/>\n<meta name=\"author\" content=\"Larissa Carvalho\" \/>\n<meta name=\"twitter:card\" content=\"summary_large_image\" \/>\n<meta name=\"twitter:label1\" content=\"Escrito por\" \/>\n\t<meta name=\"twitter:data1\" content=\"Larissa Carvalho\" \/>\n\t<meta name=\"twitter:label2\" content=\"Est. tempo de leitura\" \/>\n\t<meta name=\"twitter:data2\" content=\"6 minutos\" \/>\n<!-- \/ Yoast SEO plugin. -->","yoast_head_json":{"title":"Poucos sabem o truque para ver se a pera est\u00e1 madura antes de comprar","description":"Peras verdes: descubra por que s\u00e3o colhidas antes, como amadurec\u00ea\u2011las r\u00e1pido ou devagar e armazenar para prolongar o consumo.","robots":{"index":"index","follow":"follow","max-snippet":"max-snippet:-1","max-image-preview":"max-image-preview:large","max-video-preview":"max-video-preview:-1"},"canonical":"https:\/\/www.correiobraziliense.com.br\/cbradar\/poucos-sabem-o-truque-para-ver-se-a-pera-esta-madura-antes-de-comprar\/","og_locale":"pt_BR","og_type":"article","og_title":"Poucos sabem o truque para ver se a pera est\u00e1 madura antes de comprar","og_description":"Peras verdes: descubra por que s\u00e3o colhidas antes, como amadurec\u00ea\u2011las r\u00e1pido ou devagar e armazenar para prolongar o consumo.","og_url":"https:\/\/www.correiobraziliense.com.br\/cbradar\/poucos-sabem-o-truque-para-ver-se-a-pera-esta-madura-antes-de-comprar\/","og_site_name":"Correio Braziliense - Radar","article_published_time":"2026-01-25T17:15:00+00:00","og_image":[{"width":1280,"height":720,"url":"https:\/\/www.correiobraziliense.com.br\/cbradar\/wp-content\/uploads\/2026\/01\/pera-_1769267415695.jpg","type":"image\/jpeg"}],"author":"Larissa Carvalho","twitter_card":"summary_large_image","twitter_misc":{"Escrito por":"Larissa Carvalho","Est. tempo de leitura":"6 minutos"},"schema":{"@context":"https:\/\/schema.org","@graph":[{"@type":"WebPage","@id":"https:\/\/www.correiobraziliense.com.br\/cbradar\/poucos-sabem-o-truque-para-ver-se-a-pera-esta-madura-antes-de-comprar\/","url":"https:\/\/www.correiobraziliense.com.br\/cbradar\/poucos-sabem-o-truque-para-ver-se-a-pera-esta-madura-antes-de-comprar\/","name":"Poucos sabem o truque para ver se a pera est\u00e1 madura antes de comprar","isPartOf":{"@id":"https:\/\/www.correiobraziliense.com.br\/cbradar\/#website"},"primaryImageOfPage":{"@id":"https:\/\/www.correiobraziliense.com.br\/cbradar\/poucos-sabem-o-truque-para-ver-se-a-pera-esta-madura-antes-de-comprar\/#primaryimage"},"image":{"@id":"https:\/\/www.correiobraziliense.com.br\/cbradar\/poucos-sabem-o-truque-para-ver-se-a-pera-esta-madura-antes-de-comprar\/#primaryimage"},"thumbnailUrl":"https:\/\/www.correiobraziliense.com.br\/cbradar\/wp-content\/uploads\/2026\/01\/pera-_1769267415695.jpg","datePublished":"2026-01-25T17:15:00+00:00","author":{"@id":"https:\/\/www.correiobraziliense.com.br\/cbradar\/#\/schema\/person\/58422787644df994b53a19d3e56c1513"},"description":"Peras verdes: descubra por que s\u00e3o colhidas antes, como amadurec\u00ea\u2011las r\u00e1pido ou devagar e armazenar para prolongar o consumo.","breadcrumb":{"@id":"https:\/\/www.correiobraziliense.com.br\/cbradar\/poucos-sabem-o-truque-para-ver-se-a-pera-esta-madura-antes-de-comprar\/#breadcrumb"},"inLanguage":"pt-BR","potentialAction":[{"@type":"ReadAction","target":["https:\/\/www.correiobraziliense.com.br\/cbradar\/poucos-sabem-o-truque-para-ver-se-a-pera-esta-madura-antes-de-comprar\/"]}]},{"@type":"ImageObject","inLanguage":"pt-BR","@id":"https:\/\/www.correiobraziliense.com.br\/cbradar\/poucos-sabem-o-truque-para-ver-se-a-pera-esta-madura-antes-de-comprar\/#primaryimage","url":"https:\/\/www.correiobraziliense.com.br\/cbradar\/wp-content\/uploads\/2026\/01\/pera-_1769267415695.jpg","contentUrl":"https:\/\/www.correiobraziliense.com.br\/cbradar\/wp-content\/uploads\/2026\/01\/pera-_1769267415695.jpg","width":1280,"height":720,"caption":"Peras colhidas verdes amadurecem em casa; guarde em temperatura ambiente at\u00e9 macias, depois refrigere para durar 1 semana. - Cr\u00e9ditos: depositphotos.com \/ VadimVasenin"},{"@type":"BreadcrumbList","@id":"https:\/\/www.correiobraziliense.com.br\/cbradar\/poucos-sabem-o-truque-para-ver-se-a-pera-esta-madura-antes-de-comprar\/#breadcrumb","itemListElement":[{"@type":"ListItem","position":1,"name":"In\u00edcio","item":"https:\/\/www.correiobraziliense.com.br\/cbradar\/"},{"@type":"ListItem","position":2,"name":"Poucos sabem o truque para ver se a pera est\u00e1 madura antes de comprar"}]},{"@type":"WebSite","@id":"https:\/\/www.correiobraziliense.com.br\/cbradar\/#website","url":"https:\/\/www.correiobraziliense.com.br\/cbradar\/","name":"Correio Braziliense - Radar","description":"Acompanhe as \u00faltimas not\u00edcias e fique bem informado sobre tudo o que acontece no Brasil e no mundo.","potentialAction":[{"@type":"SearchAction","target":{"@type":"EntryPoint","urlTemplate":"https:\/\/www.correiobraziliense.com.br\/cbradar\/?s={search_term_string}"},"query-input":{"@type":"PropertyValueSpecification","valueRequired":true,"valueName":"search_term_string"}}],"inLanguage":"pt-BR"},{"@type":"Person","@id":"https:\/\/www.correiobraziliense.com.br\/cbradar\/#\/schema\/person\/58422787644df994b53a19d3e56c1513","name":"Larissa Carvalho","image":{"@type":"ImageObject","inLanguage":"pt-BR","@id":"https:\/\/www.correiobraziliense.com.br\/cbradar\/#\/schema\/person\/image\/","url":"https:\/\/secure.gravatar.com\/avatar\/fe4f91a0de32b52a838d0d612abdc1aa?s=96&d=mm&r=g","contentUrl":"https:\/\/secure.gravatar.com\/avatar\/fe4f91a0de32b52a838d0d612abdc1aa?s=96&d=mm&r=g","caption":"Larissa Carvalho"},"url":"https:\/\/www.correiobraziliense.com.br\/cbradar\/author\/larissamyth\/"}]}},"_links":{"self":[{"href":"https:\/\/www.correiobraziliense.com.br\/cbradar\/wp-json\/wp\/v2\/posts\/179017","targetHints":{"allow":["GET"]}}],"collection":[{"href":"https:\/\/www.correiobraziliense.com.br\/cbradar\/wp-json\/wp\/v2\/posts"}],"about":[{"href":"https:\/\/www.correiobraziliense.com.br\/cbradar\/wp-json\/wp\/v2\/types\/post"}],"author":[{"embeddable":true,"href":"https:\/\/www.correiobraziliense.com.br\/cbradar\/wp-json\/wp\/v2\/users\/3"}],"replies":[{"embeddable":true,"href":"https:\/\/www.correiobraziliense.com.br\/cbradar\/wp-json\/wp\/v2\/comments?post=179017"}],"version-history":[{"count":2,"href":"https:\/\/www.correiobraziliense.com.br\/cbradar\/wp-json\/wp\/v2\/posts\/179017\/revisions"}],"predecessor-version":[{"id":179020,"href":"https:\/\/www.correiobraziliense.com.br\/cbradar\/wp-json\/wp\/v2\/posts\/179017\/revisions\/179020"}],"wp:featuredmedia":[{"embeddable":true,"href":"https:\/\/www.correiobraziliense.com.br\/cbradar\/wp-json\/wp\/v2\/media\/180720"}],"wp:attachment":[{"href":"https:\/\/www.correiobraziliense.com.br\/cbradar\/wp-json\/wp\/v2\/media?parent=179017"}],"wp:term":[{"taxonomy":"category","embeddable":true,"href":"https:\/\/www.correiobraziliense.com.br\/cbradar\/wp-json\/wp\/v2\/categories?post=179017"},{"taxonomy":"post_tag","embeddable":true,"href":"https:\/\/www.correiobraziliense.com.br\/cbradar\/wp-json\/wp\/v2\/post_tag?post=179017"}],"curies":[{"name":"wp","href":"https:\/\/api.w.org\/{rel}","templated":true}]}}