{"id":179027,"date":"2026-01-25T22:25:00","date_gmt":"2026-01-26T01:25:00","guid":{"rendered":"https:\/\/www.correiobraziliense.com.br\/cbradar\/?p=179027"},"modified":"2026-01-24T12:34:01","modified_gmt":"2026-01-24T15:34:01","slug":"o-erro-comum-que-muitos-cometem-com-a-air-fryer-e-pode-causar-incendios","status":"publish","type":"post","link":"https:\/\/www.correiobraziliense.com.br\/cbradar\/o-erro-comum-que-muitos-cometem-com-a-air-fryer-e-pode-causar-incendios\/","title":{"rendered":"O erro comum que muitos cometem com a air fryer e pode causar inc\u00eandios"},"content":{"rendered":"\n<p>O uso da <strong>air fryer<\/strong> tornou-se rotina em muitas cozinhas, principalmente pela rapidez no preparo dos alimentos e pela redu\u00e7\u00e3o no uso de \u00f3leo. Apesar disso, o equipamento exige aten\u00e7\u00e3o a detalhes de seguran\u00e7a que nem sempre s\u00e3o conhecidos, pois pequenos descuidos na instala\u00e7\u00e3o, na limpeza e at\u00e9 na escolha do modelo podem representar riscos de superaquecimento, choques el\u00e9tricos e at\u00e9 inc\u00eandio.<\/p>\n\n\n\n<h2 class=\"wp-block-heading\">Por que manter dist\u00e2ncia da air fryer para paredes e objetos \u00e9 t\u00e3o importante<\/h2>\n\n\n\n<p>Um dos cuidados mais relevantes com a <strong>air fryer<\/strong> \u00e9 garantir <strong>espa\u00e7o livre ao redor do aparelho<\/strong>. A maioria dos modelos possui sa\u00eddas de ar na parte traseira ou lateral, respons\u00e1veis por liberar o calor gerado durante o funcionamento, e quando essas aberturas ficam bloqueadas o calor se acumula de forma perigosa.<\/p>\n\n\n\n<p>Em geral, recomenda-se manter uma dist\u00e2ncia m\u00ednima de alguns cent\u00edmetros entre a fritadeira el\u00e9trica e paredes, arm\u00e1rios e outros eletrodom\u00e9sticos. Essa folga permite a circula\u00e7\u00e3o de ar, reduz o risco de derretimento de partes pl\u00e1sticas e diminui a chance de <strong>princ\u00edpio de inc\u00eandio<\/strong>, especialmente em cozinhas pequenas e muito utilizadas.<\/p>\n\n\n\n<p>Para aprofundarmos no tema, trouxemos o v\u00eddeo do perfil especializado @canaltech:<\/p>\n\n\n\n<blockquote class=\"tiktok-embed\" cite=\"https:\/\/www.tiktok.com\/@canaltech\/video\/7436775605800111415\" data-video-id=\"7436775605800111415\" style=\"max-width: 605px;min-width: 325px;\" > <section> <a target=\"_blank\" title=\"@canaltech\" href=\"https:\/\/www.tiktok.com\/@canaltech?refer=embed\">@canaltech<\/a> N\u00c3O COLOQUE SUA AIRPFRYER AQUI! <a title=\"canaltech\" target=\"_blank\" href=\"https:\/\/www.tiktok.com\/tag\/canaltech?refer=embed\">#Canaltech<\/a> <a title=\"cteletro\" target=\"_blank\" href=\"https:\/\/www.tiktok.com\/tag\/cteletro?refer=embed\">#cteletro<\/a> <a title=\"airfryer\" target=\"_blank\" href=\"https:\/\/www.tiktok.com\/tag\/airfryer?refer=embed\">#airfryer<\/a> <a title=\"cozinha\" target=\"_blank\" href=\"https:\/\/www.tiktok.com\/tag\/cozinha?refer=embed\">#cozinha<\/a> <a title=\"airfryertiktok\" target=\"_blank\" href=\"https:\/\/www.tiktok.com\/tag\/airfryertiktok?refer=embed\">#airfryertiktok<\/a> <a target=\"_blank\" title=\"\u266c som original  - Canaltech\" href=\"https:\/\/www.tiktok.com\/music\/som-original-Canaltech-7436775657598749496?refer=embed\">\u266c som original  &#8211; Canaltech<\/a> <\/section> <\/blockquote> <script async src=\"https:\/\/www.tiktok.com\/embed.js\"><\/script>\n\n\n\n<h2 class=\"wp-block-heading\">Quais cuidados essenciais deixam a air fryer mais segura na cozinha<\/h2>\n\n\n\n<p>Para usar a <strong>fritadeira sem \u00f3leo<\/strong> com mais seguran\u00e7a, alguns h\u00e1bitos simples fazem diferen\u00e7a no dia a dia. \u00c9 fundamental manter o equipamento afastado de panos de prato, cortinas, pl\u00e1sticos, frascos de \u00f3leo e qualquer outro material inflam\u00e1vel, j\u00e1 que o ar quente \u00e9 expelido em alta temperatura e pode ressecar ou queimar objetos pr\u00f3ximos.<\/p>\n\n\n\n<p>Tamb\u00e9m \u00e9 importante evitar apoiar a air fryer diretamente sobre materiais sens\u00edveis ao calor, como toalhas de mesa, t\u00e1buas pl\u00e1sticas ou bases de tecido. Superf\u00edcies resistentes, como pedra, inox ou cer\u00e2mica, reduzem o risco de danos, e em cozinhas pequenas vale reorganizar o espa\u00e7o para garantir uma \u00e1rea <strong>ventilada, firme e nivelada<\/strong> para o aparelho.<\/p>\n\n\n\n<ul class=\"wp-block-list\">\n<li>Deixar espa\u00e7o livre atr\u00e1s e ao lado do aparelho.<\/li>\n\n\n\n<li>Retirar panos, pl\u00e1sticos e pap\u00e9is da regi\u00e3o pr\u00f3xima.<\/li>\n\n\n\n<li>Usar a <strong>air fryer<\/strong> em bancada firme e nivelada.<\/li>\n\n\n\n<li>Evitar arm\u00e1rios baixos onde o vapor bata diretamente na madeira.<\/li>\n<\/ul>\n\n\n\n<h2 class=\"wp-block-heading\">Como evitar riscos el\u00e9tricos ao ligar a air fryer com seguran\u00e7a<\/h2>\n\n\n\n<p>A parte el\u00e9trica tamb\u00e9m exige aten\u00e7\u00e3o, pois a <strong>air fryer<\/strong> \u00e9 um equipamento de alta pot\u00eancia que puxa bastante energia da rede. O ideal \u00e9 conect\u00e1-la diretamente em uma tomada adequada, com boa instala\u00e7\u00e3o e dimensionada para a carga do aparelho, evitando extens\u00f5es e benjamins comuns que podem aquecer demais.<\/p>\n\n\n\n<p>Antes de usar pela primeira vez, a leitura do <strong>manual do fabricante<\/strong> ajuda a identificar a voltagem correta, a pot\u00eancia e recomenda\u00e7\u00f5es espec\u00edficas. Em qualquer sinal de cheiro de queimado, fa\u00edsca, desarme de disjuntores ou aquecimento exagerado do plugue, o uso deve ser interrompido para avalia\u00e7\u00e3o da instala\u00e7\u00e3o el\u00e9trica por um profissional qualificado.<\/p>\n\n\n\n<ol class=\"wp-block-list\">\n<li>Conferir se a voltagem da air fryer corresponde \u00e0 da tomada.<\/li>\n\n\n\n<li>Evitar o uso de extens\u00f5es comuns ou T\u2019s.<\/li>\n\n\n\n<li>N\u00e3o compartilhar a mesma tomada com aparelhos de alta pot\u00eancia.<\/li>\n\n\n\n<li>Verificar periodicamente o estado do cabo e do plugue.<\/li>\n<\/ol>\n\n\n\n<h2 class=\"wp-block-heading\">Como escolher uma air fryer mais segura em 2026<\/h2>\n\n\n\n<p>Na hora da compra, a <strong>seguran\u00e7a da fritadeira el\u00e9trica<\/strong> deve ser considerada junto com capacidade e pre\u00e7o. Modelos com desligamento autom\u00e1tico em caso de superaquecimento, trava de seguran\u00e7a na gaveta, controle preciso de temperatura e materiais certificados oferecem camadas extras de prote\u00e7\u00e3o no uso di\u00e1rio.<\/p>\n\n\n\n<p>Tamb\u00e9m \u00e9 \u00fatil verificar se o produto possui certifica\u00e7\u00f5es de \u00f3rg\u00e3os reguladores, como o <strong>Inmetro<\/strong>, e se segue normas atualizadas. Acompanhar not\u00edcias sobre poss\u00edveis recalls e consultar sites oficiais das fabricantes ajuda a evitar a compra de aparelhos problem\u00e1ticos e a identificar se um modelo j\u00e1 adquirido precisa de substitui\u00e7\u00e3o ou reparo.<\/p>\n\n\n\n<figure class=\"wp-block-image size-large\"><img decoding=\"async\" width=\"1024\" height=\"576\" src=\"https:\/\/www.correiobraziliense.com.br\/cbradar\/wp-content\/uploads\/2026\/01\/\u2705-BANNER-MYTH-29-4-1024x576.png\" alt=\"O erro comum que muitos cometem com a air fryer e pode causar inc\u00eandios\" class=\"wp-image-179029\" srcset=\"https:\/\/www.correiobraziliense.com.br\/cbradar\/wp-content\/uploads\/2026\/01\/\u2705-BANNER-MYTH-29-4-1024x576.png 1024w, https:\/\/www.correiobraziliense.com.br\/cbradar\/wp-content\/uploads\/2026\/01\/\u2705-BANNER-MYTH-29-4-300x169.png 300w, https:\/\/www.correiobraziliense.com.br\/cbradar\/wp-content\/uploads\/2026\/01\/\u2705-BANNER-MYTH-29-4-768x432.png 768w, https:\/\/www.correiobraziliense.com.br\/cbradar\/wp-content\/uploads\/2026\/01\/\u2705-BANNER-MYTH-29-4-750x422.png 750w, https:\/\/www.correiobraziliense.com.br\/cbradar\/wp-content\/uploads\/2026\/01\/\u2705-BANNER-MYTH-29-4-1140x641.png 1140w, https:\/\/www.correiobraziliense.com.br\/cbradar\/wp-content\/uploads\/2026\/01\/\u2705-BANNER-MYTH-29-4.png 1280w\" sizes=\"(max-width: 1024px) 100vw, 1024px\" \/><figcaption class=\"wp-element-caption\">Air fryer exige cuidados: evite sobrecarga, limpe res\u00edduos de \u00f3leo e use luvas t\u00e9rmicas para prevenir queimaduras graves.<\/figcaption><\/figure>\n\n\n\n<h2 class=\"wp-block-heading\">Quais pr\u00e1ticas ajudam a manter a air fryer segura por mais tempo<\/h2>\n\n\n\n<p>A manuten\u00e7\u00e3o cotidiana contribui para o bom funcionamento da <strong>air fryer<\/strong> e reduz riscos de fuma\u00e7a e mau cheiro. A limpeza regular da cesta, da gaveta e da parte interna impede o ac\u00famulo de gordura e restos de alimentos, que podem carbonizar, prejudicar o desempenho e for\u00e7ar o sistema de aquecimento.<\/p>\n\n\n\n<p>Tamb\u00e9m \u00e9 recomend\u00e1vel evitar sobrecarregar a cesta com grandes quantidades de comida, respeitando sempre a <strong>capacidade m\u00e1xima indicada no manual<\/strong>. Isso facilita a circula\u00e7\u00e3o do ar quente, mant\u00e9m a efici\u00eancia do preparo e reduz o estresse t\u00e9rmico sobre o equipamento, prolongando a vida \u00fatil da fritadeira sem \u00f3leo.<\/p>\n","protected":false},"excerpt":{"rendered":"<p>Evite inc\u00eandios com air fryer: descubra a dist\u00e2ncia segura, erros comuns e dicas essenciais de seguran\u00e7a ao usar sua air fryer em casa<\/p>\n","protected":false},"author":3,"featured_media":180766,"comment_status":"open","ping_status":"open","sticky":false,"template":"","format":"standard","meta":{"_yoast_wpseo_focuskw":"onde colocar a air fryer","_yoast_wpseo_title":"%%title%%","_yoast_wpseo_metadesc":"Evite inc\u00eandios com air fryer: descubra a dist\u00e2ncia segura, erros comuns e dicas essenciais de seguran\u00e7a ao usar sua air fryer em casa","jnews-multi-image_gallery":[],"jnews_single_post":{"format":"standard"},"jnews_primary_category":[],"jnews_social_meta":[],"jnews_override_counter":[],"footnotes":""},"categories":[112],"tags":[212,144,1709,3282,8540],"class_list":["post-179027","post","type-post","status-publish","format-standard","has-post-thumbnail","hentry","category-curiosidades","tag-air-fryer","tag-curiosidades","tag-eletrodomesticos","tag-perigos","tag-poucos-sabem"],"yoast_head":"<!-- This site is optimized with the Yoast SEO plugin v24.6 - https:\/\/yoast.com\/wordpress\/plugins\/seo\/ -->\n<title>O erro comum que muitos cometem com a air fryer e pode causar inc\u00eandios<\/title>\n<meta name=\"description\" content=\"Evite inc\u00eandios com air fryer: descubra a dist\u00e2ncia segura, erros comuns e dicas essenciais de seguran\u00e7a ao usar sua air fryer em casa\" \/>\n<meta name=\"robots\" content=\"index, follow, max-snippet:-1, max-image-preview:large, max-video-preview:-1\" \/>\n<link rel=\"canonical\" href=\"https:\/\/www.correiobraziliense.com.br\/cbradar\/o-erro-comum-que-muitos-cometem-com-a-air-fryer-e-pode-causar-incendios\/\" \/>\n<meta property=\"og:locale\" content=\"pt_BR\" \/>\n<meta property=\"og:type\" content=\"article\" \/>\n<meta property=\"og:title\" content=\"O erro comum que muitos cometem com a air fryer e pode causar inc\u00eandios\" \/>\n<meta property=\"og:description\" content=\"Evite inc\u00eandios com air fryer: descubra a dist\u00e2ncia segura, erros comuns e dicas essenciais de seguran\u00e7a ao usar sua air fryer em casa\" \/>\n<meta property=\"og:url\" content=\"https:\/\/www.correiobraziliense.com.br\/cbradar\/o-erro-comum-que-muitos-cometem-com-a-air-fryer-e-pode-causar-incendios\/\" \/>\n<meta property=\"og:site_name\" content=\"Correio Braziliense - Radar\" \/>\n<meta property=\"article:published_time\" content=\"2026-01-26T01:25:00+00:00\" \/>\n<meta property=\"og:image\" content=\"https:\/\/www.correiobraziliense.com.br\/cbradar\/wp-content\/uploads\/2026\/01\/air-fryer-_1769268825231.jpg\" \/>\n\t<meta property=\"og:image:width\" content=\"1280\" \/>\n\t<meta property=\"og:image:height\" content=\"720\" \/>\n\t<meta property=\"og:image:type\" content=\"image\/jpeg\" \/>\n<meta name=\"author\" content=\"Larissa Carvalho\" \/>\n<meta name=\"twitter:card\" content=\"summary_large_image\" \/>\n<meta name=\"twitter:label1\" content=\"Escrito por\" \/>\n\t<meta name=\"twitter:data1\" content=\"Larissa Carvalho\" \/>\n\t<meta name=\"twitter:label2\" content=\"Est. tempo de leitura\" \/>\n\t<meta name=\"twitter:data2\" content=\"5 minutos\" \/>\n<!-- \/ Yoast SEO plugin. -->","yoast_head_json":{"title":"O erro comum que muitos cometem com a air fryer e pode causar inc\u00eandios","description":"Evite inc\u00eandios com air fryer: descubra a dist\u00e2ncia segura, erros comuns e dicas essenciais de seguran\u00e7a ao usar sua air fryer em casa","robots":{"index":"index","follow":"follow","max-snippet":"max-snippet:-1","max-image-preview":"max-image-preview:large","max-video-preview":"max-video-preview:-1"},"canonical":"https:\/\/www.correiobraziliense.com.br\/cbradar\/o-erro-comum-que-muitos-cometem-com-a-air-fryer-e-pode-causar-incendios\/","og_locale":"pt_BR","og_type":"article","og_title":"O erro comum que muitos cometem com a air fryer e pode causar inc\u00eandios","og_description":"Evite inc\u00eandios com air fryer: descubra a dist\u00e2ncia segura, erros comuns e dicas essenciais de seguran\u00e7a ao usar sua air fryer em casa","og_url":"https:\/\/www.correiobraziliense.com.br\/cbradar\/o-erro-comum-que-muitos-cometem-com-a-air-fryer-e-pode-causar-incendios\/","og_site_name":"Correio Braziliense - Radar","article_published_time":"2026-01-26T01:25:00+00:00","og_image":[{"width":1280,"height":720,"url":"https:\/\/www.correiobraziliense.com.br\/cbradar\/wp-content\/uploads\/2026\/01\/air-fryer-_1769268825231.jpg","type":"image\/jpeg"}],"author":"Larissa Carvalho","twitter_card":"summary_large_image","twitter_misc":{"Escrito por":"Larissa Carvalho","Est. tempo de leitura":"5 minutos"},"schema":{"@context":"https:\/\/schema.org","@graph":[{"@type":"WebPage","@id":"https:\/\/www.correiobraziliense.com.br\/cbradar\/o-erro-comum-que-muitos-cometem-com-a-air-fryer-e-pode-causar-incendios\/","url":"https:\/\/www.correiobraziliense.com.br\/cbradar\/o-erro-comum-que-muitos-cometem-com-a-air-fryer-e-pode-causar-incendios\/","name":"O erro comum que muitos cometem com a air fryer e pode causar inc\u00eandios","isPartOf":{"@id":"https:\/\/www.correiobraziliense.com.br\/cbradar\/#website"},"primaryImageOfPage":{"@id":"https:\/\/www.correiobraziliense.com.br\/cbradar\/o-erro-comum-que-muitos-cometem-com-a-air-fryer-e-pode-causar-incendios\/#primaryimage"},"image":{"@id":"https:\/\/www.correiobraziliense.com.br\/cbradar\/o-erro-comum-que-muitos-cometem-com-a-air-fryer-e-pode-causar-incendios\/#primaryimage"},"thumbnailUrl":"https:\/\/www.correiobraziliense.com.br\/cbradar\/wp-content\/uploads\/2026\/01\/air-fryer-_1769268825231.jpg","datePublished":"2026-01-26T01:25:00+00:00","author":{"@id":"https:\/\/www.correiobraziliense.com.br\/cbradar\/#\/schema\/person\/58422787644df994b53a19d3e56c1513"},"description":"Evite inc\u00eandios com air fryer: descubra a dist\u00e2ncia segura, erros comuns e dicas essenciais de seguran\u00e7a ao usar sua air fryer em casa","breadcrumb":{"@id":"https:\/\/www.correiobraziliense.com.br\/cbradar\/o-erro-comum-que-muitos-cometem-com-a-air-fryer-e-pode-causar-incendios\/#breadcrumb"},"inLanguage":"pt-BR","potentialAction":[{"@type":"ReadAction","target":["https:\/\/www.correiobraziliense.com.br\/cbradar\/o-erro-comum-que-muitos-cometem-com-a-air-fryer-e-pode-causar-incendios\/"]}]},{"@type":"ImageObject","inLanguage":"pt-BR","@id":"https:\/\/www.correiobraziliense.com.br\/cbradar\/o-erro-comum-que-muitos-cometem-com-a-air-fryer-e-pode-causar-incendios\/#primaryimage","url":"https:\/\/www.correiobraziliense.com.br\/cbradar\/wp-content\/uploads\/2026\/01\/air-fryer-_1769268825231.jpg","contentUrl":"https:\/\/www.correiobraziliense.com.br\/cbradar\/wp-content\/uploads\/2026\/01\/air-fryer-_1769268825231.jpg","width":1280,"height":720,"caption":"Air fryer exige cuidados: evite sobrecarga, limpe res\u00edduos de \u00f3leo e use luvas t\u00e9rmicas para prevenir queimaduras graves. - Cr\u00e9ditos: depositphotos.com \/ Bubbers"},{"@type":"BreadcrumbList","@id":"https:\/\/www.correiobraziliense.com.br\/cbradar\/o-erro-comum-que-muitos-cometem-com-a-air-fryer-e-pode-causar-incendios\/#breadcrumb","itemListElement":[{"@type":"ListItem","position":1,"name":"In\u00edcio","item":"https:\/\/www.correiobraziliense.com.br\/cbradar\/"},{"@type":"ListItem","position":2,"name":"O erro comum que muitos cometem com a air fryer e pode causar inc\u00eandios"}]},{"@type":"WebSite","@id":"https:\/\/www.correiobraziliense.com.br\/cbradar\/#website","url":"https:\/\/www.correiobraziliense.com.br\/cbradar\/","name":"Correio Braziliense - Radar","description":"Acompanhe as \u00faltimas not\u00edcias e fique bem informado sobre tudo o que acontece no Brasil e no mundo.","potentialAction":[{"@type":"SearchAction","target":{"@type":"EntryPoint","urlTemplate":"https:\/\/www.correiobraziliense.com.br\/cbradar\/?s={search_term_string}"},"query-input":{"@type":"PropertyValueSpecification","valueRequired":true,"valueName":"search_term_string"}}],"inLanguage":"pt-BR"},{"@type":"Person","@id":"https:\/\/www.correiobraziliense.com.br\/cbradar\/#\/schema\/person\/58422787644df994b53a19d3e56c1513","name":"Larissa Carvalho","image":{"@type":"ImageObject","inLanguage":"pt-BR","@id":"https:\/\/www.correiobraziliense.com.br\/cbradar\/#\/schema\/person\/image\/","url":"https:\/\/secure.gravatar.com\/avatar\/fe4f91a0de32b52a838d0d612abdc1aa?s=96&d=mm&r=g","contentUrl":"https:\/\/secure.gravatar.com\/avatar\/fe4f91a0de32b52a838d0d612abdc1aa?s=96&d=mm&r=g","caption":"Larissa Carvalho"},"url":"https:\/\/www.correiobraziliense.com.br\/cbradar\/author\/larissamyth\/"}]}},"_links":{"self":[{"href":"https:\/\/www.correiobraziliense.com.br\/cbradar\/wp-json\/wp\/v2\/posts\/179027","targetHints":{"allow":["GET"]}}],"collection":[{"href":"https:\/\/www.correiobraziliense.com.br\/cbradar\/wp-json\/wp\/v2\/posts"}],"about":[{"href":"https:\/\/www.correiobraziliense.com.br\/cbradar\/wp-json\/wp\/v2\/types\/post"}],"author":[{"embeddable":true,"href":"https:\/\/www.correiobraziliense.com.br\/cbradar\/wp-json\/wp\/v2\/users\/3"}],"replies":[{"embeddable":true,"href":"https:\/\/www.correiobraziliense.com.br\/cbradar\/wp-json\/wp\/v2\/comments?post=179027"}],"version-history":[{"count":2,"href":"https:\/\/www.correiobraziliense.com.br\/cbradar\/wp-json\/wp\/v2\/posts\/179027\/revisions"}],"predecessor-version":[{"id":179030,"href":"https:\/\/www.correiobraziliense.com.br\/cbradar\/wp-json\/wp\/v2\/posts\/179027\/revisions\/179030"}],"wp:featuredmedia":[{"embeddable":true,"href":"https:\/\/www.correiobraziliense.com.br\/cbradar\/wp-json\/wp\/v2\/media\/180766"}],"wp:attachment":[{"href":"https:\/\/www.correiobraziliense.com.br\/cbradar\/wp-json\/wp\/v2\/media?parent=179027"}],"wp:term":[{"taxonomy":"category","embeddable":true,"href":"https:\/\/www.correiobraziliense.com.br\/cbradar\/wp-json\/wp\/v2\/categories?post=179027"},{"taxonomy":"post_tag","embeddable":true,"href":"https:\/\/www.correiobraziliense.com.br\/cbradar\/wp-json\/wp\/v2\/tags?post=179027"}],"curies":[{"name":"wp","href":"https:\/\/api.w.org\/{rel}","templated":true}]}}