{"id":179043,"date":"2026-01-24T15:15:00","date_gmt":"2026-01-24T18:15:00","guid":{"rendered":"https:\/\/www.correiobraziliense.com.br\/cbradar\/?p=179043"},"modified":"2026-01-23T10:57:24","modified_gmt":"2026-01-23T13:57:24","slug":"a-regra-definitiva-de-como-usar-onde-ou-aonde-sem-errar","status":"publish","type":"post","link":"https:\/\/www.correiobraziliense.com.br\/cbradar\/a-regra-definitiva-de-como-usar-onde-ou-aonde-sem-errar\/","title":{"rendered":"A regra definitiva de como usar &#8220;onde&#8221; ou &#8220;aonde&#8221; sem errar"},"content":{"rendered":"\n<p>O uso adequado de <strong>onde<\/strong> e <strong>aonde<\/strong> costuma gerar d\u00favidas em quem escreve em portugu\u00eas, especialmente em contextos mais formais, como reda\u00e7\u00f5es, provas e comunicados profissionais. A diferen\u00e7a entre essas duas palavras est\u00e1 ligada principalmente \u00e0 ideia de <strong>movimento<\/strong> ou <strong>perman\u00eancia<\/strong>, al\u00e9m da <strong>reg\u00eancia verbal<\/strong>, e entender essa l\u00f3gica ajuda a evitar erros recorrentes e torna o texto mais claro, objetivo e adequado \u00e0s normas padr\u00e3o.<\/p>\n\n\n\n<h2 class=\"wp-block-heading\">O que significa a palavra \u201conde\u201d, na pr\u00e1tica?<\/h2>\n\n\n\n<p>A palavra \u201conde\u201d \u00e9 usada para indicar lugar, ou seja, refere-se a um espa\u00e7o f\u00edsico ou a um local espec\u00edfico. Na pr\u00e1tica, ela responde \u00e0 ideia de \u201cem que lugar\u201d ou \u201cno qual\u201d, ajudando a situar algo ou algu\u00e9m no espa\u00e7o.<\/p>\n\n\n\n<p>Tamb\u00e9m pode aparecer em sentidos mais figurados, desde que haja no\u00e7\u00e3o de lugar. Por exemplo, pode indicar situa\u00e7\u00f5es ou contextos vistos como \u201cespa\u00e7os\u201d abstratos, mas sempre mantendo a ideia de localiza\u00e7\u00e3o. Quando n\u00e3o h\u00e1 no\u00e7\u00e3o de lugar, o uso de \u201conde\u201d n\u00e3o \u00e9 adequado.<\/p>\n\n\n\n<p>Veja os exemplos:<\/p>\n\n\n\n<ul class=\"wp-block-list\">\n<li><strong>Exemplos com \u201conde\u201d (lugar fixo):<\/strong><\/li>\n\n\n\n<li>\u201cA escola <strong>onde<\/strong> ele estuda \u00e9 perto de casa.\u201d<\/li>\n\n\n\n<li>\u201cA cidade <strong>onde<\/strong> a fam\u00edlia mora \u00e9 tranquila.\u201d<\/li>\n\n\n\n<li>\u201cO pr\u00e9dio <strong>onde<\/strong> a empresa fica passou por reformas.\u201d<\/li>\n<\/ul>\n\n\n\n<p>Para aprofundarmos no tema, trouxemos o v\u00eddeo do professor Noslen (@professornoslen):<\/p>\n\n\n\n<blockquote class=\"tiktok-embed\" cite=\"https:\/\/www.tiktok.com\/@professornoslen\/video\/7557061991676873996\" data-video-id=\"7557061991676873996\" style=\"max-width: 605px;min-width: 325px;\" > <section> <a target=\"_blank\" title=\"@professornoslen\" href=\"https:\/\/www.tiktok.com\/@professornoslen?refer=embed\">@professornoslen<\/a> \ud83d\udccd Onde x Aonde: qual usar? \ud83e\udd14 Muita gente se enrola aqui, mas \u00e9 simples: \ud83d\udd39 ONDE \u2192 indica lugar fixo, sem movimento. \ud83d\udc49 Ex: Onde voc\u00ea mora? \ud83d\udd39 AONDE \u2192 indica movimento, ideia de dire\u00e7\u00e3o. \ud83d\udc49 Ex: Aonde voc\u00ea vai depois da aula? E na m\u00fasica final, o certo \u00e9: Me diz ONDE ou AONDE voc\u00ea vai, que eu vou varrendo?  <a title=\"portugu\u00eas\" target=\"_blank\" href=\"https:\/\/www.tiktok.com\/tag\/portugu%C3%AAs?refer=embed\">#portugu\u00eas<\/a> <a title=\"l\u00ednguaportuguesa\" target=\"_blank\" href=\"https:\/\/www.tiktok.com\/tag\/l%C3%ADnguaportuguesa?refer=embed\">#l\u00ednguaportuguesa<\/a> <a title=\"concurso\" target=\"_blank\" href=\"https:\/\/www.tiktok.com\/tag\/concurso?refer=embed\">#concurso<\/a> <a title=\"enem\" target=\"_blank\" href=\"https:\/\/www.tiktok.com\/tag\/enem?refer=embed\">#enem<\/a> <a title=\"dicasdeportugu\u00eas\" target=\"_blank\" href=\"https:\/\/www.tiktok.com\/tag\/dicasdeportugu%C3%AAs?refer=embed\">#dicasdeportugu\u00eas<\/a> <a target=\"_blank\" title=\"\u266c som original - professornoslen\" href=\"https:\/\/www.tiktok.com\/music\/som-original-7557062043241581368?refer=embed\">\u266c som original &#8211; professornoslen<\/a> <\/section> <\/blockquote> <script async src=\"https:\/\/www.tiktok.com\/embed.js\"><\/script>\n\n\n\n<h2 class=\"wp-block-heading\">Quando usar \u201caonde\u201d corretamente<\/h2>\n\n\n\n<p>J\u00e1 <strong>aonde<\/strong> \u00e9 formado pela preposi\u00e7\u00e3o <strong>a<\/strong> + o adv\u00e9rbio <strong>onde<\/strong> e indica <strong>movimento<\/strong> ou <strong>destino<\/strong>. \u00c9 usado com verbos que pedem a preposi\u00e7\u00e3o \u201ca\u201d e expressam deslocamento, como <strong>ir<\/strong>, <strong>chegar<\/strong>, <strong>voltar<\/strong>, <strong>retornar<\/strong>, <strong>dirigir-se<\/strong>, deixando claro o sentido de caminho ou trajet\u00f3ria.<\/p>\n\n\n\n<p>Assim, sempre que o verbo sugerir <strong>dire\u00e7\u00e3o<\/strong>, sa\u00edda de um ponto para outro ou chegada a algum local, a forma mais adequada ser\u00e1 <strong>aonde<\/strong>. Em usos figurados, tamb\u00e9m pode indicar o \u201cdestino\u201d de um projeto, plano ou situa\u00e7\u00e3o, desde que haja ideia de avan\u00e7o ou deslocamento simb\u00f3lico.<\/p>\n\n\n\n<ul class=\"wp-block-list\">\n<li><strong>Exemplos com \u201caonde\u201d (movimento ou destino):<\/strong><\/li>\n\n\n\n<li>\u201c<strong>Aonde<\/strong> eles v\u00e3o depois da reuni\u00e3o?\u201d<\/li>\n\n\n\n<li>\u201cN\u00e3o se sabe <strong>aonde<\/strong> o grupo pretende chegar com esse projeto.\u201d<\/li>\n\n\n\n<li>\u201c<strong>Aonde<\/strong> o \u00f4nibus est\u00e1 indo neste hor\u00e1rio?\u201d<\/li>\n<\/ul>\n\n\n\n<h2 class=\"wp-block-heading\">Como nunca mais errar ao escolher entre \u201conde\u201d e \u201caonde\u201d<\/h2>\n\n\n\n<p>Para escolher entre <strong>onde<\/strong> e <strong>aonde<\/strong> sem hesitar, uma estrat\u00e9gia simples \u00e9 observar o <strong>verbo da frase<\/strong>. Se o verbo indicar <strong>perman\u00eancia<\/strong> ou <strong>estado<\/strong>, usa-se <strong>onde<\/strong>; se indicar <strong>deslocamento<\/strong> e pedir a preposi\u00e7\u00e3o \u201ca\u201d, aplica-se <strong>aonde<\/strong>, mantendo a coer\u00eancia com a reg\u00eancia verbal.<\/p>\n\n\n\n<p>Uma dica pr\u00e1tica \u00e9 tentar substituir a express\u00e3o por <strong>\u201cem que lugar\u201d<\/strong> ou <strong>\u201cpara que lugar\u201d<\/strong>. Outra estrat\u00e9gia \u00e9 observar se o verbo naturalmente aparece com \u201ca\u201d ou \u201cem\u201d (\u201cir a\u201d, \u201cchegar a\u201d x \u201cestar em\u201d, \u201cmorar em\u201d), o que ajuda a fazer a escolha correta mesmo em situa\u00e7\u00f5es de escrita r\u00e1pida.<\/p>\n\n\n\n<ul class=\"wp-block-list\">\n<li>Se a substitui\u00e7\u00e3o por <strong>\u201cem que lugar\u201d<\/strong> fizer sentido, o uso adequado \u00e9 <strong>onde<\/strong>.<\/li>\n\n\n\n<li>Se a substitui\u00e7\u00e3o por <strong>\u201cpara que lugar\u201d<\/strong> fizer sentido, a forma correta \u00e9 <strong>aonde<\/strong>.<\/li>\n<\/ul>\n\n\n\n<figure class=\"wp-block-image aligncenter size-large\"><img decoding=\"async\" width=\"1024\" height=\"572\" src=\"https:\/\/www.correiobraziliense.com.br\/cbradar\/wp-content\/uploads\/2026\/01\/Onde-vs-Aonde-Uso-Correto-1024x572.png\" alt=\"A regra definitiva de como usar &quot;onde&quot; ou &quot;aonde&quot; sem errar\" class=\"wp-image-179045\" srcset=\"https:\/\/www.correiobraziliense.com.br\/cbradar\/wp-content\/uploads\/2026\/01\/Onde-vs-Aonde-Uso-Correto-1024x572.png 1024w, https:\/\/www.correiobraziliense.com.br\/cbradar\/wp-content\/uploads\/2026\/01\/Onde-vs-Aonde-Uso-Correto-300x167.png 300w, https:\/\/www.correiobraziliense.com.br\/cbradar\/wp-content\/uploads\/2026\/01\/Onde-vs-Aonde-Uso-Correto-768x429.png 768w, https:\/\/www.correiobraziliense.com.br\/cbradar\/wp-content\/uploads\/2026\/01\/Onde-vs-Aonde-Uso-Correto-750x419.png 750w, https:\/\/www.correiobraziliense.com.br\/cbradar\/wp-content\/uploads\/2026\/01\/Onde-vs-Aonde-Uso-Correto-1140x636.png 1140w, https:\/\/www.correiobraziliense.com.br\/cbradar\/wp-content\/uploads\/2026\/01\/Onde-vs-Aonde-Uso-Correto.png 1376w\" sizes=\"(max-width: 1024px) 100vw, 1024px\" \/><figcaption class=\"wp-element-caption\">&#8220;Onde&#8221; indica posi\u00e7\u00e3o fixa (perman\u00eancia); &#8220;aonde&#8221; denota movimento at\u00e9 destino, como em &#8220;Vou aonde?&#8221; em textos formais.\n\n<\/figcaption><\/figure>\n\n\n\n<h2 class=\"wp-block-heading\">Quais erros comuns com \u201conde\u201d e \u201caonde\u201d ainda aparecem<\/h2>\n\n\n\n<p>Um erro frequente \u00e9 usar <strong>onde<\/strong> para qualquer situa\u00e7\u00e3o, inclusive com verbos de movimento. Frases como \u201conde voc\u00ea vai?\u201d ou \u201conde quer chegar?\u201d s\u00e3o comuns na fala, mas, em contextos formais, o mais indicado \u00e9 empregar <strong>aonde<\/strong>, justamente por envolver ideia de deslocamento ou dire\u00e7\u00e3o, seja real ou figurada.<\/p>\n\n\n\n<p>Outro ponto observado por gram\u00e1ticos \u00e9 o uso de <strong>onde<\/strong> para se referir a situa\u00e7\u00f5es abstratas sem rela\u00e7\u00e3o com lugar. Em senten\u00e7as como \u201cfoi um momento onde todos estavam atentos\u201d, o termo mais adequado seria <strong>\u201cem que\u201d<\/strong>, por n\u00e3o se tratar de localiza\u00e7\u00e3o f\u00edsica; essa substitui\u00e7\u00e3o \u00e9 recomendada em textos t\u00e9cnicos, acad\u00eamicos ou oficiais.<\/p>\n\n\n\n<ol class=\"wp-block-list\">\n<li><strong>Resumindo a regra pr\u00e1tica<\/strong><\/li>\n\n\n\n<li>Use <strong>onde<\/strong> com verbos que indiquem <strong>lugar fixo<\/strong> ou perman\u00eancia (estar, ficar, morar, permanecer).<\/li>\n\n\n\n<li>Empregue <strong>aonde<\/strong> com verbos que expressem <strong>movimento em dire\u00e7\u00e3o a um destino<\/strong> (ir, chegar, voltar, dirigir-se).<\/li>\n\n\n\n<li>Em contextos sem no\u00e7\u00e3o de lugar, prefira estruturas como <strong>\u201cem que\u201d<\/strong>, <strong>\u201cno qual\u201d<\/strong>, <strong>\u201cna qual\u201d<\/strong>, conforme o caso.<\/li>\n<\/ol>\n\n\n\n<p>Ao aplicar essas orienta\u00e7\u00f5es de forma consistente, o uso de <strong>onde<\/strong> e <strong>aonde<\/strong> torna-se quase autom\u00e1tico, reduzindo d\u00favidas e garantindo um texto mais adequado \u00e0s normas da l\u00edngua portuguesa em 2026, tanto em ambientes acad\u00eamicos quanto profissionais.<\/p>\n","protected":false},"excerpt":{"rendered":"<p>Domine de vez o uso de \u201conde\u201d ou \u201caonde\u201d com a regra definitiva, exemplos claros e dicas pr\u00e1ticas para nunca mais errar na escrita.<\/p>\n","protected":false},"author":3,"featured_media":180067,"comment_status":"open","ping_status":"open","sticky":false,"template":"","format":"standard","meta":{"_yoast_wpseo_focuskw":"onde ou aonde","_yoast_wpseo_title":"%%title%%","_yoast_wpseo_metadesc":"Domine de vez o uso de \u201conde\u201d ou \u201caonde\u201d com a regra definitiva, exemplos claros e dicas pr\u00e1ticas para nunca mais errar na escrita.","jnews-multi-image_gallery":[],"jnews_single_post":{"format":"standard"},"jnews_primary_category":[],"jnews_social_meta":[],"jnews_override_counter":[],"footnotes":""},"categories":[112],"post_tag":[144,10902,11064,6081],"class_list":["post-179043","post","type-post","status-publish","format-standard","has-post-thumbnail","hentry","category-curiosidades","tag-curiosidades","tag-lingua-portuguesa","tag-linguas","tag-portugues"],"yoast_head":"<!-- This site is optimized with the Yoast SEO plugin v24.6 - https:\/\/yoast.com\/wordpress\/plugins\/seo\/ -->\n<title>A regra definitiva de como usar &quot;onde&quot; ou &quot;aonde&quot; sem errar<\/title>\n<meta name=\"description\" content=\"Domine de vez o uso de \u201conde\u201d ou \u201caonde\u201d com a regra definitiva, exemplos claros e dicas pr\u00e1ticas para nunca mais errar na escrita.\" \/>\n<meta name=\"robots\" content=\"index, follow, max-snippet:-1, max-image-preview:large, max-video-preview:-1\" \/>\n<link rel=\"canonical\" href=\"https:\/\/www.correiobraziliense.com.br\/cbradar\/a-regra-definitiva-de-como-usar-onde-ou-aonde-sem-errar\/\" \/>\n<meta property=\"og:locale\" content=\"pt_BR\" \/>\n<meta property=\"og:type\" content=\"article\" \/>\n<meta property=\"og:title\" content=\"A regra definitiva de como usar &quot;onde&quot; ou &quot;aonde&quot; sem errar\" \/>\n<meta property=\"og:description\" content=\"Domine de vez o uso de \u201conde\u201d ou \u201caonde\u201d com a regra definitiva, exemplos claros e dicas pr\u00e1ticas para nunca mais errar na escrita.\" \/>\n<meta property=\"og:url\" content=\"https:\/\/www.correiobraziliense.com.br\/cbradar\/a-regra-definitiva-de-como-usar-onde-ou-aonde-sem-errar\/\" \/>\n<meta property=\"og:site_name\" content=\"Correio Braziliense - Radar\" \/>\n<meta property=\"article:published_time\" content=\"2026-01-24T18:15:00+00:00\" \/>\n<meta property=\"og:image\" content=\"https:\/\/www.correiobraziliense.com.br\/cbradar\/wp-content\/uploads\/2026\/01\/freepik__imagem-simblica-da-diferena-de-aonde-e-onde__22660.jpeg\" \/>\n\t<meta property=\"og:image:width\" content=\"1280\" \/>\n\t<meta property=\"og:image:height\" content=\"720\" \/>\n\t<meta property=\"og:image:type\" content=\"image\/jpeg\" \/>\n<meta name=\"author\" content=\"Larissa Carvalho\" \/>\n<meta name=\"twitter:card\" content=\"summary_large_image\" \/>\n<meta name=\"twitter:label1\" content=\"Escrito por\" \/>\n\t<meta name=\"twitter:data1\" content=\"Larissa Carvalho\" \/>\n\t<meta name=\"twitter:label2\" content=\"Est. tempo de leitura\" \/>\n\t<meta name=\"twitter:data2\" content=\"5 minutos\" \/>\n<!-- \/ Yoast SEO plugin. -->","yoast_head_json":{"title":"A regra definitiva de como usar \"onde\" ou \"aonde\" sem errar","description":"Domine de vez o uso de \u201conde\u201d ou \u201caonde\u201d com a regra definitiva, exemplos claros e dicas pr\u00e1ticas para nunca mais errar na escrita.","robots":{"index":"index","follow":"follow","max-snippet":"max-snippet:-1","max-image-preview":"max-image-preview:large","max-video-preview":"max-video-preview:-1"},"canonical":"https:\/\/www.correiobraziliense.com.br\/cbradar\/a-regra-definitiva-de-como-usar-onde-ou-aonde-sem-errar\/","og_locale":"pt_BR","og_type":"article","og_title":"A regra definitiva de como usar \"onde\" ou \"aonde\" sem errar","og_description":"Domine de vez o uso de \u201conde\u201d ou \u201caonde\u201d com a regra definitiva, exemplos claros e dicas pr\u00e1ticas para nunca mais errar na escrita.","og_url":"https:\/\/www.correiobraziliense.com.br\/cbradar\/a-regra-definitiva-de-como-usar-onde-ou-aonde-sem-errar\/","og_site_name":"Correio Braziliense - Radar","article_published_time":"2026-01-24T18:15:00+00:00","og_image":[{"width":1280,"height":720,"url":"https:\/\/www.correiobraziliense.com.br\/cbradar\/wp-content\/uploads\/2026\/01\/freepik__imagem-simblica-da-diferena-de-aonde-e-onde__22660.jpeg","type":"image\/jpeg"}],"author":"Larissa Carvalho","twitter_card":"summary_large_image","twitter_misc":{"Escrito por":"Larissa Carvalho","Est. tempo de leitura":"5 minutos"},"schema":{"@context":"https:\/\/schema.org","@graph":[{"@type":"WebPage","@id":"https:\/\/www.correiobraziliense.com.br\/cbradar\/a-regra-definitiva-de-como-usar-onde-ou-aonde-sem-errar\/","url":"https:\/\/www.correiobraziliense.com.br\/cbradar\/a-regra-definitiva-de-como-usar-onde-ou-aonde-sem-errar\/","name":"A regra definitiva de como usar \"onde\" ou \"aonde\" sem errar","isPartOf":{"@id":"https:\/\/www.correiobraziliense.com.br\/cbradar\/#website"},"primaryImageOfPage":{"@id":"https:\/\/www.correiobraziliense.com.br\/cbradar\/a-regra-definitiva-de-como-usar-onde-ou-aonde-sem-errar\/#primaryimage"},"image":{"@id":"https:\/\/www.correiobraziliense.com.br\/cbradar\/a-regra-definitiva-de-como-usar-onde-ou-aonde-sem-errar\/#primaryimage"},"thumbnailUrl":"https:\/\/www.correiobraziliense.com.br\/cbradar\/wp-content\/uploads\/2026\/01\/freepik__imagem-simblica-da-diferena-de-aonde-e-onde__22660.jpeg","datePublished":"2026-01-24T18:15:00+00:00","author":{"@id":"https:\/\/www.correiobraziliense.com.br\/cbradar\/#\/schema\/person\/58422787644df994b53a19d3e56c1513"},"description":"Domine de vez o uso de \u201conde\u201d ou \u201caonde\u201d com a regra definitiva, exemplos claros e dicas pr\u00e1ticas para nunca mais errar na escrita.","breadcrumb":{"@id":"https:\/\/www.correiobraziliense.com.br\/cbradar\/a-regra-definitiva-de-como-usar-onde-ou-aonde-sem-errar\/#breadcrumb"},"inLanguage":"pt-BR","potentialAction":[{"@type":"ReadAction","target":["https:\/\/www.correiobraziliense.com.br\/cbradar\/a-regra-definitiva-de-como-usar-onde-ou-aonde-sem-errar\/"]}]},{"@type":"ImageObject","inLanguage":"pt-BR","@id":"https:\/\/www.correiobraziliense.com.br\/cbradar\/a-regra-definitiva-de-como-usar-onde-ou-aonde-sem-errar\/#primaryimage","url":"https:\/\/www.correiobraziliense.com.br\/cbradar\/wp-content\/uploads\/2026\/01\/freepik__imagem-simblica-da-diferena-de-aonde-e-onde__22660.jpeg","contentUrl":"https:\/\/www.correiobraziliense.com.br\/cbradar\/wp-content\/uploads\/2026\/01\/freepik__imagem-simblica-da-diferena-de-aonde-e-onde__22660.jpeg","width":1280,"height":720,"caption":"Onde indica lugar fixo e aonde indica dire\u00e7\u00e3o"},{"@type":"BreadcrumbList","@id":"https:\/\/www.correiobraziliense.com.br\/cbradar\/a-regra-definitiva-de-como-usar-onde-ou-aonde-sem-errar\/#breadcrumb","itemListElement":[{"@type":"ListItem","position":1,"name":"In\u00edcio","item":"https:\/\/www.correiobraziliense.com.br\/cbradar\/"},{"@type":"ListItem","position":2,"name":"A regra definitiva de como usar &#8220;onde&#8221; ou &#8220;aonde&#8221; sem errar"}]},{"@type":"WebSite","@id":"https:\/\/www.correiobraziliense.com.br\/cbradar\/#website","url":"https:\/\/www.correiobraziliense.com.br\/cbradar\/","name":"Correio Braziliense - Radar","description":"Acompanhe as \u00faltimas not\u00edcias e fique bem informado sobre tudo o que acontece no Brasil e no mundo.","potentialAction":[{"@type":"SearchAction","target":{"@type":"EntryPoint","urlTemplate":"https:\/\/www.correiobraziliense.com.br\/cbradar\/?s={search_term_string}"},"query-input":{"@type":"PropertyValueSpecification","valueRequired":true,"valueName":"search_term_string"}}],"inLanguage":"pt-BR"},{"@type":"Person","@id":"https:\/\/www.correiobraziliense.com.br\/cbradar\/#\/schema\/person\/58422787644df994b53a19d3e56c1513","name":"Larissa Carvalho","image":{"@type":"ImageObject","inLanguage":"pt-BR","@id":"https:\/\/www.correiobraziliense.com.br\/cbradar\/#\/schema\/person\/image\/","url":"https:\/\/secure.gravatar.com\/avatar\/fe4f91a0de32b52a838d0d612abdc1aa?s=96&d=mm&r=g","contentUrl":"https:\/\/secure.gravatar.com\/avatar\/fe4f91a0de32b52a838d0d612abdc1aa?s=96&d=mm&r=g","caption":"Larissa Carvalho"},"url":"https:\/\/www.correiobraziliense.com.br\/cbradar\/author\/larissamyth\/"}]}},"_links":{"self":[{"href":"https:\/\/www.correiobraziliense.com.br\/cbradar\/wp-json\/wp\/v2\/posts\/179043","targetHints":{"allow":["GET"]}}],"collection":[{"href":"https:\/\/www.correiobraziliense.com.br\/cbradar\/wp-json\/wp\/v2\/posts"}],"about":[{"href":"https:\/\/www.correiobraziliense.com.br\/cbradar\/wp-json\/wp\/v2\/types\/post"}],"author":[{"embeddable":true,"href":"https:\/\/www.correiobraziliense.com.br\/cbradar\/wp-json\/wp\/v2\/users\/3"}],"replies":[{"embeddable":true,"href":"https:\/\/www.correiobraziliense.com.br\/cbradar\/wp-json\/wp\/v2\/comments?post=179043"}],"version-history":[{"count":5,"href":"https:\/\/www.correiobraziliense.com.br\/cbradar\/wp-json\/wp\/v2\/posts\/179043\/revisions"}],"predecessor-version":[{"id":180142,"href":"https:\/\/www.correiobraziliense.com.br\/cbradar\/wp-json\/wp\/v2\/posts\/179043\/revisions\/180142"}],"wp:featuredmedia":[{"embeddable":true,"href":"https:\/\/www.correiobraziliense.com.br\/cbradar\/wp-json\/wp\/v2\/media\/180067"}],"wp:attachment":[{"href":"https:\/\/www.correiobraziliense.com.br\/cbradar\/wp-json\/wp\/v2\/media?parent=179043"}],"wp:term":[{"taxonomy":"category","embeddable":true,"href":"https:\/\/www.correiobraziliense.com.br\/cbradar\/wp-json\/wp\/v2\/categories?post=179043"},{"taxonomy":"post_tag","embeddable":true,"href":"https:\/\/www.correiobraziliense.com.br\/cbradar\/wp-json\/wp\/v2\/post_tag?post=179043"}],"curies":[{"name":"wp","href":"https:\/\/api.w.org\/{rel}","templated":true}]}}