{"id":179047,"date":"2026-01-24T18:15:00","date_gmt":"2026-01-24T21:15:00","guid":{"rendered":"https:\/\/www.correiobraziliense.com.br\/cbradar\/?p=179047"},"modified":"2026-01-23T11:40:54","modified_gmt":"2026-01-23T14:40:54","slug":"impresso-ou-imprimido-a-explicacao-para-voce-nao-cometer-mais-erros-no-dia-a-dia","status":"publish","type":"post","link":"https:\/\/www.correiobraziliense.com.br\/cbradar\/impresso-ou-imprimido-a-explicacao-para-voce-nao-cometer-mais-erros-no-dia-a-dia\/","title":{"rendered":"&#8220;Impresso&#8221; ou &#8220;imprimido&#8221;? A explica\u00e7\u00e3o para voc\u00ea n\u00e3o cometer mais erros no dia a dia"},"content":{"rendered":"\n<p>Na l\u00edngua portuguesa, poucas escolhas geram tanta d\u00favida no dia a dia quanto o uso de <strong>&#8220;impresso&#8221;<\/strong> e <strong>&#8220;imprimido&#8221;<\/strong>. A situa\u00e7\u00e3o costuma aparecer em contextos simples, como ao falar sobre documentos, camisetas ou folhetos, mas nem sempre a forma empregada est\u00e1 de acordo com a <strong>norma padr\u00e3o<\/strong>. A d\u00favida n\u00e3o \u00e9 recente e acompanha o verbo <strong>imprimir<\/strong> h\u00e1 muitos anos, principalmente em <strong>textos formais<\/strong>, concursos, provas escolares e situa\u00e7\u00f5es que exigem maior aten\u00e7\u00e3o ao uso culto da l\u00edngua.<\/p>\n\n\n\n<h2 class=\"wp-block-heading\">Qual \u00e9 a palavra entre &#8220;impresso&#8221; e &#8220;imprimido&#8221;<\/h2>\n\n\n\n<p>Para resolver o problema entre <strong>&#8220;impresso&#8221;<\/strong> e <strong>&#8220;imprimido&#8221;<\/strong> est\u00e1 na identifica\u00e7\u00e3o do <strong>verbo auxiliar<\/strong> na ora\u00e7\u00e3o. Em portugu\u00eas, os partic\u00edpios costumam aparecer em tempos compostos ou em constru\u00e7\u00f5es com verbos de liga\u00e7\u00e3o, o que influencia diretamente a forma escolhida.<\/p>\n\n\n\n<p>No caso do verbo <strong>imprimir<\/strong>, a regra tradicional indica que <strong>&#8220;impresso&#8221;<\/strong> \u00e9 usado com alguns verbos espec\u00edficos, enquanto <strong>&#8220;imprimido&#8221;<\/strong> acompanha outros, especialmente em tempos compostos. Na pr\u00e1tica, trata-se de um <strong>verbo de partic\u00edpio duplo<\/strong>, o que significa que as duas formas est\u00e3o corretas, mas com usos preferenciais diferentes.<\/p>\n\n\n\n<p>Para aprofundarmos no tema, trouxemos o v\u00eddeo do professor La\u00e9rcio Sousa (@quimica2119):<\/p>\n\n\n\n<blockquote class=\"tiktok-embed\" cite=\"https:\/\/www.tiktok.com\/@quimica2119\/video\/7330696439493872902\" data-video-id=\"7330696439493872902\" style=\"max-width: 605px;min-width: 325px;\" > <section> <a target=\"_blank\" title=\"@quimica2119\" href=\"https:\/\/www.tiktok.com\/@quimica2119?refer=embed\">@quimica2119<\/a> Impresso ou Imprimido ? <a title=\"enem\" target=\"_blank\" href=\"https:\/\/www.tiktok.com\/tag\/enem?refer=embed\">#enem<\/a> <a title=\"concurso\" target=\"_blank\" href=\"https:\/\/www.tiktok.com\/tag\/concurso?refer=embed\">#concurso<\/a> <a title=\"concursopublico\" target=\"_blank\" href=\"https:\/\/www.tiktok.com\/tag\/concursopublico?refer=embed\">#concursopublico<\/a> <a title=\"estudar\" target=\"_blank\" href=\"https:\/\/www.tiktok.com\/tag\/estudar?refer=embed\">#estudar<\/a> <a title=\"portugues\" target=\"_blank\" href=\"https:\/\/www.tiktok.com\/tag\/portugues?refer=embed\">#portugues<\/a> <a title=\"dicas\" target=\"_blank\" href=\"https:\/\/www.tiktok.com\/tag\/dicas?refer=embed\">#dicas<\/a> <a title=\"portugues\" target=\"_blank\" href=\"https:\/\/www.tiktok.com\/tag\/portugues?refer=embed\">#portugues<\/a> <a title=\"dicas\" target=\"_blank\" href=\"https:\/\/www.tiktok.com\/tag\/dicas?refer=embed\">#dicas<\/a> <a title=\"portugues\" target=\"_blank\" href=\"https:\/\/www.tiktok.com\/tag\/portugues?refer=embed\">#portugues<\/a> <a target=\"_blank\" title=\"\u266c som original - Prof \u00ba La\u00e9rcio Sousa\" href=\"https:\/\/www.tiktok.com\/music\/som-original-7330696456530545413?refer=embed\">\u266c som original &#8211; Prof \u00ba La\u00e9rcio Sousa<\/a> <\/section> <\/blockquote> <script async src=\"https:\/\/www.tiktok.com\/embed.js\"><\/script>\n\n\n\n<h2 class=\"wp-block-heading\">Quando usar &#8220;impresso&#8221; nas frases do dia a dia<\/h2>\n\n\n\n<p>O partic\u00edpio <strong>&#8220;impresso&#8221;<\/strong> \u00e9 classificado como <strong>partic\u00edpio irregular<\/strong> e aparece preferencialmente em constru\u00e7\u00f5es com os verbos <strong>ser<\/strong> e <strong>estar<\/strong>. Nesses casos, a frase geralmente descreve um <strong>estado<\/strong> ou o <strong>resultado de uma a\u00e7\u00e3o conclu\u00edda<\/strong>, algo j\u00e1 finalizado e dispon\u00edvel.<\/p>\n\n\n\n<p>Essa forma costuma ser mais frequente em textos <strong>jornal\u00edsticos, acad\u00eamicos e administrativos<\/strong>, justamente por enfatizar o produto final do processo de impress\u00e3o. Alguns exemplos de uso de <strong>&#8220;impresso&#8221;<\/strong> com os verbos adequados s\u00e3o:<\/p>\n\n\n\n<ul class=\"wp-block-list\">\n<li>As camisetas foram <strong>impressas<\/strong> para o evento.<\/li>\n\n\n\n<li>O cartaz est\u00e1 <strong>impresso<\/strong> em papel reciclado.<\/li>\n\n\n\n<li>O relat\u00f3rio foi <strong>impresso<\/strong> em duas vias.<\/li>\n\n\n\n<li>Os panfletos ser\u00e3o <strong>impressos<\/strong> ainda hoje.<\/li>\n<\/ul>\n\n\n\n<h2 class=\"wp-block-heading\">&#8220;Imprimido&#8221; ainda \u00e9 correto e em que situa\u00e7\u00f5es usar essa forma<\/h2>\n\n\n\n<p>Apesar de causar estranhamento em algumas pessoas, <strong>&#8220;imprimido&#8221;<\/strong> tamb\u00e9m \u00e9 uma forma correta do partic\u00edpio do verbo <strong>imprimir<\/strong>. Trata-se do <strong>partic\u00edpio regular<\/strong>, mais comum em tempos compostos com os verbos <strong>ter<\/strong> e <strong>haver<\/strong>, principalmente em registros que seguem de perto a <strong>gram\u00e1tica normativa<\/strong>.<\/p>\n\n\n\n<p>Nessa constru\u00e7\u00e3o, a frase geralmente destaca o <strong>processo<\/strong> ou a <strong>a\u00e7\u00e3o realizada<\/strong>, e n\u00e3o apenas o resultado final. Embora a forma <strong>&#8220;impresso&#8221;<\/strong> tamb\u00e9m apare\u00e7a em alguns tempos compostos no uso contempor\u00e2neo, gram\u00e1ticas tradicionais ainda destacam <strong>&#8220;imprimido&#8221;<\/strong> como a op\u00e7\u00e3o mais alinhada \u00e0 norma padr\u00e3o quando associado a <strong>ter<\/strong> e <strong>haver<\/strong>.<\/p>\n\n\n\n<h2 class=\"wp-block-heading\">Como memorizar a diferen\u00e7a entre &#8220;impresso&#8221; e &#8220;imprimido&#8221;<\/h2>\n\n\n\n<p>Para quem precisa aplicar essa regra no trabalho, nos estudos ou em provas, algumas estrat\u00e9gias simples podem ajudar na memoriza\u00e7\u00e3o. A associa\u00e7\u00e3o com os <strong>verbos auxiliares<\/strong> costuma ser o caminho mais pr\u00e1tico e eficiente para evitar erros, especialmente em situa\u00e7\u00f5es de escrita <strong>formal<\/strong> e avalia\u00e7\u00f5es.<\/p>\n\n\n\n<p>Veja algumas formas de fixar a diferen\u00e7a de maneira r\u00e1pida e funcional, usando sempre a rela\u00e7\u00e3o entre <strong>ser\/estar<\/strong> e <strong>ter\/haver<\/strong> como guia principal:<\/p>\n\n\n\n<ol class=\"wp-block-list\">\n<li><strong>Identificar o verbo auxiliar<\/strong>: antes de escolher a forma, \u00e9 \u00fatil localizar o verbo que acompanha o partic\u00edpio na frase.<\/li>\n\n\n\n<li><strong>Aplicar a regra b\u00e1sica<\/strong>:\n<ul class=\"wp-block-list\">\n<li>Com <strong>ser<\/strong> e <strong>estar<\/strong> \u2192 usar <strong>impresso<\/strong> (foram impressas, est\u00e1 impresso).<\/li>\n\n\n\n<li>Com <strong>ter<\/strong> e <strong>haver<\/strong> \u2192 preferir <strong>imprimido<\/strong> (tinha imprimido, havia imprimido).<\/li>\n<\/ul>\n<\/li>\n\n\n\n<li><strong>Criar frases de refer\u00eancia<\/strong>: frases simples, usadas como modelo mental, ajudam na fixa\u00e7\u00e3o, como:\n<ul class=\"wp-block-list\">\n<li>\u201cO cartaz foi <strong>impresso<\/strong> ontem.\u201d<\/li>\n\n\n\n<li>\u201cEla tinha <strong>imprimido<\/strong> o cartaz errado.\u201d<\/li>\n<\/ul>\n<\/li>\n<\/ol>\n\n\n<div class=\"wp-block-image\">\n<figure class=\"aligncenter size-large\"><img decoding=\"async\" width=\"1024\" height=\"572\" src=\"https:\/\/www.correiobraziliense.com.br\/cbradar\/wp-content\/uploads\/2026\/01\/Impresso-vs-Imprimido-1024x572.png\" alt=\"&quot;Impresso&quot; ou &quot;imprimido&quot;? A explica\u00e7\u00e3o para voc\u00ea n\u00e3o cometer mais erros no dia a dia\" class=\"wp-image-179049\" srcset=\"https:\/\/www.correiobraziliense.com.br\/cbradar\/wp-content\/uploads\/2026\/01\/Impresso-vs-Imprimido-1024x572.png 1024w, https:\/\/www.correiobraziliense.com.br\/cbradar\/wp-content\/uploads\/2026\/01\/Impresso-vs-Imprimido-300x167.png 300w, https:\/\/www.correiobraziliense.com.br\/cbradar\/wp-content\/uploads\/2026\/01\/Impresso-vs-Imprimido-768x429.png 768w, https:\/\/www.correiobraziliense.com.br\/cbradar\/wp-content\/uploads\/2026\/01\/Impresso-vs-Imprimido-750x419.png 750w, https:\/\/www.correiobraziliense.com.br\/cbradar\/wp-content\/uploads\/2026\/01\/Impresso-vs-Imprimido-1140x636.png 1140w, https:\/\/www.correiobraziliense.com.br\/cbradar\/wp-content\/uploads\/2026\/01\/Impresso-vs-Imprimido.png 1376w\" sizes=\"(max-width: 1024px) 100vw, 1024px\" \/><figcaption class=\"wp-element-caption\">Regra: adjetivo flexiona g\u00eanero\/n\u00famero (impressa); partic\u00edpio concorda com auxiliar ser\/ter em voz passiva.<\/figcaption><\/figure><\/div>\n\n\n<h2 class=\"wp-block-heading\">Outros verbos com partic\u00edpios duplos seguem l\u00f3gica parecida<\/h2>\n\n\n\n<p>O caso de <strong>&#8220;impresso&#8221; \/ &#8220;imprimido&#8221;<\/strong> n\u00e3o \u00e9 isolado. A l\u00edngua portuguesa possui outros verbos que apresentam <strong>partic\u00edpio regular e irregular<\/strong>, como <strong>aceitar<\/strong> (<em>aceitado \/ aceito<\/em>), <strong>eleger<\/strong> (<em>elegido \/ eleito<\/em>) e <strong>salvar<\/strong> (<em>salvado \/ salvo<\/em>), frequentemente citados em materiais did\u00e1ticos.<\/p>\n\n\n\n<p>Em muitos desses casos, a l\u00f3gica de uso \u00e9 semelhante: a forma irregular costuma aparecer com <strong>ser<\/strong> e <strong>estar<\/strong>, enquanto a forma regular \u00e9 mais ligada a <strong>ter<\/strong> e <strong>haver<\/strong>. Dominar a diferen\u00e7a entre <strong>&#8220;impresso&#8221;<\/strong> e <strong>&#8220;imprimido&#8221;<\/strong> facilita tanto a escrita formal quanto a compreens\u00e3o de outros <strong>partic\u00edpios duplos<\/strong> no portugu\u00eas contempor\u00e2neo.<\/p>\n","protected":false},"excerpt":{"rendered":"<p>Impresso ou imprimido? Descubra a regra definitiva de uso com ser, estar, ter e haver para nunca mais errar na escrita do dia a dia.<\/p>\n","protected":false},"author":3,"featured_media":180151,"comment_status":"open","ping_status":"open","sticky":false,"template":"","format":"standard","meta":{"_yoast_wpseo_focuskw":"\"Impresso\" ou \"imprimido\"","_yoast_wpseo_title":"%%title%%","_yoast_wpseo_metadesc":"Impresso ou imprimido? Descubra a regra definitiva de uso com ser, estar, ter e haver para nunca mais errar na escrita do dia a dia.","jnews-multi-image_gallery":[],"jnews_single_post":{"format":"standard"},"jnews_primary_category":[],"jnews_social_meta":[],"jnews_override_counter":[],"footnotes":""},"categories":[112],"post_tag":[144,10902,11064,6081],"class_list":["post-179047","post","type-post","status-publish","format-standard","has-post-thumbnail","hentry","category-curiosidades","tag-curiosidades","tag-lingua-portuguesa","tag-linguas","tag-portugues"],"yoast_head":"<!-- This site is optimized with the Yoast SEO plugin v24.6 - https:\/\/yoast.com\/wordpress\/plugins\/seo\/ -->\n<title>&quot;Impresso&quot; ou &quot;imprimido&quot;? A explica\u00e7\u00e3o para voc\u00ea n\u00e3o cometer mais erros no dia a dia<\/title>\n<meta name=\"description\" content=\"Impresso ou imprimido? Descubra a regra definitiva de uso com ser, estar, ter e haver para nunca mais errar na escrita do dia a dia.\" \/>\n<meta name=\"robots\" content=\"index, follow, max-snippet:-1, max-image-preview:large, max-video-preview:-1\" \/>\n<link rel=\"canonical\" href=\"https:\/\/www.correiobraziliense.com.br\/cbradar\/impresso-ou-imprimido-a-explicacao-para-voce-nao-cometer-mais-erros-no-dia-a-dia\/\" \/>\n<meta property=\"og:locale\" content=\"pt_BR\" \/>\n<meta property=\"og:type\" content=\"article\" \/>\n<meta property=\"og:title\" content=\"&quot;Impresso&quot; ou &quot;imprimido&quot;? A explica\u00e7\u00e3o para voc\u00ea n\u00e3o cometer mais erros no dia a dia\" \/>\n<meta property=\"og:description\" content=\"Impresso ou imprimido? Descubra a regra definitiva de uso com ser, estar, ter e haver para nunca mais errar na escrita do dia a dia.\" \/>\n<meta property=\"og:url\" content=\"https:\/\/www.correiobraziliense.com.br\/cbradar\/impresso-ou-imprimido-a-explicacao-para-voce-nao-cometer-mais-erros-no-dia-a-dia\/\" \/>\n<meta property=\"og:site_name\" content=\"Correio Braziliense - Radar\" \/>\n<meta property=\"article:published_time\" content=\"2026-01-24T21:15:00+00:00\" \/>\n<meta property=\"og:image\" content=\"https:\/\/www.correiobraziliense.com.br\/cbradar\/wp-content\/uploads\/2026\/01\/freepik__imagem-de-um-quadro-escolar-escrito-exatamente-imp__22667-1.jpeg\" \/>\n\t<meta property=\"og:image:width\" content=\"1280\" \/>\n\t<meta property=\"og:image:height\" content=\"720\" \/>\n\t<meta property=\"og:image:type\" content=\"image\/jpeg\" \/>\n<meta name=\"author\" content=\"Larissa Carvalho\" \/>\n<meta name=\"twitter:card\" content=\"summary_large_image\" \/>\n<meta name=\"twitter:label1\" content=\"Escrito por\" \/>\n\t<meta name=\"twitter:data1\" content=\"Larissa Carvalho\" \/>\n\t<meta name=\"twitter:label2\" content=\"Est. tempo de leitura\" \/>\n\t<meta name=\"twitter:data2\" content=\"5 minutos\" \/>\n<!-- \/ Yoast SEO plugin. -->","yoast_head_json":{"title":"\"Impresso\" ou \"imprimido\"? A explica\u00e7\u00e3o para voc\u00ea n\u00e3o cometer mais erros no dia a dia","description":"Impresso ou imprimido? Descubra a regra definitiva de uso com ser, estar, ter e haver para nunca mais errar na escrita do dia a dia.","robots":{"index":"index","follow":"follow","max-snippet":"max-snippet:-1","max-image-preview":"max-image-preview:large","max-video-preview":"max-video-preview:-1"},"canonical":"https:\/\/www.correiobraziliense.com.br\/cbradar\/impresso-ou-imprimido-a-explicacao-para-voce-nao-cometer-mais-erros-no-dia-a-dia\/","og_locale":"pt_BR","og_type":"article","og_title":"\"Impresso\" ou \"imprimido\"? A explica\u00e7\u00e3o para voc\u00ea n\u00e3o cometer mais erros no dia a dia","og_description":"Impresso ou imprimido? Descubra a regra definitiva de uso com ser, estar, ter e haver para nunca mais errar na escrita do dia a dia.","og_url":"https:\/\/www.correiobraziliense.com.br\/cbradar\/impresso-ou-imprimido-a-explicacao-para-voce-nao-cometer-mais-erros-no-dia-a-dia\/","og_site_name":"Correio Braziliense - Radar","article_published_time":"2026-01-24T21:15:00+00:00","og_image":[{"width":1280,"height":720,"url":"https:\/\/www.correiobraziliense.com.br\/cbradar\/wp-content\/uploads\/2026\/01\/freepik__imagem-de-um-quadro-escolar-escrito-exatamente-imp__22667-1.jpeg","type":"image\/jpeg"}],"author":"Larissa Carvalho","twitter_card":"summary_large_image","twitter_misc":{"Escrito por":"Larissa Carvalho","Est. tempo de leitura":"5 minutos"},"schema":{"@context":"https:\/\/schema.org","@graph":[{"@type":"WebPage","@id":"https:\/\/www.correiobraziliense.com.br\/cbradar\/impresso-ou-imprimido-a-explicacao-para-voce-nao-cometer-mais-erros-no-dia-a-dia\/","url":"https:\/\/www.correiobraziliense.com.br\/cbradar\/impresso-ou-imprimido-a-explicacao-para-voce-nao-cometer-mais-erros-no-dia-a-dia\/","name":"\"Impresso\" ou \"imprimido\"? A explica\u00e7\u00e3o para voc\u00ea n\u00e3o cometer mais erros no dia a dia","isPartOf":{"@id":"https:\/\/www.correiobraziliense.com.br\/cbradar\/#website"},"primaryImageOfPage":{"@id":"https:\/\/www.correiobraziliense.com.br\/cbradar\/impresso-ou-imprimido-a-explicacao-para-voce-nao-cometer-mais-erros-no-dia-a-dia\/#primaryimage"},"image":{"@id":"https:\/\/www.correiobraziliense.com.br\/cbradar\/impresso-ou-imprimido-a-explicacao-para-voce-nao-cometer-mais-erros-no-dia-a-dia\/#primaryimage"},"thumbnailUrl":"https:\/\/www.correiobraziliense.com.br\/cbradar\/wp-content\/uploads\/2026\/01\/freepik__imagem-de-um-quadro-escolar-escrito-exatamente-imp__22667-1.jpeg","datePublished":"2026-01-24T21:15:00+00:00","author":{"@id":"https:\/\/www.correiobraziliense.com.br\/cbradar\/#\/schema\/person\/58422787644df994b53a19d3e56c1513"},"description":"Impresso ou imprimido? Descubra a regra definitiva de uso com ser, estar, ter e haver para nunca mais errar na escrita do dia a dia.","breadcrumb":{"@id":"https:\/\/www.correiobraziliense.com.br\/cbradar\/impresso-ou-imprimido-a-explicacao-para-voce-nao-cometer-mais-erros-no-dia-a-dia\/#breadcrumb"},"inLanguage":"pt-BR","potentialAction":[{"@type":"ReadAction","target":["https:\/\/www.correiobraziliense.com.br\/cbradar\/impresso-ou-imprimido-a-explicacao-para-voce-nao-cometer-mais-erros-no-dia-a-dia\/"]}]},{"@type":"ImageObject","inLanguage":"pt-BR","@id":"https:\/\/www.correiobraziliense.com.br\/cbradar\/impresso-ou-imprimido-a-explicacao-para-voce-nao-cometer-mais-erros-no-dia-a-dia\/#primaryimage","url":"https:\/\/www.correiobraziliense.com.br\/cbradar\/wp-content\/uploads\/2026\/01\/freepik__imagem-de-um-quadro-escolar-escrito-exatamente-imp__22667-1.jpeg","contentUrl":"https:\/\/www.correiobraziliense.com.br\/cbradar\/wp-content\/uploads\/2026\/01\/freepik__imagem-de-um-quadro-escolar-escrito-exatamente-imp__22667-1.jpeg","width":1280,"height":720,"caption":"A d\u00favida ocorre porque o verbo imprimir admite duas formas de partic\u00edpio"},{"@type":"BreadcrumbList","@id":"https:\/\/www.correiobraziliense.com.br\/cbradar\/impresso-ou-imprimido-a-explicacao-para-voce-nao-cometer-mais-erros-no-dia-a-dia\/#breadcrumb","itemListElement":[{"@type":"ListItem","position":1,"name":"In\u00edcio","item":"https:\/\/www.correiobraziliense.com.br\/cbradar\/"},{"@type":"ListItem","position":2,"name":"&#8220;Impresso&#8221; ou &#8220;imprimido&#8221;? A explica\u00e7\u00e3o para voc\u00ea n\u00e3o cometer mais erros no dia a dia"}]},{"@type":"WebSite","@id":"https:\/\/www.correiobraziliense.com.br\/cbradar\/#website","url":"https:\/\/www.correiobraziliense.com.br\/cbradar\/","name":"Correio Braziliense - Radar","description":"Acompanhe as \u00faltimas not\u00edcias e fique bem informado sobre tudo o que acontece no Brasil e no mundo.","potentialAction":[{"@type":"SearchAction","target":{"@type":"EntryPoint","urlTemplate":"https:\/\/www.correiobraziliense.com.br\/cbradar\/?s={search_term_string}"},"query-input":{"@type":"PropertyValueSpecification","valueRequired":true,"valueName":"search_term_string"}}],"inLanguage":"pt-BR"},{"@type":"Person","@id":"https:\/\/www.correiobraziliense.com.br\/cbradar\/#\/schema\/person\/58422787644df994b53a19d3e56c1513","name":"Larissa Carvalho","image":{"@type":"ImageObject","inLanguage":"pt-BR","@id":"https:\/\/www.correiobraziliense.com.br\/cbradar\/#\/schema\/person\/image\/","url":"https:\/\/secure.gravatar.com\/avatar\/fe4f91a0de32b52a838d0d612abdc1aa?s=96&d=mm&r=g","contentUrl":"https:\/\/secure.gravatar.com\/avatar\/fe4f91a0de32b52a838d0d612abdc1aa?s=96&d=mm&r=g","caption":"Larissa Carvalho"},"url":"https:\/\/www.correiobraziliense.com.br\/cbradar\/author\/larissamyth\/"}]}},"_links":{"self":[{"href":"https:\/\/www.correiobraziliense.com.br\/cbradar\/wp-json\/wp\/v2\/posts\/179047","targetHints":{"allow":["GET"]}}],"collection":[{"href":"https:\/\/www.correiobraziliense.com.br\/cbradar\/wp-json\/wp\/v2\/posts"}],"about":[{"href":"https:\/\/www.correiobraziliense.com.br\/cbradar\/wp-json\/wp\/v2\/types\/post"}],"author":[{"embeddable":true,"href":"https:\/\/www.correiobraziliense.com.br\/cbradar\/wp-json\/wp\/v2\/users\/3"}],"replies":[{"embeddable":true,"href":"https:\/\/www.correiobraziliense.com.br\/cbradar\/wp-json\/wp\/v2\/comments?post=179047"}],"version-history":[{"count":4,"href":"https:\/\/www.correiobraziliense.com.br\/cbradar\/wp-json\/wp\/v2\/posts\/179047\/revisions"}],"predecessor-version":[{"id":180169,"href":"https:\/\/www.correiobraziliense.com.br\/cbradar\/wp-json\/wp\/v2\/posts\/179047\/revisions\/180169"}],"wp:featuredmedia":[{"embeddable":true,"href":"https:\/\/www.correiobraziliense.com.br\/cbradar\/wp-json\/wp\/v2\/media\/180151"}],"wp:attachment":[{"href":"https:\/\/www.correiobraziliense.com.br\/cbradar\/wp-json\/wp\/v2\/media?parent=179047"}],"wp:term":[{"taxonomy":"category","embeddable":true,"href":"https:\/\/www.correiobraziliense.com.br\/cbradar\/wp-json\/wp\/v2\/categories?post=179047"},{"taxonomy":"post_tag","embeddable":true,"href":"https:\/\/www.correiobraziliense.com.br\/cbradar\/wp-json\/wp\/v2\/post_tag?post=179047"}],"curies":[{"name":"wp","href":"https:\/\/api.w.org\/{rel}","templated":true}]}}