{"id":179051,"date":"2026-01-24T20:35:00","date_gmt":"2026-01-24T23:35:00","guid":{"rendered":"https:\/\/www.correiobraziliense.com.br\/cbradar\/?p=179051"},"modified":"2026-01-23T11:39:19","modified_gmt":"2026-01-23T14:39:19","slug":"como-saber-de-forma-definitiva-quando-usar-corretamente-vir-ver-e-vier","status":"publish","type":"post","link":"https:\/\/www.correiobraziliense.com.br\/cbradar\/como-saber-de-forma-definitiva-quando-usar-corretamente-vir-ver-e-vier\/","title":{"rendered":"Como saber de forma definitiva quando usar corretamente &#8216;Vir&#8217;, &#8216;Ver&#8217; e &#8216;Vier&#8217;"},"content":{"rendered":"\n<p>O uso correto de <strong>vir<\/strong>, <strong>ver<\/strong> e <strong>vier<\/strong> costuma gerar d\u00favidas porque esses verbos aparecem em tempos parecidos e com formas muito pr\u00f3ximas. Al\u00e9m disso, na fala cotidiana, muitas pessoas misturam essas formas, o que interfere na percep\u00e7\u00e3o do que est\u00e1 certo na l\u00edngua padr\u00e3o; por isso, entender a fun\u00e7\u00e3o de cada verbo, o <strong>tempo verbal<\/strong> em jogo e aplicar pequenas estrat\u00e9gias de verifica\u00e7\u00e3o ajuda a eliminar essa inseguran\u00e7a tanto na fala quanto na escrita.<\/p>\n\n\n\n<h2 class=\"wp-block-heading\">Qual \u00e9 a diferen\u00e7a entre \u201cvir\u201d e \u201cver\u201d na pr\u00e1tica?<\/h2>\n\n\n\n<p>O ponto de partida \u00e9 lembrar o significado de cada verbo. <strong>Ver<\/strong> est\u00e1 ligado ao ato de <strong>enxergar, olhar, perceber algo com os olhos<\/strong>. J\u00e1 <strong>vir<\/strong> indica movimento de deslocamento em dire\u00e7\u00e3o a um lugar, normalmente o ponto de refer\u00eancia de quem fala, isto \u00e9, a ideia de <strong>chegada ou aproxima\u00e7\u00e3o<\/strong>.<\/p>\n\n\n\n<p>Assim, \u201cver\u201d trata de <strong>vis\u00e3o<\/strong>; \u201cvir\u201d trata de <strong>chegada<\/strong>. Ao separar mentalmente esses campos de sentido, o uso da forma correta fica mais simples. Em situa\u00e7\u00f5es de d\u00favida, vale reler a frase e perguntar: \u201cestou falando de enxergar ou de chegar?\u201d, o que costuma resolver a maioria dos casos de forma r\u00e1pida.<\/p>\n\n\n\n<h2 class=\"wp-block-heading\">Como usar substitui\u00e7\u00f5es para escolher entre \u201cvir\u201d e \u201cver\u201d?<\/h2>\n\n\n\n<p>Uma forma pr\u00e1tica de checar qual verbo deve ser usado \u00e9 fazer uma pequena substitui\u00e7\u00e3o. Se a frase aceita trocar o verbo por <strong>enxergar<\/strong> sem perder o sentido, trata-se de <em>ver<\/em>. Se a frase admite a troca por <strong>chegar<\/strong> ou <strong>aproximar-se<\/strong>, o verbo \u00e9 <em>vir<\/em>, e assim voc\u00ea evita trocas equivocadas comuns na l\u00edngua falada.<\/p>\n\n\n\n<p>Essa pequena estrat\u00e9gia funciona especialmente bem em casos de d\u00favida com o <strong>futuro do subjuntivo<\/strong> ou com express\u00f5es como \u201cquando&#8230;\u201d, \u201cse&#8230;\u201d ou \u201cassim que&#8230;\u201d. Em provas, reda\u00e7\u00f5es e e-mails formais, fazer mentalmente essa substitui\u00e7\u00e3o antes de escrever a frase ajuda a manter a norma-padr\u00e3o sem depender apenas do \u201couvido\u201d.<\/p>\n\n\n\n<p>Para aprofundarmos no tema, trouxemos o v\u00eddeo da provessora Fl\u00e1via Lucas (@flaviaplucas):<\/p>\n\n\n\n<blockquote class=\"tiktok-embed\" cite=\"https:\/\/www.tiktok.com\/@flaviaplucas\/video\/7369715731870780677\" data-video-id=\"7369715731870780677\" style=\"max-width: 605px;min-width: 325px;\" > <section> <a target=\"_blank\" title=\"@flaviaplucas\" href=\"https:\/\/www.tiktok.com\/@flaviaplucas?refer=embed\">@flaviaplucas<\/a> <p>V\u00e1 at\u00e9 a minha bio e fa\u00e7a sua inscri\u00e7\u00e3o!!!<\/p> <a target=\"_blank\" title=\"\u266c som original - Fl\u00e1via Lucas\" href=\"https:\/\/www.tiktok.com\/music\/som-original-7369715760714173190?refer=embed\">\u266c som original &#8211; Fl\u00e1via Lucas<\/a> <\/section> <\/blockquote> <script async src=\"https:\/\/www.tiktok.com\/embed.js\"><\/script>\n\n\n\n<h2 class=\"wp-block-heading\">Como usar corretamente \u201cvir\u201d e \u201cver\u201d no futuro do subjuntivo?<\/h2>\n\n\n\n<p>O <strong>futuro do subjuntivo<\/strong> costuma ser o cen\u00e1rio em que surgem as maiores incertezas. Esse tempo verbal aparece em frases que indicam <strong>possibilidade futura<\/strong>, geralmente introduzidas por \u201cquando\u201d, \u201cse\u201d, \u201cassim que\u201d e \u201clogo que\u201d, falando de algo que ainda n\u00e3o aconteceu, mas pode ocorrer.<\/p>\n\n\n\n<p>A dificuldade aumenta porque a forma do verbo muda de maneira diferente em <strong>ver<\/strong> e <strong>vir<\/strong>, e a semelhan\u00e7a visual entre elas pode confundir quem escreve. Memorizar os modelos \u201c<strong>quando eu vir<\/strong>\u201d (de <em>ver<\/em>) e \u201c<strong>quando eu vier<\/strong>\u201d (de <em>vir<\/em>) funciona como um guia, a partir do qual todas as demais pessoas gramaticais se organizam.<\/p>\n\n\n\n<ul class=\"wp-block-list\">\n<li><strong>Ver<\/strong> (enxergar):\n<ul class=\"wp-block-list\">\n<li>quando eu <strong>vir<\/strong><\/li>\n\n\n\n<li>quando tu <strong>vires<\/strong><\/li>\n\n\n\n<li>quando ele\/ela <strong>vir<\/strong><\/li>\n\n\n\n<li>quando n\u00f3s <strong>virmos<\/strong><\/li>\n\n\n\n<li>quando v\u00f3s <strong>virdes<\/strong><\/li>\n\n\n\n<li>quando eles\/elas <strong>virem<\/strong><\/li>\n<\/ul>\n<\/li>\n\n\n\n<li><strong>Vir<\/strong> (chegar):\n<ul class=\"wp-block-list\">\n<li>quando eu <strong>vier<\/strong><\/li>\n\n\n\n<li>quando tu <strong>vieres<\/strong><\/li>\n\n\n\n<li>quando ele\/ela <strong>vier<\/strong><\/li>\n\n\n\n<li>quando n\u00f3s <strong>viermos<\/strong><\/li>\n\n\n\n<li>quando v\u00f3s <strong>vierdes<\/strong><\/li>\n\n\n\n<li>quando eles\/elas <strong>vierem<\/strong><\/li>\n<\/ul>\n<\/li>\n<\/ul>\n\n\n\n<p>Com isso, em frases como \u201cquando voc\u00ea o <strong>vir<\/strong>\u201d est\u00e1 em jogo o verbo <strong>ver<\/strong>, pois o sentido \u00e9 \u201cquando voc\u00ea o enxergar\u201d. J\u00e1 na frase \u201cquando eu <strong>vier<\/strong>\u201d, o verbo \u00e9 <strong>vir<\/strong>, com a ideia de \u201cquando eu chegar\u201d. A confus\u00e3o surge porque o ouvido registra sons muito parecidos, mas na escrita a diferencia\u00e7\u00e3o \u00e9 essencial para manter o <strong>padr\u00e3o culto<\/strong> e evitar erros de concord\u00e2ncia de sentido.<\/p>\n\n\n<div class=\"wp-block-image\">\n<figure class=\"aligncenter size-large\"><img decoding=\"async\" width=\"1024\" height=\"572\" src=\"https:\/\/www.correiobraziliense.com.br\/cbradar\/wp-content\/uploads\/2026\/01\/Vir-Ver-Vier-Uso-Correto-1024x572.png\" alt=\"Como saber de forma definitiva quando usar corretamente 'Vir', 'Ver' e 'Vier'\" class=\"wp-image-179053\" srcset=\"https:\/\/www.correiobraziliense.com.br\/cbradar\/wp-content\/uploads\/2026\/01\/Vir-Ver-Vier-Uso-Correto-1024x572.png 1024w, https:\/\/www.correiobraziliense.com.br\/cbradar\/wp-content\/uploads\/2026\/01\/Vir-Ver-Vier-Uso-Correto-300x167.png 300w, https:\/\/www.correiobraziliense.com.br\/cbradar\/wp-content\/uploads\/2026\/01\/Vir-Ver-Vier-Uso-Correto-768x429.png 768w, https:\/\/www.correiobraziliense.com.br\/cbradar\/wp-content\/uploads\/2026\/01\/Vir-Ver-Vier-Uso-Correto-750x419.png 750w, https:\/\/www.correiobraziliense.com.br\/cbradar\/wp-content\/uploads\/2026\/01\/Vir-Ver-Vier-Uso-Correto-1140x636.png 1140w, https:\/\/www.correiobraziliense.com.br\/cbradar\/wp-content\/uploads\/2026\/01\/Vir-Ver-Vier-Uso-Correto.png 1376w\" sizes=\"(max-width: 1024px) 100vw, 1024px\" \/><figcaption class=\"wp-element-caption\">&#8220;Vir&#8221; \u00e9 presente (eu vir); &#8220;ver&#8221; significa olhar (vou ver); &#8220;vier&#8221; \u00e9 pret\u00e9rito perfeito subjuntivo (se vier amanh\u00e3).<\/figcaption><\/figure><\/div>\n\n\n<h2 class=\"wp-block-heading\">Como saber de forma definitiva quando usar \u201cvir\u201d, \u201cver\u201d e \u201cvier\u201d?<\/h2>\n\n\n\n<p>Uma estrat\u00e9gia definitiva combina tr\u00eas perguntas simples: <strong>qual \u00e9 o verbo?<\/strong>, <strong>qual \u00e9 o sentido?<\/strong> e <strong>qual \u00e9 o tempo verbal?<\/strong>. Ao responder a essas perguntas mentalmente, fica mais f\u00e1cil localizar o uso adequado de \u201cvir\u201d, \u201cver\u201d e \u201cvier\u201d, inclusive em contextos formais, como <strong>reda\u00e7\u00f5es, e-mails profissionais e textos acad\u00eamicos<\/strong>.<\/p>\n\n\n\n<ol class=\"wp-block-list\">\n<li><strong>Identificar o verbo pelo sentido<\/strong>:\n<ul class=\"wp-block-list\">\n<li>Se a frase expressa <em>vis\u00e3o<\/em> (enxergar, olhar), o verbo \u00e9 <strong>ver<\/strong>.<\/li>\n\n\n\n<li>Se a frase expressa <em>movimento<\/em> (chegar, deslocar-se para um lugar), o verbo \u00e9 <strong>vir<\/strong>.<\/li>\n<\/ul>\n<\/li>\n\n\n\n<li><strong>Verificar o tempo verbal<\/strong>:\n<ul class=\"wp-block-list\">\n<li>Se houver ideia de hip\u00f3tese futura com \u201cquando\u201d, \u201cse\u201d, \u201cassim que\u201d, provavelmente \u00e9 <em>futuro do subjuntivo<\/em>.<\/li>\n\n\n\n<li>Nesse caso, lembrar: \u201cquando eu <strong>vir<\/strong>\u201d = ver; \u201cquando eu <strong>vier<\/strong>\u201d = vir.<\/li>\n<\/ul>\n<\/li>\n\n\n\n<li><strong>Substituir por um sin\u00f4nimo de teste<\/strong>:\n<ul class=\"wp-block-list\">\n<li>Se \u201cquando eu <strong>enxergar<\/strong>\u201d se encaixa, escreve-se \u201cquando eu <strong>vir<\/strong>\u201d.<\/li>\n\n\n\n<li>Se \u201cquando eu <strong>chegar<\/strong>\u201d faz sentido, usa-se \u201cquando eu <strong>vier<\/strong>\u201d.<\/li>\n<\/ul>\n<\/li>\n<\/ol>\n\n\n\n<p>Alguns exemplos ajudam a fixar e a criar um padr\u00e3o mental de uso correto, \u00fatil em vestibulares, concursos e situa\u00e7\u00f5es de maior cuidado lingu\u00edstico:<\/p>\n\n\n\n<ul class=\"wp-block-list\">\n<li>\u201cQuando ele <strong>vir<\/strong> o resultado, entender\u00e1 a situa\u00e7\u00e3o.\u201d (quando ele <em>enxergar<\/em> \u2192 verbo <strong>ver<\/strong>)<\/li>\n\n\n\n<li>\u201cQuando ele <strong>vier<\/strong> \u00e0 reuni\u00e3o, os detalhes ser\u00e3o explicados.\u201d (quando ele <em>chegar<\/em> \u2192 verbo <strong>vir<\/strong>)<\/li>\n\n\n\n<li>\u201cSe ela <strong>vir<\/strong> algo estranho, avisar\u00e1 imediatamente.\u201d (se ela <em>enxergar<\/em>)<\/li>\n\n\n\n<li>\u201cSe ela <strong>vier<\/strong> mais cedo, poder\u00e1 participar da abertura do evento.\u201d (se ela <em>chegar<\/em>)<\/li>\n<\/ul>\n\n\n\n<p>Outra fonte comum de erro \u00e9 o uso de \u201cver\u201d no lugar de \u201cvir\u201d em frases como \u201cse eu <strong>ver<\/strong> a\u00ed amanh\u00e3\u201d. Nessa constru\u00e7\u00e3o, o significado \u00e9 de deslocamento (\u201cse eu chegar a\u00ed amanh\u00e3\u201d), portanto o adequado \u00e9 \u201cse eu <strong>vier<\/strong> a\u00ed amanh\u00e3\u201d. J\u00e1 na frase \u201cse eu <strong>ver<\/strong> o relat\u00f3rio hoje\u201d, o sentido \u00e9 de vis\u00e3o, ent\u00e3o o verbo correto \u00e9 \u201cver\u201d no infinitivo, sem flex\u00e3o em futuro do subjuntivo.<\/p>\n\n\n\n<p>Com o tempo, a repeti\u00e7\u00e3o dessas verifica\u00e7\u00f5es torna o processo quase autom\u00e1tico. A associa\u00e7\u00e3o entre <strong>ver\/enxergar\/vir<\/strong> (forma \u201cvir\u201d para futuro do subjuntivo de \u201cver\u201d) e <strong>vir\/chegar\/vier<\/strong> (forma \u201cvier\u201d para futuro do subjuntivo de \u201cvir\u201d) tende a consolidar o uso em situa\u00e7\u00f5es de escrita mais cuidadosa, reduzindo a interfer\u00eancia da linguagem informal do dia a dia e aumentando a seguran\u00e7a na hora de escrever.<\/p>\n","protected":false},"excerpt":{"rendered":"<p>Descubra de forma definitiva quando usar corretamente \u201cvir\u201d, \u201cver\u201d e \u201cvier\u201d, com exemplos claros e dicas pr\u00e1ticas para nunca mais errar.<\/p>\n","protected":false},"author":3,"featured_media":180077,"comment_status":"open","ping_status":"open","sticky":false,"template":"","format":"standard","meta":{"_yoast_wpseo_focuskw":"\u201cvir\u201d \u201cver\u201d e \u201cvier\u201d","_yoast_wpseo_title":"%%title%%","_yoast_wpseo_metadesc":"Descubra de forma definitiva quando usar corretamente \u201cvir\u201d, \u201cver\u201d e \u201cvier\u201d, com exemplos claros e dicas pr\u00e1ticas para nunca mais errar.","jnews-multi-image_gallery":[],"jnews_single_post":{"format":"standard"},"jnews_primary_category":[],"jnews_social_meta":[],"jnews_override_counter":[],"footnotes":""},"categories":[112],"tags":[144,10902,11064,6081],"class_list":["post-179051","post","type-post","status-publish","format-standard","has-post-thumbnail","hentry","category-curiosidades","tag-curiosidades","tag-lingua-portuguesa","tag-linguas","tag-portugues"],"yoast_head":"<!-- This site is optimized with the Yoast SEO plugin v24.6 - https:\/\/yoast.com\/wordpress\/plugins\/seo\/ -->\n<title>Como saber de forma definitiva quando usar corretamente &#039;Vir&#039;, &#039;Ver&#039; e &#039;Vier&#039;<\/title>\n<meta name=\"description\" content=\"Descubra de forma definitiva quando usar corretamente \u201cvir\u201d, \u201cver\u201d e \u201cvier\u201d, com exemplos claros e dicas pr\u00e1ticas para nunca mais errar.\" \/>\n<meta name=\"robots\" content=\"index, follow, max-snippet:-1, max-image-preview:large, max-video-preview:-1\" \/>\n<link rel=\"canonical\" href=\"https:\/\/www.correiobraziliense.com.br\/cbradar\/como-saber-de-forma-definitiva-quando-usar-corretamente-vir-ver-e-vier\/\" \/>\n<meta property=\"og:locale\" content=\"pt_BR\" \/>\n<meta property=\"og:type\" content=\"article\" \/>\n<meta property=\"og:title\" content=\"Como saber de forma definitiva quando usar corretamente &#039;Vir&#039;, &#039;Ver&#039; e &#039;Vier&#039;\" \/>\n<meta property=\"og:description\" content=\"Descubra de forma definitiva quando usar corretamente \u201cvir\u201d, \u201cver\u201d e \u201cvier\u201d, com exemplos claros e dicas pr\u00e1ticas para nunca mais errar.\" \/>\n<meta property=\"og:url\" content=\"https:\/\/www.correiobraziliense.com.br\/cbradar\/como-saber-de-forma-definitiva-quando-usar-corretamente-vir-ver-e-vier\/\" \/>\n<meta property=\"og:site_name\" content=\"Correio Braziliense - Radar\" \/>\n<meta property=\"article:published_time\" content=\"2026-01-24T23:35:00+00:00\" \/>\n<meta property=\"og:image\" content=\"https:\/\/www.correiobraziliense.com.br\/cbradar\/wp-content\/uploads\/2026\/01\/freepik__imagem-simblica-da-diferena-entre-vir-ver-e-vier__67646.jpeg\" \/>\n\t<meta property=\"og:image:width\" content=\"1280\" \/>\n\t<meta property=\"og:image:height\" content=\"720\" \/>\n\t<meta property=\"og:image:type\" content=\"image\/jpeg\" \/>\n<meta name=\"author\" content=\"Larissa Carvalho\" \/>\n<meta name=\"twitter:card\" content=\"summary_large_image\" \/>\n<meta name=\"twitter:label1\" content=\"Escrito por\" \/>\n\t<meta name=\"twitter:data1\" content=\"Larissa Carvalho\" \/>\n\t<meta name=\"twitter:label2\" content=\"Est. tempo de leitura\" \/>\n\t<meta name=\"twitter:data2\" content=\"6 minutos\" \/>\n<!-- \/ Yoast SEO plugin. -->","yoast_head_json":{"title":"Como saber de forma definitiva quando usar corretamente 'Vir', 'Ver' e 'Vier'","description":"Descubra de forma definitiva quando usar corretamente \u201cvir\u201d, \u201cver\u201d e \u201cvier\u201d, com exemplos claros e dicas pr\u00e1ticas para nunca mais errar.","robots":{"index":"index","follow":"follow","max-snippet":"max-snippet:-1","max-image-preview":"max-image-preview:large","max-video-preview":"max-video-preview:-1"},"canonical":"https:\/\/www.correiobraziliense.com.br\/cbradar\/como-saber-de-forma-definitiva-quando-usar-corretamente-vir-ver-e-vier\/","og_locale":"pt_BR","og_type":"article","og_title":"Como saber de forma definitiva quando usar corretamente 'Vir', 'Ver' e 'Vier'","og_description":"Descubra de forma definitiva quando usar corretamente \u201cvir\u201d, \u201cver\u201d e \u201cvier\u201d, com exemplos claros e dicas pr\u00e1ticas para nunca mais errar.","og_url":"https:\/\/www.correiobraziliense.com.br\/cbradar\/como-saber-de-forma-definitiva-quando-usar-corretamente-vir-ver-e-vier\/","og_site_name":"Correio Braziliense - Radar","article_published_time":"2026-01-24T23:35:00+00:00","og_image":[{"width":1280,"height":720,"url":"https:\/\/www.correiobraziliense.com.br\/cbradar\/wp-content\/uploads\/2026\/01\/freepik__imagem-simblica-da-diferena-entre-vir-ver-e-vier__67646.jpeg","type":"image\/jpeg"}],"author":"Larissa Carvalho","twitter_card":"summary_large_image","twitter_misc":{"Escrito por":"Larissa Carvalho","Est. tempo de leitura":"6 minutos"},"schema":{"@context":"https:\/\/schema.org","@graph":[{"@type":"WebPage","@id":"https:\/\/www.correiobraziliense.com.br\/cbradar\/como-saber-de-forma-definitiva-quando-usar-corretamente-vir-ver-e-vier\/","url":"https:\/\/www.correiobraziliense.com.br\/cbradar\/como-saber-de-forma-definitiva-quando-usar-corretamente-vir-ver-e-vier\/","name":"Como saber de forma definitiva quando usar corretamente 'Vir', 'Ver' e 'Vier'","isPartOf":{"@id":"https:\/\/www.correiobraziliense.com.br\/cbradar\/#website"},"primaryImageOfPage":{"@id":"https:\/\/www.correiobraziliense.com.br\/cbradar\/como-saber-de-forma-definitiva-quando-usar-corretamente-vir-ver-e-vier\/#primaryimage"},"image":{"@id":"https:\/\/www.correiobraziliense.com.br\/cbradar\/como-saber-de-forma-definitiva-quando-usar-corretamente-vir-ver-e-vier\/#primaryimage"},"thumbnailUrl":"https:\/\/www.correiobraziliense.com.br\/cbradar\/wp-content\/uploads\/2026\/01\/freepik__imagem-simblica-da-diferena-entre-vir-ver-e-vier__67646.jpeg","datePublished":"2026-01-24T23:35:00+00:00","author":{"@id":"https:\/\/www.correiobraziliense.com.br\/cbradar\/#\/schema\/person\/58422787644df994b53a19d3e56c1513"},"description":"Descubra de forma definitiva quando usar corretamente \u201cvir\u201d, \u201cver\u201d e \u201cvier\u201d, com exemplos claros e dicas pr\u00e1ticas para nunca mais errar.","breadcrumb":{"@id":"https:\/\/www.correiobraziliense.com.br\/cbradar\/como-saber-de-forma-definitiva-quando-usar-corretamente-vir-ver-e-vier\/#breadcrumb"},"inLanguage":"pt-BR","potentialAction":[{"@type":"ReadAction","target":["https:\/\/www.correiobraziliense.com.br\/cbradar\/como-saber-de-forma-definitiva-quando-usar-corretamente-vir-ver-e-vier\/"]}]},{"@type":"ImageObject","inLanguage":"pt-BR","@id":"https:\/\/www.correiobraziliense.com.br\/cbradar\/como-saber-de-forma-definitiva-quando-usar-corretamente-vir-ver-e-vier\/#primaryimage","url":"https:\/\/www.correiobraziliense.com.br\/cbradar\/wp-content\/uploads\/2026\/01\/freepik__imagem-simblica-da-diferena-entre-vir-ver-e-vier__67646.jpeg","contentUrl":"https:\/\/www.correiobraziliense.com.br\/cbradar\/wp-content\/uploads\/2026\/01\/freepik__imagem-simblica-da-diferena-entre-vir-ver-e-vier__67646.jpeg","width":1280,"height":720,"caption":"Identificar o tempo verbal ajuda a escolher a forma correta na escrita"},{"@type":"BreadcrumbList","@id":"https:\/\/www.correiobraziliense.com.br\/cbradar\/como-saber-de-forma-definitiva-quando-usar-corretamente-vir-ver-e-vier\/#breadcrumb","itemListElement":[{"@type":"ListItem","position":1,"name":"In\u00edcio","item":"https:\/\/www.correiobraziliense.com.br\/cbradar\/"},{"@type":"ListItem","position":2,"name":"Como saber de forma definitiva quando usar corretamente &#8216;Vir&#8217;, &#8216;Ver&#8217; e &#8216;Vier&#8217;"}]},{"@type":"WebSite","@id":"https:\/\/www.correiobraziliense.com.br\/cbradar\/#website","url":"https:\/\/www.correiobraziliense.com.br\/cbradar\/","name":"Correio Braziliense - Radar","description":"Acompanhe as \u00faltimas not\u00edcias e fique bem informado sobre tudo o que acontece no Brasil e no mundo.","potentialAction":[{"@type":"SearchAction","target":{"@type":"EntryPoint","urlTemplate":"https:\/\/www.correiobraziliense.com.br\/cbradar\/?s={search_term_string}"},"query-input":{"@type":"PropertyValueSpecification","valueRequired":true,"valueName":"search_term_string"}}],"inLanguage":"pt-BR"},{"@type":"Person","@id":"https:\/\/www.correiobraziliense.com.br\/cbradar\/#\/schema\/person\/58422787644df994b53a19d3e56c1513","name":"Larissa Carvalho","image":{"@type":"ImageObject","inLanguage":"pt-BR","@id":"https:\/\/www.correiobraziliense.com.br\/cbradar\/#\/schema\/person\/image\/","url":"https:\/\/secure.gravatar.com\/avatar\/fe4f91a0de32b52a838d0d612abdc1aa?s=96&d=mm&r=g","contentUrl":"https:\/\/secure.gravatar.com\/avatar\/fe4f91a0de32b52a838d0d612abdc1aa?s=96&d=mm&r=g","caption":"Larissa Carvalho"},"url":"https:\/\/www.correiobraziliense.com.br\/cbradar\/author\/larissamyth\/"}]}},"_links":{"self":[{"href":"https:\/\/www.correiobraziliense.com.br\/cbradar\/wp-json\/wp\/v2\/posts\/179051","targetHints":{"allow":["GET"]}}],"collection":[{"href":"https:\/\/www.correiobraziliense.com.br\/cbradar\/wp-json\/wp\/v2\/posts"}],"about":[{"href":"https:\/\/www.correiobraziliense.com.br\/cbradar\/wp-json\/wp\/v2\/types\/post"}],"author":[{"embeddable":true,"href":"https:\/\/www.correiobraziliense.com.br\/cbradar\/wp-json\/wp\/v2\/users\/3"}],"replies":[{"embeddable":true,"href":"https:\/\/www.correiobraziliense.com.br\/cbradar\/wp-json\/wp\/v2\/comments?post=179051"}],"version-history":[{"count":3,"href":"https:\/\/www.correiobraziliense.com.br\/cbradar\/wp-json\/wp\/v2\/posts\/179051\/revisions"}],"predecessor-version":[{"id":180163,"href":"https:\/\/www.correiobraziliense.com.br\/cbradar\/wp-json\/wp\/v2\/posts\/179051\/revisions\/180163"}],"wp:featuredmedia":[{"embeddable":true,"href":"https:\/\/www.correiobraziliense.com.br\/cbradar\/wp-json\/wp\/v2\/media\/180077"}],"wp:attachment":[{"href":"https:\/\/www.correiobraziliense.com.br\/cbradar\/wp-json\/wp\/v2\/media?parent=179051"}],"wp:term":[{"taxonomy":"category","embeddable":true,"href":"https:\/\/www.correiobraziliense.com.br\/cbradar\/wp-json\/wp\/v2\/categories?post=179051"},{"taxonomy":"post_tag","embeddable":true,"href":"https:\/\/www.correiobraziliense.com.br\/cbradar\/wp-json\/wp\/v2\/tags?post=179051"}],"curies":[{"name":"wp","href":"https:\/\/api.w.org\/{rel}","templated":true}]}}