{"id":17911,"date":"2025-04-02T09:30:00","date_gmt":"2025-04-02T12:30:00","guid":{"rendered":"https:\/\/www.correiobraziliense.com.br\/cbradar\/?p=17911"},"modified":"2025-04-01T17:06:24","modified_gmt":"2025-04-01T20:06:24","slug":"conheca-a-cidade-onde-postes-de-luz-sao-feitos-de-bambu","status":"publish","type":"post","link":"https:\/\/www.correiobraziliense.com.br\/cbradar\/conheca-a-cidade-onde-postes-de-luz-sao-feitos-de-bambu\/","title":{"rendered":"Conhe\u00e7a a cidade onde postes de luz s\u00e3o feitos de bambu"},"content":{"rendered":"\n<p>Em meio \u00e0 beleza natural e \u00e0 arquitetura org\u00e2nica de <strong>Bali<\/strong>, na <strong>Indon\u00e9sia<\/strong>, surge uma solu\u00e7\u00e3o urbana que \u00e9 t\u00e3o sustent\u00e1vel quanto charmosa: <strong>postes de luz feitos inteiramente de bambu<\/strong>. Essa escolha vai al\u00e9m da est\u00e9tica tropical \u2014 \u00e9 uma iniciativa que alia <strong>tecnologia, tradi\u00e7\u00e3o e consci\u00eancia ambiental<\/strong>, mostrando que o futuro das cidades pode (e deve) ser constru\u00eddo com materiais do pr\u00f3prio ambiente.<\/p>\n\n\n\n<p>Bali, conhecida por seu respeito \u00e0 natureza e ao design artesanal, transforma o simples ato de iluminar em uma <strong>declara\u00e7\u00e3o ecol\u00f3gica e cultural<\/strong>.<\/p>\n\n\n\n<h2 class=\"wp-block-heading\"><strong>Como funcionam os postes de bambu em Bali?<\/strong><\/h2>\n\n\n\n<p>Esses postes s\u00e3o projetados para:<\/p>\n\n\n\n<ul class=\"wp-block-list\">\n<li><strong>Suportar l\u00e2mpadas LED alimentadas por energia solar<\/strong>, com pain\u00e9is discretamente integrados<\/li>\n\n\n\n<li><strong>Resistir \u00e0s intemp\u00e9ries tropicais<\/strong>, com tratamento natural contra umidade e pragas<\/li>\n\n\n\n<li><strong>Ser leves, flex\u00edveis e altamente dur\u00e1veis<\/strong>, com manuten\u00e7\u00e3o simples e local<\/li>\n\n\n\n<li><strong>Harmonizar com a paisagem<\/strong>, seja em vilarejos, resorts ecol\u00f3gicos ou \u00e1reas urbanas menores<\/li>\n<\/ul>\n\n\n\n<p>Eles s\u00e3o instalados principalmente em <strong>projetos sustent\u00e1veis, vilas ecol\u00f3gicas e \u00e1reas tur\u00edsticas conscientes<\/strong>, como Ubud, Sidemen e partes de Canggu.<\/p>\n\n\n\n<figure class=\"wp-block-image size-large\"><img decoding=\"async\" width=\"1024\" height=\"576\" src=\"https:\/\/www.correiobraziliense.com.br\/cbradar\/wp-content\/uploads\/2025\/04\/Bali-Indonesia_1743528122963-1024x576.jpg\" alt=\"Conhe\u00e7a a cidade onde postes de luz s\u00e3o feitos de bambu\" class=\"wp-image-17913\" srcset=\"https:\/\/www.correiobraziliense.com.br\/cbradar\/wp-content\/uploads\/2025\/04\/Bali-Indonesia_1743528122963-1024x576.jpg 1024w, https:\/\/www.correiobraziliense.com.br\/cbradar\/wp-content\/uploads\/2025\/04\/Bali-Indonesia_1743528122963-300x169.jpg 300w, https:\/\/www.correiobraziliense.com.br\/cbradar\/wp-content\/uploads\/2025\/04\/Bali-Indonesia_1743528122963-768x432.jpg 768w, https:\/\/www.correiobraziliense.com.br\/cbradar\/wp-content\/uploads\/2025\/04\/Bali-Indonesia_1743528122963-750x422.jpg 750w, https:\/\/www.correiobraziliense.com.br\/cbradar\/wp-content\/uploads\/2025\/04\/Bali-Indonesia_1743528122963-1140x641.jpg 1140w, https:\/\/www.correiobraziliense.com.br\/cbradar\/wp-content\/uploads\/2025\/04\/Bali-Indonesia_1743528122963.jpg 1280w\" sizes=\"(max-width: 1024px) 100vw, 1024px\" \/><figcaption class=\"wp-element-caption\">Bali Indonesia. Cr\u00e9ditos: depositphotos.com \/ YuliyaKirayonakBO<\/figcaption><\/figure>\n\n\n\n<h2 class=\"wp-block-heading\"><strong>Por que Bali escolheu postes de luz feitos de bambu?<\/strong><\/h2>\n\n\n\n<p>A escolha pelo bambu n\u00e3o \u00e9 apenas est\u00e9tica \u2014 ela tem ra\u00edzes profundas:<\/p>\n\n\n\n<ul class=\"wp-block-list\">\n<li><strong>O bambu cresce rapidamente na regi\u00e3o<\/strong>, sendo um recurso abundante e renov\u00e1vel<\/li>\n\n\n\n<li>\u00c9 parte da tradi\u00e7\u00e3o local de constru\u00e7\u00e3o, usado h\u00e1 s\u00e9culos em templos e casas<\/li>\n\n\n\n<li><strong>Reduz drasticamente a pegada de carbono<\/strong>, se comparado ao a\u00e7o ou concreto<\/li>\n\n\n\n<li>Incentiva o <strong>trabalho artesanal local e a economia criativa<\/strong> baseada em design natural<\/li>\n<\/ul>\n\n\n\n<p>A filosofia por tr\u00e1s disso se conecta com a cultura balinesa de <strong>equil\u00edbrio entre homem e natureza<\/strong>.<\/p>\n\n\n\n<h2 class=\"wp-block-heading\"><strong>Curiosidades sobre Bali e seus postes de bambu<\/strong><\/h2>\n\n\n\n<ul class=\"wp-block-list\">\n<li><strong>Algumas escolas e hot\u00e9is em Bali s\u00e3o feitos 100% de bambu<\/strong>, inclusive a famosa \u201cGreen School\u201d<\/li>\n\n\n\n<li>Os postes s\u00e3o muitas vezes <strong>decorados com entalhes tradicionais e s\u00edmbolos espirituais<\/strong><\/li>\n\n\n\n<li><strong>Projetos com postes de bambu viraram refer\u00eancia em urbanismo ecol\u00f3gico<\/strong> e s\u00e3o estudados por arquitetos do mundo todo<\/li>\n\n\n\n<li>O bambu \u00e9 tratado com <strong>solu\u00e7\u00f5es naturais<\/strong>, como sal e calor, para aumentar sua durabilidade<\/li>\n\n\n\n<li><strong>A iniciativa ajudou a reduzir o uso de materiais industriais<\/strong> em zonas protegidas ambientalmente<\/li>\n<\/ul>\n\n\n\n<p>Bali mostra que \u00e9 poss\u00edvel <strong>unir tradi\u00e7\u00e3o, sustentabilidade e inova\u00e7\u00e3o em algo t\u00e3o simples quanto um poste de luz<\/strong> \u2014 e que o design do futuro pode crescer direto do solo, com beleza e responsabilidade.<\/p>\n","protected":false},"excerpt":{"rendered":"<p>Em Bali, postes de luz s\u00e3o feitos de bambu e movidos a energia solar. Veja como a ilha une tradi\u00e7\u00e3o e sustentabilidade na ilumina\u00e7\u00e3o urbana.<\/p>\n","protected":false},"author":3,"featured_media":17912,"comment_status":"open","ping_status":"open","sticky":false,"template":"","format":"standard","meta":{"_yoast_wpseo_focuskw":"cidade postes bambu","_yoast_wpseo_title":"%%title%%","_yoast_wpseo_metadesc":"Em Bali, postes de luz s\u00e3o feitos de bambu e movidos a energia solar. Veja como a ilha une tradi\u00e7\u00e3o e sustentabilidade na ilumina\u00e7\u00e3o urbana.","jnews-multi-image_gallery":[],"jnews_single_post":{"format":"standard"},"jnews_primary_category":[],"jnews_social_meta":[],"jnews_override_counter":[],"footnotes":""},"categories":[108],"tags":[109],"class_list":["post-17911","post","type-post","status-publish","format-standard","has-post-thumbnail","hentry","category-cidades","tag-cidades"],"yoast_head":"<!-- This site is optimized with the Yoast SEO plugin v24.6 - https:\/\/yoast.com\/wordpress\/plugins\/seo\/ -->\n<title>Conhe\u00e7a a cidade onde postes de luz s\u00e3o feitos de bambu<\/title>\n<meta name=\"description\" content=\"Em Bali, postes de luz s\u00e3o feitos de bambu e movidos a energia solar. Veja como a ilha une tradi\u00e7\u00e3o e sustentabilidade na ilumina\u00e7\u00e3o urbana.\" \/>\n<meta name=\"robots\" content=\"index, follow, max-snippet:-1, max-image-preview:large, max-video-preview:-1\" \/>\n<link rel=\"canonical\" href=\"https:\/\/www.correiobraziliense.com.br\/cbradar\/conheca-a-cidade-onde-postes-de-luz-sao-feitos-de-bambu\/\" \/>\n<meta property=\"og:locale\" content=\"pt_BR\" \/>\n<meta property=\"og:type\" content=\"article\" \/>\n<meta property=\"og:title\" content=\"Conhe\u00e7a a cidade onde postes de luz s\u00e3o feitos de bambu\" \/>\n<meta property=\"og:description\" content=\"Em Bali, postes de luz s\u00e3o feitos de bambu e movidos a energia solar. Veja como a ilha une tradi\u00e7\u00e3o e sustentabilidade na ilumina\u00e7\u00e3o urbana.\" \/>\n<meta property=\"og:url\" content=\"https:\/\/www.correiobraziliense.com.br\/cbradar\/conheca-a-cidade-onde-postes-de-luz-sao-feitos-de-bambu\/\" \/>\n<meta property=\"og:site_name\" content=\"Correio Braziliense - Radar\" \/>\n<meta property=\"article:published_time\" content=\"2025-04-02T12:30:00+00:00\" \/>\n<meta property=\"og:image\" content=\"https:\/\/www.correiobraziliense.com.br\/cbradar\/wp-content\/uploads\/2025\/04\/Bali-Indonesia_1743528077508.jpg\" \/>\n\t<meta property=\"og:image:width\" content=\"1280\" \/>\n\t<meta property=\"og:image:height\" content=\"720\" \/>\n\t<meta property=\"og:image:type\" content=\"image\/jpeg\" \/>\n<meta name=\"author\" content=\"Larissa Carvalho\" \/>\n<meta name=\"twitter:card\" content=\"summary_large_image\" \/>\n<meta name=\"twitter:label1\" content=\"Escrito por\" \/>\n\t<meta name=\"twitter:data1\" content=\"Larissa Carvalho\" \/>\n\t<meta name=\"twitter:label2\" content=\"Est. tempo de leitura\" \/>\n\t<meta name=\"twitter:data2\" content=\"3 minutos\" \/>\n<!-- \/ Yoast SEO plugin. -->","yoast_head_json":{"title":"Conhe\u00e7a a cidade onde postes de luz s\u00e3o feitos de bambu","description":"Em Bali, postes de luz s\u00e3o feitos de bambu e movidos a energia solar. Veja como a ilha une tradi\u00e7\u00e3o e sustentabilidade na ilumina\u00e7\u00e3o urbana.","robots":{"index":"index","follow":"follow","max-snippet":"max-snippet:-1","max-image-preview":"max-image-preview:large","max-video-preview":"max-video-preview:-1"},"canonical":"https:\/\/www.correiobraziliense.com.br\/cbradar\/conheca-a-cidade-onde-postes-de-luz-sao-feitos-de-bambu\/","og_locale":"pt_BR","og_type":"article","og_title":"Conhe\u00e7a a cidade onde postes de luz s\u00e3o feitos de bambu","og_description":"Em Bali, postes de luz s\u00e3o feitos de bambu e movidos a energia solar. Veja como a ilha une tradi\u00e7\u00e3o e sustentabilidade na ilumina\u00e7\u00e3o urbana.","og_url":"https:\/\/www.correiobraziliense.com.br\/cbradar\/conheca-a-cidade-onde-postes-de-luz-sao-feitos-de-bambu\/","og_site_name":"Correio Braziliense - Radar","article_published_time":"2025-04-02T12:30:00+00:00","og_image":[{"width":1280,"height":720,"url":"https:\/\/www.correiobraziliense.com.br\/cbradar\/wp-content\/uploads\/2025\/04\/Bali-Indonesia_1743528077508.jpg","type":"image\/jpeg"}],"author":"Larissa Carvalho","twitter_card":"summary_large_image","twitter_misc":{"Escrito por":"Larissa Carvalho","Est. tempo de leitura":"3 minutos"},"schema":{"@context":"https:\/\/schema.org","@graph":[{"@type":"WebPage","@id":"https:\/\/www.correiobraziliense.com.br\/cbradar\/conheca-a-cidade-onde-postes-de-luz-sao-feitos-de-bambu\/","url":"https:\/\/www.correiobraziliense.com.br\/cbradar\/conheca-a-cidade-onde-postes-de-luz-sao-feitos-de-bambu\/","name":"Conhe\u00e7a a cidade onde postes de luz s\u00e3o feitos de bambu","isPartOf":{"@id":"https:\/\/www.correiobraziliense.com.br\/cbradar\/#website"},"primaryImageOfPage":{"@id":"https:\/\/www.correiobraziliense.com.br\/cbradar\/conheca-a-cidade-onde-postes-de-luz-sao-feitos-de-bambu\/#primaryimage"},"image":{"@id":"https:\/\/www.correiobraziliense.com.br\/cbradar\/conheca-a-cidade-onde-postes-de-luz-sao-feitos-de-bambu\/#primaryimage"},"thumbnailUrl":"https:\/\/www.correiobraziliense.com.br\/cbradar\/wp-content\/uploads\/2025\/04\/Bali-Indonesia_1743528077508.jpg","datePublished":"2025-04-02T12:30:00+00:00","author":{"@id":"https:\/\/www.correiobraziliense.com.br\/cbradar\/#\/schema\/person\/58422787644df994b53a19d3e56c1513"},"description":"Em Bali, postes de luz s\u00e3o feitos de bambu e movidos a energia solar. Veja como a ilha une tradi\u00e7\u00e3o e sustentabilidade na ilumina\u00e7\u00e3o urbana.","breadcrumb":{"@id":"https:\/\/www.correiobraziliense.com.br\/cbradar\/conheca-a-cidade-onde-postes-de-luz-sao-feitos-de-bambu\/#breadcrumb"},"inLanguage":"pt-BR","potentialAction":[{"@type":"ReadAction","target":["https:\/\/www.correiobraziliense.com.br\/cbradar\/conheca-a-cidade-onde-postes-de-luz-sao-feitos-de-bambu\/"]}]},{"@type":"ImageObject","inLanguage":"pt-BR","@id":"https:\/\/www.correiobraziliense.com.br\/cbradar\/conheca-a-cidade-onde-postes-de-luz-sao-feitos-de-bambu\/#primaryimage","url":"https:\/\/www.correiobraziliense.com.br\/cbradar\/wp-content\/uploads\/2025\/04\/Bali-Indonesia_1743528077508.jpg","contentUrl":"https:\/\/www.correiobraziliense.com.br\/cbradar\/wp-content\/uploads\/2025\/04\/Bali-Indonesia_1743528077508.jpg","width":1280,"height":720,"caption":"Bali Indonesia. Cr\u00e9ditos: depositphotos.com \/ YuliyaKirayonakBO"},{"@type":"BreadcrumbList","@id":"https:\/\/www.correiobraziliense.com.br\/cbradar\/conheca-a-cidade-onde-postes-de-luz-sao-feitos-de-bambu\/#breadcrumb","itemListElement":[{"@type":"ListItem","position":1,"name":"In\u00edcio","item":"https:\/\/www.correiobraziliense.com.br\/cbradar\/"},{"@type":"ListItem","position":2,"name":"Conhe\u00e7a a cidade onde postes de luz s\u00e3o feitos de bambu"}]},{"@type":"WebSite","@id":"https:\/\/www.correiobraziliense.com.br\/cbradar\/#website","url":"https:\/\/www.correiobraziliense.com.br\/cbradar\/","name":"Correio Braziliense - Radar","description":"Acompanhe as \u00faltimas not\u00edcias e fique bem informado sobre tudo o que acontece no Brasil e no mundo.","potentialAction":[{"@type":"SearchAction","target":{"@type":"EntryPoint","urlTemplate":"https:\/\/www.correiobraziliense.com.br\/cbradar\/?s={search_term_string}"},"query-input":{"@type":"PropertyValueSpecification","valueRequired":true,"valueName":"search_term_string"}}],"inLanguage":"pt-BR"},{"@type":"Person","@id":"https:\/\/www.correiobraziliense.com.br\/cbradar\/#\/schema\/person\/58422787644df994b53a19d3e56c1513","name":"Larissa Carvalho","image":{"@type":"ImageObject","inLanguage":"pt-BR","@id":"https:\/\/www.correiobraziliense.com.br\/cbradar\/#\/schema\/person\/image\/","url":"https:\/\/secure.gravatar.com\/avatar\/fe4f91a0de32b52a838d0d612abdc1aa?s=96&d=mm&r=g","contentUrl":"https:\/\/secure.gravatar.com\/avatar\/fe4f91a0de32b52a838d0d612abdc1aa?s=96&d=mm&r=g","caption":"Larissa Carvalho"},"url":"https:\/\/www.correiobraziliense.com.br\/cbradar\/author\/larissamyth\/"}]}},"_links":{"self":[{"href":"https:\/\/www.correiobraziliense.com.br\/cbradar\/wp-json\/wp\/v2\/posts\/17911","targetHints":{"allow":["GET"]}}],"collection":[{"href":"https:\/\/www.correiobraziliense.com.br\/cbradar\/wp-json\/wp\/v2\/posts"}],"about":[{"href":"https:\/\/www.correiobraziliense.com.br\/cbradar\/wp-json\/wp\/v2\/types\/post"}],"author":[{"embeddable":true,"href":"https:\/\/www.correiobraziliense.com.br\/cbradar\/wp-json\/wp\/v2\/users\/3"}],"replies":[{"embeddable":true,"href":"https:\/\/www.correiobraziliense.com.br\/cbradar\/wp-json\/wp\/v2\/comments?post=17911"}],"version-history":[{"count":1,"href":"https:\/\/www.correiobraziliense.com.br\/cbradar\/wp-json\/wp\/v2\/posts\/17911\/revisions"}],"predecessor-version":[{"id":17914,"href":"https:\/\/www.correiobraziliense.com.br\/cbradar\/wp-json\/wp\/v2\/posts\/17911\/revisions\/17914"}],"wp:featuredmedia":[{"embeddable":true,"href":"https:\/\/www.correiobraziliense.com.br\/cbradar\/wp-json\/wp\/v2\/media\/17912"}],"wp:attachment":[{"href":"https:\/\/www.correiobraziliense.com.br\/cbradar\/wp-json\/wp\/v2\/media?parent=17911"}],"wp:term":[{"taxonomy":"category","embeddable":true,"href":"https:\/\/www.correiobraziliense.com.br\/cbradar\/wp-json\/wp\/v2\/categories?post=17911"},{"taxonomy":"post_tag","embeddable":true,"href":"https:\/\/www.correiobraziliense.com.br\/cbradar\/wp-json\/wp\/v2\/tags?post=17911"}],"curies":[{"name":"wp","href":"https:\/\/api.w.org\/{rel}","templated":true}]}}