{"id":179119,"date":"2026-01-22T15:55:00","date_gmt":"2026-01-22T18:55:00","guid":{"rendered":"https:\/\/www.correiobraziliense.com.br\/cbradar\/?p=179119"},"modified":"2026-01-21T11:14:32","modified_gmt":"2026-01-21T14:14:32","slug":"o-mecanismo-surpreendente-que-faz-o-olho-enxergar-no-escuro","status":"publish","type":"post","link":"https:\/\/www.correiobraziliense.com.br\/cbradar\/o-mecanismo-surpreendente-que-faz-o-olho-enxergar-no-escuro\/","title":{"rendered":"O mecanismo surpreendente que faz o olho enxergar no escuro"},"content":{"rendered":"\n<p>A vis\u00e3o em ambientes de baixa luminosidade \u00e9 um fen\u00f4meno fascinante regido por complexas rea\u00e7\u00f5es bioqu\u00edmicas no olho humano. No cora\u00e7\u00e3o desse processo est\u00e1 a\u00a0<strong>Rodopsina<\/strong>, uma prote\u00edna fundamental para enxergar em condi\u00e7\u00f5es de pouca luz. Presentes nos bastonetes da retina, essas prote\u00ednas s\u00e3o respons\u00e1veis por converter a energia luminosa em impulsos el\u00e9tricos, que o c\u00e9rebro interpreta como imagens. A Rodopsina atua como um mediador crucial entre o ambiente externo e a percep\u00e7\u00e3o visual.<\/p>\n\n\n\n<p>Para entender seu mecanismo, \u00e9 vital conceber o olho como uma esp\u00e9cie de c\u00e2mera biol\u00f3gica. A luz penetra o olho, atravessando a c\u00f3rnea, a pupila e o cristalino, at\u00e9 alcan\u00e7ar a retina, que cont\u00e9m milh\u00f5es de c\u00e9lulas fotossens\u00edveis. Entre elas, os bastonetes est\u00e3o abundantemente equipados com Rodopsina, tornando-se essenciais para a vis\u00e3o noturna.<\/p>\n\n\n\n<h2 class=\"wp-block-heading\">Como a Rodopsina facilita a vis\u00e3o noturna?<\/h2>\n\n\n\n<p>A principal fun\u00e7\u00e3o da Rodopsina \u00e9 possibilitar a vis\u00e3o em ambientes escuros, um processo conhecido como\u00a0<em>vis\u00e3o escot\u00f3pica<\/em>. Em tais condi\u00e7\u00f5es, os cones, respons\u00e1veis pela percep\u00e7\u00e3o das cores, s\u00e3o menos eficazes, e os bastonetes, acionados pela Rodopsina, tornam-se protagonistas. Estes conseguem detectar at\u00e9 as menores quantidades de luz, o que \u00e9 crucial para distinguir formas e movimentos, mesmo sem cores vibrantes.<\/p>\n\n\n\n<p>Os bastonetes utilizam a Rodopsina para transformar a luz em sinais el\u00e9tricos atrav\u00e9s de um processo denominado\u00a0<strong>fototransdu\u00e7\u00e3o<\/strong>. Quando a luz atinge os bastonetes, a Rodopsina sofre uma s\u00e9rie de transforma\u00e7\u00f5es que resultam na gera\u00e7\u00e3o de um impulso el\u00e9trico. Este \u00e9 transportado pelo nervo \u00f3ptico at\u00e9 o c\u00e9rebro, permitindo a percep\u00e7\u00e3o visual sem a necessidade de luz intensa.<\/p>\n\n\n<div class=\"wp-block-image\">\n<figure class=\"aligncenter size-large\"><img decoding=\"async\" width=\"1024\" height=\"576\" src=\"https:\/\/www.correiobraziliense.com.br\/cbradar\/wp-content\/uploads\/2026\/01\/enxergar-no-escuro_1769004834672-1024x576.jpg\" alt=\"\" class=\"wp-image-179124\" srcset=\"https:\/\/www.correiobraziliense.com.br\/cbradar\/wp-content\/uploads\/2026\/01\/enxergar-no-escuro_1769004834672-1024x576.jpg 1024w, https:\/\/www.correiobraziliense.com.br\/cbradar\/wp-content\/uploads\/2026\/01\/enxergar-no-escuro_1769004834672-300x169.jpg 300w, https:\/\/www.correiobraziliense.com.br\/cbradar\/wp-content\/uploads\/2026\/01\/enxergar-no-escuro_1769004834672-768x432.jpg 768w, https:\/\/www.correiobraziliense.com.br\/cbradar\/wp-content\/uploads\/2026\/01\/enxergar-no-escuro_1769004834672-750x422.jpg 750w, https:\/\/www.correiobraziliense.com.br\/cbradar\/wp-content\/uploads\/2026\/01\/enxergar-no-escuro_1769004834672-1140x641.jpg 1140w, https:\/\/www.correiobraziliense.com.br\/cbradar\/wp-content\/uploads\/2026\/01\/enxergar-no-escuro_1769004834672.jpg 1280w\" sizes=\"(max-width: 1024px) 100vw, 1024px\" \/><figcaption class=\"wp-element-caption\">enxergar no escuro &#8211; Cr\u00e9ditos: depositphotos.com \/ VadimVasenin<\/figcaption><\/figure><\/div>\n\n\n<h2 class=\"wp-block-heading\">Qual \u00e9 a rela\u00e7\u00e3o entre a Rodopsina e a p\u00farpura visual?<\/h2>\n\n\n\n<p>A express\u00e3o &#8220;p\u00farpura visual&#8221; refere-se \u00e0 pigmenta\u00e7\u00e3o roxa dos bastonetes causada principalmente pela Rodopsina. Quando a luz incide sobre ela, a p\u00farpura visual se descolore, marcando o in\u00edcio da fototransdu\u00e7\u00e3o. Este fen\u00f4meno \u00e9 vital para regular a sensibilidade \u00e0 luz, prevenindo sobrecargas no sistema visual. Em locais muito iluminados, ocorre a quebra da Rodopsina, diminuindo a sensibilidade dos bastonetes. J\u00e1 em ambientes escuros, a Rodopsina \u00e9 regenerada, permitindo maior detec\u00e7\u00e3o da luz e adapta\u00e7\u00e3o visual.<\/p>\n\n\n\n<p>Por exemplo, ao entrar em um cinema escuro vindo de um ambiente iluminado, nota-se imediatamente a dificuldade de enxergar. Isso ocorre porque a Rodopsina  ainda est\u00e1 inativa ap\u00f3s a luz intensa do lado de fora e leva alguns minutos para que a sensibilidade seja restabelecida e a vis\u00e3o <a href=\"https:\/\/www.correiobraziliense.com.br\/cbradar\/cabeca-achatada-em-bebes-merece-atencao\/\" target=\"_blank\" rel=\"noreferrer noopener\">melhorada<\/a>.<\/p>\n\n\n\n<h2 class=\"wp-block-heading\">Quais fatores influenciam a efici\u00eancia da Rodopsina?<\/h2>\n\n\n\n<p>Diversos elementos podem impactar a funcionalidade da Rodopsina e, por conseguinte, a vis\u00e3o noturna. A exposi\u00e7\u00e3o prolongada a luzes intensas pode reduzir temporariamente a concentra\u00e7\u00e3o de Rodopsina, aumentando o tempo necess\u00e1rio para a adapta\u00e7\u00e3o ao escuro. Al\u00e9m disso, uma defici\u00eancia em vitamina A, da qual a rodopsina \u00e9 parcialmente derivada, pode comprometer sua forma\u00e7\u00e3o, ocasionando, em casos extremos,\u00a0<strong>cegueira noturna<\/strong>.<\/p>\n\n\n\n<p>Fatores gen\u00e9ticos tamb\u00e9m desempenham um papel. Certas doen\u00e7as heredit\u00e1rias afetam a produ\u00e7\u00e3o e a funcionalidade dos bastonetes e, por consequ\u00eancia, comprometem a efici\u00eancia da Rodopsina, impactando a vis\u00e3o noturna e a percep\u00e7\u00e3o de movimentos laterais.<\/p>\n\n\n\n<h2 class=\"wp-block-heading\">Como fazer a adapta\u00e7\u00e3o?<\/h2>\n\n\n\n<p>A Rodopsina, ao permitir a vis\u00e3o em ambientes de baixa luminosidade, influencia diretamente a maneira como interagimos com o mundo ao nosso redor. Desde avistar uma estrela no c\u00e9u noturno at\u00e9 perceber a movimenta\u00e7\u00e3o em um canto escuro, o poder adaptativo desse pigmento visual \u00e9 not\u00e1vel. Assim, enquanto a biologia por tr\u00e1s da rodopsina pode ser complexa, seus efeitos s\u00e3o vivenciados diariamente, representando um elo crucial entre a complexidade biol\u00f3gica e a simples experi\u00eancia humana de ver.<\/p>\n\n\n<a href=\"https:\/\/www.instagram.com\/dra.annaluisabf\/\" target=\"_blank\" rel=\"noopener\" style=\"text-decoration: none; color: inherit;\">\n    <span style=\"display: inline-block; border: 1px solid #ccc; border-radius: 10px; padding: 15px; max-width: 550px; font-family: sans-serif; box-shadow: 0 2px 5px rgba(0,0,0,0.1); width: 100%;\">\n\n      <!-- T\u00edtulo -->\n      <span style=\"display: block; margin: 0 0 15px 0; font-weight: bold; color: #2c3e50; text-align: center;\">\n        Entre em contato:\n      <\/span>\n\n      <!-- Linha do perfil -->\n      <span style=\"display: flex; align-items: center; gap: 15px;\">\n        <img decoding=\"async\"\n          src=\"https:\/\/www.correiobraziliense.com.br\/cbradar\/wp-content\/uploads\/2025\/08\/dra_anna_luisa.jpeg\"\n          alt=\"Foto da Dra. Anna Lu\u00edsa\"\n          style=\"border-radius: 50%; width: 80px; height: 80px; object-fit: cover;\"\n        \/>\n        <span style=\"display: flex; flex-direction: column;\">\n          <span style=\"font-size: 18px; font-weight: 700; color: #2c3e50;\">Dra. Anna Lu\u00edsa Barbosa Fernandes<\/span>\n          <span style=\"color: #555;\">CRM-GO 33.271<\/span>\n        <\/span>\n      <\/span>\n\n      <!-- Redes -->\n      <span style=\"display: flex; align-items: center; gap: 10px; margin-top: 12px;\">\n        <img decoding=\"async\" src=\"https:\/\/cdn-icons-png.flaticon.com\/24\/1384\/1384063.png\" alt=\"Instagram\" width=\"24\" height=\"24\" \/>\n        <span style=\"text-decoration: underline; color: #2c3e50;\">@dra.annaluisabf<\/span>\n      <\/span>\n\n    <\/span>\n  <\/a>","protected":false},"excerpt":{"rendered":"<p>A vis\u00e3o em ambientes de baixa luminosidade \u00e9 um fen\u00f4meno fascinante regido por complexas rea\u00e7\u00f5es bioqu\u00edmicas no olho humano. No cora\u00e7\u00e3o desse processo est\u00e1 a\u00a0Rodopsina, uma prote\u00edna fundamental para enxergar em condi\u00e7\u00f5es de pouca luz. Presentes nos bastonetes da retina, essas prote\u00ednas s\u00e3o respons\u00e1veis por converter a energia luminosa em impulsos el\u00e9tricos, que o c\u00e9rebro [&hellip;]<\/p>\n","protected":false},"author":14,"featured_media":179120,"comment_status":"open","ping_status":"open","sticky":false,"template":"","format":"standard","meta":{"_yoast_wpseo_focuskw":"Rodopsina","_yoast_wpseo_title":"","_yoast_wpseo_metadesc":"Entenda como a rodopsina atua no olho humano e por que ela \u00e9 t\u00e3o importante para enxergar melhor em ambientes de pouca luz.","jnews-multi-image_gallery":[],"jnews_single_post":{"format":"standard"},"jnews_primary_category":[],"jnews_social_meta":[],"jnews_override_counter":[],"footnotes":""},"categories":[4404],"tags":[120,247,14292,1318],"class_list":["post-179119","post","type-post","status-publish","format-standard","has-post-thumbnail","hentry","category-saude","tag-bem-estar","tag-qualidade-de-vida","tag-rodopsina","tag-saude-2"],"yoast_head":"<!-- This site is optimized with the Yoast SEO plugin v24.6 - https:\/\/yoast.com\/wordpress\/plugins\/seo\/ -->\n<title>O mecanismo surpreendente que faz o olho enxergar no escuro - Correio Braziliense - Radar<\/title>\n<meta name=\"description\" content=\"Entenda como a rodopsina atua no olho humano e por que ela \u00e9 t\u00e3o importante para enxergar melhor em ambientes de pouca luz.\" \/>\n<meta name=\"robots\" content=\"index, follow, max-snippet:-1, max-image-preview:large, max-video-preview:-1\" \/>\n<link rel=\"canonical\" href=\"https:\/\/www.correiobraziliense.com.br\/cbradar\/o-mecanismo-surpreendente-que-faz-o-olho-enxergar-no-escuro\/\" \/>\n<meta property=\"og:locale\" content=\"pt_BR\" \/>\n<meta property=\"og:type\" content=\"article\" \/>\n<meta property=\"og:title\" content=\"O mecanismo surpreendente que faz o olho enxergar no escuro - Correio Braziliense - Radar\" \/>\n<meta property=\"og:description\" content=\"Entenda como a rodopsina atua no olho humano e por que ela \u00e9 t\u00e3o importante para enxergar melhor em ambientes de pouca luz.\" \/>\n<meta property=\"og:url\" content=\"https:\/\/www.correiobraziliense.com.br\/cbradar\/o-mecanismo-surpreendente-que-faz-o-olho-enxergar-no-escuro\/\" \/>\n<meta property=\"og:site_name\" content=\"Correio Braziliense - Radar\" \/>\n<meta property=\"article:published_time\" content=\"2026-01-22T18:55:00+00:00\" \/>\n<meta property=\"og:image\" content=\"https:\/\/www.correiobraziliense.com.br\/cbradar\/wp-content\/uploads\/2026\/01\/enxergar-no-escuro_1769004730907.jpg\" \/>\n\t<meta property=\"og:image:width\" content=\"1280\" \/>\n\t<meta property=\"og:image:height\" content=\"720\" \/>\n\t<meta property=\"og:image:type\" content=\"image\/jpeg\" \/>\n<meta name=\"author\" content=\"guilherme_saude\" \/>\n<meta name=\"twitter:card\" content=\"summary_large_image\" \/>\n<meta name=\"twitter:label1\" content=\"Escrito por\" \/>\n\t<meta name=\"twitter:data1\" content=\"guilherme_saude\" \/>\n\t<meta name=\"twitter:label2\" content=\"Est. tempo de leitura\" \/>\n\t<meta name=\"twitter:data2\" content=\"5 minutos\" \/>\n<!-- \/ Yoast SEO plugin. -->","yoast_head_json":{"title":"O mecanismo surpreendente que faz o olho enxergar no escuro - Correio Braziliense - Radar","description":"Entenda como a rodopsina atua no olho humano e por que ela \u00e9 t\u00e3o importante para enxergar melhor em ambientes de pouca luz.","robots":{"index":"index","follow":"follow","max-snippet":"max-snippet:-1","max-image-preview":"max-image-preview:large","max-video-preview":"max-video-preview:-1"},"canonical":"https:\/\/www.correiobraziliense.com.br\/cbradar\/o-mecanismo-surpreendente-que-faz-o-olho-enxergar-no-escuro\/","og_locale":"pt_BR","og_type":"article","og_title":"O mecanismo surpreendente que faz o olho enxergar no escuro - Correio Braziliense - Radar","og_description":"Entenda como a rodopsina atua no olho humano e por que ela \u00e9 t\u00e3o importante para enxergar melhor em ambientes de pouca luz.","og_url":"https:\/\/www.correiobraziliense.com.br\/cbradar\/o-mecanismo-surpreendente-que-faz-o-olho-enxergar-no-escuro\/","og_site_name":"Correio Braziliense - Radar","article_published_time":"2026-01-22T18:55:00+00:00","og_image":[{"width":1280,"height":720,"url":"https:\/\/www.correiobraziliense.com.br\/cbradar\/wp-content\/uploads\/2026\/01\/enxergar-no-escuro_1769004730907.jpg","type":"image\/jpeg"}],"author":"guilherme_saude","twitter_card":"summary_large_image","twitter_misc":{"Escrito por":"guilherme_saude","Est. tempo de leitura":"5 minutos"},"schema":{"@context":"https:\/\/schema.org","@graph":[{"@type":"WebPage","@id":"https:\/\/www.correiobraziliense.com.br\/cbradar\/o-mecanismo-surpreendente-que-faz-o-olho-enxergar-no-escuro\/","url":"https:\/\/www.correiobraziliense.com.br\/cbradar\/o-mecanismo-surpreendente-que-faz-o-olho-enxergar-no-escuro\/","name":"O mecanismo surpreendente que faz o olho enxergar no escuro - Correio Braziliense - Radar","isPartOf":{"@id":"https:\/\/www.correiobraziliense.com.br\/cbradar\/#website"},"primaryImageOfPage":{"@id":"https:\/\/www.correiobraziliense.com.br\/cbradar\/o-mecanismo-surpreendente-que-faz-o-olho-enxergar-no-escuro\/#primaryimage"},"image":{"@id":"https:\/\/www.correiobraziliense.com.br\/cbradar\/o-mecanismo-surpreendente-que-faz-o-olho-enxergar-no-escuro\/#primaryimage"},"thumbnailUrl":"https:\/\/www.correiobraziliense.com.br\/cbradar\/wp-content\/uploads\/2026\/01\/enxergar-no-escuro_1769004730907.jpg","datePublished":"2026-01-22T18:55:00+00:00","author":{"@id":"https:\/\/www.correiobraziliense.com.br\/cbradar\/#\/schema\/person\/5aa4bf3c8fa699c267933611de12978b"},"description":"Entenda como a rodopsina atua no olho humano e por que ela \u00e9 t\u00e3o importante para enxergar melhor em ambientes de pouca luz.","breadcrumb":{"@id":"https:\/\/www.correiobraziliense.com.br\/cbradar\/o-mecanismo-surpreendente-que-faz-o-olho-enxergar-no-escuro\/#breadcrumb"},"inLanguage":"pt-BR","potentialAction":[{"@type":"ReadAction","target":["https:\/\/www.correiobraziliense.com.br\/cbradar\/o-mecanismo-surpreendente-que-faz-o-olho-enxergar-no-escuro\/"]}]},{"@type":"ImageObject","inLanguage":"pt-BR","@id":"https:\/\/www.correiobraziliense.com.br\/cbradar\/o-mecanismo-surpreendente-que-faz-o-olho-enxergar-no-escuro\/#primaryimage","url":"https:\/\/www.correiobraziliense.com.br\/cbradar\/wp-content\/uploads\/2026\/01\/enxergar-no-escuro_1769004730907.jpg","contentUrl":"https:\/\/www.correiobraziliense.com.br\/cbradar\/wp-content\/uploads\/2026\/01\/enxergar-no-escuro_1769004730907.jpg","width":1280,"height":720,"caption":"enxergar no escuro - Cr\u00e9ditos: depositphotos.com \/ Nomadsoul1"},{"@type":"BreadcrumbList","@id":"https:\/\/www.correiobraziliense.com.br\/cbradar\/o-mecanismo-surpreendente-que-faz-o-olho-enxergar-no-escuro\/#breadcrumb","itemListElement":[{"@type":"ListItem","position":1,"name":"In\u00edcio","item":"https:\/\/www.correiobraziliense.com.br\/cbradar\/"},{"@type":"ListItem","position":2,"name":"O mecanismo surpreendente que faz o olho enxergar no escuro"}]},{"@type":"WebSite","@id":"https:\/\/www.correiobraziliense.com.br\/cbradar\/#website","url":"https:\/\/www.correiobraziliense.com.br\/cbradar\/","name":"Correio Braziliense - Radar","description":"Acompanhe as \u00faltimas not\u00edcias e fique bem informado sobre tudo o que acontece no Brasil e no mundo.","potentialAction":[{"@type":"SearchAction","target":{"@type":"EntryPoint","urlTemplate":"https:\/\/www.correiobraziliense.com.br\/cbradar\/?s={search_term_string}"},"query-input":{"@type":"PropertyValueSpecification","valueRequired":true,"valueName":"search_term_string"}}],"inLanguage":"pt-BR"},{"@type":"Person","@id":"https:\/\/www.correiobraziliense.com.br\/cbradar\/#\/schema\/person\/5aa4bf3c8fa699c267933611de12978b","name":"guilherme_saude","image":{"@type":"ImageObject","inLanguage":"pt-BR","@id":"https:\/\/www.correiobraziliense.com.br\/cbradar\/#\/schema\/person\/image\/","url":"https:\/\/secure.gravatar.com\/avatar\/df9adfb835d344bc0af109d41756253f?s=96&d=mm&r=g","contentUrl":"https:\/\/secure.gravatar.com\/avatar\/df9adfb835d344bc0af109d41756253f?s=96&d=mm&r=g","caption":"guilherme_saude"},"url":"https:\/\/www.correiobraziliense.com.br\/cbradar\/author\/guilherme_saude\/"}]}},"_links":{"self":[{"href":"https:\/\/www.correiobraziliense.com.br\/cbradar\/wp-json\/wp\/v2\/posts\/179119","targetHints":{"allow":["GET"]}}],"collection":[{"href":"https:\/\/www.correiobraziliense.com.br\/cbradar\/wp-json\/wp\/v2\/posts"}],"about":[{"href":"https:\/\/www.correiobraziliense.com.br\/cbradar\/wp-json\/wp\/v2\/types\/post"}],"author":[{"embeddable":true,"href":"https:\/\/www.correiobraziliense.com.br\/cbradar\/wp-json\/wp\/v2\/users\/14"}],"replies":[{"embeddable":true,"href":"https:\/\/www.correiobraziliense.com.br\/cbradar\/wp-json\/wp\/v2\/comments?post=179119"}],"version-history":[{"count":1,"href":"https:\/\/www.correiobraziliense.com.br\/cbradar\/wp-json\/wp\/v2\/posts\/179119\/revisions"}],"predecessor-version":[{"id":179125,"href":"https:\/\/www.correiobraziliense.com.br\/cbradar\/wp-json\/wp\/v2\/posts\/179119\/revisions\/179125"}],"wp:featuredmedia":[{"embeddable":true,"href":"https:\/\/www.correiobraziliense.com.br\/cbradar\/wp-json\/wp\/v2\/media\/179120"}],"wp:attachment":[{"href":"https:\/\/www.correiobraziliense.com.br\/cbradar\/wp-json\/wp\/v2\/media?parent=179119"}],"wp:term":[{"taxonomy":"category","embeddable":true,"href":"https:\/\/www.correiobraziliense.com.br\/cbradar\/wp-json\/wp\/v2\/categories?post=179119"},{"taxonomy":"post_tag","embeddable":true,"href":"https:\/\/www.correiobraziliense.com.br\/cbradar\/wp-json\/wp\/v2\/tags?post=179119"}],"curies":[{"name":"wp","href":"https:\/\/api.w.org\/{rel}","templated":true}]}}