{"id":179127,"date":"2026-01-22T17:15:00","date_gmt":"2026-01-22T20:15:00","guid":{"rendered":"https:\/\/www.correiobraziliense.com.br\/cbradar\/?p=179127"},"modified":"2026-01-21T11:18:27","modified_gmt":"2026-01-21T14:18:27","slug":"estudo-revela-efeito-preocupante-dos-ultraprocessados-no-cerebro","status":"publish","type":"post","link":"https:\/\/www.correiobraziliense.com.br\/cbradar\/estudo-revela-efeito-preocupante-dos-ultraprocessados-no-cerebro\/","title":{"rendered":"Estudo revela efeito preocupante dos ultraprocessados no c\u00e9rebro"},"content":{"rendered":"\n<p>Recentemente, uma pesquisa significativa destacou a rela\u00e7\u00e3o entre o consumo de alimentos <strong>Ultraprocessados <\/strong>e altera\u00e7\u00f5es em estruturas cerebrais. Utilizando dados do <strong>UK Biobank<\/strong> com quase 30 mil exames de imagem cerebral, os autores do estudo identificaram uma associa\u00e7\u00e3o que pode alimentar um ciclo de &#8220;mais vontade de comer&#8221;, assemelhando-se a padr\u00f5es de comportamento aditivos. Embora a pesquisa n\u00e3o estabele\u00e7a causalidade direta, os achados levantam quest\u00f5es importantes sobre a sa\u00fade cerebral e a alimenta\u00e7\u00e3o contempor\u00e2nea.<\/p>\n\n\n\n<p>Os Ultraprocessados, frequentemente carregados de aditivos, aromatizantes e emulsificantes, t\u00eam sido apontados como potenciais influenciadores destas mudan\u00e7as cerebrais. Os pesquisadores envolvidos sublinham que o impacto n\u00e3o pode ser explicado unicamente por fatores como obesidade ou inflama\u00e7\u00e3o. No entanto, eles enfatizam a necessidade de estudos mais aprofundados para explorar estas rela\u00e7\u00f5es complexas e melhor compreender os mecanismos subjacentes.<\/p>\n\n\n\n<h2 class=\"wp-block-heading\">O que s\u00e3o alimentos Ultraprocessados?<\/h2>\n\n\n\n<p>Alimentos Ultraprocessados s\u00e3o produtos industriais prontos para consumo ou aquecimento, feitos com ingredientes de composi\u00e7\u00e3o rara ou inexistente em prepara\u00e7\u00f5es culin\u00e1rias caseiras. Isso inclui snacks, embutidos e refei\u00e7\u00f5es prontas. Tais produtos s\u00e3o frequentemente ricos em a\u00e7\u00facar, sal e gorduras industriais, al\u00e9m de conterem conservantes e outras subst\u00e2ncias qu\u00edmicas que prolongam sua validade. A frequente inclus\u00e3o desses itens na dieta moderna tem levantado preocupa\u00e7\u00f5es sobre seus efeitos a longo prazo na sa\u00fade humana.<\/p>\n\n\n<div class=\"wp-block-image\">\n<figure class=\"aligncenter size-large\"><img decoding=\"async\" width=\"1024\" height=\"576\" src=\"https:\/\/www.correiobraziliense.com.br\/cbradar\/wp-content\/uploads\/2026\/01\/processed-food_1769005075928-1024x576.jpg\" alt=\"\" class=\"wp-image-179130\" srcset=\"https:\/\/www.correiobraziliense.com.br\/cbradar\/wp-content\/uploads\/2026\/01\/processed-food_1769005075928-1024x576.jpg 1024w, https:\/\/www.correiobraziliense.com.br\/cbradar\/wp-content\/uploads\/2026\/01\/processed-food_1769005075928-300x169.jpg 300w, https:\/\/www.correiobraziliense.com.br\/cbradar\/wp-content\/uploads\/2026\/01\/processed-food_1769005075928-768x432.jpg 768w, https:\/\/www.correiobraziliense.com.br\/cbradar\/wp-content\/uploads\/2026\/01\/processed-food_1769005075928-750x422.jpg 750w, https:\/\/www.correiobraziliense.com.br\/cbradar\/wp-content\/uploads\/2026\/01\/processed-food_1769005075928-1140x641.jpg 1140w, https:\/\/www.correiobraziliense.com.br\/cbradar\/wp-content\/uploads\/2026\/01\/processed-food_1769005075928.jpg 1280w\" sizes=\"(max-width: 1024px) 100vw, 1024px\" \/><figcaption class=\"wp-element-caption\">Ultraprocessados &#8211; Cr\u00e9ditos: depositphotos.com \/ stockbp<\/figcaption><\/figure><\/div>\n\n\n<h2 class=\"wp-block-heading\">Como os ultraprocessados afetam o c\u00e9rebro?<\/h2>\n\n\n\n<p>Os resultados do estudo sugerem que o consumo excessivo de Ultraprocessados pode estar ligado a altera\u00e7\u00f5es cerebrais semelhantes \u00e0s observadas em transtornos de depend\u00eancia. Ingredientes como aditivos e emulsificantes podem influenciar a qu\u00edmica cerebral, potencialmente intensificando comportamentos de consumo compulsivo. Embora a pesquisa ainda esteja em fase inicial, esses achados acendem um alerta para a import\u00e2ncia de abordar os Ultraprocessados com cautela e modera\u00e7\u00e3o na dieta di\u00e1ria.<\/p>\n\n\n\n<h2 class=\"wp-block-heading\">Quais s\u00e3o as alternativas aos Ultraprocessados?<\/h2>\n\n\n\n<p>Reduzir a ingest\u00e3o de alimentos Ultraprocessados pode trazer benef\u00edcios significativos para a <a href=\"https:\/\/www.correiobraziliense.com.br\/cbradar\/cabeca-achatada-em-bebes-merece-atencao\/\" target=\"_blank\" rel=\"noreferrer noopener\">sa\u00fade<\/a> cerebral e geral. Optar por alimentos minimamente processados, como frutas, verduras frescas e gr\u00e3os integrais, \u00e9 uma estrat\u00e9gia eficaz. Al\u00e9m disso, t\u00e9cnicas de preparo caseiro, como o uso de legumes congelados ou leite pasteurizado, que n\u00e3o s\u00e3o considerados vil\u00f5es, continuam sendo op\u00e7\u00f5es nutritivas. Substitui\u00e7\u00f5es conscientes podem n\u00e3o apenas melhorar a dieta, mas tamb\u00e9m preservar o bem-estar cognitivo a longo prazo.<\/p>\n\n\n\n<h2 class=\"wp-block-heading\">Qual \u00e9 o papel da sociedade na redu\u00e7\u00e3o do consumo de Ultraprocessados?<\/h2>\n\n\n\n<p>Como a pesquisa sugere liga\u00e7\u00f5es entre Ultraprocessados e sa\u00fade cerebral, torna-se crucial que a sociedade adote medidas preventivas. Governos e organiza\u00e7\u00f5es podem desempenhar um papel fundamental promovendo pol\u00edticas de sa\u00fade p\u00fablica que incentivem dietas mais naturais e menos dependentes de alimentos Ultraprocessados. Campanhas educativas e diretrizes claras podem ajudar a aumentar a conscientiza\u00e7\u00e3o sobre os riscos potenciais associados a esses produtos e estimular a ado\u00e7\u00e3o de h\u00e1bitos alimentares saud\u00e1veis desde a inf\u00e2ncia.<\/p>\n\n\n<a href=\"https:\/\/www.instagram.com\/dra.annaluisabf\/\" target=\"_blank\" rel=\"noopener\" style=\"text-decoration: none; color: inherit;\">\n    <span style=\"display: inline-block; border: 1px solid #ccc; border-radius: 10px; padding: 15px; max-width: 550px; font-family: sans-serif; box-shadow: 0 2px 5px rgba(0,0,0,0.1); width: 100%;\">\n\n      <!-- T\u00edtulo -->\n      <span style=\"display: block; margin: 0 0 15px 0; font-weight: bold; color: #2c3e50; text-align: center;\">\n        Entre em contato:\n      <\/span>\n\n      <!-- Linha do perfil -->\n      <span style=\"display: flex; align-items: center; gap: 15px;\">\n        <img decoding=\"async\"\n          src=\"https:\/\/www.correiobraziliense.com.br\/cbradar\/wp-content\/uploads\/2025\/08\/dra_anna_luisa.jpeg\"\n          alt=\"Foto da Dra. Anna Lu\u00edsa\"\n          style=\"border-radius: 50%; width: 80px; height: 80px; object-fit: cover;\"\n        \/>\n        <span style=\"display: flex; flex-direction: column;\">\n          <span style=\"font-size: 18px; font-weight: 700; color: #2c3e50;\">Dra. Anna Lu\u00edsa Barbosa Fernandes<\/span>\n          <span style=\"color: #555;\">CRM-GO 33.271<\/span>\n        <\/span>\n      <\/span>\n\n      <!-- Redes -->\n      <span style=\"display: flex; align-items: center; gap: 10px; margin-top: 12px;\">\n        <img decoding=\"async\" src=\"https:\/\/cdn-icons-png.flaticon.com\/24\/1384\/1384063.png\" alt=\"Instagram\" width=\"24\" height=\"24\" \/>\n        <span style=\"text-decoration: underline; color: #2c3e50;\">@dra.annaluisabf<\/span>\n      <\/span>\n\n    <\/span>\n  <\/a>","protected":false},"excerpt":{"rendered":"<p>Recentemente, uma pesquisa significativa destacou a rela\u00e7\u00e3o entre o consumo de alimentos Ultraprocessados e altera\u00e7\u00f5es em estruturas cerebrais. Utilizando dados do UK Biobank com quase 30 mil exames de imagem cerebral, os autores do estudo identificaram uma associa\u00e7\u00e3o que pode alimentar um ciclo de &#8220;mais vontade de comer&#8221;, assemelhando-se a padr\u00f5es de comportamento aditivos. Embora [&hellip;]<\/p>\n","protected":false},"author":14,"featured_media":95620,"comment_status":"open","ping_status":"open","sticky":false,"template":"","format":"standard","meta":{"_yoast_wpseo_focuskw":"Ultraprocessados","_yoast_wpseo_title":"","_yoast_wpseo_metadesc":"Pesquisa recente associa alimentos ultraprocessados a mudan\u00e7as no c\u00e9rebro e levanta alertas sobre h\u00e1bitos alimentares modernos.","jnews-multi-image_gallery":[],"jnews_single_post":{"format":"standard"},"jnews_primary_category":[],"jnews_social_meta":[],"jnews_override_counter":[],"footnotes":""},"categories":[4404],"tags":[120,1318,4052],"class_list":["post-179127","post","type-post","status-publish","format-standard","has-post-thumbnail","hentry","category-saude","tag-bem-estar","tag-saude-2","tag-ultraprocessados"],"yoast_head":"<!-- This site is optimized with the Yoast SEO plugin v24.6 - https:\/\/yoast.com\/wordpress\/plugins\/seo\/ -->\n<title>Estudo revela efeito preocupante dos ultraprocessados no c\u00e9rebro - Correio Braziliense - Radar<\/title>\n<meta name=\"description\" content=\"Pesquisa recente associa alimentos ultraprocessados a mudan\u00e7as no c\u00e9rebro e levanta alertas sobre h\u00e1bitos alimentares modernos.\" \/>\n<meta name=\"robots\" content=\"index, follow, max-snippet:-1, max-image-preview:large, max-video-preview:-1\" \/>\n<link rel=\"canonical\" href=\"https:\/\/www.correiobraziliense.com.br\/cbradar\/estudo-revela-efeito-preocupante-dos-ultraprocessados-no-cerebro\/\" \/>\n<meta property=\"og:locale\" content=\"pt_BR\" \/>\n<meta property=\"og:type\" content=\"article\" \/>\n<meta property=\"og:title\" content=\"Estudo revela efeito preocupante dos ultraprocessados no c\u00e9rebro - Correio Braziliense - Radar\" \/>\n<meta property=\"og:description\" content=\"Pesquisa recente associa alimentos ultraprocessados a mudan\u00e7as no c\u00e9rebro e levanta alertas sobre h\u00e1bitos alimentares modernos.\" \/>\n<meta property=\"og:url\" content=\"https:\/\/www.correiobraziliense.com.br\/cbradar\/estudo-revela-efeito-preocupante-dos-ultraprocessados-no-cerebro\/\" \/>\n<meta property=\"og:site_name\" content=\"Correio Braziliense - Radar\" \/>\n<meta property=\"article:published_time\" content=\"2026-01-22T20:15:00+00:00\" \/>\n<meta property=\"og:image\" content=\"https:\/\/www.correiobraziliense.com.br\/cbradar\/wp-content\/uploads\/2025\/08\/ultra-processed_1756615938276.jpg\" \/>\n\t<meta property=\"og:image:width\" content=\"1280\" \/>\n\t<meta property=\"og:image:height\" content=\"720\" \/>\n\t<meta property=\"og:image:type\" content=\"image\/jpeg\" \/>\n<meta name=\"author\" content=\"guilherme_saude\" \/>\n<meta name=\"twitter:card\" content=\"summary_large_image\" \/>\n<meta name=\"twitter:label1\" content=\"Escrito por\" \/>\n\t<meta name=\"twitter:data1\" content=\"guilherme_saude\" \/>\n\t<meta name=\"twitter:label2\" content=\"Est. tempo de leitura\" \/>\n\t<meta name=\"twitter:data2\" content=\"4 minutos\" \/>\n<!-- \/ Yoast SEO plugin. -->","yoast_head_json":{"title":"Estudo revela efeito preocupante dos ultraprocessados no c\u00e9rebro - Correio Braziliense - Radar","description":"Pesquisa recente associa alimentos ultraprocessados a mudan\u00e7as no c\u00e9rebro e levanta alertas sobre h\u00e1bitos alimentares modernos.","robots":{"index":"index","follow":"follow","max-snippet":"max-snippet:-1","max-image-preview":"max-image-preview:large","max-video-preview":"max-video-preview:-1"},"canonical":"https:\/\/www.correiobraziliense.com.br\/cbradar\/estudo-revela-efeito-preocupante-dos-ultraprocessados-no-cerebro\/","og_locale":"pt_BR","og_type":"article","og_title":"Estudo revela efeito preocupante dos ultraprocessados no c\u00e9rebro - Correio Braziliense - Radar","og_description":"Pesquisa recente associa alimentos ultraprocessados a mudan\u00e7as no c\u00e9rebro e levanta alertas sobre h\u00e1bitos alimentares modernos.","og_url":"https:\/\/www.correiobraziliense.com.br\/cbradar\/estudo-revela-efeito-preocupante-dos-ultraprocessados-no-cerebro\/","og_site_name":"Correio Braziliense - Radar","article_published_time":"2026-01-22T20:15:00+00:00","og_image":[{"width":1280,"height":720,"url":"https:\/\/www.correiobraziliense.com.br\/cbradar\/wp-content\/uploads\/2025\/08\/ultra-processed_1756615938276.jpg","type":"image\/jpeg"}],"author":"guilherme_saude","twitter_card":"summary_large_image","twitter_misc":{"Escrito por":"guilherme_saude","Est. tempo de leitura":"4 minutos"},"schema":{"@context":"https:\/\/schema.org","@graph":[{"@type":"WebPage","@id":"https:\/\/www.correiobraziliense.com.br\/cbradar\/estudo-revela-efeito-preocupante-dos-ultraprocessados-no-cerebro\/","url":"https:\/\/www.correiobraziliense.com.br\/cbradar\/estudo-revela-efeito-preocupante-dos-ultraprocessados-no-cerebro\/","name":"Estudo revela efeito preocupante dos ultraprocessados no c\u00e9rebro - Correio Braziliense - Radar","isPartOf":{"@id":"https:\/\/www.correiobraziliense.com.br\/cbradar\/#website"},"primaryImageOfPage":{"@id":"https:\/\/www.correiobraziliense.com.br\/cbradar\/estudo-revela-efeito-preocupante-dos-ultraprocessados-no-cerebro\/#primaryimage"},"image":{"@id":"https:\/\/www.correiobraziliense.com.br\/cbradar\/estudo-revela-efeito-preocupante-dos-ultraprocessados-no-cerebro\/#primaryimage"},"thumbnailUrl":"https:\/\/www.correiobraziliense.com.br\/cbradar\/wp-content\/uploads\/2025\/08\/ultra-processed_1756615938276.jpg","datePublished":"2026-01-22T20:15:00+00:00","author":{"@id":"https:\/\/www.correiobraziliense.com.br\/cbradar\/#\/schema\/person\/5aa4bf3c8fa699c267933611de12978b"},"description":"Pesquisa recente associa alimentos ultraprocessados a mudan\u00e7as no c\u00e9rebro e levanta alertas sobre h\u00e1bitos alimentares modernos.","breadcrumb":{"@id":"https:\/\/www.correiobraziliense.com.br\/cbradar\/estudo-revela-efeito-preocupante-dos-ultraprocessados-no-cerebro\/#breadcrumb"},"inLanguage":"pt-BR","potentialAction":[{"@type":"ReadAction","target":["https:\/\/www.correiobraziliense.com.br\/cbradar\/estudo-revela-efeito-preocupante-dos-ultraprocessados-no-cerebro\/"]}]},{"@type":"ImageObject","inLanguage":"pt-BR","@id":"https:\/\/www.correiobraziliense.com.br\/cbradar\/estudo-revela-efeito-preocupante-dos-ultraprocessados-no-cerebro\/#primaryimage","url":"https:\/\/www.correiobraziliense.com.br\/cbradar\/wp-content\/uploads\/2025\/08\/ultra-processed_1756615938276.jpg","contentUrl":"https:\/\/www.correiobraziliense.com.br\/cbradar\/wp-content\/uploads\/2025\/08\/ultra-processed_1756615938276.jpg","width":1280,"height":720,"caption":"Ultraprocessados - Cr\u00e9ditos: depositphotos.com \/ unixx.0.gmail.com"},{"@type":"BreadcrumbList","@id":"https:\/\/www.correiobraziliense.com.br\/cbradar\/estudo-revela-efeito-preocupante-dos-ultraprocessados-no-cerebro\/#breadcrumb","itemListElement":[{"@type":"ListItem","position":1,"name":"In\u00edcio","item":"https:\/\/www.correiobraziliense.com.br\/cbradar\/"},{"@type":"ListItem","position":2,"name":"Estudo revela efeito preocupante dos ultraprocessados no c\u00e9rebro"}]},{"@type":"WebSite","@id":"https:\/\/www.correiobraziliense.com.br\/cbradar\/#website","url":"https:\/\/www.correiobraziliense.com.br\/cbradar\/","name":"Correio Braziliense - Radar","description":"Acompanhe as \u00faltimas not\u00edcias e fique bem informado sobre tudo o que acontece no Brasil e no mundo.","potentialAction":[{"@type":"SearchAction","target":{"@type":"EntryPoint","urlTemplate":"https:\/\/www.correiobraziliense.com.br\/cbradar\/?s={search_term_string}"},"query-input":{"@type":"PropertyValueSpecification","valueRequired":true,"valueName":"search_term_string"}}],"inLanguage":"pt-BR"},{"@type":"Person","@id":"https:\/\/www.correiobraziliense.com.br\/cbradar\/#\/schema\/person\/5aa4bf3c8fa699c267933611de12978b","name":"guilherme_saude","image":{"@type":"ImageObject","inLanguage":"pt-BR","@id":"https:\/\/www.correiobraziliense.com.br\/cbradar\/#\/schema\/person\/image\/","url":"https:\/\/secure.gravatar.com\/avatar\/df9adfb835d344bc0af109d41756253f?s=96&d=mm&r=g","contentUrl":"https:\/\/secure.gravatar.com\/avatar\/df9adfb835d344bc0af109d41756253f?s=96&d=mm&r=g","caption":"guilherme_saude"},"url":"https:\/\/www.correiobraziliense.com.br\/cbradar\/author\/guilherme_saude\/"}]}},"_links":{"self":[{"href":"https:\/\/www.correiobraziliense.com.br\/cbradar\/wp-json\/wp\/v2\/posts\/179127","targetHints":{"allow":["GET"]}}],"collection":[{"href":"https:\/\/www.correiobraziliense.com.br\/cbradar\/wp-json\/wp\/v2\/posts"}],"about":[{"href":"https:\/\/www.correiobraziliense.com.br\/cbradar\/wp-json\/wp\/v2\/types\/post"}],"author":[{"embeddable":true,"href":"https:\/\/www.correiobraziliense.com.br\/cbradar\/wp-json\/wp\/v2\/users\/14"}],"replies":[{"embeddable":true,"href":"https:\/\/www.correiobraziliense.com.br\/cbradar\/wp-json\/wp\/v2\/comments?post=179127"}],"version-history":[{"count":1,"href":"https:\/\/www.correiobraziliense.com.br\/cbradar\/wp-json\/wp\/v2\/posts\/179127\/revisions"}],"predecessor-version":[{"id":179132,"href":"https:\/\/www.correiobraziliense.com.br\/cbradar\/wp-json\/wp\/v2\/posts\/179127\/revisions\/179132"}],"wp:featuredmedia":[{"embeddable":true,"href":"https:\/\/www.correiobraziliense.com.br\/cbradar\/wp-json\/wp\/v2\/media\/95620"}],"wp:attachment":[{"href":"https:\/\/www.correiobraziliense.com.br\/cbradar\/wp-json\/wp\/v2\/media?parent=179127"}],"wp:term":[{"taxonomy":"category","embeddable":true,"href":"https:\/\/www.correiobraziliense.com.br\/cbradar\/wp-json\/wp\/v2\/categories?post=179127"},{"taxonomy":"post_tag","embeddable":true,"href":"https:\/\/www.correiobraziliense.com.br\/cbradar\/wp-json\/wp\/v2\/tags?post=179127"}],"curies":[{"name":"wp","href":"https:\/\/api.w.org\/{rel}","templated":true}]}}